{"id":37275,"date":"2019-09-18T08:05:09","date_gmt":"2019-09-18T11:05:09","guid":{"rendered":"https:\/\/dana.com.br\/canaldana\/?p=37275"},"modified":"2019-09-18T08:05:09","modified_gmt":"2019-09-18T11:05:09","slug":"mercedes-benz-ganha-premio-pela-lideranca-de-vendas-em-todos-os-segmentos-de-veiculos-no-brasil","status":"publish","type":"post","link":"https:\/\/dana.com.br\/canaldana\/2019\/09\/18\/mercedes-benz-ganha-premio-pela-lideranca-de-vendas-em-todos-os-segmentos-de-veiculos-no-brasil\/","title":{"rendered":"Mercedes-Benz ganha pr\u00eamio pela lideran\u00e7a de vendas em todos os segmentos de ve\u00edculos no Brasil"},"content":{"rendered":"<p><em>Blog do Caminhoneiro<\/em><\/p>\n<p>&nbsp;<\/p>\n<p>A lideran\u00e7a de vendas da Mercedes-Benz nos quatro segmentos em que atua \u2013 caminh\u00f5es, \u00f4nibus, comerciais leves e autom\u00f3veis premium \u2013 levou a Empresa a conquistar o Pr\u00eamio L\u00edderes Automotivos do Brasil 2019 na categoria \u201cMontadora de Ve\u00edculos Comerciais\u201d. O resultado foi anunciado no dia 15 de setembro, em Bel\u00e9m do Par\u00e1, pelo tradicional jornal paraense \u201cAutom\u00f3veis &amp; Caminh\u00f5es\u201d, que h\u00e1 quase 20 anos realiza esta premia\u00e7\u00e3o.<\/p>\n<p>&nbsp;<\/p>\n<p>Al\u00e9m do crit\u00e9rio comercial, pesaram a favor da Mercedes-Benz o foco no relacionamento com o cliente e o desenvolvimento de sua Rede de Concession\u00e1rios, iniciativas relacionadas ao compromisso \u201cAs estradas falam. A Mercedes-Benz ouve\u201d.<\/p>\n<p>&nbsp;<\/p>\n<p>\u201cEstamos muito orgulhosos, satisfeitos e felizes com o reconhecimento desse importante \u00f3rg\u00e3o de imprensa do Par\u00e1 e de toda a regi\u00e3o Norte, que aponta anualmente as empresas, produtos e marcas de destaque no mercado\u201d, diz Philipp Schiemer, presidente da Mercedes-Benz do Brasil e CEO Am\u00e9rica Latina. \u201cCompartilho essa significativa conquista com todos os colaboradores da Empresa e tamb\u00e9m com os nossos concession\u00e1rios e parceiros\u201d.<\/p>\n<p>&nbsp;<\/p>\n<p>De acordo com o executivo, o ano de 2018, base dessa premia\u00e7\u00e3o, foi muito bom para ve\u00edculos comerciais. \u201cDesde o ano passado, dava para se notar que o Brasil estava come\u00e7ando a entrar nos trilhos do crescimento, embora num ritmo n\u00e3o t\u00e3o acelerado. De qualquer forma, as empresas de transporte confiaram nesse embalo e passaram a renovar e ampliar suas frotas\u201d, ressalta Philipp Schiemer.<\/p>\n<p>&nbsp;<\/p>\n<p>A Mercedes-Benz liderou as vendas de caminh\u00f5es em 2018 com mais de 21 mil unidades emplacadas, chegando a quase 28% de participa\u00e7\u00e3o de mercado. Essa lideran\u00e7a se mant\u00e9m em 2019, at\u00e9 agosto, com cerca de 30% de market share.<\/p>\n<p>&nbsp;<\/p>\n<p>\u201cO grande destaque do ano passado foi o avan\u00e7o da nossa marca em caminh\u00f5es extrapesados, o segmento que mais representa o crescimento da atividade econ\u00f4mica no Pa\u00eds. Com quase 10.000 unidades emplacadas, das linhas Actros e Axor, lideramos o segmento em 2018 e dobramos as vendas em rela\u00e7\u00e3o a 2017\u201d, informa o presidente da Empresa. \u201cAgora em 2019, no acumulado de janeiro a agosto, continuamos l\u00edderes, com mais de 9.600 caminh\u00f5es extrapesados emplacados no Pa\u00eds\u201d. (Blog do Caminhoneiro)<\/p>\n","protected":false},"excerpt":{"rendered":"<p>Blog do Caminhoneiro &nbsp; A lideran\u00e7a de vendas da Mercedes-Benz nos quatro segmentos em que atua \u2013 caminh\u00f5es, \u00f4nibus, comerciais leves e autom\u00f3veis premium \u2013 levou a Empresa a conquistar o Pr\u00eamio L\u00edderes Automotivos do Brasil 2019 na categoria \u201cMontadora de Ve\u00edculos Comerciais\u201d. O resultado foi anunciado no dia 15 de setembro, em Bel\u00e9m do\u2026 <a class=\"readmore\" href=\"https:\/\/dana.com.br\/canaldana\/2019\/09\/18\/mercedes-benz-ganha-premio-pela-lideranca-de-vendas-em-todos-os-segmentos-de-veiculos-no-brasil\/\">Leia mais \u00bb<\/a><\/p>\n","protected":false},"author":3,"featured_media":0,"comment_status":"closed","ping_status":"closed","sticky":false,"template":"","format":"standard","meta":{"_acf_changed":false,"footnotes":""},"categories":[74],"tags":[],"class_list":["post-37275","post","type-post","status-publish","format-standard","hentry","category-premios"],"acf":[],"yoast_head":"<!-- This site is optimized with the Yoast SEO plugin v27.3 - https:\/\/yoast.com\/product\/yoast-seo-wordpress\/ -->\n<title>Mercedes-Benz ganha pr\u00eamio pela lideran\u00e7a de vendas em todos os segmentos de ve\u00edculos no Brasil - Canal Dana<\/title>\n<meta name=\"robots\" content=\"index, follow, max-snippet:-1, max-image-preview:large, max-video-preview:-1\" \/>\n<link rel=\"canonical\" href=\"https:\/\/dana.com.br\/canaldana\/2019\/09\/18\/mercedes-benz-ganha-premio-pela-lideranca-de-vendas-em-todos-os-segmentos-de-veiculos-no-brasil\/\" \/>\n<meta property=\"og:locale\" content=\"pt_BR\" \/>\n<meta property=\"og:type\" content=\"article\" \/>\n<meta property=\"og:title\" content=\"Mercedes-Benz ganha pr\u00eamio pela lideran\u00e7a de vendas em todos os segmentos de ve\u00edculos no Brasil - Canal Dana\" \/>\n<meta property=\"og:description\" content=\"Blog do Caminhoneiro &nbsp; A lideran\u00e7a de vendas da Mercedes-Benz nos quatro segmentos em que atua \u2013 caminh\u00f5es, \u00f4nibus, comerciais leves e autom\u00f3veis premium \u2013 levou a Empresa a conquistar o Pr\u00eamio L\u00edderes Automotivos do Brasil 2019 na categoria \u201cMontadora de Ve\u00edculos Comerciais\u201d. O resultado foi anunciado no dia 15 de setembro, em Bel\u00e9m do\u2026 Leia mais \u00bb\" \/>\n<meta property=\"og:url\" content=\"https:\/\/dana.com.br\/canaldana\/2019\/09\/18\/mercedes-benz-ganha-premio-pela-lideranca-de-vendas-em-todos-os-segmentos-de-veiculos-no-brasil\/\" \/>\n<meta property=\"og:site_name\" content=\"Canal Dana\" \/>\n<meta property=\"article:published_time\" content=\"2019-09-18T11:05:09+00:00\" \/>\n<meta name=\"author\" content=\"Canal Dana\" \/>\n<meta name=\"twitter:card\" content=\"summary_large_image\" \/>\n<meta name=\"twitter:label1\" content=\"Escrito por\" \/>\n\t<meta name=\"twitter:data1\" content=\"Canal Dana\" \/>\n\t<meta name=\"twitter:label2\" content=\"Est. tempo de leitura\" \/>\n\t<meta name=\"twitter:data2\" content=\"2 minutos\" \/>\n<script type=\"application\/ld+json\" class=\"yoast-schema-graph\">{\"@context\":\"https:\\\/\\\/schema.org\",\"@graph\":[{\"@type\":\"Article\",\"@id\":\"https:\\\/\\\/dana.com.br\\\/canaldana\\\/2019\\\/09\\\/18\\\/mercedes-benz-ganha-premio-pela-lideranca-de-vendas-em-todos-os-segmentos-de-veiculos-no-brasil\\\/#article\",\"isPartOf\":{\"@id\":\"https:\\\/\\\/dana.com.br\\\/canaldana\\\/2019\\\/09\\\/18\\\/mercedes-benz-ganha-premio-pela-lideranca-de-vendas-em-todos-os-segmentos-de-veiculos-no-brasil\\\/\"},\"author\":{\"name\":\"Canal Dana\",\"@id\":\"https:\\\/\\\/dana.com.br\\\/canaldana\\\/#\\\/schema\\\/person\\\/3c21f22f56fcf3bc46b94bc60ea4fef6\"},\"headline\":\"Mercedes-Benz ganha pr\u00eamio pela lideran\u00e7a de vendas em todos os segmentos de ve\u00edculos no Brasil\",\"datePublished\":\"2019-09-18T11:05:09+00:00\",\"mainEntityOfPage\":{\"@id\":\"https:\\\/\\\/dana.com.br\\\/canaldana\\\/2019\\\/09\\\/18\\\/mercedes-benz-ganha-premio-pela-lideranca-de-vendas-em-todos-os-segmentos-de-veiculos-no-brasil\\\/\"},\"wordCount\":392,\"articleSection\":[\"Pr\u00eamios\"],\"inLanguage\":\"pt-BR\"},{\"@type\":\"WebPage\",\"@id\":\"https:\\\/\\\/dana.com.br\\\/canaldana\\\/2019\\\/09\\\/18\\\/mercedes-benz-ganha-premio-pela-lideranca-de-vendas-em-todos-os-segmentos-de-veiculos-no-brasil\\\/\",\"url\":\"https:\\\/\\\/dana.com.br\\\/canaldana\\\/2019\\\/09\\\/18\\\/mercedes-benz-ganha-premio-pela-lideranca-de-vendas-em-todos-os-segmentos-de-veiculos-no-brasil\\\/\",\"name\":\"Mercedes-Benz ganha pr\u00eamio pela lideran\u00e7a de vendas em todos os segmentos de ve\u00edculos no Brasil - Canal Dana\",\"isPartOf\":{\"@id\":\"https:\\\/\\\/dana.com.br\\\/canaldana\\\/#website\"},\"datePublished\":\"2019-09-18T11:05:09+00:00\",\"author\":{\"@id\":\"https:\\\/\\\/dana.com.br\\\/canaldana\\\/#\\\/schema\\\/person\\\/3c21f22f56fcf3bc46b94bc60ea4fef6\"},\"breadcrumb\":{\"@id\":\"https:\\\/\\\/dana.com.br\\\/canaldana\\\/2019\\\/09\\\/18\\\/mercedes-benz-ganha-premio-pela-lideranca-de-vendas-em-todos-os-segmentos-de-veiculos-no-brasil\\\/#breadcrumb\"},\"inLanguage\":\"pt-BR\",\"potentialAction\":[{\"@type\":\"ReadAction\",\"target\":[\"https:\\\/\\\/dana.com.br\\\/canaldana\\\/2019\\\/09\\\/18\\\/mercedes-benz-ganha-premio-pela-lideranca-de-vendas-em-todos-os-segmentos-de-veiculos-no-brasil\\\/\"]}]},{\"@type\":\"BreadcrumbList\",\"@id\":\"https:\\\/\\\/dana.com.br\\\/canaldana\\\/2019\\\/09\\\/18\\\/mercedes-benz-ganha-premio-pela-lideranca-de-vendas-em-todos-os-segmentos-de-veiculos-no-brasil\\\/#breadcrumb\",\"itemListElement\":[{\"@type\":\"ListItem\",\"position\":1,\"name\":\"Home\",\"item\":\"https:\\\/\\\/dana.com.br\\\/canaldana\\\/\"},{\"@type\":\"ListItem\",\"position\":2,\"name\":\"Pr\u00eamios\",\"item\":\"https:\\\/\\\/dana.com.br\\\/canaldana\\\/premios\\\/\"},{\"@type\":\"ListItem\",\"position\":3,\"name\":\"Mercedes-Benz ganha pr\u00eamio pela lideran\u00e7a de vendas em todos os segmentos de ve\u00edculos no Brasil\"}]},{\"@type\":\"WebSite\",\"@id\":\"https:\\\/\\\/dana.com.br\\\/canaldana\\\/#website\",\"url\":\"https:\\\/\\\/dana.com.br\\\/canaldana\\\/\",\"name\":\"Canal Dana\",\"description\":\"Informativo com as principais not\u00edcias da ind\u00fastria automotiva\",\"potentialAction\":[{\"@type\":\"SearchAction\",\"target\":{\"@type\":\"EntryPoint\",\"urlTemplate\":\"https:\\\/\\\/dana.com.br\\\/canaldana\\\/?s={search_term_string}\"},\"query-input\":{\"@type\":\"PropertyValueSpecification\",\"valueRequired\":true,\"valueName\":\"search_term_string\"}}],\"inLanguage\":\"pt-BR\"},{\"@type\":\"Person\",\"@id\":\"https:\\\/\\\/dana.com.br\\\/canaldana\\\/#\\\/schema\\\/person\\\/3c21f22f56fcf3bc46b94bc60ea4fef6\",\"name\":\"Canal Dana\",\"image\":{\"@type\":\"ImageObject\",\"inLanguage\":\"pt-BR\",\"@id\":\"https:\\\/\\\/secure.gravatar.com\\\/avatar\\\/420aaf9278582877d9018637c6817617705899d2858d7572ef0fe59a6b6454b4?s=96&d=mm&r=g\",\"url\":\"https:\\\/\\\/secure.gravatar.com\\\/avatar\\\/420aaf9278582877d9018637c6817617705899d2858d7572ef0fe59a6b6454b4?s=96&d=mm&r=g\",\"contentUrl\":\"https:\\\/\\\/secure.gravatar.com\\\/avatar\\\/420aaf9278582877d9018637c6817617705899d2858d7572ef0fe59a6b6454b4?s=96&d=mm&r=g\",\"caption\":\"Canal Dana\"},\"url\":\"https:\\\/\\\/dana.com.br\\\/canaldana\\\/author\\\/cdeditor\\\/\"}]}<\/script>\n<!-- \/ Yoast SEO plugin. -->","yoast_head_json":{"title":"Mercedes-Benz ganha pr\u00eamio pela lideran\u00e7a de vendas em todos os segmentos de ve\u00edculos no Brasil - Canal Dana","robots":{"index":"index","follow":"follow","max-snippet":"max-snippet:-1","max-image-preview":"max-image-preview:large","max-video-preview":"max-video-preview:-1"},"canonical":"https:\/\/dana.com.br\/canaldana\/2019\/09\/18\/mercedes-benz-ganha-premio-pela-lideranca-de-vendas-em-todos-os-segmentos-de-veiculos-no-brasil\/","og_locale":"pt_BR","og_type":"article","og_title":"Mercedes-Benz ganha pr\u00eamio pela lideran\u00e7a de vendas em todos os segmentos de ve\u00edculos no Brasil - Canal Dana","og_description":"Blog do Caminhoneiro &nbsp; A lideran\u00e7a de vendas da Mercedes-Benz nos quatro segmentos em que atua \u2013 caminh\u00f5es, \u00f4nibus, comerciais leves e autom\u00f3veis premium \u2013 levou a Empresa a conquistar o Pr\u00eamio L\u00edderes Automotivos do Brasil 2019 na categoria \u201cMontadora de Ve\u00edculos Comerciais\u201d. O resultado foi anunciado no dia 15 de setembro, em Bel\u00e9m do\u2026 Leia mais \u00bb","og_url":"https:\/\/dana.com.br\/canaldana\/2019\/09\/18\/mercedes-benz-ganha-premio-pela-lideranca-de-vendas-em-todos-os-segmentos-de-veiculos-no-brasil\/","og_site_name":"Canal Dana","article_published_time":"2019-09-18T11:05:09+00:00","author":"Canal Dana","twitter_card":"summary_large_image","twitter_misc":{"Escrito por":"Canal Dana","Est. tempo de leitura":"2 minutos"},"schema":{"@context":"https:\/\/schema.org","@graph":[{"@type":"Article","@id":"https:\/\/dana.com.br\/canaldana\/2019\/09\/18\/mercedes-benz-ganha-premio-pela-lideranca-de-vendas-em-todos-os-segmentos-de-veiculos-no-brasil\/#article","isPartOf":{"@id":"https:\/\/dana.com.br\/canaldana\/2019\/09\/18\/mercedes-benz-ganha-premio-pela-lideranca-de-vendas-em-todos-os-segmentos-de-veiculos-no-brasil\/"},"author":{"name":"Canal Dana","@id":"https:\/\/dana.com.br\/canaldana\/#\/schema\/person\/3c21f22f56fcf3bc46b94bc60ea4fef6"},"headline":"Mercedes-Benz ganha pr\u00eamio pela lideran\u00e7a de vendas em todos os segmentos de ve\u00edculos no Brasil","datePublished":"2019-09-18T11:05:09+00:00","mainEntityOfPage":{"@id":"https:\/\/dana.com.br\/canaldana\/2019\/09\/18\/mercedes-benz-ganha-premio-pela-lideranca-de-vendas-em-todos-os-segmentos-de-veiculos-no-brasil\/"},"wordCount":392,"articleSection":["Pr\u00eamios"],"inLanguage":"pt-BR"},{"@type":"WebPage","@id":"https:\/\/dana.com.br\/canaldana\/2019\/09\/18\/mercedes-benz-ganha-premio-pela-lideranca-de-vendas-em-todos-os-segmentos-de-veiculos-no-brasil\/","url":"https:\/\/dana.com.br\/canaldana\/2019\/09\/18\/mercedes-benz-ganha-premio-pela-lideranca-de-vendas-em-todos-os-segmentos-de-veiculos-no-brasil\/","name":"Mercedes-Benz ganha pr\u00eamio pela lideran\u00e7a de vendas em todos os segmentos de ve\u00edculos no Brasil - Canal Dana","isPartOf":{"@id":"https:\/\/dana.com.br\/canaldana\/#website"},"datePublished":"2019-09-18T11:05:09+00:00","author":{"@id":"https:\/\/dana.com.br\/canaldana\/#\/schema\/person\/3c21f22f56fcf3bc46b94bc60ea4fef6"},"breadcrumb":{"@id":"https:\/\/dana.com.br\/canaldana\/2019\/09\/18\/mercedes-benz-ganha-premio-pela-lideranca-de-vendas-em-todos-os-segmentos-de-veiculos-no-brasil\/#breadcrumb"},"inLanguage":"pt-BR","potentialAction":[{"@type":"ReadAction","target":["https:\/\/dana.com.br\/canaldana\/2019\/09\/18\/mercedes-benz-ganha-premio-pela-lideranca-de-vendas-em-todos-os-segmentos-de-veiculos-no-brasil\/"]}]},{"@type":"BreadcrumbList","@id":"https:\/\/dana.com.br\/canaldana\/2019\/09\/18\/mercedes-benz-ganha-premio-pela-lideranca-de-vendas-em-todos-os-segmentos-de-veiculos-no-brasil\/#breadcrumb","itemListElement":[{"@type":"ListItem","position":1,"name":"Home","item":"https:\/\/dana.com.br\/canaldana\/"},{"@type":"ListItem","position":2,"name":"Pr\u00eamios","item":"https:\/\/dana.com.br\/canaldana\/premios\/"},{"@type":"ListItem","position":3,"name":"Mercedes-Benz ganha pr\u00eamio pela lideran\u00e7a de vendas em todos os segmentos de ve\u00edculos no Brasil"}]},{"@type":"WebSite","@id":"https:\/\/dana.com.br\/canaldana\/#website","url":"https:\/\/dana.com.br\/canaldana\/","name":"Canal Dana","description":"Informativo com as principais not\u00edcias da ind\u00fastria automotiva","potentialAction":[{"@type":"SearchAction","target":{"@type":"EntryPoint","urlTemplate":"https:\/\/dana.com.br\/canaldana\/?s={search_term_string}"},"query-input":{"@type":"PropertyValueSpecification","valueRequired":true,"valueName":"search_term_string"}}],"inLanguage":"pt-BR"},{"@type":"Person","@id":"https:\/\/dana.com.br\/canaldana\/#\/schema\/person\/3c21f22f56fcf3bc46b94bc60ea4fef6","name":"Canal Dana","image":{"@type":"ImageObject","inLanguage":"pt-BR","@id":"https:\/\/secure.gravatar.com\/avatar\/420aaf9278582877d9018637c6817617705899d2858d7572ef0fe59a6b6454b4?s=96&d=mm&r=g","url":"https:\/\/secure.gravatar.com\/avatar\/420aaf9278582877d9018637c6817617705899d2858d7572ef0fe59a6b6454b4?s=96&d=mm&r=g","contentUrl":"https:\/\/secure.gravatar.com\/avatar\/420aaf9278582877d9018637c6817617705899d2858d7572ef0fe59a6b6454b4?s=96&d=mm&r=g","caption":"Canal Dana"},"url":"https:\/\/dana.com.br\/canaldana\/author\/cdeditor\/"}]}},"_links":{"self":[{"href":"https:\/\/dana.com.br\/canaldana\/wp-json\/wp\/v2\/posts\/37275","targetHints":{"allow":["GET"]}}],"collection":[{"href":"https:\/\/dana.com.br\/canaldana\/wp-json\/wp\/v2\/posts"}],"about":[{"href":"https:\/\/dana.com.br\/canaldana\/wp-json\/wp\/v2\/types\/post"}],"author":[{"embeddable":true,"href":"https:\/\/dana.com.br\/canaldana\/wp-json\/wp\/v2\/users\/3"}],"replies":[{"embeddable":true,"href":"https:\/\/dana.com.br\/canaldana\/wp-json\/wp\/v2\/comments?post=37275"}],"version-history":[{"count":0,"href":"https:\/\/dana.com.br\/canaldana\/wp-json\/wp\/v2\/posts\/37275\/revisions"}],"wp:attachment":[{"href":"https:\/\/dana.com.br\/canaldana\/wp-json\/wp\/v2\/media?parent=37275"}],"wp:term":[{"taxonomy":"category","embeddable":true,"href":"https:\/\/dana.com.br\/canaldana\/wp-json\/wp\/v2\/categories?post=37275"},{"taxonomy":"post_tag","embeddable":true,"href":"https:\/\/dana.com.br\/canaldana\/wp-json\/wp\/v2\/tags?post=37275"}],"curies":[{"name":"wp","href":"https:\/\/api.w.org\/{rel}","templated":true}]}}