{"id":37215,"date":"2019-09-16T09:19:56","date_gmt":"2019-09-16T12:19:56","guid":{"rendered":"https:\/\/dana.com.br\/canaldana\/?p=37215"},"modified":"2019-09-16T09:19:56","modified_gmt":"2019-09-16T12:19:56","slug":"morre-anisio-campos-icone-do-design-automotivo-brasileiro","status":"publish","type":"post","link":"https:\/\/dana.com.br\/canaldana\/2019\/09\/16\/morre-anisio-campos-icone-do-design-automotivo-brasileiro\/","title":{"rendered":"Morre An\u00edsio Campos, \u00edcone do design automotivo brasileiro"},"content":{"rendered":"<p><em>Revista Auto Esporte\u00a0 <\/em><\/p>\n<p>&nbsp;<\/p>\n<p>Na d\u00e9cada de 1960, a ind\u00fastria automobil\u00edstica brasileira estava em plena forma\u00e7\u00e3o. Grandes e pequenas f\u00e1bricas come\u00e7aram a se instalar e produzir os primeiros ve\u00edculos nacionais. Foi nesta \u00e9poca que Jos\u00e9 An\u00edsio Barbosa de Campos, ou simplesmente An\u00edsio Campos, come\u00e7ou sua trajet\u00f3ria interrompida neste s\u00e1bado (14), quando morreu, aos 86 anos.<\/p>\n<p>&nbsp;<\/p>\n<p>O designer deixa um curr\u00edculo invej\u00e1vel de cria\u00e7\u00f5es, grande parte delas de forte personalidade. Foram mais de 15 ve\u00edculos projetados entre as d\u00e9cadas de 1960 e 1990.<\/p>\n<p>&nbsp;<\/p>\n<p>Entre os modelos de maior express\u00e3o, est\u00e3o o Kadron, primeiro bugue brasileiro (d\u00e9cada de 1980); o Puma DKW, at\u00e9 hoje considerado o seu trabalho mais importante; o esportivo Carcar\u00e1 e o pequeno Dacon 828, que usava pe\u00e7as da VW Kombi.<\/p>\n<p>&nbsp;<\/p>\n<p>An\u00edsio tamb\u00e9m projetou carros de competi\u00e7\u00e3o que foram pilotados por Jos\u00e9 Carlos Pace e Emerson Fittipaldi, al\u00e9m dele pr\u00f3prio.<\/p>\n<p>&nbsp;<\/p>\n<p>O designer integrou um seleto grupo de pilotos profissionais que correram nos anos 1950 e 1960 pelas f\u00e1bricas de autom\u00f3veis rec\u00e9m-instaladas &#8211; o time reunia outros nomes, como Luis Pereira Bueno, Chiquinho Lameir\u00e3o, Bird Clemente e Wilson Fittipaldi.<\/p>\n<p>&nbsp;<\/p>\n<p>Nascido em 6 de mar\u00e7o de 1933 na capital paulista, An\u00edsio Campos teve sua trajet\u00f3ria recontada em 2014 por sua filha ca\u00e7ula, Raquel Valadares, no document\u00e1rio Homem-Carro. Raquel conta que o projeto do filme que remonta a hist\u00f3ria de seu pai surgiu em 2010, quando um diagn\u00f3stico apontou que An\u00edsio come\u00e7ava a perder a mem\u00f3ria.<\/p>\n<p>&nbsp;<\/p>\n<p>Para conseguir juntar todos os modelos criados por pai, Raquel saiu em busca de ajuda. &#8220;Meu pai \u00e9 do meio automobil\u00edstico, n\u00e3o eu&#8230; Por isso, me senti muito desprovida de meios quando comecei a tentar encontrar os carros. Assim, recorri a antigos amigos dele e a pessoas com interesses comuns, como membros do clube do Puma&#8221;, recorda.<\/p>\n<p>&nbsp;<\/p>\n<p>Uma das dificuldades foi achar os modelos mais raros, como o Escorpion Ergo Cabine e o Escorpion pick-up, ambos de 1985. Al\u00e9m deles, foi tarefa \u00e1rdua encontrar a picape dupla Topazzio, de 1987, desenhada na \u00e9poca da Engerauto.<\/p>\n<p>&nbsp;<\/p>\n<p>Em 2015, nosso maior expoente do design de carros foi homenageado por Autoesporte no pr\u00eamio Carro do Ano, sendo o escolhido para o Hall da Fama. Abaixo, uma lista com os carros criados por An\u00edsio ao longo de mais de 50 anos de trabalho na ind\u00fastria.<\/p>\n<p>&nbsp;<\/p>\n<p><strong>1964 \u2013<\/strong> Puma GT DKW<\/p>\n<p><strong>1966 \u2013 <\/strong>Carcar\u00e1 (r\u00e9plica \u00fanica com Paulo Trevisan)<\/p>\n<p><strong>1968 \u2013 <\/strong>AC biposto de corrida<\/p>\n<p><strong>1970 \u2013 <\/strong>Trop\u00ed<\/p>\n<p><strong>1974 \u2013 <\/strong>AC monoposto F\u00f3rmula Super-V\u00ea<\/p>\n<p><strong>S\/data \u2013 <\/strong>Karmann-Ghia\/Porsche, Equipe Dacon<\/p>\n<p><strong>S\/data \u2013 <\/strong>Corcel Hatch, Souza Ramos<\/p>\n<p><strong>S\/data \u2013 <\/strong>P.A.G. Dacon<\/p>\n<p><strong>1982 \u2013<\/strong> Dacon 828<\/p>\n<p><strong>1985 \u2013<\/strong> Escorpion Ergo Cabine<\/p>\n<p><strong>1985 \u2013<\/strong> Escorpion pick-up<\/p>\n<p><strong>1987 \u2013<\/strong> Topazzio<\/p>\n<p><strong>1988 \u2013<\/strong> Nickinho<\/p>\n<p><strong>1988 \u2013<\/strong> Nick\u00e3o<\/p>\n<p><strong>1990 \u2013<\/strong> Chubby<\/p>\n<p><strong>2005 \u2013<\/strong> 828\/3 (prot\u00f3tipo \u00fanico com Ricardo Machado)<\/p>\n<p>(Revista Auto Esporte\/Diogo de Oliveira)<\/p>\n","protected":false},"excerpt":{"rendered":"<p>Revista Auto Esporte\u00a0 &nbsp; Na d\u00e9cada de 1960, a ind\u00fastria automobil\u00edstica brasileira estava em plena forma\u00e7\u00e3o. Grandes e pequenas f\u00e1bricas come\u00e7aram a se instalar e produzir os primeiros ve\u00edculos nacionais. Foi nesta \u00e9poca que Jos\u00e9 An\u00edsio Barbosa de Campos, ou simplesmente An\u00edsio Campos, come\u00e7ou sua trajet\u00f3ria interrompida neste s\u00e1bado (14), quando morreu, aos 86 anos.\u2026 <a class=\"readmore\" href=\"https:\/\/dana.com.br\/canaldana\/2019\/09\/16\/morre-anisio-campos-icone-do-design-automotivo-brasileiro\/\">Leia mais \u00bb<\/a><\/p>\n","protected":false},"author":3,"featured_media":0,"comment_status":"closed","ping_status":"closed","sticky":false,"template":"","format":"standard","meta":{"_acf_changed":false,"footnotes":""},"categories":[50],"tags":[],"class_list":["post-37215","post","type-post","status-publish","format-standard","hentry","category-memoria"],"acf":[],"yoast_head":"<!-- This site is optimized with the Yoast SEO plugin v27.3 - https:\/\/yoast.com\/product\/yoast-seo-wordpress\/ -->\n<title>Morre An\u00edsio Campos, \u00edcone do design automotivo brasileiro - Canal Dana<\/title>\n<meta name=\"robots\" content=\"index, follow, max-snippet:-1, max-image-preview:large, max-video-preview:-1\" \/>\n<link rel=\"canonical\" href=\"https:\/\/dana.com.br\/canaldana\/2019\/09\/16\/morre-anisio-campos-icone-do-design-automotivo-brasileiro\/\" \/>\n<meta property=\"og:locale\" content=\"pt_BR\" \/>\n<meta property=\"og:type\" content=\"article\" \/>\n<meta property=\"og:title\" content=\"Morre An\u00edsio Campos, \u00edcone do design automotivo brasileiro - Canal Dana\" \/>\n<meta property=\"og:description\" content=\"Revista Auto Esporte\u00a0 &nbsp; Na d\u00e9cada de 1960, a ind\u00fastria automobil\u00edstica brasileira estava em plena forma\u00e7\u00e3o. Grandes e pequenas f\u00e1bricas come\u00e7aram a se instalar e produzir os primeiros ve\u00edculos nacionais. Foi nesta \u00e9poca que Jos\u00e9 An\u00edsio Barbosa de Campos, ou simplesmente An\u00edsio Campos, come\u00e7ou sua trajet\u00f3ria interrompida neste s\u00e1bado (14), quando morreu, aos 86 anos.\u2026 Leia mais \u00bb\" \/>\n<meta property=\"og:url\" content=\"https:\/\/dana.com.br\/canaldana\/2019\/09\/16\/morre-anisio-campos-icone-do-design-automotivo-brasileiro\/\" \/>\n<meta property=\"og:site_name\" content=\"Canal Dana\" \/>\n<meta property=\"article:published_time\" content=\"2019-09-16T12:19:56+00:00\" \/>\n<meta name=\"author\" content=\"Canal Dana\" \/>\n<meta name=\"twitter:card\" content=\"summary_large_image\" \/>\n<meta name=\"twitter:label1\" content=\"Escrito por\" \/>\n\t<meta name=\"twitter:data1\" content=\"Canal Dana\" \/>\n\t<meta name=\"twitter:label2\" content=\"Est. tempo de leitura\" \/>\n\t<meta name=\"twitter:data2\" content=\"2 minutos\" \/>\n<script type=\"application\/ld+json\" class=\"yoast-schema-graph\">{\"@context\":\"https:\\\/\\\/schema.org\",\"@graph\":[{\"@type\":\"Article\",\"@id\":\"https:\\\/\\\/dana.com.br\\\/canaldana\\\/2019\\\/09\\\/16\\\/morre-anisio-campos-icone-do-design-automotivo-brasileiro\\\/#article\",\"isPartOf\":{\"@id\":\"https:\\\/\\\/dana.com.br\\\/canaldana\\\/2019\\\/09\\\/16\\\/morre-anisio-campos-icone-do-design-automotivo-brasileiro\\\/\"},\"author\":{\"name\":\"Canal Dana\",\"@id\":\"https:\\\/\\\/dana.com.br\\\/canaldana\\\/#\\\/schema\\\/person\\\/3c21f22f56fcf3bc46b94bc60ea4fef6\"},\"headline\":\"Morre An\u00edsio Campos, \u00edcone do design automotivo brasileiro\",\"datePublished\":\"2019-09-16T12:19:56+00:00\",\"mainEntityOfPage\":{\"@id\":\"https:\\\/\\\/dana.com.br\\\/canaldana\\\/2019\\\/09\\\/16\\\/morre-anisio-campos-icone-do-design-automotivo-brasileiro\\\/\"},\"wordCount\":481,\"articleSection\":[\"Mem\u00f3ria\"],\"inLanguage\":\"pt-BR\"},{\"@type\":\"WebPage\",\"@id\":\"https:\\\/\\\/dana.com.br\\\/canaldana\\\/2019\\\/09\\\/16\\\/morre-anisio-campos-icone-do-design-automotivo-brasileiro\\\/\",\"url\":\"https:\\\/\\\/dana.com.br\\\/canaldana\\\/2019\\\/09\\\/16\\\/morre-anisio-campos-icone-do-design-automotivo-brasileiro\\\/\",\"name\":\"Morre An\u00edsio Campos, \u00edcone do design automotivo brasileiro - Canal Dana\",\"isPartOf\":{\"@id\":\"https:\\\/\\\/dana.com.br\\\/canaldana\\\/#website\"},\"datePublished\":\"2019-09-16T12:19:56+00:00\",\"author\":{\"@id\":\"https:\\\/\\\/dana.com.br\\\/canaldana\\\/#\\\/schema\\\/person\\\/3c21f22f56fcf3bc46b94bc60ea4fef6\"},\"breadcrumb\":{\"@id\":\"https:\\\/\\\/dana.com.br\\\/canaldana\\\/2019\\\/09\\\/16\\\/morre-anisio-campos-icone-do-design-automotivo-brasileiro\\\/#breadcrumb\"},\"inLanguage\":\"pt-BR\",\"potentialAction\":[{\"@type\":\"ReadAction\",\"target\":[\"https:\\\/\\\/dana.com.br\\\/canaldana\\\/2019\\\/09\\\/16\\\/morre-anisio-campos-icone-do-design-automotivo-brasileiro\\\/\"]}]},{\"@type\":\"BreadcrumbList\",\"@id\":\"https:\\\/\\\/dana.com.br\\\/canaldana\\\/2019\\\/09\\\/16\\\/morre-anisio-campos-icone-do-design-automotivo-brasileiro\\\/#breadcrumb\",\"itemListElement\":[{\"@type\":\"ListItem\",\"position\":1,\"name\":\"Home\",\"item\":\"https:\\\/\\\/dana.com.br\\\/canaldana\\\/\"},{\"@type\":\"ListItem\",\"position\":2,\"name\":\"Mem\u00f3ria\",\"item\":\"https:\\\/\\\/dana.com.br\\\/canaldana\\\/memoria\\\/\"},{\"@type\":\"ListItem\",\"position\":3,\"name\":\"Morre An\u00edsio Campos, \u00edcone do design automotivo brasileiro\"}]},{\"@type\":\"WebSite\",\"@id\":\"https:\\\/\\\/dana.com.br\\\/canaldana\\\/#website\",\"url\":\"https:\\\/\\\/dana.com.br\\\/canaldana\\\/\",\"name\":\"Canal Dana\",\"description\":\"Informativo com as principais not\u00edcias da ind\u00fastria automotiva\",\"potentialAction\":[{\"@type\":\"SearchAction\",\"target\":{\"@type\":\"EntryPoint\",\"urlTemplate\":\"https:\\\/\\\/dana.com.br\\\/canaldana\\\/?s={search_term_string}\"},\"query-input\":{\"@type\":\"PropertyValueSpecification\",\"valueRequired\":true,\"valueName\":\"search_term_string\"}}],\"inLanguage\":\"pt-BR\"},{\"@type\":\"Person\",\"@id\":\"https:\\\/\\\/dana.com.br\\\/canaldana\\\/#\\\/schema\\\/person\\\/3c21f22f56fcf3bc46b94bc60ea4fef6\",\"name\":\"Canal Dana\",\"image\":{\"@type\":\"ImageObject\",\"inLanguage\":\"pt-BR\",\"@id\":\"https:\\\/\\\/secure.gravatar.com\\\/avatar\\\/420aaf9278582877d9018637c6817617705899d2858d7572ef0fe59a6b6454b4?s=96&d=mm&r=g\",\"url\":\"https:\\\/\\\/secure.gravatar.com\\\/avatar\\\/420aaf9278582877d9018637c6817617705899d2858d7572ef0fe59a6b6454b4?s=96&d=mm&r=g\",\"contentUrl\":\"https:\\\/\\\/secure.gravatar.com\\\/avatar\\\/420aaf9278582877d9018637c6817617705899d2858d7572ef0fe59a6b6454b4?s=96&d=mm&r=g\",\"caption\":\"Canal Dana\"},\"url\":\"https:\\\/\\\/dana.com.br\\\/canaldana\\\/author\\\/cdeditor\\\/\"}]}<\/script>\n<!-- \/ Yoast SEO plugin. -->","yoast_head_json":{"title":"Morre An\u00edsio Campos, \u00edcone do design automotivo brasileiro - Canal Dana","robots":{"index":"index","follow":"follow","max-snippet":"max-snippet:-1","max-image-preview":"max-image-preview:large","max-video-preview":"max-video-preview:-1"},"canonical":"https:\/\/dana.com.br\/canaldana\/2019\/09\/16\/morre-anisio-campos-icone-do-design-automotivo-brasileiro\/","og_locale":"pt_BR","og_type":"article","og_title":"Morre An\u00edsio Campos, \u00edcone do design automotivo brasileiro - Canal Dana","og_description":"Revista Auto Esporte\u00a0 &nbsp; Na d\u00e9cada de 1960, a ind\u00fastria automobil\u00edstica brasileira estava em plena forma\u00e7\u00e3o. Grandes e pequenas f\u00e1bricas come\u00e7aram a se instalar e produzir os primeiros ve\u00edculos nacionais. Foi nesta \u00e9poca que Jos\u00e9 An\u00edsio Barbosa de Campos, ou simplesmente An\u00edsio Campos, come\u00e7ou sua trajet\u00f3ria interrompida neste s\u00e1bado (14), quando morreu, aos 86 anos.\u2026 Leia mais \u00bb","og_url":"https:\/\/dana.com.br\/canaldana\/2019\/09\/16\/morre-anisio-campos-icone-do-design-automotivo-brasileiro\/","og_site_name":"Canal Dana","article_published_time":"2019-09-16T12:19:56+00:00","author":"Canal Dana","twitter_card":"summary_large_image","twitter_misc":{"Escrito por":"Canal Dana","Est. tempo de leitura":"2 minutos"},"schema":{"@context":"https:\/\/schema.org","@graph":[{"@type":"Article","@id":"https:\/\/dana.com.br\/canaldana\/2019\/09\/16\/morre-anisio-campos-icone-do-design-automotivo-brasileiro\/#article","isPartOf":{"@id":"https:\/\/dana.com.br\/canaldana\/2019\/09\/16\/morre-anisio-campos-icone-do-design-automotivo-brasileiro\/"},"author":{"name":"Canal Dana","@id":"https:\/\/dana.com.br\/canaldana\/#\/schema\/person\/3c21f22f56fcf3bc46b94bc60ea4fef6"},"headline":"Morre An\u00edsio Campos, \u00edcone do design automotivo brasileiro","datePublished":"2019-09-16T12:19:56+00:00","mainEntityOfPage":{"@id":"https:\/\/dana.com.br\/canaldana\/2019\/09\/16\/morre-anisio-campos-icone-do-design-automotivo-brasileiro\/"},"wordCount":481,"articleSection":["Mem\u00f3ria"],"inLanguage":"pt-BR"},{"@type":"WebPage","@id":"https:\/\/dana.com.br\/canaldana\/2019\/09\/16\/morre-anisio-campos-icone-do-design-automotivo-brasileiro\/","url":"https:\/\/dana.com.br\/canaldana\/2019\/09\/16\/morre-anisio-campos-icone-do-design-automotivo-brasileiro\/","name":"Morre An\u00edsio Campos, \u00edcone do design automotivo brasileiro - Canal Dana","isPartOf":{"@id":"https:\/\/dana.com.br\/canaldana\/#website"},"datePublished":"2019-09-16T12:19:56+00:00","author":{"@id":"https:\/\/dana.com.br\/canaldana\/#\/schema\/person\/3c21f22f56fcf3bc46b94bc60ea4fef6"},"breadcrumb":{"@id":"https:\/\/dana.com.br\/canaldana\/2019\/09\/16\/morre-anisio-campos-icone-do-design-automotivo-brasileiro\/#breadcrumb"},"inLanguage":"pt-BR","potentialAction":[{"@type":"ReadAction","target":["https:\/\/dana.com.br\/canaldana\/2019\/09\/16\/morre-anisio-campos-icone-do-design-automotivo-brasileiro\/"]}]},{"@type":"BreadcrumbList","@id":"https:\/\/dana.com.br\/canaldana\/2019\/09\/16\/morre-anisio-campos-icone-do-design-automotivo-brasileiro\/#breadcrumb","itemListElement":[{"@type":"ListItem","position":1,"name":"Home","item":"https:\/\/dana.com.br\/canaldana\/"},{"@type":"ListItem","position":2,"name":"Mem\u00f3ria","item":"https:\/\/dana.com.br\/canaldana\/memoria\/"},{"@type":"ListItem","position":3,"name":"Morre An\u00edsio Campos, \u00edcone do design automotivo brasileiro"}]},{"@type":"WebSite","@id":"https:\/\/dana.com.br\/canaldana\/#website","url":"https:\/\/dana.com.br\/canaldana\/","name":"Canal Dana","description":"Informativo com as principais not\u00edcias da ind\u00fastria automotiva","potentialAction":[{"@type":"SearchAction","target":{"@type":"EntryPoint","urlTemplate":"https:\/\/dana.com.br\/canaldana\/?s={search_term_string}"},"query-input":{"@type":"PropertyValueSpecification","valueRequired":true,"valueName":"search_term_string"}}],"inLanguage":"pt-BR"},{"@type":"Person","@id":"https:\/\/dana.com.br\/canaldana\/#\/schema\/person\/3c21f22f56fcf3bc46b94bc60ea4fef6","name":"Canal Dana","image":{"@type":"ImageObject","inLanguage":"pt-BR","@id":"https:\/\/secure.gravatar.com\/avatar\/420aaf9278582877d9018637c6817617705899d2858d7572ef0fe59a6b6454b4?s=96&d=mm&r=g","url":"https:\/\/secure.gravatar.com\/avatar\/420aaf9278582877d9018637c6817617705899d2858d7572ef0fe59a6b6454b4?s=96&d=mm&r=g","contentUrl":"https:\/\/secure.gravatar.com\/avatar\/420aaf9278582877d9018637c6817617705899d2858d7572ef0fe59a6b6454b4?s=96&d=mm&r=g","caption":"Canal Dana"},"url":"https:\/\/dana.com.br\/canaldana\/author\/cdeditor\/"}]}},"_links":{"self":[{"href":"https:\/\/dana.com.br\/canaldana\/wp-json\/wp\/v2\/posts\/37215","targetHints":{"allow":["GET"]}}],"collection":[{"href":"https:\/\/dana.com.br\/canaldana\/wp-json\/wp\/v2\/posts"}],"about":[{"href":"https:\/\/dana.com.br\/canaldana\/wp-json\/wp\/v2\/types\/post"}],"author":[{"embeddable":true,"href":"https:\/\/dana.com.br\/canaldana\/wp-json\/wp\/v2\/users\/3"}],"replies":[{"embeddable":true,"href":"https:\/\/dana.com.br\/canaldana\/wp-json\/wp\/v2\/comments?post=37215"}],"version-history":[{"count":0,"href":"https:\/\/dana.com.br\/canaldana\/wp-json\/wp\/v2\/posts\/37215\/revisions"}],"wp:attachment":[{"href":"https:\/\/dana.com.br\/canaldana\/wp-json\/wp\/v2\/media?parent=37215"}],"wp:term":[{"taxonomy":"category","embeddable":true,"href":"https:\/\/dana.com.br\/canaldana\/wp-json\/wp\/v2\/categories?post=37215"},{"taxonomy":"post_tag","embeddable":true,"href":"https:\/\/dana.com.br\/canaldana\/wp-json\/wp\/v2\/tags?post=37215"}],"curies":[{"name":"wp","href":"https:\/\/api.w.org\/{rel}","templated":true}]}}