{"id":36707,"date":"2019-08-23T07:53:48","date_gmt":"2019-08-23T10:53:48","guid":{"rendered":"https:\/\/dana.com.br\/canaldana\/?p=36707"},"modified":"2019-08-23T07:53:48","modified_gmt":"2019-08-23T10:53:48","slug":"trump-ataca-montadoras-que-adotam-normas-ambientais-mais-severas","status":"publish","type":"post","link":"https:\/\/dana.com.br\/canaldana\/2019\/08\/23\/trump-ataca-montadoras-que-adotam-normas-ambientais-mais-severas\/","title":{"rendered":"Trump ataca montadoras que adotam normas ambientais mais severas"},"content":{"rendered":"<p><em>O Estado de S. Paulo\/Ag\u00eancia AFP<\/em><\/p>\n<p>&nbsp;<\/p>\n<p>O presidente dos Estados Unidos, Donald Trump, atacou nesta quarta-feira, 22, as montadoras de autom\u00f3veis do pa\u00eds que ignoram suas medidas ambientais e preferem seguir as normas estabelecidas pelo estado da Calif\u00f3rnia, que vai aprovar regras mais severas para emiss\u00f5es de gases veiculares.<\/p>\n<p>&nbsp;<\/p>\n<p>V\u00e1rias grandes empresas do setor (Ford, Honda, Volkswagen e BMW) decidiram, em julho, seguir as determina\u00e7\u00f5es do estado e outras companhias se preparam para fazer o mesmo, o que irritou Trump.<\/p>\n<p>&nbsp;<\/p>\n<p>&#8220;Minha proposta para os construtores de carros politicamente corretos reduziria o pre\u00e7o m\u00e9dio de um carro em mais de 3 mil d\u00f3lares e tornaria os carros mais seguros. Os motores funcionariam melhor. Muito pouco impacto no meio ambiente! Executivos tontos!&#8221;, escreveu o presidente no Twitter na manh\u00e3 desta quarta.<\/p>\n<p>&nbsp;<\/p>\n<p>Os fundadores da Ford e General Motors devem estar &#8220;se contorcendo&#8221; nos t\u00famulos diante &#8220;do despreparo dos dirigentes atuais que est\u00e3o dispostos a pagar mais por um ve\u00edculo mais inseguro e pior que custar\u00e1 3.000 d\u00f3lares a mais para os consumidores. Uma loucura!&#8221;, escreveu na rede social.<\/p>\n<p>&nbsp;<\/p>\n<p><strong>Calif\u00f3rnia <\/strong><\/p>\n<p>&nbsp;<\/p>\n<p>Trump acusou as autoridades da Calif\u00f3rnia de querer levar as montadoras &#8220;\u00e0 ru\u00edna&#8221;. Segundo o jornal The New York Times, a Mercedes-Benz deve seguir os passos da Ford.<\/p>\n<p>&nbsp;<\/p>\n<p>Representantes da Toyota, Fiat Chrysler e General Motors foram convocados em julho para uma reuni\u00e3o na Casa Branca, onde um assessor pediu que eles se solidarizassem com o presidente, informou o jornal.<\/p>\n<p>&nbsp;<\/p>\n<p>O objetivo das empresas, que representam 30% das vendas de ve\u00edculos novos nos Estados Unidos, \u00e9 ter visibilidade por v\u00e1rios anos no mercado nacional em rela\u00e7\u00e3o aos padr\u00f5es de emiss\u00f5es de CO2, num momento em que ocorre uma batalha judicial entre o governo federal e estados como a Calif\u00f3rnia, que visam atender as metas ambiciosas estabelecidas pelo governo de Barack Obama.<\/p>\n<p>&nbsp;<\/p>\n<p>As regras de Obama tinham como objetivo atingir um consumo m\u00e9dio equivalente a cerca de 4,7 l por 100 km para os novos modelos em 2026. A administra\u00e7\u00e3o Trump prop\u00f5e manter os n\u00edveis atuais, isto \u00e9, 6,3 l por 100 km.<\/p>\n<p>&nbsp;<\/p>\n<p>O acordo da Calif\u00f3rnia \u00e9 uma vers\u00e3o mais branda do plano de Obama: as montadoras ganham mais um ano para atingir a meta inicial, de 2025 a 2026, e teriam maior flexibilidade para reduzir suas emiss\u00f5es de gases de efeito estufa (-3,7% ao ano durante cinco anos, em vez de -4,7% ao ano durante quatro anos). (O Estado de S. Paulo\/Ag\u00eancia AFP)<\/p>\n","protected":false},"excerpt":{"rendered":"<p>O Estado de S. Paulo\/Ag\u00eancia AFP &nbsp; O presidente dos Estados Unidos, Donald Trump, atacou nesta quarta-feira, 22, as montadoras de autom\u00f3veis do pa\u00eds que ignoram suas medidas ambientais e preferem seguir as normas estabelecidas pelo estado da Calif\u00f3rnia, que vai aprovar regras mais severas para emiss\u00f5es de gases veiculares. &nbsp; V\u00e1rias grandes empresas do\u2026 <a class=\"readmore\" href=\"https:\/\/dana.com.br\/canaldana\/2019\/08\/23\/trump-ataca-montadoras-que-adotam-normas-ambientais-mais-severas\/\">Leia mais \u00bb<\/a><\/p>\n","protected":false},"author":3,"featured_media":0,"comment_status":"closed","ping_status":"closed","sticky":false,"template":"","format":"standard","meta":{"_acf_changed":false,"footnotes":""},"categories":[63],"tags":[],"class_list":["post-36707","post","type-post","status-publish","format-standard","hentry","category-meio-ambiente"],"acf":[],"yoast_head":"<!-- This site is optimized with the Yoast SEO plugin v27.3 - https:\/\/yoast.com\/product\/yoast-seo-wordpress\/ -->\n<title>Trump ataca montadoras que adotam normas ambientais mais severas - Canal Dana<\/title>\n<meta name=\"robots\" content=\"index, follow, max-snippet:-1, max-image-preview:large, max-video-preview:-1\" \/>\n<link rel=\"canonical\" href=\"https:\/\/dana.com.br\/canaldana\/2019\/08\/23\/trump-ataca-montadoras-que-adotam-normas-ambientais-mais-severas\/\" \/>\n<meta property=\"og:locale\" content=\"pt_BR\" \/>\n<meta property=\"og:type\" content=\"article\" \/>\n<meta property=\"og:title\" content=\"Trump ataca montadoras que adotam normas ambientais mais severas - Canal Dana\" \/>\n<meta property=\"og:description\" content=\"O Estado de S. Paulo\/Ag\u00eancia AFP &nbsp; O presidente dos Estados Unidos, Donald Trump, atacou nesta quarta-feira, 22, as montadoras de autom\u00f3veis do pa\u00eds que ignoram suas medidas ambientais e preferem seguir as normas estabelecidas pelo estado da Calif\u00f3rnia, que vai aprovar regras mais severas para emiss\u00f5es de gases veiculares. &nbsp; V\u00e1rias grandes empresas do\u2026 Leia mais \u00bb\" \/>\n<meta property=\"og:url\" content=\"https:\/\/dana.com.br\/canaldana\/2019\/08\/23\/trump-ataca-montadoras-que-adotam-normas-ambientais-mais-severas\/\" \/>\n<meta property=\"og:site_name\" content=\"Canal Dana\" \/>\n<meta property=\"article:published_time\" content=\"2019-08-23T10:53:48+00:00\" \/>\n<meta name=\"author\" content=\"Canal Dana\" \/>\n<meta name=\"twitter:card\" content=\"summary_large_image\" \/>\n<meta name=\"twitter:label1\" content=\"Escrito por\" \/>\n\t<meta name=\"twitter:data1\" content=\"Canal Dana\" \/>\n\t<meta name=\"twitter:label2\" content=\"Est. tempo de leitura\" \/>\n\t<meta name=\"twitter:data2\" content=\"2 minutos\" \/>\n<script type=\"application\/ld+json\" class=\"yoast-schema-graph\">{\"@context\":\"https:\\\/\\\/schema.org\",\"@graph\":[{\"@type\":\"Article\",\"@id\":\"https:\\\/\\\/dana.com.br\\\/canaldana\\\/2019\\\/08\\\/23\\\/trump-ataca-montadoras-que-adotam-normas-ambientais-mais-severas\\\/#article\",\"isPartOf\":{\"@id\":\"https:\\\/\\\/dana.com.br\\\/canaldana\\\/2019\\\/08\\\/23\\\/trump-ataca-montadoras-que-adotam-normas-ambientais-mais-severas\\\/\"},\"author\":{\"name\":\"Canal Dana\",\"@id\":\"https:\\\/\\\/dana.com.br\\\/canaldana\\\/#\\\/schema\\\/person\\\/3c21f22f56fcf3bc46b94bc60ea4fef6\"},\"headline\":\"Trump ataca montadoras que adotam normas ambientais mais severas\",\"datePublished\":\"2019-08-23T10:53:48+00:00\",\"mainEntityOfPage\":{\"@id\":\"https:\\\/\\\/dana.com.br\\\/canaldana\\\/2019\\\/08\\\/23\\\/trump-ataca-montadoras-que-adotam-normas-ambientais-mais-severas\\\/\"},\"wordCount\":439,\"articleSection\":[\"Meio Ambiente\"],\"inLanguage\":\"pt-BR\"},{\"@type\":\"WebPage\",\"@id\":\"https:\\\/\\\/dana.com.br\\\/canaldana\\\/2019\\\/08\\\/23\\\/trump-ataca-montadoras-que-adotam-normas-ambientais-mais-severas\\\/\",\"url\":\"https:\\\/\\\/dana.com.br\\\/canaldana\\\/2019\\\/08\\\/23\\\/trump-ataca-montadoras-que-adotam-normas-ambientais-mais-severas\\\/\",\"name\":\"Trump ataca montadoras que adotam normas ambientais mais severas - Canal Dana\",\"isPartOf\":{\"@id\":\"https:\\\/\\\/dana.com.br\\\/canaldana\\\/#website\"},\"datePublished\":\"2019-08-23T10:53:48+00:00\",\"author\":{\"@id\":\"https:\\\/\\\/dana.com.br\\\/canaldana\\\/#\\\/schema\\\/person\\\/3c21f22f56fcf3bc46b94bc60ea4fef6\"},\"breadcrumb\":{\"@id\":\"https:\\\/\\\/dana.com.br\\\/canaldana\\\/2019\\\/08\\\/23\\\/trump-ataca-montadoras-que-adotam-normas-ambientais-mais-severas\\\/#breadcrumb\"},\"inLanguage\":\"pt-BR\",\"potentialAction\":[{\"@type\":\"ReadAction\",\"target\":[\"https:\\\/\\\/dana.com.br\\\/canaldana\\\/2019\\\/08\\\/23\\\/trump-ataca-montadoras-que-adotam-normas-ambientais-mais-severas\\\/\"]}]},{\"@type\":\"BreadcrumbList\",\"@id\":\"https:\\\/\\\/dana.com.br\\\/canaldana\\\/2019\\\/08\\\/23\\\/trump-ataca-montadoras-que-adotam-normas-ambientais-mais-severas\\\/#breadcrumb\",\"itemListElement\":[{\"@type\":\"ListItem\",\"position\":1,\"name\":\"Home\",\"item\":\"https:\\\/\\\/dana.com.br\\\/canaldana\\\/\"},{\"@type\":\"ListItem\",\"position\":2,\"name\":\"Meio Ambiente\",\"item\":\"https:\\\/\\\/dana.com.br\\\/canaldana\\\/meio-ambiente\\\/\"},{\"@type\":\"ListItem\",\"position\":3,\"name\":\"Trump ataca montadoras que adotam normas ambientais mais severas\"}]},{\"@type\":\"WebSite\",\"@id\":\"https:\\\/\\\/dana.com.br\\\/canaldana\\\/#website\",\"url\":\"https:\\\/\\\/dana.com.br\\\/canaldana\\\/\",\"name\":\"Canal Dana\",\"description\":\"Informativo com as principais not\u00edcias da ind\u00fastria automotiva\",\"potentialAction\":[{\"@type\":\"SearchAction\",\"target\":{\"@type\":\"EntryPoint\",\"urlTemplate\":\"https:\\\/\\\/dana.com.br\\\/canaldana\\\/?s={search_term_string}\"},\"query-input\":{\"@type\":\"PropertyValueSpecification\",\"valueRequired\":true,\"valueName\":\"search_term_string\"}}],\"inLanguage\":\"pt-BR\"},{\"@type\":\"Person\",\"@id\":\"https:\\\/\\\/dana.com.br\\\/canaldana\\\/#\\\/schema\\\/person\\\/3c21f22f56fcf3bc46b94bc60ea4fef6\",\"name\":\"Canal Dana\",\"image\":{\"@type\":\"ImageObject\",\"inLanguage\":\"pt-BR\",\"@id\":\"https:\\\/\\\/secure.gravatar.com\\\/avatar\\\/420aaf9278582877d9018637c6817617705899d2858d7572ef0fe59a6b6454b4?s=96&d=mm&r=g\",\"url\":\"https:\\\/\\\/secure.gravatar.com\\\/avatar\\\/420aaf9278582877d9018637c6817617705899d2858d7572ef0fe59a6b6454b4?s=96&d=mm&r=g\",\"contentUrl\":\"https:\\\/\\\/secure.gravatar.com\\\/avatar\\\/420aaf9278582877d9018637c6817617705899d2858d7572ef0fe59a6b6454b4?s=96&d=mm&r=g\",\"caption\":\"Canal Dana\"},\"url\":\"https:\\\/\\\/dana.com.br\\\/canaldana\\\/author\\\/cdeditor\\\/\"}]}<\/script>\n<!-- \/ Yoast SEO plugin. -->","yoast_head_json":{"title":"Trump ataca montadoras que adotam normas ambientais mais severas - Canal Dana","robots":{"index":"index","follow":"follow","max-snippet":"max-snippet:-1","max-image-preview":"max-image-preview:large","max-video-preview":"max-video-preview:-1"},"canonical":"https:\/\/dana.com.br\/canaldana\/2019\/08\/23\/trump-ataca-montadoras-que-adotam-normas-ambientais-mais-severas\/","og_locale":"pt_BR","og_type":"article","og_title":"Trump ataca montadoras que adotam normas ambientais mais severas - Canal Dana","og_description":"O Estado de S. Paulo\/Ag\u00eancia AFP &nbsp; O presidente dos Estados Unidos, Donald Trump, atacou nesta quarta-feira, 22, as montadoras de autom\u00f3veis do pa\u00eds que ignoram suas medidas ambientais e preferem seguir as normas estabelecidas pelo estado da Calif\u00f3rnia, que vai aprovar regras mais severas para emiss\u00f5es de gases veiculares. &nbsp; V\u00e1rias grandes empresas do\u2026 Leia mais \u00bb","og_url":"https:\/\/dana.com.br\/canaldana\/2019\/08\/23\/trump-ataca-montadoras-que-adotam-normas-ambientais-mais-severas\/","og_site_name":"Canal Dana","article_published_time":"2019-08-23T10:53:48+00:00","author":"Canal Dana","twitter_card":"summary_large_image","twitter_misc":{"Escrito por":"Canal Dana","Est. tempo de leitura":"2 minutos"},"schema":{"@context":"https:\/\/schema.org","@graph":[{"@type":"Article","@id":"https:\/\/dana.com.br\/canaldana\/2019\/08\/23\/trump-ataca-montadoras-que-adotam-normas-ambientais-mais-severas\/#article","isPartOf":{"@id":"https:\/\/dana.com.br\/canaldana\/2019\/08\/23\/trump-ataca-montadoras-que-adotam-normas-ambientais-mais-severas\/"},"author":{"name":"Canal Dana","@id":"https:\/\/dana.com.br\/canaldana\/#\/schema\/person\/3c21f22f56fcf3bc46b94bc60ea4fef6"},"headline":"Trump ataca montadoras que adotam normas ambientais mais severas","datePublished":"2019-08-23T10:53:48+00:00","mainEntityOfPage":{"@id":"https:\/\/dana.com.br\/canaldana\/2019\/08\/23\/trump-ataca-montadoras-que-adotam-normas-ambientais-mais-severas\/"},"wordCount":439,"articleSection":["Meio Ambiente"],"inLanguage":"pt-BR"},{"@type":"WebPage","@id":"https:\/\/dana.com.br\/canaldana\/2019\/08\/23\/trump-ataca-montadoras-que-adotam-normas-ambientais-mais-severas\/","url":"https:\/\/dana.com.br\/canaldana\/2019\/08\/23\/trump-ataca-montadoras-que-adotam-normas-ambientais-mais-severas\/","name":"Trump ataca montadoras que adotam normas ambientais mais severas - Canal Dana","isPartOf":{"@id":"https:\/\/dana.com.br\/canaldana\/#website"},"datePublished":"2019-08-23T10:53:48+00:00","author":{"@id":"https:\/\/dana.com.br\/canaldana\/#\/schema\/person\/3c21f22f56fcf3bc46b94bc60ea4fef6"},"breadcrumb":{"@id":"https:\/\/dana.com.br\/canaldana\/2019\/08\/23\/trump-ataca-montadoras-que-adotam-normas-ambientais-mais-severas\/#breadcrumb"},"inLanguage":"pt-BR","potentialAction":[{"@type":"ReadAction","target":["https:\/\/dana.com.br\/canaldana\/2019\/08\/23\/trump-ataca-montadoras-que-adotam-normas-ambientais-mais-severas\/"]}]},{"@type":"BreadcrumbList","@id":"https:\/\/dana.com.br\/canaldana\/2019\/08\/23\/trump-ataca-montadoras-que-adotam-normas-ambientais-mais-severas\/#breadcrumb","itemListElement":[{"@type":"ListItem","position":1,"name":"Home","item":"https:\/\/dana.com.br\/canaldana\/"},{"@type":"ListItem","position":2,"name":"Meio Ambiente","item":"https:\/\/dana.com.br\/canaldana\/meio-ambiente\/"},{"@type":"ListItem","position":3,"name":"Trump ataca montadoras que adotam normas ambientais mais severas"}]},{"@type":"WebSite","@id":"https:\/\/dana.com.br\/canaldana\/#website","url":"https:\/\/dana.com.br\/canaldana\/","name":"Canal Dana","description":"Informativo com as principais not\u00edcias da ind\u00fastria automotiva","potentialAction":[{"@type":"SearchAction","target":{"@type":"EntryPoint","urlTemplate":"https:\/\/dana.com.br\/canaldana\/?s={search_term_string}"},"query-input":{"@type":"PropertyValueSpecification","valueRequired":true,"valueName":"search_term_string"}}],"inLanguage":"pt-BR"},{"@type":"Person","@id":"https:\/\/dana.com.br\/canaldana\/#\/schema\/person\/3c21f22f56fcf3bc46b94bc60ea4fef6","name":"Canal Dana","image":{"@type":"ImageObject","inLanguage":"pt-BR","@id":"https:\/\/secure.gravatar.com\/avatar\/420aaf9278582877d9018637c6817617705899d2858d7572ef0fe59a6b6454b4?s=96&d=mm&r=g","url":"https:\/\/secure.gravatar.com\/avatar\/420aaf9278582877d9018637c6817617705899d2858d7572ef0fe59a6b6454b4?s=96&d=mm&r=g","contentUrl":"https:\/\/secure.gravatar.com\/avatar\/420aaf9278582877d9018637c6817617705899d2858d7572ef0fe59a6b6454b4?s=96&d=mm&r=g","caption":"Canal Dana"},"url":"https:\/\/dana.com.br\/canaldana\/author\/cdeditor\/"}]}},"_links":{"self":[{"href":"https:\/\/dana.com.br\/canaldana\/wp-json\/wp\/v2\/posts\/36707","targetHints":{"allow":["GET"]}}],"collection":[{"href":"https:\/\/dana.com.br\/canaldana\/wp-json\/wp\/v2\/posts"}],"about":[{"href":"https:\/\/dana.com.br\/canaldana\/wp-json\/wp\/v2\/types\/post"}],"author":[{"embeddable":true,"href":"https:\/\/dana.com.br\/canaldana\/wp-json\/wp\/v2\/users\/3"}],"replies":[{"embeddable":true,"href":"https:\/\/dana.com.br\/canaldana\/wp-json\/wp\/v2\/comments?post=36707"}],"version-history":[{"count":0,"href":"https:\/\/dana.com.br\/canaldana\/wp-json\/wp\/v2\/posts\/36707\/revisions"}],"wp:attachment":[{"href":"https:\/\/dana.com.br\/canaldana\/wp-json\/wp\/v2\/media?parent=36707"}],"wp:term":[{"taxonomy":"category","embeddable":true,"href":"https:\/\/dana.com.br\/canaldana\/wp-json\/wp\/v2\/categories?post=36707"},{"taxonomy":"post_tag","embeddable":true,"href":"https:\/\/dana.com.br\/canaldana\/wp-json\/wp\/v2\/tags?post=36707"}],"curies":[{"name":"wp","href":"https:\/\/api.w.org\/{rel}","templated":true}]}}