{"id":36663,"date":"2019-08-21T08:30:54","date_gmt":"2019-08-21T11:30:54","guid":{"rendered":"https:\/\/dana.com.br\/canaldana\/?p=36663"},"modified":"2019-08-21T08:30:54","modified_gmt":"2019-08-21T11:30:54","slug":"vice-presidente-da-toyota-diz-que-venda-direta-deve-chegar-a-50-no-pais-em-2019","status":"publish","type":"post","link":"https:\/\/dana.com.br\/canaldana\/2019\/08\/21\/vice-presidente-da-toyota-diz-que-venda-direta-deve-chegar-a-50-no-pais-em-2019\/","title":{"rendered":"Vice-presidente da Toyota diz que venda direta deve chegar a 50% no Pa\u00eds em 2019"},"content":{"rendered":"<p><em>Isto \u00c9 Dinheiro<\/em><\/p>\n<p>&nbsp;<\/p>\n<p>O vice-presidente da Toyota no Brasil, Miguel Fonseca, afirmou nesta tarde de segunda-feira que a participa\u00e7\u00e3o das vendas diretas no mercado de carros deve chegar a 50% no fim do ano. As vendas diretas s\u00e3o como o setor chama os ve\u00edculos vendidos pelas montadoras diretamente para os clientes, sem passar pelas concession\u00e1rias. Em geral, s\u00e3o consumidores pessoa jur\u00eddica que por meio da venda direta compram das montadoras com descontos.<\/p>\n<p>&nbsp;<\/p>\n<p>Segundo Fonseca, a participa\u00e7\u00e3o dos clientes corporativos, que estava abaixo dos 30% em 2014, e em 2019 j\u00e1 chegou a 46%, tem aumentado por uma conjun\u00e7\u00e3o de v\u00e1rios fatores, entre eles a crise econ\u00f4mica, que fez cair a fatia do consumidor pessoa f\u00edsica, e o enfraquecimento do desejo dos mais jovens de comprar o primeiro carro, favorecendo neg\u00f3cios como o do Uber. \u201cNo Brasil j\u00e1 s\u00e3o mais de 200 mil carros comprados para utiliza\u00e7\u00e3o de motoristas da Uber\u201d, estimou o executivo, que participa de evento do setor automotivo, realizado pela revista Automotive Business.<\/p>\n<p>&nbsp;<\/p>\n<p>Apesar do aumento da venda para pessoa jur\u00eddica nos \u00faltimos anos, a venda de carros para pessoa f\u00edsica, que ficou estagnada em 2018 e come\u00e7ou 2019 oscilante, deu sinais de acelera\u00e7\u00e3o nos \u00faltimos dois meses, em meio a descontos maiores oferecidos pelas concession\u00e1rias para liberar estoque.<\/p>\n<p>&nbsp;<\/p>\n<p>No ano passado, enquanto a venda para pessoa f\u00edsica ficou est\u00e1vel, ainda como consequ\u00eancia da crise econ\u00f4mica, o mercado para consumidores corporativos cresceu 23%. Em 2019, o ano come\u00e7ou com taxas positivas de dois d\u00edgitos para a venda direta, e a venda para pessoa f\u00edsica oscilando entre altas e quedas de um d\u00edgito. Em junho, por\u00e9m, o mercado para o consumidor comum ganhou tra\u00e7\u00e3o e o crescimento voltou a dois d\u00edgitos, a uma taxa de 17,5% ante igual m\u00eas do ano passado. Em julho, teve expans\u00e3o de 6%, retornando a um d\u00edgito, mas na segunda maior varia\u00e7\u00e3o mensal do ano. (Isto \u00c9 Dinheiro)<\/p>\n","protected":false},"excerpt":{"rendered":"<p>Isto \u00c9 Dinheiro &nbsp; O vice-presidente da Toyota no Brasil, Miguel Fonseca, afirmou nesta tarde de segunda-feira que a participa\u00e7\u00e3o das vendas diretas no mercado de carros deve chegar a 50% no fim do ano. As vendas diretas s\u00e3o como o setor chama os ve\u00edculos vendidos pelas montadoras diretamente para os clientes, sem passar pelas\u2026 <a class=\"readmore\" href=\"https:\/\/dana.com.br\/canaldana\/2019\/08\/21\/vice-presidente-da-toyota-diz-que-venda-direta-deve-chegar-a-50-no-pais-em-2019\/\">Leia mais \u00bb<\/a><\/p>\n","protected":false},"author":3,"featured_media":0,"comment_status":"closed","ping_status":"closed","sticky":false,"template":"","format":"standard","meta":{"_acf_changed":false,"footnotes":""},"categories":[61],"tags":[],"class_list":["post-36663","post","type-post","status-publish","format-standard","hentry","category-destaques"],"acf":[],"yoast_head":"<!-- This site is optimized with the Yoast SEO plugin v27.3 - https:\/\/yoast.com\/product\/yoast-seo-wordpress\/ -->\n<title>Vice-presidente da Toyota diz que venda direta deve chegar a 50% no Pa\u00eds em 2019 - Canal Dana<\/title>\n<meta name=\"robots\" content=\"index, follow, max-snippet:-1, max-image-preview:large, max-video-preview:-1\" \/>\n<link rel=\"canonical\" href=\"https:\/\/dana.com.br\/canaldana\/2019\/08\/21\/vice-presidente-da-toyota-diz-que-venda-direta-deve-chegar-a-50-no-pais-em-2019\/\" \/>\n<meta property=\"og:locale\" content=\"pt_BR\" \/>\n<meta property=\"og:type\" content=\"article\" \/>\n<meta property=\"og:title\" content=\"Vice-presidente da Toyota diz que venda direta deve chegar a 50% no Pa\u00eds em 2019 - Canal Dana\" \/>\n<meta property=\"og:description\" content=\"Isto \u00c9 Dinheiro &nbsp; O vice-presidente da Toyota no Brasil, Miguel Fonseca, afirmou nesta tarde de segunda-feira que a participa\u00e7\u00e3o das vendas diretas no mercado de carros deve chegar a 50% no fim do ano. As vendas diretas s\u00e3o como o setor chama os ve\u00edculos vendidos pelas montadoras diretamente para os clientes, sem passar pelas\u2026 Leia mais \u00bb\" \/>\n<meta property=\"og:url\" content=\"https:\/\/dana.com.br\/canaldana\/2019\/08\/21\/vice-presidente-da-toyota-diz-que-venda-direta-deve-chegar-a-50-no-pais-em-2019\/\" \/>\n<meta property=\"og:site_name\" content=\"Canal Dana\" \/>\n<meta property=\"article:published_time\" content=\"2019-08-21T11:30:54+00:00\" \/>\n<meta name=\"author\" content=\"Canal Dana\" \/>\n<meta name=\"twitter:card\" content=\"summary_large_image\" \/>\n<meta name=\"twitter:label1\" content=\"Escrito por\" \/>\n\t<meta name=\"twitter:data1\" content=\"Canal Dana\" \/>\n\t<meta name=\"twitter:label2\" content=\"Est. tempo de leitura\" \/>\n\t<meta name=\"twitter:data2\" content=\"2 minutos\" \/>\n<script type=\"application\/ld+json\" class=\"yoast-schema-graph\">{\"@context\":\"https:\\\/\\\/schema.org\",\"@graph\":[{\"@type\":\"Article\",\"@id\":\"https:\\\/\\\/dana.com.br\\\/canaldana\\\/2019\\\/08\\\/21\\\/vice-presidente-da-toyota-diz-que-venda-direta-deve-chegar-a-50-no-pais-em-2019\\\/#article\",\"isPartOf\":{\"@id\":\"https:\\\/\\\/dana.com.br\\\/canaldana\\\/2019\\\/08\\\/21\\\/vice-presidente-da-toyota-diz-que-venda-direta-deve-chegar-a-50-no-pais-em-2019\\\/\"},\"author\":{\"name\":\"Canal Dana\",\"@id\":\"https:\\\/\\\/dana.com.br\\\/canaldana\\\/#\\\/schema\\\/person\\\/3c21f22f56fcf3bc46b94bc60ea4fef6\"},\"headline\":\"Vice-presidente da Toyota diz que venda direta deve chegar a 50% no Pa\u00eds em 2019\",\"datePublished\":\"2019-08-21T11:30:54+00:00\",\"mainEntityOfPage\":{\"@id\":\"https:\\\/\\\/dana.com.br\\\/canaldana\\\/2019\\\/08\\\/21\\\/vice-presidente-da-toyota-diz-que-venda-direta-deve-chegar-a-50-no-pais-em-2019\\\/\"},\"wordCount\":352,\"articleSection\":[\"Destaques\"],\"inLanguage\":\"pt-BR\"},{\"@type\":\"WebPage\",\"@id\":\"https:\\\/\\\/dana.com.br\\\/canaldana\\\/2019\\\/08\\\/21\\\/vice-presidente-da-toyota-diz-que-venda-direta-deve-chegar-a-50-no-pais-em-2019\\\/\",\"url\":\"https:\\\/\\\/dana.com.br\\\/canaldana\\\/2019\\\/08\\\/21\\\/vice-presidente-da-toyota-diz-que-venda-direta-deve-chegar-a-50-no-pais-em-2019\\\/\",\"name\":\"Vice-presidente da Toyota diz que venda direta deve chegar a 50% no Pa\u00eds em 2019 - Canal Dana\",\"isPartOf\":{\"@id\":\"https:\\\/\\\/dana.com.br\\\/canaldana\\\/#website\"},\"datePublished\":\"2019-08-21T11:30:54+00:00\",\"author\":{\"@id\":\"https:\\\/\\\/dana.com.br\\\/canaldana\\\/#\\\/schema\\\/person\\\/3c21f22f56fcf3bc46b94bc60ea4fef6\"},\"breadcrumb\":{\"@id\":\"https:\\\/\\\/dana.com.br\\\/canaldana\\\/2019\\\/08\\\/21\\\/vice-presidente-da-toyota-diz-que-venda-direta-deve-chegar-a-50-no-pais-em-2019\\\/#breadcrumb\"},\"inLanguage\":\"pt-BR\",\"potentialAction\":[{\"@type\":\"ReadAction\",\"target\":[\"https:\\\/\\\/dana.com.br\\\/canaldana\\\/2019\\\/08\\\/21\\\/vice-presidente-da-toyota-diz-que-venda-direta-deve-chegar-a-50-no-pais-em-2019\\\/\"]}]},{\"@type\":\"BreadcrumbList\",\"@id\":\"https:\\\/\\\/dana.com.br\\\/canaldana\\\/2019\\\/08\\\/21\\\/vice-presidente-da-toyota-diz-que-venda-direta-deve-chegar-a-50-no-pais-em-2019\\\/#breadcrumb\",\"itemListElement\":[{\"@type\":\"ListItem\",\"position\":1,\"name\":\"Home\",\"item\":\"https:\\\/\\\/dana.com.br\\\/canaldana\\\/\"},{\"@type\":\"ListItem\",\"position\":2,\"name\":\"Destaques\",\"item\":\"https:\\\/\\\/dana.com.br\\\/canaldana\\\/destaques\\\/\"},{\"@type\":\"ListItem\",\"position\":3,\"name\":\"Vice-presidente da Toyota diz que venda direta deve chegar a 50% no Pa\u00eds em 2019\"}]},{\"@type\":\"WebSite\",\"@id\":\"https:\\\/\\\/dana.com.br\\\/canaldana\\\/#website\",\"url\":\"https:\\\/\\\/dana.com.br\\\/canaldana\\\/\",\"name\":\"Canal Dana\",\"description\":\"Informativo com as principais not\u00edcias da ind\u00fastria automotiva\",\"potentialAction\":[{\"@type\":\"SearchAction\",\"target\":{\"@type\":\"EntryPoint\",\"urlTemplate\":\"https:\\\/\\\/dana.com.br\\\/canaldana\\\/?s={search_term_string}\"},\"query-input\":{\"@type\":\"PropertyValueSpecification\",\"valueRequired\":true,\"valueName\":\"search_term_string\"}}],\"inLanguage\":\"pt-BR\"},{\"@type\":\"Person\",\"@id\":\"https:\\\/\\\/dana.com.br\\\/canaldana\\\/#\\\/schema\\\/person\\\/3c21f22f56fcf3bc46b94bc60ea4fef6\",\"name\":\"Canal Dana\",\"image\":{\"@type\":\"ImageObject\",\"inLanguage\":\"pt-BR\",\"@id\":\"https:\\\/\\\/secure.gravatar.com\\\/avatar\\\/420aaf9278582877d9018637c6817617705899d2858d7572ef0fe59a6b6454b4?s=96&d=mm&r=g\",\"url\":\"https:\\\/\\\/secure.gravatar.com\\\/avatar\\\/420aaf9278582877d9018637c6817617705899d2858d7572ef0fe59a6b6454b4?s=96&d=mm&r=g\",\"contentUrl\":\"https:\\\/\\\/secure.gravatar.com\\\/avatar\\\/420aaf9278582877d9018637c6817617705899d2858d7572ef0fe59a6b6454b4?s=96&d=mm&r=g\",\"caption\":\"Canal Dana\"},\"url\":\"https:\\\/\\\/dana.com.br\\\/canaldana\\\/author\\\/cdeditor\\\/\"}]}<\/script>\n<!-- \/ Yoast SEO plugin. -->","yoast_head_json":{"title":"Vice-presidente da Toyota diz que venda direta deve chegar a 50% no Pa\u00eds em 2019 - Canal Dana","robots":{"index":"index","follow":"follow","max-snippet":"max-snippet:-1","max-image-preview":"max-image-preview:large","max-video-preview":"max-video-preview:-1"},"canonical":"https:\/\/dana.com.br\/canaldana\/2019\/08\/21\/vice-presidente-da-toyota-diz-que-venda-direta-deve-chegar-a-50-no-pais-em-2019\/","og_locale":"pt_BR","og_type":"article","og_title":"Vice-presidente da Toyota diz que venda direta deve chegar a 50% no Pa\u00eds em 2019 - Canal Dana","og_description":"Isto \u00c9 Dinheiro &nbsp; O vice-presidente da Toyota no Brasil, Miguel Fonseca, afirmou nesta tarde de segunda-feira que a participa\u00e7\u00e3o das vendas diretas no mercado de carros deve chegar a 50% no fim do ano. As vendas diretas s\u00e3o como o setor chama os ve\u00edculos vendidos pelas montadoras diretamente para os clientes, sem passar pelas\u2026 Leia mais \u00bb","og_url":"https:\/\/dana.com.br\/canaldana\/2019\/08\/21\/vice-presidente-da-toyota-diz-que-venda-direta-deve-chegar-a-50-no-pais-em-2019\/","og_site_name":"Canal Dana","article_published_time":"2019-08-21T11:30:54+00:00","author":"Canal Dana","twitter_card":"summary_large_image","twitter_misc":{"Escrito por":"Canal Dana","Est. tempo de leitura":"2 minutos"},"schema":{"@context":"https:\/\/schema.org","@graph":[{"@type":"Article","@id":"https:\/\/dana.com.br\/canaldana\/2019\/08\/21\/vice-presidente-da-toyota-diz-que-venda-direta-deve-chegar-a-50-no-pais-em-2019\/#article","isPartOf":{"@id":"https:\/\/dana.com.br\/canaldana\/2019\/08\/21\/vice-presidente-da-toyota-diz-que-venda-direta-deve-chegar-a-50-no-pais-em-2019\/"},"author":{"name":"Canal Dana","@id":"https:\/\/dana.com.br\/canaldana\/#\/schema\/person\/3c21f22f56fcf3bc46b94bc60ea4fef6"},"headline":"Vice-presidente da Toyota diz que venda direta deve chegar a 50% no Pa\u00eds em 2019","datePublished":"2019-08-21T11:30:54+00:00","mainEntityOfPage":{"@id":"https:\/\/dana.com.br\/canaldana\/2019\/08\/21\/vice-presidente-da-toyota-diz-que-venda-direta-deve-chegar-a-50-no-pais-em-2019\/"},"wordCount":352,"articleSection":["Destaques"],"inLanguage":"pt-BR"},{"@type":"WebPage","@id":"https:\/\/dana.com.br\/canaldana\/2019\/08\/21\/vice-presidente-da-toyota-diz-que-venda-direta-deve-chegar-a-50-no-pais-em-2019\/","url":"https:\/\/dana.com.br\/canaldana\/2019\/08\/21\/vice-presidente-da-toyota-diz-que-venda-direta-deve-chegar-a-50-no-pais-em-2019\/","name":"Vice-presidente da Toyota diz que venda direta deve chegar a 50% no Pa\u00eds em 2019 - Canal Dana","isPartOf":{"@id":"https:\/\/dana.com.br\/canaldana\/#website"},"datePublished":"2019-08-21T11:30:54+00:00","author":{"@id":"https:\/\/dana.com.br\/canaldana\/#\/schema\/person\/3c21f22f56fcf3bc46b94bc60ea4fef6"},"breadcrumb":{"@id":"https:\/\/dana.com.br\/canaldana\/2019\/08\/21\/vice-presidente-da-toyota-diz-que-venda-direta-deve-chegar-a-50-no-pais-em-2019\/#breadcrumb"},"inLanguage":"pt-BR","potentialAction":[{"@type":"ReadAction","target":["https:\/\/dana.com.br\/canaldana\/2019\/08\/21\/vice-presidente-da-toyota-diz-que-venda-direta-deve-chegar-a-50-no-pais-em-2019\/"]}]},{"@type":"BreadcrumbList","@id":"https:\/\/dana.com.br\/canaldana\/2019\/08\/21\/vice-presidente-da-toyota-diz-que-venda-direta-deve-chegar-a-50-no-pais-em-2019\/#breadcrumb","itemListElement":[{"@type":"ListItem","position":1,"name":"Home","item":"https:\/\/dana.com.br\/canaldana\/"},{"@type":"ListItem","position":2,"name":"Destaques","item":"https:\/\/dana.com.br\/canaldana\/destaques\/"},{"@type":"ListItem","position":3,"name":"Vice-presidente da Toyota diz que venda direta deve chegar a 50% no Pa\u00eds em 2019"}]},{"@type":"WebSite","@id":"https:\/\/dana.com.br\/canaldana\/#website","url":"https:\/\/dana.com.br\/canaldana\/","name":"Canal Dana","description":"Informativo com as principais not\u00edcias da ind\u00fastria automotiva","potentialAction":[{"@type":"SearchAction","target":{"@type":"EntryPoint","urlTemplate":"https:\/\/dana.com.br\/canaldana\/?s={search_term_string}"},"query-input":{"@type":"PropertyValueSpecification","valueRequired":true,"valueName":"search_term_string"}}],"inLanguage":"pt-BR"},{"@type":"Person","@id":"https:\/\/dana.com.br\/canaldana\/#\/schema\/person\/3c21f22f56fcf3bc46b94bc60ea4fef6","name":"Canal Dana","image":{"@type":"ImageObject","inLanguage":"pt-BR","@id":"https:\/\/secure.gravatar.com\/avatar\/420aaf9278582877d9018637c6817617705899d2858d7572ef0fe59a6b6454b4?s=96&d=mm&r=g","url":"https:\/\/secure.gravatar.com\/avatar\/420aaf9278582877d9018637c6817617705899d2858d7572ef0fe59a6b6454b4?s=96&d=mm&r=g","contentUrl":"https:\/\/secure.gravatar.com\/avatar\/420aaf9278582877d9018637c6817617705899d2858d7572ef0fe59a6b6454b4?s=96&d=mm&r=g","caption":"Canal Dana"},"url":"https:\/\/dana.com.br\/canaldana\/author\/cdeditor\/"}]}},"_links":{"self":[{"href":"https:\/\/dana.com.br\/canaldana\/wp-json\/wp\/v2\/posts\/36663","targetHints":{"allow":["GET"]}}],"collection":[{"href":"https:\/\/dana.com.br\/canaldana\/wp-json\/wp\/v2\/posts"}],"about":[{"href":"https:\/\/dana.com.br\/canaldana\/wp-json\/wp\/v2\/types\/post"}],"author":[{"embeddable":true,"href":"https:\/\/dana.com.br\/canaldana\/wp-json\/wp\/v2\/users\/3"}],"replies":[{"embeddable":true,"href":"https:\/\/dana.com.br\/canaldana\/wp-json\/wp\/v2\/comments?post=36663"}],"version-history":[{"count":0,"href":"https:\/\/dana.com.br\/canaldana\/wp-json\/wp\/v2\/posts\/36663\/revisions"}],"wp:attachment":[{"href":"https:\/\/dana.com.br\/canaldana\/wp-json\/wp\/v2\/media?parent=36663"}],"wp:term":[{"taxonomy":"category","embeddable":true,"href":"https:\/\/dana.com.br\/canaldana\/wp-json\/wp\/v2\/categories?post=36663"},{"taxonomy":"post_tag","embeddable":true,"href":"https:\/\/dana.com.br\/canaldana\/wp-json\/wp\/v2\/tags?post=36663"}],"curies":[{"name":"wp","href":"https:\/\/api.w.org\/{rel}","templated":true}]}}