{"id":36661,"date":"2019-08-21T08:30:03","date_gmt":"2019-08-21T11:30:03","guid":{"rendered":"https:\/\/dana.com.br\/canaldana\/?p=36661"},"modified":"2019-08-21T08:30:03","modified_gmt":"2019-08-21T11:30:03","slug":"governo-estuda-alternativas-para-reintegra-diz-representante-de-secretaria-em-sao-paulo","status":"publish","type":"post","link":"https:\/\/dana.com.br\/canaldana\/2019\/08\/21\/governo-estuda-alternativas-para-reintegra-diz-representante-de-secretaria-em-sao-paulo\/","title":{"rendered":"Governo estuda alternativas para Reintegra, diz representante de secretaria em S\u00e3o Paulo"},"content":{"rendered":"<p><em>DCI Online<\/em><\/p>\n<p>&nbsp;<\/p>\n<p>Caso a reforma tribut\u00e1ria n\u00e3o ataque o problema da &#8220;exporta\u00e7\u00e3o de impostos&#8221; no Brasil, o governo federal estuda alternativas para o Reintegra, regime especial que busca devolver valores referentes a custos tribut\u00e1rios federais residuais existentes nas cadeias de produ\u00e7\u00e3o das empresas exportadoras. Foi o que disse nesta segunda-feira o chefe em S\u00e3o Paulo da Secretaria da Ind\u00fastria, Com\u00e9rcio Exterior e Servi\u00e7os (SDIC), do Minist\u00e9rio da Economia, Adriano Pitoli, durante evento do setor automotivo na capital paulista, realizado pela revista Automotive Business.<\/p>\n<p>&nbsp;<\/p>\n<p>Segundo Pitoli, o ideal \u00e9 que a reforma tribut\u00e1ria seja aprovada e contemple o fim da exporta\u00e7\u00e3o de impostos, para que o Reintegra n\u00e3o seja mais necess\u00e1rio.<\/p>\n<p>&nbsp;<\/p>\n<p>&#8220;Mas sabemos que a reforma tribut\u00e1ria \u00e9 um tema complexo e h\u00e1 uma incerteza em torno dela, ent\u00e3o, n\u00e3o queremos ficar de bra\u00e7os cruzados. Enquanto isso, estamos estudando o Reintegra&#8221;, disse a participantes do evento.<\/p>\n<p>&nbsp;<\/p>\n<p>O chefe da SDIC em S\u00e3o Paulo fez quest\u00e3o de ressaltar que o governo quer que o Reintegra atenda a todos os setores que exportam, e n\u00e3o apenas o setor automotivo, que \u00e9 um dos que mais dialogam com o governo em favor do regime especial. &#8220;Estamos conversando com o setor automotivo, mas queremos conversar com todos&#8221;, afirmou.<\/p>\n<p>&nbsp;<\/p>\n<p>Ele destacou, contudo, que haver\u00e1 especificidades para cada setor, mas n\u00e3o necessariamente com regras diferentes para cada um, mas com ajustes finos de modelo.<\/p>\n<p>&nbsp;<\/p>\n<p>Pitoli, al\u00e9m disso, afirmou que o conceito por tr\u00e1s do Reintegra est\u00e1 alinhado com as boas pr\u00e1ticas de com\u00e9rcio internacional e com o que defende a Organiza\u00e7\u00e3o Mundial do Com\u00e9rcio (OMC). &#8220;\u00c9 reconhecido que ningu\u00e9m deve exportar impostos e o objetivo do Reintegra \u00e9 uma boa pol\u00edtica de competitividade&#8221;, disse. (DCI Online)<\/p>\n","protected":false},"excerpt":{"rendered":"<p>DCI Online &nbsp; Caso a reforma tribut\u00e1ria n\u00e3o ataque o problema da &#8220;exporta\u00e7\u00e3o de impostos&#8221; no Brasil, o governo federal estuda alternativas para o Reintegra, regime especial que busca devolver valores referentes a custos tribut\u00e1rios federais residuais existentes nas cadeias de produ\u00e7\u00e3o das empresas exportadoras. Foi o que disse nesta segunda-feira o chefe em S\u00e3o\u2026 <a class=\"readmore\" href=\"https:\/\/dana.com.br\/canaldana\/2019\/08\/21\/governo-estuda-alternativas-para-reintegra-diz-representante-de-secretaria-em-sao-paulo\/\">Leia mais \u00bb<\/a><\/p>\n","protected":false},"author":3,"featured_media":0,"comment_status":"closed","ping_status":"closed","sticky":false,"template":"","format":"standard","meta":{"_acf_changed":false,"footnotes":""},"categories":[61],"tags":[],"class_list":["post-36661","post","type-post","status-publish","format-standard","hentry","category-destaques"],"acf":[],"yoast_head":"<!-- This site is optimized with the Yoast SEO plugin v27.3 - https:\/\/yoast.com\/product\/yoast-seo-wordpress\/ -->\n<title>Governo estuda alternativas para Reintegra, diz representante de secretaria em S\u00e3o Paulo - Canal Dana<\/title>\n<meta name=\"robots\" content=\"index, follow, max-snippet:-1, max-image-preview:large, max-video-preview:-1\" \/>\n<link rel=\"canonical\" href=\"https:\/\/dana.com.br\/canaldana\/2019\/08\/21\/governo-estuda-alternativas-para-reintegra-diz-representante-de-secretaria-em-sao-paulo\/\" \/>\n<meta property=\"og:locale\" content=\"pt_BR\" \/>\n<meta property=\"og:type\" content=\"article\" \/>\n<meta property=\"og:title\" content=\"Governo estuda alternativas para Reintegra, diz representante de secretaria em S\u00e3o Paulo - Canal Dana\" \/>\n<meta property=\"og:description\" content=\"DCI Online &nbsp; Caso a reforma tribut\u00e1ria n\u00e3o ataque o problema da &#8220;exporta\u00e7\u00e3o de impostos&#8221; no Brasil, o governo federal estuda alternativas para o Reintegra, regime especial que busca devolver valores referentes a custos tribut\u00e1rios federais residuais existentes nas cadeias de produ\u00e7\u00e3o das empresas exportadoras. Foi o que disse nesta segunda-feira o chefe em S\u00e3o\u2026 Leia mais \u00bb\" \/>\n<meta property=\"og:url\" content=\"https:\/\/dana.com.br\/canaldana\/2019\/08\/21\/governo-estuda-alternativas-para-reintegra-diz-representante-de-secretaria-em-sao-paulo\/\" \/>\n<meta property=\"og:site_name\" content=\"Canal Dana\" \/>\n<meta property=\"article:published_time\" content=\"2019-08-21T11:30:03+00:00\" \/>\n<meta name=\"author\" content=\"Canal Dana\" \/>\n<meta name=\"twitter:card\" content=\"summary_large_image\" \/>\n<meta name=\"twitter:label1\" content=\"Escrito por\" \/>\n\t<meta name=\"twitter:data1\" content=\"Canal Dana\" \/>\n\t<meta name=\"twitter:label2\" content=\"Est. tempo de leitura\" \/>\n\t<meta name=\"twitter:data2\" content=\"2 minutos\" \/>\n<script type=\"application\/ld+json\" class=\"yoast-schema-graph\">{\"@context\":\"https:\\\/\\\/schema.org\",\"@graph\":[{\"@type\":\"Article\",\"@id\":\"https:\\\/\\\/dana.com.br\\\/canaldana\\\/2019\\\/08\\\/21\\\/governo-estuda-alternativas-para-reintegra-diz-representante-de-secretaria-em-sao-paulo\\\/#article\",\"isPartOf\":{\"@id\":\"https:\\\/\\\/dana.com.br\\\/canaldana\\\/2019\\\/08\\\/21\\\/governo-estuda-alternativas-para-reintegra-diz-representante-de-secretaria-em-sao-paulo\\\/\"},\"author\":{\"name\":\"Canal Dana\",\"@id\":\"https:\\\/\\\/dana.com.br\\\/canaldana\\\/#\\\/schema\\\/person\\\/3c21f22f56fcf3bc46b94bc60ea4fef6\"},\"headline\":\"Governo estuda alternativas para Reintegra, diz representante de secretaria em S\u00e3o Paulo\",\"datePublished\":\"2019-08-21T11:30:03+00:00\",\"mainEntityOfPage\":{\"@id\":\"https:\\\/\\\/dana.com.br\\\/canaldana\\\/2019\\\/08\\\/21\\\/governo-estuda-alternativas-para-reintegra-diz-representante-de-secretaria-em-sao-paulo\\\/\"},\"wordCount\":323,\"articleSection\":[\"Destaques\"],\"inLanguage\":\"pt-BR\"},{\"@type\":\"WebPage\",\"@id\":\"https:\\\/\\\/dana.com.br\\\/canaldana\\\/2019\\\/08\\\/21\\\/governo-estuda-alternativas-para-reintegra-diz-representante-de-secretaria-em-sao-paulo\\\/\",\"url\":\"https:\\\/\\\/dana.com.br\\\/canaldana\\\/2019\\\/08\\\/21\\\/governo-estuda-alternativas-para-reintegra-diz-representante-de-secretaria-em-sao-paulo\\\/\",\"name\":\"Governo estuda alternativas para Reintegra, diz representante de secretaria em S\u00e3o Paulo - Canal Dana\",\"isPartOf\":{\"@id\":\"https:\\\/\\\/dana.com.br\\\/canaldana\\\/#website\"},\"datePublished\":\"2019-08-21T11:30:03+00:00\",\"author\":{\"@id\":\"https:\\\/\\\/dana.com.br\\\/canaldana\\\/#\\\/schema\\\/person\\\/3c21f22f56fcf3bc46b94bc60ea4fef6\"},\"breadcrumb\":{\"@id\":\"https:\\\/\\\/dana.com.br\\\/canaldana\\\/2019\\\/08\\\/21\\\/governo-estuda-alternativas-para-reintegra-diz-representante-de-secretaria-em-sao-paulo\\\/#breadcrumb\"},\"inLanguage\":\"pt-BR\",\"potentialAction\":[{\"@type\":\"ReadAction\",\"target\":[\"https:\\\/\\\/dana.com.br\\\/canaldana\\\/2019\\\/08\\\/21\\\/governo-estuda-alternativas-para-reintegra-diz-representante-de-secretaria-em-sao-paulo\\\/\"]}]},{\"@type\":\"BreadcrumbList\",\"@id\":\"https:\\\/\\\/dana.com.br\\\/canaldana\\\/2019\\\/08\\\/21\\\/governo-estuda-alternativas-para-reintegra-diz-representante-de-secretaria-em-sao-paulo\\\/#breadcrumb\",\"itemListElement\":[{\"@type\":\"ListItem\",\"position\":1,\"name\":\"Home\",\"item\":\"https:\\\/\\\/dana.com.br\\\/canaldana\\\/\"},{\"@type\":\"ListItem\",\"position\":2,\"name\":\"Destaques\",\"item\":\"https:\\\/\\\/dana.com.br\\\/canaldana\\\/destaques\\\/\"},{\"@type\":\"ListItem\",\"position\":3,\"name\":\"Governo estuda alternativas para Reintegra, diz representante de secretaria em S\u00e3o Paulo\"}]},{\"@type\":\"WebSite\",\"@id\":\"https:\\\/\\\/dana.com.br\\\/canaldana\\\/#website\",\"url\":\"https:\\\/\\\/dana.com.br\\\/canaldana\\\/\",\"name\":\"Canal Dana\",\"description\":\"Informativo com as principais not\u00edcias da ind\u00fastria automotiva\",\"potentialAction\":[{\"@type\":\"SearchAction\",\"target\":{\"@type\":\"EntryPoint\",\"urlTemplate\":\"https:\\\/\\\/dana.com.br\\\/canaldana\\\/?s={search_term_string}\"},\"query-input\":{\"@type\":\"PropertyValueSpecification\",\"valueRequired\":true,\"valueName\":\"search_term_string\"}}],\"inLanguage\":\"pt-BR\"},{\"@type\":\"Person\",\"@id\":\"https:\\\/\\\/dana.com.br\\\/canaldana\\\/#\\\/schema\\\/person\\\/3c21f22f56fcf3bc46b94bc60ea4fef6\",\"name\":\"Canal Dana\",\"image\":{\"@type\":\"ImageObject\",\"inLanguage\":\"pt-BR\",\"@id\":\"https:\\\/\\\/secure.gravatar.com\\\/avatar\\\/420aaf9278582877d9018637c6817617705899d2858d7572ef0fe59a6b6454b4?s=96&d=mm&r=g\",\"url\":\"https:\\\/\\\/secure.gravatar.com\\\/avatar\\\/420aaf9278582877d9018637c6817617705899d2858d7572ef0fe59a6b6454b4?s=96&d=mm&r=g\",\"contentUrl\":\"https:\\\/\\\/secure.gravatar.com\\\/avatar\\\/420aaf9278582877d9018637c6817617705899d2858d7572ef0fe59a6b6454b4?s=96&d=mm&r=g\",\"caption\":\"Canal Dana\"},\"url\":\"https:\\\/\\\/dana.com.br\\\/canaldana\\\/author\\\/cdeditor\\\/\"}]}<\/script>\n<!-- \/ Yoast SEO plugin. -->","yoast_head_json":{"title":"Governo estuda alternativas para Reintegra, diz representante de secretaria em S\u00e3o Paulo - Canal Dana","robots":{"index":"index","follow":"follow","max-snippet":"max-snippet:-1","max-image-preview":"max-image-preview:large","max-video-preview":"max-video-preview:-1"},"canonical":"https:\/\/dana.com.br\/canaldana\/2019\/08\/21\/governo-estuda-alternativas-para-reintegra-diz-representante-de-secretaria-em-sao-paulo\/","og_locale":"pt_BR","og_type":"article","og_title":"Governo estuda alternativas para Reintegra, diz representante de secretaria em S\u00e3o Paulo - Canal Dana","og_description":"DCI Online &nbsp; Caso a reforma tribut\u00e1ria n\u00e3o ataque o problema da &#8220;exporta\u00e7\u00e3o de impostos&#8221; no Brasil, o governo federal estuda alternativas para o Reintegra, regime especial que busca devolver valores referentes a custos tribut\u00e1rios federais residuais existentes nas cadeias de produ\u00e7\u00e3o das empresas exportadoras. Foi o que disse nesta segunda-feira o chefe em S\u00e3o\u2026 Leia mais \u00bb","og_url":"https:\/\/dana.com.br\/canaldana\/2019\/08\/21\/governo-estuda-alternativas-para-reintegra-diz-representante-de-secretaria-em-sao-paulo\/","og_site_name":"Canal Dana","article_published_time":"2019-08-21T11:30:03+00:00","author":"Canal Dana","twitter_card":"summary_large_image","twitter_misc":{"Escrito por":"Canal Dana","Est. tempo de leitura":"2 minutos"},"schema":{"@context":"https:\/\/schema.org","@graph":[{"@type":"Article","@id":"https:\/\/dana.com.br\/canaldana\/2019\/08\/21\/governo-estuda-alternativas-para-reintegra-diz-representante-de-secretaria-em-sao-paulo\/#article","isPartOf":{"@id":"https:\/\/dana.com.br\/canaldana\/2019\/08\/21\/governo-estuda-alternativas-para-reintegra-diz-representante-de-secretaria-em-sao-paulo\/"},"author":{"name":"Canal Dana","@id":"https:\/\/dana.com.br\/canaldana\/#\/schema\/person\/3c21f22f56fcf3bc46b94bc60ea4fef6"},"headline":"Governo estuda alternativas para Reintegra, diz representante de secretaria em S\u00e3o Paulo","datePublished":"2019-08-21T11:30:03+00:00","mainEntityOfPage":{"@id":"https:\/\/dana.com.br\/canaldana\/2019\/08\/21\/governo-estuda-alternativas-para-reintegra-diz-representante-de-secretaria-em-sao-paulo\/"},"wordCount":323,"articleSection":["Destaques"],"inLanguage":"pt-BR"},{"@type":"WebPage","@id":"https:\/\/dana.com.br\/canaldana\/2019\/08\/21\/governo-estuda-alternativas-para-reintegra-diz-representante-de-secretaria-em-sao-paulo\/","url":"https:\/\/dana.com.br\/canaldana\/2019\/08\/21\/governo-estuda-alternativas-para-reintegra-diz-representante-de-secretaria-em-sao-paulo\/","name":"Governo estuda alternativas para Reintegra, diz representante de secretaria em S\u00e3o Paulo - Canal Dana","isPartOf":{"@id":"https:\/\/dana.com.br\/canaldana\/#website"},"datePublished":"2019-08-21T11:30:03+00:00","author":{"@id":"https:\/\/dana.com.br\/canaldana\/#\/schema\/person\/3c21f22f56fcf3bc46b94bc60ea4fef6"},"breadcrumb":{"@id":"https:\/\/dana.com.br\/canaldana\/2019\/08\/21\/governo-estuda-alternativas-para-reintegra-diz-representante-de-secretaria-em-sao-paulo\/#breadcrumb"},"inLanguage":"pt-BR","potentialAction":[{"@type":"ReadAction","target":["https:\/\/dana.com.br\/canaldana\/2019\/08\/21\/governo-estuda-alternativas-para-reintegra-diz-representante-de-secretaria-em-sao-paulo\/"]}]},{"@type":"BreadcrumbList","@id":"https:\/\/dana.com.br\/canaldana\/2019\/08\/21\/governo-estuda-alternativas-para-reintegra-diz-representante-de-secretaria-em-sao-paulo\/#breadcrumb","itemListElement":[{"@type":"ListItem","position":1,"name":"Home","item":"https:\/\/dana.com.br\/canaldana\/"},{"@type":"ListItem","position":2,"name":"Destaques","item":"https:\/\/dana.com.br\/canaldana\/destaques\/"},{"@type":"ListItem","position":3,"name":"Governo estuda alternativas para Reintegra, diz representante de secretaria em S\u00e3o Paulo"}]},{"@type":"WebSite","@id":"https:\/\/dana.com.br\/canaldana\/#website","url":"https:\/\/dana.com.br\/canaldana\/","name":"Canal Dana","description":"Informativo com as principais not\u00edcias da ind\u00fastria automotiva","potentialAction":[{"@type":"SearchAction","target":{"@type":"EntryPoint","urlTemplate":"https:\/\/dana.com.br\/canaldana\/?s={search_term_string}"},"query-input":{"@type":"PropertyValueSpecification","valueRequired":true,"valueName":"search_term_string"}}],"inLanguage":"pt-BR"},{"@type":"Person","@id":"https:\/\/dana.com.br\/canaldana\/#\/schema\/person\/3c21f22f56fcf3bc46b94bc60ea4fef6","name":"Canal Dana","image":{"@type":"ImageObject","inLanguage":"pt-BR","@id":"https:\/\/secure.gravatar.com\/avatar\/420aaf9278582877d9018637c6817617705899d2858d7572ef0fe59a6b6454b4?s=96&d=mm&r=g","url":"https:\/\/secure.gravatar.com\/avatar\/420aaf9278582877d9018637c6817617705899d2858d7572ef0fe59a6b6454b4?s=96&d=mm&r=g","contentUrl":"https:\/\/secure.gravatar.com\/avatar\/420aaf9278582877d9018637c6817617705899d2858d7572ef0fe59a6b6454b4?s=96&d=mm&r=g","caption":"Canal Dana"},"url":"https:\/\/dana.com.br\/canaldana\/author\/cdeditor\/"}]}},"_links":{"self":[{"href":"https:\/\/dana.com.br\/canaldana\/wp-json\/wp\/v2\/posts\/36661","targetHints":{"allow":["GET"]}}],"collection":[{"href":"https:\/\/dana.com.br\/canaldana\/wp-json\/wp\/v2\/posts"}],"about":[{"href":"https:\/\/dana.com.br\/canaldana\/wp-json\/wp\/v2\/types\/post"}],"author":[{"embeddable":true,"href":"https:\/\/dana.com.br\/canaldana\/wp-json\/wp\/v2\/users\/3"}],"replies":[{"embeddable":true,"href":"https:\/\/dana.com.br\/canaldana\/wp-json\/wp\/v2\/comments?post=36661"}],"version-history":[{"count":0,"href":"https:\/\/dana.com.br\/canaldana\/wp-json\/wp\/v2\/posts\/36661\/revisions"}],"wp:attachment":[{"href":"https:\/\/dana.com.br\/canaldana\/wp-json\/wp\/v2\/media?parent=36661"}],"wp:term":[{"taxonomy":"category","embeddable":true,"href":"https:\/\/dana.com.br\/canaldana\/wp-json\/wp\/v2\/categories?post=36661"},{"taxonomy":"post_tag","embeddable":true,"href":"https:\/\/dana.com.br\/canaldana\/wp-json\/wp\/v2\/tags?post=36661"}],"curies":[{"name":"wp","href":"https:\/\/api.w.org\/{rel}","templated":true}]}}