{"id":36542,"date":"2019-08-16T07:36:54","date_gmt":"2019-08-16T10:36:54","guid":{"rendered":"https:\/\/dana.com.br\/canaldana\/?p=36542"},"modified":"2019-08-16T07:36:54","modified_gmt":"2019-08-16T10:36:54","slug":"volkswagen-caminhoes-e-onibus-aposta-em-cavalo-mecanico-para-a-confenar-2019","status":"publish","type":"post","link":"https:\/\/dana.com.br\/canaldana\/2019\/08\/16\/volkswagen-caminhoes-e-onibus-aposta-em-cavalo-mecanico-para-a-confenar-2019\/","title":{"rendered":"Volkswagen Caminh\u00f5es e \u00d4nibus aposta em cavalo mec\u00e2nico para a Confenar 2019"},"content":{"rendered":"<p>O Brasil Sobre Rodas<\/p>\n<p>&nbsp;<\/p>\n<p>O MAN TGX 28.440 \u00e9 o grande atrativo da Volkswagen Caminh\u00f5es e \u00d4nibus na Agenda Confenar 2019. O evento organizado pela Confedera\u00e7\u00e3o Nacional das Revendas Ambev e das Empresas de Log\u00edstica da Distribui\u00e7\u00e3o acontece na cidade de Florian\u00f3polis (SC), a partir de hoje, at\u00e9 sexta-feira(16).<\/p>\n<p>&nbsp;<\/p>\n<p>Com maior conforto e robustez, o TGX 28.440 \u00e9 indicado para transporte rodovi\u00e1rio de m\u00e9dias e longas dist\u00e2ncias para cargas gerais em composi\u00e7\u00f5es de 48,5 a 53,0 toneladas de PBTC.<\/p>\n<p>&nbsp;<\/p>\n<p>O extrapesado oferece cabine espa\u00e7osa e requintada, com excelente n\u00edvel de conforto para o motorista, al\u00e9m de sistema de basculamento el\u00e9trico da cabine, transmiss\u00e3o automatizada de 16 marchas e uma s\u00e9rie de outros itens para comodidade e seguran\u00e7a.\u00a0 Seu motor MAN de 12 litros oferece pot\u00eancia m\u00e1xima de 440 cv e torque m\u00e1ximo de 2.200 Nm a partir de 950 rpm.<\/p>\n<p>&nbsp;<\/p>\n<p>Exposto em estandes de implementadores parceiros, o Constellation 17.190 Robust \u00e9 o representante dos ve\u00edculos m\u00e9dios da Volkswagen. O caminh\u00e3o ideal para entregas em \u00e1reas urbanas ou rodovi\u00e1rias de curtas e m\u00e9dias dist\u00e2ncias como as demandadas na distribui\u00e7\u00e3o de bebidas. Facilita ainda a implementa\u00e7\u00e3o de carroceria rebaixada e sua configura\u00e7\u00e3o se diferencia por alta produtividade, com durabilidade e baixo custo operacional.<\/p>\n<p>&nbsp;<\/p>\n<p>\u201cA linha MAN TGX \u00e9 sin\u00f4nimo de robustez, conforto, seguran\u00e7a e desempenho, sem abrir m\u00e3o da economia de combust\u00edvel, ideal para opera\u00e7\u00f5es de distribui\u00e7\u00f5es do segmento. Levamos \u00e0 risca nosso conceito \u2018Menos voc\u00ea n\u00e3o quer, mas voc\u00ea n\u00e3o precisa\u2019, com foco total na satisfa\u00e7\u00e3o de nossos clientes\u201d, afirma Ricardo Alouche, vice-presidente de Vendas, Marketing e P\u00f3s-Vendas da Volkswagen Caminh\u00f5es e \u00f4nibus.<\/p>\n<p>&nbsp;<\/p>\n<p>O modelo se traduz na oferta ideal para quem busca um custo de aquisi\u00e7\u00e3o menor e os atributos de camp\u00f5es de vendas: robustez e alta disponibilidade, sem abrir m\u00e3o do conforto. Sua configura\u00e7\u00e3o foi projetada para conferir facilidades no dia a dia. A voca\u00e7\u00e3o para o trabalho pesado se evidencia no visual mais robusto, com para choque curto e met\u00e1lico para maior \u00e2ngulo de ataque e uma durabilidade superior do conjunto.<\/p>\n<p>&nbsp;<\/p>\n<p>Neste ano a Confenar segue o conceito \u201cSomos +\u201d, com o objetivo de refletir os diferenciais presentes na rede de revendas que possibilitam que enfrentem os desafios do setor, como a proatividade, excel\u00eancia e uni\u00e3o. O evento promove tamb\u00e9m a troca de experi\u00eancias, compartilhando as novidades do setor em todo o Brasil. (O Brasil Sobre Rodas)<\/p>\n","protected":false},"excerpt":{"rendered":"<p>O Brasil Sobre Rodas &nbsp; O MAN TGX 28.440 \u00e9 o grande atrativo da Volkswagen Caminh\u00f5es e \u00d4nibus na Agenda Confenar 2019. O evento organizado pela Confedera\u00e7\u00e3o Nacional das Revendas Ambev e das Empresas de Log\u00edstica da Distribui\u00e7\u00e3o acontece na cidade de Florian\u00f3polis (SC), a partir de hoje, at\u00e9 sexta-feira(16). &nbsp; Com maior conforto e\u2026 <a class=\"readmore\" href=\"https:\/\/dana.com.br\/canaldana\/2019\/08\/16\/volkswagen-caminhoes-e-onibus-aposta-em-cavalo-mecanico-para-a-confenar-2019\/\">Leia mais \u00bb<\/a><\/p>\n","protected":false},"author":3,"featured_media":0,"comment_status":"closed","ping_status":"closed","sticky":false,"template":"","format":"standard","meta":{"_acf_changed":false,"footnotes":""},"categories":[82],"tags":[],"class_list":["post-36542","post","type-post","status-publish","format-standard","hentry","category-eventos"],"acf":[],"yoast_head":"<!-- This site is optimized with the Yoast SEO plugin v27.3 - https:\/\/yoast.com\/product\/yoast-seo-wordpress\/ -->\n<title>Volkswagen Caminh\u00f5es e \u00d4nibus aposta em cavalo mec\u00e2nico para a Confenar 2019 - Canal Dana<\/title>\n<meta name=\"robots\" content=\"index, follow, max-snippet:-1, max-image-preview:large, max-video-preview:-1\" \/>\n<link rel=\"canonical\" href=\"https:\/\/dana.com.br\/canaldana\/2019\/08\/16\/volkswagen-caminhoes-e-onibus-aposta-em-cavalo-mecanico-para-a-confenar-2019\/\" \/>\n<meta property=\"og:locale\" content=\"pt_BR\" \/>\n<meta property=\"og:type\" content=\"article\" \/>\n<meta property=\"og:title\" content=\"Volkswagen Caminh\u00f5es e \u00d4nibus aposta em cavalo mec\u00e2nico para a Confenar 2019 - Canal Dana\" \/>\n<meta property=\"og:description\" content=\"O Brasil Sobre Rodas &nbsp; O MAN TGX 28.440 \u00e9 o grande atrativo da Volkswagen Caminh\u00f5es e \u00d4nibus na Agenda Confenar 2019. O evento organizado pela Confedera\u00e7\u00e3o Nacional das Revendas Ambev e das Empresas de Log\u00edstica da Distribui\u00e7\u00e3o acontece na cidade de Florian\u00f3polis (SC), a partir de hoje, at\u00e9 sexta-feira(16). &nbsp; Com maior conforto e\u2026 Leia mais \u00bb\" \/>\n<meta property=\"og:url\" content=\"https:\/\/dana.com.br\/canaldana\/2019\/08\/16\/volkswagen-caminhoes-e-onibus-aposta-em-cavalo-mecanico-para-a-confenar-2019\/\" \/>\n<meta property=\"og:site_name\" content=\"Canal Dana\" \/>\n<meta property=\"article:published_time\" content=\"2019-08-16T10:36:54+00:00\" \/>\n<meta name=\"author\" content=\"Canal Dana\" \/>\n<meta name=\"twitter:card\" content=\"summary_large_image\" \/>\n<meta name=\"twitter:label1\" content=\"Escrito por\" \/>\n\t<meta name=\"twitter:data1\" content=\"Canal Dana\" \/>\n\t<meta name=\"twitter:label2\" content=\"Est. tempo de leitura\" \/>\n\t<meta name=\"twitter:data2\" content=\"2 minutos\" \/>\n<script type=\"application\/ld+json\" class=\"yoast-schema-graph\">{\"@context\":\"https:\\\/\\\/schema.org\",\"@graph\":[{\"@type\":\"Article\",\"@id\":\"https:\\\/\\\/dana.com.br\\\/canaldana\\\/2019\\\/08\\\/16\\\/volkswagen-caminhoes-e-onibus-aposta-em-cavalo-mecanico-para-a-confenar-2019\\\/#article\",\"isPartOf\":{\"@id\":\"https:\\\/\\\/dana.com.br\\\/canaldana\\\/2019\\\/08\\\/16\\\/volkswagen-caminhoes-e-onibus-aposta-em-cavalo-mecanico-para-a-confenar-2019\\\/\"},\"author\":{\"name\":\"Canal Dana\",\"@id\":\"https:\\\/\\\/dana.com.br\\\/canaldana\\\/#\\\/schema\\\/person\\\/3c21f22f56fcf3bc46b94bc60ea4fef6\"},\"headline\":\"Volkswagen Caminh\u00f5es e \u00d4nibus aposta em cavalo mec\u00e2nico para a Confenar 2019\",\"datePublished\":\"2019-08-16T10:36:54+00:00\",\"mainEntityOfPage\":{\"@id\":\"https:\\\/\\\/dana.com.br\\\/canaldana\\\/2019\\\/08\\\/16\\\/volkswagen-caminhoes-e-onibus-aposta-em-cavalo-mecanico-para-a-confenar-2019\\\/\"},\"wordCount\":441,\"articleSection\":[\"Eventos\"],\"inLanguage\":\"pt-BR\"},{\"@type\":\"WebPage\",\"@id\":\"https:\\\/\\\/dana.com.br\\\/canaldana\\\/2019\\\/08\\\/16\\\/volkswagen-caminhoes-e-onibus-aposta-em-cavalo-mecanico-para-a-confenar-2019\\\/\",\"url\":\"https:\\\/\\\/dana.com.br\\\/canaldana\\\/2019\\\/08\\\/16\\\/volkswagen-caminhoes-e-onibus-aposta-em-cavalo-mecanico-para-a-confenar-2019\\\/\",\"name\":\"Volkswagen Caminh\u00f5es e \u00d4nibus aposta em cavalo mec\u00e2nico para a Confenar 2019 - Canal Dana\",\"isPartOf\":{\"@id\":\"https:\\\/\\\/dana.com.br\\\/canaldana\\\/#website\"},\"datePublished\":\"2019-08-16T10:36:54+00:00\",\"author\":{\"@id\":\"https:\\\/\\\/dana.com.br\\\/canaldana\\\/#\\\/schema\\\/person\\\/3c21f22f56fcf3bc46b94bc60ea4fef6\"},\"breadcrumb\":{\"@id\":\"https:\\\/\\\/dana.com.br\\\/canaldana\\\/2019\\\/08\\\/16\\\/volkswagen-caminhoes-e-onibus-aposta-em-cavalo-mecanico-para-a-confenar-2019\\\/#breadcrumb\"},\"inLanguage\":\"pt-BR\",\"potentialAction\":[{\"@type\":\"ReadAction\",\"target\":[\"https:\\\/\\\/dana.com.br\\\/canaldana\\\/2019\\\/08\\\/16\\\/volkswagen-caminhoes-e-onibus-aposta-em-cavalo-mecanico-para-a-confenar-2019\\\/\"]}]},{\"@type\":\"BreadcrumbList\",\"@id\":\"https:\\\/\\\/dana.com.br\\\/canaldana\\\/2019\\\/08\\\/16\\\/volkswagen-caminhoes-e-onibus-aposta-em-cavalo-mecanico-para-a-confenar-2019\\\/#breadcrumb\",\"itemListElement\":[{\"@type\":\"ListItem\",\"position\":1,\"name\":\"Home\",\"item\":\"https:\\\/\\\/dana.com.br\\\/canaldana\\\/\"},{\"@type\":\"ListItem\",\"position\":2,\"name\":\"Eventos\",\"item\":\"https:\\\/\\\/dana.com.br\\\/canaldana\\\/eventos\\\/\"},{\"@type\":\"ListItem\",\"position\":3,\"name\":\"Volkswagen Caminh\u00f5es e \u00d4nibus aposta em cavalo mec\u00e2nico para a Confenar 2019\"}]},{\"@type\":\"WebSite\",\"@id\":\"https:\\\/\\\/dana.com.br\\\/canaldana\\\/#website\",\"url\":\"https:\\\/\\\/dana.com.br\\\/canaldana\\\/\",\"name\":\"Canal Dana\",\"description\":\"Informativo com as principais not\u00edcias da ind\u00fastria automotiva\",\"potentialAction\":[{\"@type\":\"SearchAction\",\"target\":{\"@type\":\"EntryPoint\",\"urlTemplate\":\"https:\\\/\\\/dana.com.br\\\/canaldana\\\/?s={search_term_string}\"},\"query-input\":{\"@type\":\"PropertyValueSpecification\",\"valueRequired\":true,\"valueName\":\"search_term_string\"}}],\"inLanguage\":\"pt-BR\"},{\"@type\":\"Person\",\"@id\":\"https:\\\/\\\/dana.com.br\\\/canaldana\\\/#\\\/schema\\\/person\\\/3c21f22f56fcf3bc46b94bc60ea4fef6\",\"name\":\"Canal Dana\",\"image\":{\"@type\":\"ImageObject\",\"inLanguage\":\"pt-BR\",\"@id\":\"https:\\\/\\\/secure.gravatar.com\\\/avatar\\\/420aaf9278582877d9018637c6817617705899d2858d7572ef0fe59a6b6454b4?s=96&d=mm&r=g\",\"url\":\"https:\\\/\\\/secure.gravatar.com\\\/avatar\\\/420aaf9278582877d9018637c6817617705899d2858d7572ef0fe59a6b6454b4?s=96&d=mm&r=g\",\"contentUrl\":\"https:\\\/\\\/secure.gravatar.com\\\/avatar\\\/420aaf9278582877d9018637c6817617705899d2858d7572ef0fe59a6b6454b4?s=96&d=mm&r=g\",\"caption\":\"Canal Dana\"},\"url\":\"https:\\\/\\\/dana.com.br\\\/canaldana\\\/author\\\/cdeditor\\\/\"}]}<\/script>\n<!-- \/ Yoast SEO plugin. -->","yoast_head_json":{"title":"Volkswagen Caminh\u00f5es e \u00d4nibus aposta em cavalo mec\u00e2nico para a Confenar 2019 - Canal Dana","robots":{"index":"index","follow":"follow","max-snippet":"max-snippet:-1","max-image-preview":"max-image-preview:large","max-video-preview":"max-video-preview:-1"},"canonical":"https:\/\/dana.com.br\/canaldana\/2019\/08\/16\/volkswagen-caminhoes-e-onibus-aposta-em-cavalo-mecanico-para-a-confenar-2019\/","og_locale":"pt_BR","og_type":"article","og_title":"Volkswagen Caminh\u00f5es e \u00d4nibus aposta em cavalo mec\u00e2nico para a Confenar 2019 - Canal Dana","og_description":"O Brasil Sobre Rodas &nbsp; O MAN TGX 28.440 \u00e9 o grande atrativo da Volkswagen Caminh\u00f5es e \u00d4nibus na Agenda Confenar 2019. O evento organizado pela Confedera\u00e7\u00e3o Nacional das Revendas Ambev e das Empresas de Log\u00edstica da Distribui\u00e7\u00e3o acontece na cidade de Florian\u00f3polis (SC), a partir de hoje, at\u00e9 sexta-feira(16). &nbsp; Com maior conforto e\u2026 Leia mais \u00bb","og_url":"https:\/\/dana.com.br\/canaldana\/2019\/08\/16\/volkswagen-caminhoes-e-onibus-aposta-em-cavalo-mecanico-para-a-confenar-2019\/","og_site_name":"Canal Dana","article_published_time":"2019-08-16T10:36:54+00:00","author":"Canal Dana","twitter_card":"summary_large_image","twitter_misc":{"Escrito por":"Canal Dana","Est. tempo de leitura":"2 minutos"},"schema":{"@context":"https:\/\/schema.org","@graph":[{"@type":"Article","@id":"https:\/\/dana.com.br\/canaldana\/2019\/08\/16\/volkswagen-caminhoes-e-onibus-aposta-em-cavalo-mecanico-para-a-confenar-2019\/#article","isPartOf":{"@id":"https:\/\/dana.com.br\/canaldana\/2019\/08\/16\/volkswagen-caminhoes-e-onibus-aposta-em-cavalo-mecanico-para-a-confenar-2019\/"},"author":{"name":"Canal Dana","@id":"https:\/\/dana.com.br\/canaldana\/#\/schema\/person\/3c21f22f56fcf3bc46b94bc60ea4fef6"},"headline":"Volkswagen Caminh\u00f5es e \u00d4nibus aposta em cavalo mec\u00e2nico para a Confenar 2019","datePublished":"2019-08-16T10:36:54+00:00","mainEntityOfPage":{"@id":"https:\/\/dana.com.br\/canaldana\/2019\/08\/16\/volkswagen-caminhoes-e-onibus-aposta-em-cavalo-mecanico-para-a-confenar-2019\/"},"wordCount":441,"articleSection":["Eventos"],"inLanguage":"pt-BR"},{"@type":"WebPage","@id":"https:\/\/dana.com.br\/canaldana\/2019\/08\/16\/volkswagen-caminhoes-e-onibus-aposta-em-cavalo-mecanico-para-a-confenar-2019\/","url":"https:\/\/dana.com.br\/canaldana\/2019\/08\/16\/volkswagen-caminhoes-e-onibus-aposta-em-cavalo-mecanico-para-a-confenar-2019\/","name":"Volkswagen Caminh\u00f5es e \u00d4nibus aposta em cavalo mec\u00e2nico para a Confenar 2019 - Canal Dana","isPartOf":{"@id":"https:\/\/dana.com.br\/canaldana\/#website"},"datePublished":"2019-08-16T10:36:54+00:00","author":{"@id":"https:\/\/dana.com.br\/canaldana\/#\/schema\/person\/3c21f22f56fcf3bc46b94bc60ea4fef6"},"breadcrumb":{"@id":"https:\/\/dana.com.br\/canaldana\/2019\/08\/16\/volkswagen-caminhoes-e-onibus-aposta-em-cavalo-mecanico-para-a-confenar-2019\/#breadcrumb"},"inLanguage":"pt-BR","potentialAction":[{"@type":"ReadAction","target":["https:\/\/dana.com.br\/canaldana\/2019\/08\/16\/volkswagen-caminhoes-e-onibus-aposta-em-cavalo-mecanico-para-a-confenar-2019\/"]}]},{"@type":"BreadcrumbList","@id":"https:\/\/dana.com.br\/canaldana\/2019\/08\/16\/volkswagen-caminhoes-e-onibus-aposta-em-cavalo-mecanico-para-a-confenar-2019\/#breadcrumb","itemListElement":[{"@type":"ListItem","position":1,"name":"Home","item":"https:\/\/dana.com.br\/canaldana\/"},{"@type":"ListItem","position":2,"name":"Eventos","item":"https:\/\/dana.com.br\/canaldana\/eventos\/"},{"@type":"ListItem","position":3,"name":"Volkswagen Caminh\u00f5es e \u00d4nibus aposta em cavalo mec\u00e2nico para a Confenar 2019"}]},{"@type":"WebSite","@id":"https:\/\/dana.com.br\/canaldana\/#website","url":"https:\/\/dana.com.br\/canaldana\/","name":"Canal Dana","description":"Informativo com as principais not\u00edcias da ind\u00fastria automotiva","potentialAction":[{"@type":"SearchAction","target":{"@type":"EntryPoint","urlTemplate":"https:\/\/dana.com.br\/canaldana\/?s={search_term_string}"},"query-input":{"@type":"PropertyValueSpecification","valueRequired":true,"valueName":"search_term_string"}}],"inLanguage":"pt-BR"},{"@type":"Person","@id":"https:\/\/dana.com.br\/canaldana\/#\/schema\/person\/3c21f22f56fcf3bc46b94bc60ea4fef6","name":"Canal Dana","image":{"@type":"ImageObject","inLanguage":"pt-BR","@id":"https:\/\/secure.gravatar.com\/avatar\/420aaf9278582877d9018637c6817617705899d2858d7572ef0fe59a6b6454b4?s=96&d=mm&r=g","url":"https:\/\/secure.gravatar.com\/avatar\/420aaf9278582877d9018637c6817617705899d2858d7572ef0fe59a6b6454b4?s=96&d=mm&r=g","contentUrl":"https:\/\/secure.gravatar.com\/avatar\/420aaf9278582877d9018637c6817617705899d2858d7572ef0fe59a6b6454b4?s=96&d=mm&r=g","caption":"Canal Dana"},"url":"https:\/\/dana.com.br\/canaldana\/author\/cdeditor\/"}]}},"_links":{"self":[{"href":"https:\/\/dana.com.br\/canaldana\/wp-json\/wp\/v2\/posts\/36542","targetHints":{"allow":["GET"]}}],"collection":[{"href":"https:\/\/dana.com.br\/canaldana\/wp-json\/wp\/v2\/posts"}],"about":[{"href":"https:\/\/dana.com.br\/canaldana\/wp-json\/wp\/v2\/types\/post"}],"author":[{"embeddable":true,"href":"https:\/\/dana.com.br\/canaldana\/wp-json\/wp\/v2\/users\/3"}],"replies":[{"embeddable":true,"href":"https:\/\/dana.com.br\/canaldana\/wp-json\/wp\/v2\/comments?post=36542"}],"version-history":[{"count":0,"href":"https:\/\/dana.com.br\/canaldana\/wp-json\/wp\/v2\/posts\/36542\/revisions"}],"wp:attachment":[{"href":"https:\/\/dana.com.br\/canaldana\/wp-json\/wp\/v2\/media?parent=36542"}],"wp:term":[{"taxonomy":"category","embeddable":true,"href":"https:\/\/dana.com.br\/canaldana\/wp-json\/wp\/v2\/categories?post=36542"},{"taxonomy":"post_tag","embeddable":true,"href":"https:\/\/dana.com.br\/canaldana\/wp-json\/wp\/v2\/tags?post=36542"}],"curies":[{"name":"wp","href":"https:\/\/api.w.org\/{rel}","templated":true}]}}