{"id":36540,"date":"2019-08-16T07:36:26","date_gmt":"2019-08-16T10:36:26","guid":{"rendered":"https:\/\/dana.com.br\/canaldana\/?p=36540"},"modified":"2019-08-16T07:36:26","modified_gmt":"2019-08-16T10:36:26","slug":"recuperacao-lenta-dos-investimentos","status":"publish","type":"post","link":"https:\/\/dana.com.br\/canaldana\/2019\/08\/16\/recuperacao-lenta-dos-investimentos\/","title":{"rendered":"Recupera\u00e7\u00e3o lenta dos investimentos"},"content":{"rendered":"<p><em>O Estado de S. Paulo <\/em><\/p>\n<p>&nbsp;<\/p>\n<p>O Brasil tem uma baix\u00edssima taxa de investimento, inferior a 16% do Produto Interno Bruto (PIB) no ano passado e que, segundo economistas, est\u00e1 crescendo muito lentamente neste ano. \u00c9 o que confirma a evolu\u00e7\u00e3o, nos \u00faltimos quatro meses, do Indicador Ipea Mensal de Forma\u00e7\u00e3o Bruta de Capital Fixo (FBCF). Cabe reconhecer que num per\u00edodo de baixa atividade econ\u00f4mica os dados do Instituto de Pesquisa Econ\u00f4mica Aplicada (Ipea) permitem algum alento, mas a recupera\u00e7\u00e3o teria de ser muito mais expressiva para que a taxa se aproximasse da marca de 20,9% do PIB registrada em 2013, antes da recess\u00e3o de 2015\/2016.<\/p>\n<p>&nbsp;<\/p>\n<p>A forma\u00e7\u00e3o de capital \u00e9 medida pelo comportamento dos investimentos em m\u00e1quinas e equipamentos, em constru\u00e7\u00e3o civil e em outros ativos fixos. Entre maio e junho, segundo dados dessazonalizados pelo Ipea, o investimento em m\u00e1quinas e equipamentos avan\u00e7ou 0,5%, o que se deveu \u00e0s importa\u00e7\u00f5es, que cresceram 1,2%, pois a produ\u00e7\u00e3o nacional de m\u00e1quinas e equipamentos caiu 0,8%. O setor de constru\u00e7\u00e3o civil avan\u00e7ou 0,8% e os outros ativos fixos mostraram queda de 0,3%.<\/p>\n<p>&nbsp;<\/p>\n<p>N\u00fameros melhores s\u00e3o observados nas compara\u00e7\u00f5es entre per\u00edodos mais longos. No acumulado de 12 meses, por exemplo, a taxa de investimento cresceu 4,3%, decorrente, em especial, da alta de 10,5% do item m\u00e1quinas e equipamentos, mas a produ\u00e7\u00e3o nacional avan\u00e7ou apenas 3,1%, enquanto a importa\u00e7\u00e3o cresceu 29,3%.<\/p>\n<p>&nbsp;<\/p>\n<p>A compara\u00e7\u00e3o entre os primeiros trimestres de 2018 e de 2019 \u00e9 mais favor\u00e1vel: o crescimento do investimento foi de 5,3%, o que parece indicar uma acelera\u00e7\u00e3o em rela\u00e7\u00e3o aos dados dos \u00faltimos 12 meses.<\/p>\n<p>&nbsp;<\/p>\n<p>O pior comportamento foi observado na constru\u00e7\u00e3o civil, que tem grande import\u00e2ncia na forma\u00e7\u00e3o de emprego e que demanda bens e servi\u00e7os diversificados. O crescimento dos investimentos no setor foi de 0,6% entre o primeiro e o segundo trimestres de 2019 e atingiu 2,8% na compara\u00e7\u00e3o entre os segundos trimestres de 2018 e de 2019. No acumulado de 12 meses, por\u00e9m, \u00e9 o \u00fanico segmento que ainda est\u00e1 no campo negativo (-1,2%).<\/p>\n<p>&nbsp;<\/p>\n<p>A taxa m\u00e9dia global de investimento, segundo o Fundo Monet\u00e1rio Internacional (FMI), \u00e9 superior a 26% do PIB, ou seja, supera em cerca de 10 pontos porcentuais a taxa brasileira. A retomada da economia depender\u00e1 de investimentos muito maiores nos pr\u00f3ximos anos. (O Estado de S. Paulo)<\/p>\n","protected":false},"excerpt":{"rendered":"<p>O Estado de S. Paulo &nbsp; O Brasil tem uma baix\u00edssima taxa de investimento, inferior a 16% do Produto Interno Bruto (PIB) no ano passado e que, segundo economistas, est\u00e1 crescendo muito lentamente neste ano. \u00c9 o que confirma a evolu\u00e7\u00e3o, nos \u00faltimos quatro meses, do Indicador Ipea Mensal de Forma\u00e7\u00e3o Bruta de Capital Fixo\u2026 <a class=\"readmore\" href=\"https:\/\/dana.com.br\/canaldana\/2019\/08\/16\/recuperacao-lenta-dos-investimentos\/\">Leia mais \u00bb<\/a><\/p>\n","protected":false},"author":3,"featured_media":0,"comment_status":"closed","ping_status":"closed","sticky":false,"template":"","format":"standard","meta":{"_acf_changed":false,"footnotes":""},"categories":[100],"tags":[],"class_list":["post-36540","post","type-post","status-publish","format-standard","hentry","category-artigo"],"acf":[],"yoast_head":"<!-- This site is optimized with the Yoast SEO plugin v27.3 - https:\/\/yoast.com\/product\/yoast-seo-wordpress\/ -->\n<title>Recupera\u00e7\u00e3o lenta dos investimentos - Canal Dana<\/title>\n<meta name=\"robots\" content=\"index, follow, max-snippet:-1, max-image-preview:large, max-video-preview:-1\" \/>\n<link rel=\"canonical\" href=\"https:\/\/dana.com.br\/canaldana\/2019\/08\/16\/recuperacao-lenta-dos-investimentos\/\" \/>\n<meta property=\"og:locale\" content=\"pt_BR\" \/>\n<meta property=\"og:type\" content=\"article\" \/>\n<meta property=\"og:title\" content=\"Recupera\u00e7\u00e3o lenta dos investimentos - Canal Dana\" \/>\n<meta property=\"og:description\" content=\"O Estado de S. Paulo &nbsp; O Brasil tem uma baix\u00edssima taxa de investimento, inferior a 16% do Produto Interno Bruto (PIB) no ano passado e que, segundo economistas, est\u00e1 crescendo muito lentamente neste ano. \u00c9 o que confirma a evolu\u00e7\u00e3o, nos \u00faltimos quatro meses, do Indicador Ipea Mensal de Forma\u00e7\u00e3o Bruta de Capital Fixo\u2026 Leia mais \u00bb\" \/>\n<meta property=\"og:url\" content=\"https:\/\/dana.com.br\/canaldana\/2019\/08\/16\/recuperacao-lenta-dos-investimentos\/\" \/>\n<meta property=\"og:site_name\" content=\"Canal Dana\" \/>\n<meta property=\"article:published_time\" content=\"2019-08-16T10:36:26+00:00\" \/>\n<meta name=\"author\" content=\"Canal Dana\" \/>\n<meta name=\"twitter:card\" content=\"summary_large_image\" \/>\n<meta name=\"twitter:label1\" content=\"Escrito por\" \/>\n\t<meta name=\"twitter:data1\" content=\"Canal Dana\" \/>\n\t<meta name=\"twitter:label2\" content=\"Est. tempo de leitura\" \/>\n\t<meta name=\"twitter:data2\" content=\"2 minutos\" \/>\n<script type=\"application\/ld+json\" class=\"yoast-schema-graph\">{\"@context\":\"https:\\\/\\\/schema.org\",\"@graph\":[{\"@type\":\"Article\",\"@id\":\"https:\\\/\\\/dana.com.br\\\/canaldana\\\/2019\\\/08\\\/16\\\/recuperacao-lenta-dos-investimentos\\\/#article\",\"isPartOf\":{\"@id\":\"https:\\\/\\\/dana.com.br\\\/canaldana\\\/2019\\\/08\\\/16\\\/recuperacao-lenta-dos-investimentos\\\/\"},\"author\":{\"name\":\"Canal Dana\",\"@id\":\"https:\\\/\\\/dana.com.br\\\/canaldana\\\/#\\\/schema\\\/person\\\/3c21f22f56fcf3bc46b94bc60ea4fef6\"},\"headline\":\"Recupera\u00e7\u00e3o lenta dos investimentos\",\"datePublished\":\"2019-08-16T10:36:26+00:00\",\"mainEntityOfPage\":{\"@id\":\"https:\\\/\\\/dana.com.br\\\/canaldana\\\/2019\\\/08\\\/16\\\/recuperacao-lenta-dos-investimentos\\\/\"},\"wordCount\":399,\"articleSection\":[\"Artigo\"],\"inLanguage\":\"pt-BR\"},{\"@type\":\"WebPage\",\"@id\":\"https:\\\/\\\/dana.com.br\\\/canaldana\\\/2019\\\/08\\\/16\\\/recuperacao-lenta-dos-investimentos\\\/\",\"url\":\"https:\\\/\\\/dana.com.br\\\/canaldana\\\/2019\\\/08\\\/16\\\/recuperacao-lenta-dos-investimentos\\\/\",\"name\":\"Recupera\u00e7\u00e3o lenta dos investimentos - Canal Dana\",\"isPartOf\":{\"@id\":\"https:\\\/\\\/dana.com.br\\\/canaldana\\\/#website\"},\"datePublished\":\"2019-08-16T10:36:26+00:00\",\"author\":{\"@id\":\"https:\\\/\\\/dana.com.br\\\/canaldana\\\/#\\\/schema\\\/person\\\/3c21f22f56fcf3bc46b94bc60ea4fef6\"},\"breadcrumb\":{\"@id\":\"https:\\\/\\\/dana.com.br\\\/canaldana\\\/2019\\\/08\\\/16\\\/recuperacao-lenta-dos-investimentos\\\/#breadcrumb\"},\"inLanguage\":\"pt-BR\",\"potentialAction\":[{\"@type\":\"ReadAction\",\"target\":[\"https:\\\/\\\/dana.com.br\\\/canaldana\\\/2019\\\/08\\\/16\\\/recuperacao-lenta-dos-investimentos\\\/\"]}]},{\"@type\":\"BreadcrumbList\",\"@id\":\"https:\\\/\\\/dana.com.br\\\/canaldana\\\/2019\\\/08\\\/16\\\/recuperacao-lenta-dos-investimentos\\\/#breadcrumb\",\"itemListElement\":[{\"@type\":\"ListItem\",\"position\":1,\"name\":\"Home\",\"item\":\"https:\\\/\\\/dana.com.br\\\/canaldana\\\/\"},{\"@type\":\"ListItem\",\"position\":2,\"name\":\"Artigo\",\"item\":\"https:\\\/\\\/dana.com.br\\\/canaldana\\\/artigo\\\/\"},{\"@type\":\"ListItem\",\"position\":3,\"name\":\"Recupera\u00e7\u00e3o lenta dos investimentos\"}]},{\"@type\":\"WebSite\",\"@id\":\"https:\\\/\\\/dana.com.br\\\/canaldana\\\/#website\",\"url\":\"https:\\\/\\\/dana.com.br\\\/canaldana\\\/\",\"name\":\"Canal Dana\",\"description\":\"Informativo com as principais not\u00edcias da ind\u00fastria automotiva\",\"potentialAction\":[{\"@type\":\"SearchAction\",\"target\":{\"@type\":\"EntryPoint\",\"urlTemplate\":\"https:\\\/\\\/dana.com.br\\\/canaldana\\\/?s={search_term_string}\"},\"query-input\":{\"@type\":\"PropertyValueSpecification\",\"valueRequired\":true,\"valueName\":\"search_term_string\"}}],\"inLanguage\":\"pt-BR\"},{\"@type\":\"Person\",\"@id\":\"https:\\\/\\\/dana.com.br\\\/canaldana\\\/#\\\/schema\\\/person\\\/3c21f22f56fcf3bc46b94bc60ea4fef6\",\"name\":\"Canal Dana\",\"image\":{\"@type\":\"ImageObject\",\"inLanguage\":\"pt-BR\",\"@id\":\"https:\\\/\\\/secure.gravatar.com\\\/avatar\\\/420aaf9278582877d9018637c6817617705899d2858d7572ef0fe59a6b6454b4?s=96&d=mm&r=g\",\"url\":\"https:\\\/\\\/secure.gravatar.com\\\/avatar\\\/420aaf9278582877d9018637c6817617705899d2858d7572ef0fe59a6b6454b4?s=96&d=mm&r=g\",\"contentUrl\":\"https:\\\/\\\/secure.gravatar.com\\\/avatar\\\/420aaf9278582877d9018637c6817617705899d2858d7572ef0fe59a6b6454b4?s=96&d=mm&r=g\",\"caption\":\"Canal Dana\"},\"url\":\"https:\\\/\\\/dana.com.br\\\/canaldana\\\/author\\\/cdeditor\\\/\"}]}<\/script>\n<!-- \/ Yoast SEO plugin. -->","yoast_head_json":{"title":"Recupera\u00e7\u00e3o lenta dos investimentos - Canal Dana","robots":{"index":"index","follow":"follow","max-snippet":"max-snippet:-1","max-image-preview":"max-image-preview:large","max-video-preview":"max-video-preview:-1"},"canonical":"https:\/\/dana.com.br\/canaldana\/2019\/08\/16\/recuperacao-lenta-dos-investimentos\/","og_locale":"pt_BR","og_type":"article","og_title":"Recupera\u00e7\u00e3o lenta dos investimentos - Canal Dana","og_description":"O Estado de S. Paulo &nbsp; O Brasil tem uma baix\u00edssima taxa de investimento, inferior a 16% do Produto Interno Bruto (PIB) no ano passado e que, segundo economistas, est\u00e1 crescendo muito lentamente neste ano. \u00c9 o que confirma a evolu\u00e7\u00e3o, nos \u00faltimos quatro meses, do Indicador Ipea Mensal de Forma\u00e7\u00e3o Bruta de Capital Fixo\u2026 Leia mais \u00bb","og_url":"https:\/\/dana.com.br\/canaldana\/2019\/08\/16\/recuperacao-lenta-dos-investimentos\/","og_site_name":"Canal Dana","article_published_time":"2019-08-16T10:36:26+00:00","author":"Canal Dana","twitter_card":"summary_large_image","twitter_misc":{"Escrito por":"Canal Dana","Est. tempo de leitura":"2 minutos"},"schema":{"@context":"https:\/\/schema.org","@graph":[{"@type":"Article","@id":"https:\/\/dana.com.br\/canaldana\/2019\/08\/16\/recuperacao-lenta-dos-investimentos\/#article","isPartOf":{"@id":"https:\/\/dana.com.br\/canaldana\/2019\/08\/16\/recuperacao-lenta-dos-investimentos\/"},"author":{"name":"Canal Dana","@id":"https:\/\/dana.com.br\/canaldana\/#\/schema\/person\/3c21f22f56fcf3bc46b94bc60ea4fef6"},"headline":"Recupera\u00e7\u00e3o lenta dos investimentos","datePublished":"2019-08-16T10:36:26+00:00","mainEntityOfPage":{"@id":"https:\/\/dana.com.br\/canaldana\/2019\/08\/16\/recuperacao-lenta-dos-investimentos\/"},"wordCount":399,"articleSection":["Artigo"],"inLanguage":"pt-BR"},{"@type":"WebPage","@id":"https:\/\/dana.com.br\/canaldana\/2019\/08\/16\/recuperacao-lenta-dos-investimentos\/","url":"https:\/\/dana.com.br\/canaldana\/2019\/08\/16\/recuperacao-lenta-dos-investimentos\/","name":"Recupera\u00e7\u00e3o lenta dos investimentos - Canal Dana","isPartOf":{"@id":"https:\/\/dana.com.br\/canaldana\/#website"},"datePublished":"2019-08-16T10:36:26+00:00","author":{"@id":"https:\/\/dana.com.br\/canaldana\/#\/schema\/person\/3c21f22f56fcf3bc46b94bc60ea4fef6"},"breadcrumb":{"@id":"https:\/\/dana.com.br\/canaldana\/2019\/08\/16\/recuperacao-lenta-dos-investimentos\/#breadcrumb"},"inLanguage":"pt-BR","potentialAction":[{"@type":"ReadAction","target":["https:\/\/dana.com.br\/canaldana\/2019\/08\/16\/recuperacao-lenta-dos-investimentos\/"]}]},{"@type":"BreadcrumbList","@id":"https:\/\/dana.com.br\/canaldana\/2019\/08\/16\/recuperacao-lenta-dos-investimentos\/#breadcrumb","itemListElement":[{"@type":"ListItem","position":1,"name":"Home","item":"https:\/\/dana.com.br\/canaldana\/"},{"@type":"ListItem","position":2,"name":"Artigo","item":"https:\/\/dana.com.br\/canaldana\/artigo\/"},{"@type":"ListItem","position":3,"name":"Recupera\u00e7\u00e3o lenta dos investimentos"}]},{"@type":"WebSite","@id":"https:\/\/dana.com.br\/canaldana\/#website","url":"https:\/\/dana.com.br\/canaldana\/","name":"Canal Dana","description":"Informativo com as principais not\u00edcias da ind\u00fastria automotiva","potentialAction":[{"@type":"SearchAction","target":{"@type":"EntryPoint","urlTemplate":"https:\/\/dana.com.br\/canaldana\/?s={search_term_string}"},"query-input":{"@type":"PropertyValueSpecification","valueRequired":true,"valueName":"search_term_string"}}],"inLanguage":"pt-BR"},{"@type":"Person","@id":"https:\/\/dana.com.br\/canaldana\/#\/schema\/person\/3c21f22f56fcf3bc46b94bc60ea4fef6","name":"Canal Dana","image":{"@type":"ImageObject","inLanguage":"pt-BR","@id":"https:\/\/secure.gravatar.com\/avatar\/420aaf9278582877d9018637c6817617705899d2858d7572ef0fe59a6b6454b4?s=96&d=mm&r=g","url":"https:\/\/secure.gravatar.com\/avatar\/420aaf9278582877d9018637c6817617705899d2858d7572ef0fe59a6b6454b4?s=96&d=mm&r=g","contentUrl":"https:\/\/secure.gravatar.com\/avatar\/420aaf9278582877d9018637c6817617705899d2858d7572ef0fe59a6b6454b4?s=96&d=mm&r=g","caption":"Canal Dana"},"url":"https:\/\/dana.com.br\/canaldana\/author\/cdeditor\/"}]}},"_links":{"self":[{"href":"https:\/\/dana.com.br\/canaldana\/wp-json\/wp\/v2\/posts\/36540","targetHints":{"allow":["GET"]}}],"collection":[{"href":"https:\/\/dana.com.br\/canaldana\/wp-json\/wp\/v2\/posts"}],"about":[{"href":"https:\/\/dana.com.br\/canaldana\/wp-json\/wp\/v2\/types\/post"}],"author":[{"embeddable":true,"href":"https:\/\/dana.com.br\/canaldana\/wp-json\/wp\/v2\/users\/3"}],"replies":[{"embeddable":true,"href":"https:\/\/dana.com.br\/canaldana\/wp-json\/wp\/v2\/comments?post=36540"}],"version-history":[{"count":0,"href":"https:\/\/dana.com.br\/canaldana\/wp-json\/wp\/v2\/posts\/36540\/revisions"}],"wp:attachment":[{"href":"https:\/\/dana.com.br\/canaldana\/wp-json\/wp\/v2\/media?parent=36540"}],"wp:term":[{"taxonomy":"category","embeddable":true,"href":"https:\/\/dana.com.br\/canaldana\/wp-json\/wp\/v2\/categories?post=36540"},{"taxonomy":"post_tag","embeddable":true,"href":"https:\/\/dana.com.br\/canaldana\/wp-json\/wp\/v2\/tags?post=36540"}],"curies":[{"name":"wp","href":"https:\/\/api.w.org\/{rel}","templated":true}]}}