{"id":36527,"date":"2019-08-15T08:44:51","date_gmt":"2019-08-15T11:44:51","guid":{"rendered":"https:\/\/dana.com.br\/canaldana\/?p=36527"},"modified":"2019-08-15T08:44:51","modified_gmt":"2019-08-15T11:44:51","slug":"juros-em-queda-elevam-projecoes-de-venda","status":"publish","type":"post","link":"https:\/\/dana.com.br\/canaldana\/2019\/08\/15\/juros-em-queda-elevam-projecoes-de-venda\/","title":{"rendered":"Juros em queda elevam proje\u00e7\u00f5es de venda"},"content":{"rendered":"<p><em>A Tarde <\/em><\/p>\n<p>&nbsp;<\/p>\n<p>A recente redu\u00e7\u00e3o dos juros b\u00e1sicos da economia para 6% ao ano, com corte de 0,5 ponto percentual pelo Comit\u00ea de Pol\u00edtica Monet\u00e1ria do Banco Central, e a sinaliza\u00e7\u00e3o de novas quedas na taxa Selic nos pr\u00f3ximos meses abrem caminho para uma retomada do cr\u00e9dito. Esse cen\u00e1rio estimula a economia porque juros menores barateiam o cr\u00e9dito e incentivam a produ\u00e7\u00e3o e o consumo, em um cen\u00e1rio de baixa atividade econ\u00f4mica.<\/p>\n<p>&nbsp;<\/p>\n<p>Mesmo com a taxa Selic estacionada em 6,5% por 16 meses (desde mar\u00e7o de 2018), as vendas por credi\u00e1rio no segmento automotivo cresceram. Entre ve\u00edculos novos e usados, o Brasil teve 2,87 milh\u00f5es de vendas financiadas no primeiro semestre deste ano. Esse volume representa um aumento de 9,1% em rela\u00e7\u00e3o ao mesmo per\u00edodo do ano passado. Do montante, 37% s\u00e3o ve\u00edculos novos (alta de 9,7% em rela\u00e7\u00e3o ao primeiro semestre de 2018) e 63% usados (avan\u00e7o de 8,7%). Essas vendas s\u00e3o de todos os tipos de ve\u00edculo: autom\u00f3veis, motocicletas e pesados.<\/p>\n<p>&nbsp;<\/p>\n<p>Os n\u00fameros s\u00e3o da B3, que opera o Sistema Nacional de Gravames (SNG), maior base privada do pa\u00eds a reunir o cadastro das restri\u00e7\u00f5es financeiras de ve\u00edculos dados como garantia em opera\u00e7\u00f5es de cr\u00e9dito em todo o Brasil.<\/p>\n<p>&nbsp;<\/p>\n<p>Boa parte desse avan\u00e7o em financiamentos deve-se aos ve\u00edculos pesados. Nesse segmento foram financiadas 128.877 unidades, entre novas e usadas, nos primeiros seis meses do ano, uma alta de 23,47% na compara\u00e7\u00e3o com o mesmo per\u00edodo de 2018, quando 104.226 ve\u00edculos pesados foram vendidos a cr\u00e9dito.<\/p>\n<p>&nbsp;<\/p>\n<p>Entre todos os ve\u00edculos leves comercializados por financiamento no primeiro semestre de 2019, 635,3 mil s\u00e3o zero quil\u00f4metro, 316,4 mil t\u00eam at\u00e9 tr\u00eas anos de uso e 875,5 mil unidades somam entre quatro e oito anos de uso, segundo os dados da B3.<\/p>\n<p>&nbsp;<\/p>\n<p>A modalidade CDC (Cr\u00e9dito Direto ao Consumidor) \u00e9 a mais escolhida na hora de financiar ve\u00edculos no Brasil, com 86%. J\u00e1 os cons\u00f3rcios, com cotas contempladas mas n\u00e3o quitadas, representaram 12,3% nos primeiros seis meses do ano.<\/p>\n<p>&nbsp;<\/p>\n<p>Dos autom\u00f3veis, o prazo m\u00e9dio de financiamento \u00e9 de 42,5 meses, mas entre os modelos mais antigos (de quatro a oito anos de uso) esse per\u00edodo chega a 44,5 meses.<\/p>\n<p>&nbsp;<\/p>\n<p><strong>Reflexos<\/strong><\/p>\n<p>&nbsp;<\/p>\n<p>Para o professor de matem\u00e1tica financeira e economista Jos\u00e9 Dutra Vieira Sobrinho, a redu\u00e7\u00e3o da Selic &#8220;\u00e9 muito pequena diante de taxas t\u00e3o absurdas&#8221;. Mesmo ocorrendo esse repasse proporcional \u00e0 diminui\u00e7\u00e3o de 6,5% para 6% ao ano da taxa b\u00e1sica, o reflexo no bolso do consumidor \u00e9 pequeno. Ainda assim, Dutra considera que as taxas de juros cobradas pelos bancos para financiamento de ve\u00edculos s\u00e3o &#8220;razo\u00e1veis&#8221; e bem menores do que as praticadas em cart\u00e3o de cr\u00e9dito, cheque especial e cr\u00e9dito pessoal.<\/p>\n<p>&nbsp;<\/p>\n<p>Logo ap\u00f3s o an\u00fancio do Copom, no dia 31 de julho, alguns bancos anunciaram redu\u00e7\u00e3o de juros em v\u00e1rias linhas de cr\u00e9dito, mas apenas o Banco do Brasil e o Bradesco diminu\u00edram suas taxas no financiamento de ve\u00edculos. Na linha BB Cr\u00e9dito Ve\u00edculo Pr\u00f3prio, em que o cliente oferece seu autom\u00f3vel como garantia, as taxas foram reduzidas de 1,57% para 1,53% ao m\u00eas, na faixa m\u00ednima, para contrata\u00e7\u00f5es realizadas pelo aplicativo do BB para mobile. A taxa m\u00ednima das linhas de financiamento de ve\u00edculos novos e seminovos, contratados pelo mobile, passar\u00e1 para 0,84% ao m\u00eas, contra 0,88% ao m\u00eas cobrados at\u00e9 ent\u00e3o.<\/p>\n<p>&nbsp;<\/p>\n<p>O Bradesco promove redu\u00e7\u00e3o no CDC Ve\u00edculos. Embora o banco esteja estruturando as novas condi\u00e7\u00f5es, j\u00e1 antecipou que para pessoas f\u00edsicas e jur\u00eddicas o financiamento de ve\u00edculos pelo CDC ter\u00e1 taxa m\u00ednima reduzida de 0,89% para 0,85% ao m\u00eas.<\/p>\n<p>&nbsp;<\/p>\n<p>Os bancos das montadoras tamb\u00e9m promoveram redu\u00e7\u00f5es das taxas repassadas a concession\u00e1rios.<\/p>\n<p>&nbsp;<\/p>\n<p><strong>Proje\u00e7\u00f5es em alta<\/strong><\/p>\n<p>&nbsp;<\/p>\n<p>Bons ventos sopram, finalmente, avalia Gercino Coelho Filho, diretor-executivo Grupo GNC. &#8220;Estamos come\u00e7ando a sentir uma retomada do mercado, principalmente pela melhoria da aprova\u00e7\u00e3o de cr\u00e9dito e redu\u00e7\u00f5es consecutivas nas taxas de juros para financiamentos. Imediatamente ap\u00f3s o an\u00fancio do Copom, os bancos das montadoras j\u00e1 nos passaram novas tabelas com redu\u00e7\u00e3o das taxas, e o que mais nos surpreende tamb\u00e9m \u00e9 a melhoria na aprova\u00e7\u00e3o. Temos bancos com aprova\u00e7\u00e3o superior a 80% sobre o total das fichas de an\u00e1lise enviadas&#8221;, afirma, ressaltando as boas perspectivas. &#8220;A redu\u00e7\u00e3o da Selic est\u00e1 sem d\u00favida pressionando para que os bancos operem com um apetite bem maior do que est\u00e1vamos acostumados nos \u00faltimos cinco anos&#8221;, conclui Gercino.<\/p>\n<p>&nbsp;<\/p>\n<p>O principal banco que trabalhamos, o Banco Honda, reduziu suas tabelas. Antes t\u00ednhamos taxa de 0,99% e caiu para 0,94 %. Hoje com 40% de entrada temos taxa de 0,86% at\u00e9 24 meses e 0,89 % em 36 presta\u00e7\u00f5es. Acreditamos que o segundo semestre ser\u00e1 muito bom. Com o aquecimento da economia e a redu\u00e7\u00e3o da Selic&#8221;, analisa Ismael Oliveira, diretor comercial do Grupo Imperial.<\/p>\n<p>&nbsp;<\/p>\n<p>Para Luiz Pimenta, diretor da Fenabrave Regional Bahia, o segmento automotivo ser\u00e1 beneficiado a m\u00e9dio e longo prazos com a redu\u00e7\u00e3o da Selic. &#8220;A consequ\u00eancia direta disso \u00e9 que quanto menor a taxa, maior o volume de vendas. Ent\u00e3o, \u00e9 de se esperar que nos pr\u00f3ximos meses as vendas venham a ter um leve aumento&#8221;, estima. E n\u00e3o \u00e9 pouco: a sinaliza\u00e7\u00e3o do Banco Central cria \u00e2nimo no setor. &#8220;As expectativas de vendas para o segundo semestre j\u00e1 s\u00e3o maiores porque normalmente \u00e9 um per\u00edodo com alta de vendas de autom\u00f3veis. Com as taxas reduzidas, consequentemente a gente vai financiar um maior volume de ve\u00edculos&#8221;.<\/p>\n<p>&nbsp;<\/p>\n<p>Com essa nova perspectiva, as estimativas para o ano tamb\u00e9m mudam. &#8220;Como a economia n\u00e3o decolou (leia-se PIB), a proje\u00e7\u00e3o caiu para 5% de crescimento em 2019. Mas com o aumento de confian\u00e7a do consumidor e a redu\u00e7\u00e3o de taxa, podemos chegar aos 10% projetados para este ano&#8221;, pondera Pimenta.<\/p>\n<p>&nbsp;<\/p>\n<p><strong>Pesquisa e tend\u00eancias<\/strong><\/p>\n<p>&nbsp;<\/p>\n<p>A Webmotors, empresa de tecnologia de mercado de ve\u00edculos, fez uma pesquisa com quase cinco mil usu\u00e1rios da plataforma sobre a inten\u00e7\u00e3o de compra e venda de ve\u00edculos neste segundo semestre. O estudo aponta que 68% dos entrevistados j\u00e1 t\u00eam carro. Destes, 79% pretendem trocar o ve\u00edculo nos pr\u00f3ximos seis meses. Para os 32% que n\u00e3o possuem autom\u00f3vel, 71% planejam comprar ainda este ano.<\/p>\n<p>&nbsp;<\/p>\n<p>A maior inten\u00e7\u00e3o de pagamento na troca \u00e9 o financiamento parcial do novo carro e para os usu\u00e1rios que ainda n\u00e3o possuem um autom\u00f3vel, a tend\u00eancia \u00e9 por financiamento total. (A Tarde\/L\u00facia Camargo Nunes e N\u00fabia Cristina)<\/p>\n","protected":false},"excerpt":{"rendered":"<p>A Tarde &nbsp; A recente redu\u00e7\u00e3o dos juros b\u00e1sicos da economia para 6% ao ano, com corte de 0,5 ponto percentual pelo Comit\u00ea de Pol\u00edtica Monet\u00e1ria do Banco Central, e a sinaliza\u00e7\u00e3o de novas quedas na taxa Selic nos pr\u00f3ximos meses abrem caminho para uma retomada do cr\u00e9dito. Esse cen\u00e1rio estimula a economia porque juros\u2026 <a class=\"readmore\" href=\"https:\/\/dana.com.br\/canaldana\/2019\/08\/15\/juros-em-queda-elevam-projecoes-de-venda\/\">Leia mais \u00bb<\/a><\/p>\n","protected":false},"author":3,"featured_media":0,"comment_status":"closed","ping_status":"closed","sticky":false,"template":"","format":"standard","meta":{"_acf_changed":false,"footnotes":""},"categories":[61],"tags":[],"class_list":["post-36527","post","type-post","status-publish","format-standard","hentry","category-destaques"],"acf":[],"yoast_head":"<!-- This site is optimized with the Yoast SEO plugin v27.3 - https:\/\/yoast.com\/product\/yoast-seo-wordpress\/ -->\n<title>Juros em queda elevam proje\u00e7\u00f5es de venda - Canal Dana<\/title>\n<meta name=\"robots\" content=\"index, follow, max-snippet:-1, max-image-preview:large, max-video-preview:-1\" \/>\n<link rel=\"canonical\" href=\"https:\/\/dana.com.br\/canaldana\/2019\/08\/15\/juros-em-queda-elevam-projecoes-de-venda\/\" \/>\n<meta property=\"og:locale\" content=\"pt_BR\" \/>\n<meta property=\"og:type\" content=\"article\" \/>\n<meta property=\"og:title\" content=\"Juros em queda elevam proje\u00e7\u00f5es de venda - Canal Dana\" \/>\n<meta property=\"og:description\" content=\"A Tarde &nbsp; A recente redu\u00e7\u00e3o dos juros b\u00e1sicos da economia para 6% ao ano, com corte de 0,5 ponto percentual pelo Comit\u00ea de Pol\u00edtica Monet\u00e1ria do Banco Central, e a sinaliza\u00e7\u00e3o de novas quedas na taxa Selic nos pr\u00f3ximos meses abrem caminho para uma retomada do cr\u00e9dito. Esse cen\u00e1rio estimula a economia porque juros\u2026 Leia mais \u00bb\" \/>\n<meta property=\"og:url\" content=\"https:\/\/dana.com.br\/canaldana\/2019\/08\/15\/juros-em-queda-elevam-projecoes-de-venda\/\" \/>\n<meta property=\"og:site_name\" content=\"Canal Dana\" \/>\n<meta property=\"article:published_time\" content=\"2019-08-15T11:44:51+00:00\" \/>\n<meta name=\"author\" content=\"Canal Dana\" \/>\n<meta name=\"twitter:card\" content=\"summary_large_image\" \/>\n<meta name=\"twitter:label1\" content=\"Escrito por\" \/>\n\t<meta name=\"twitter:data1\" content=\"Canal Dana\" \/>\n\t<meta name=\"twitter:label2\" content=\"Est. tempo de leitura\" \/>\n\t<meta name=\"twitter:data2\" content=\"6 minutos\" \/>\n<script type=\"application\/ld+json\" class=\"yoast-schema-graph\">{\"@context\":\"https:\\\/\\\/schema.org\",\"@graph\":[{\"@type\":\"Article\",\"@id\":\"https:\\\/\\\/dana.com.br\\\/canaldana\\\/2019\\\/08\\\/15\\\/juros-em-queda-elevam-projecoes-de-venda\\\/#article\",\"isPartOf\":{\"@id\":\"https:\\\/\\\/dana.com.br\\\/canaldana\\\/2019\\\/08\\\/15\\\/juros-em-queda-elevam-projecoes-de-venda\\\/\"},\"author\":{\"name\":\"Canal Dana\",\"@id\":\"https:\\\/\\\/dana.com.br\\\/canaldana\\\/#\\\/schema\\\/person\\\/3c21f22f56fcf3bc46b94bc60ea4fef6\"},\"headline\":\"Juros em queda elevam proje\u00e7\u00f5es de venda\",\"datePublished\":\"2019-08-15T11:44:51+00:00\",\"mainEntityOfPage\":{\"@id\":\"https:\\\/\\\/dana.com.br\\\/canaldana\\\/2019\\\/08\\\/15\\\/juros-em-queda-elevam-projecoes-de-venda\\\/\"},\"wordCount\":1143,\"articleSection\":[\"Destaques\"],\"inLanguage\":\"pt-BR\"},{\"@type\":\"WebPage\",\"@id\":\"https:\\\/\\\/dana.com.br\\\/canaldana\\\/2019\\\/08\\\/15\\\/juros-em-queda-elevam-projecoes-de-venda\\\/\",\"url\":\"https:\\\/\\\/dana.com.br\\\/canaldana\\\/2019\\\/08\\\/15\\\/juros-em-queda-elevam-projecoes-de-venda\\\/\",\"name\":\"Juros em queda elevam proje\u00e7\u00f5es de venda - Canal Dana\",\"isPartOf\":{\"@id\":\"https:\\\/\\\/dana.com.br\\\/canaldana\\\/#website\"},\"datePublished\":\"2019-08-15T11:44:51+00:00\",\"author\":{\"@id\":\"https:\\\/\\\/dana.com.br\\\/canaldana\\\/#\\\/schema\\\/person\\\/3c21f22f56fcf3bc46b94bc60ea4fef6\"},\"breadcrumb\":{\"@id\":\"https:\\\/\\\/dana.com.br\\\/canaldana\\\/2019\\\/08\\\/15\\\/juros-em-queda-elevam-projecoes-de-venda\\\/#breadcrumb\"},\"inLanguage\":\"pt-BR\",\"potentialAction\":[{\"@type\":\"ReadAction\",\"target\":[\"https:\\\/\\\/dana.com.br\\\/canaldana\\\/2019\\\/08\\\/15\\\/juros-em-queda-elevam-projecoes-de-venda\\\/\"]}]},{\"@type\":\"BreadcrumbList\",\"@id\":\"https:\\\/\\\/dana.com.br\\\/canaldana\\\/2019\\\/08\\\/15\\\/juros-em-queda-elevam-projecoes-de-venda\\\/#breadcrumb\",\"itemListElement\":[{\"@type\":\"ListItem\",\"position\":1,\"name\":\"Home\",\"item\":\"https:\\\/\\\/dana.com.br\\\/canaldana\\\/\"},{\"@type\":\"ListItem\",\"position\":2,\"name\":\"Destaques\",\"item\":\"https:\\\/\\\/dana.com.br\\\/canaldana\\\/destaques\\\/\"},{\"@type\":\"ListItem\",\"position\":3,\"name\":\"Juros em queda elevam proje\u00e7\u00f5es de venda\"}]},{\"@type\":\"WebSite\",\"@id\":\"https:\\\/\\\/dana.com.br\\\/canaldana\\\/#website\",\"url\":\"https:\\\/\\\/dana.com.br\\\/canaldana\\\/\",\"name\":\"Canal Dana\",\"description\":\"Informativo com as principais not\u00edcias da ind\u00fastria automotiva\",\"potentialAction\":[{\"@type\":\"SearchAction\",\"target\":{\"@type\":\"EntryPoint\",\"urlTemplate\":\"https:\\\/\\\/dana.com.br\\\/canaldana\\\/?s={search_term_string}\"},\"query-input\":{\"@type\":\"PropertyValueSpecification\",\"valueRequired\":true,\"valueName\":\"search_term_string\"}}],\"inLanguage\":\"pt-BR\"},{\"@type\":\"Person\",\"@id\":\"https:\\\/\\\/dana.com.br\\\/canaldana\\\/#\\\/schema\\\/person\\\/3c21f22f56fcf3bc46b94bc60ea4fef6\",\"name\":\"Canal Dana\",\"image\":{\"@type\":\"ImageObject\",\"inLanguage\":\"pt-BR\",\"@id\":\"https:\\\/\\\/secure.gravatar.com\\\/avatar\\\/420aaf9278582877d9018637c6817617705899d2858d7572ef0fe59a6b6454b4?s=96&d=mm&r=g\",\"url\":\"https:\\\/\\\/secure.gravatar.com\\\/avatar\\\/420aaf9278582877d9018637c6817617705899d2858d7572ef0fe59a6b6454b4?s=96&d=mm&r=g\",\"contentUrl\":\"https:\\\/\\\/secure.gravatar.com\\\/avatar\\\/420aaf9278582877d9018637c6817617705899d2858d7572ef0fe59a6b6454b4?s=96&d=mm&r=g\",\"caption\":\"Canal Dana\"},\"url\":\"https:\\\/\\\/dana.com.br\\\/canaldana\\\/author\\\/cdeditor\\\/\"}]}<\/script>\n<!-- \/ Yoast SEO plugin. -->","yoast_head_json":{"title":"Juros em queda elevam proje\u00e7\u00f5es de venda - Canal Dana","robots":{"index":"index","follow":"follow","max-snippet":"max-snippet:-1","max-image-preview":"max-image-preview:large","max-video-preview":"max-video-preview:-1"},"canonical":"https:\/\/dana.com.br\/canaldana\/2019\/08\/15\/juros-em-queda-elevam-projecoes-de-venda\/","og_locale":"pt_BR","og_type":"article","og_title":"Juros em queda elevam proje\u00e7\u00f5es de venda - Canal Dana","og_description":"A Tarde &nbsp; A recente redu\u00e7\u00e3o dos juros b\u00e1sicos da economia para 6% ao ano, com corte de 0,5 ponto percentual pelo Comit\u00ea de Pol\u00edtica Monet\u00e1ria do Banco Central, e a sinaliza\u00e7\u00e3o de novas quedas na taxa Selic nos pr\u00f3ximos meses abrem caminho para uma retomada do cr\u00e9dito. Esse cen\u00e1rio estimula a economia porque juros\u2026 Leia mais \u00bb","og_url":"https:\/\/dana.com.br\/canaldana\/2019\/08\/15\/juros-em-queda-elevam-projecoes-de-venda\/","og_site_name":"Canal Dana","article_published_time":"2019-08-15T11:44:51+00:00","author":"Canal Dana","twitter_card":"summary_large_image","twitter_misc":{"Escrito por":"Canal Dana","Est. tempo de leitura":"6 minutos"},"schema":{"@context":"https:\/\/schema.org","@graph":[{"@type":"Article","@id":"https:\/\/dana.com.br\/canaldana\/2019\/08\/15\/juros-em-queda-elevam-projecoes-de-venda\/#article","isPartOf":{"@id":"https:\/\/dana.com.br\/canaldana\/2019\/08\/15\/juros-em-queda-elevam-projecoes-de-venda\/"},"author":{"name":"Canal Dana","@id":"https:\/\/dana.com.br\/canaldana\/#\/schema\/person\/3c21f22f56fcf3bc46b94bc60ea4fef6"},"headline":"Juros em queda elevam proje\u00e7\u00f5es de venda","datePublished":"2019-08-15T11:44:51+00:00","mainEntityOfPage":{"@id":"https:\/\/dana.com.br\/canaldana\/2019\/08\/15\/juros-em-queda-elevam-projecoes-de-venda\/"},"wordCount":1143,"articleSection":["Destaques"],"inLanguage":"pt-BR"},{"@type":"WebPage","@id":"https:\/\/dana.com.br\/canaldana\/2019\/08\/15\/juros-em-queda-elevam-projecoes-de-venda\/","url":"https:\/\/dana.com.br\/canaldana\/2019\/08\/15\/juros-em-queda-elevam-projecoes-de-venda\/","name":"Juros em queda elevam proje\u00e7\u00f5es de venda - Canal Dana","isPartOf":{"@id":"https:\/\/dana.com.br\/canaldana\/#website"},"datePublished":"2019-08-15T11:44:51+00:00","author":{"@id":"https:\/\/dana.com.br\/canaldana\/#\/schema\/person\/3c21f22f56fcf3bc46b94bc60ea4fef6"},"breadcrumb":{"@id":"https:\/\/dana.com.br\/canaldana\/2019\/08\/15\/juros-em-queda-elevam-projecoes-de-venda\/#breadcrumb"},"inLanguage":"pt-BR","potentialAction":[{"@type":"ReadAction","target":["https:\/\/dana.com.br\/canaldana\/2019\/08\/15\/juros-em-queda-elevam-projecoes-de-venda\/"]}]},{"@type":"BreadcrumbList","@id":"https:\/\/dana.com.br\/canaldana\/2019\/08\/15\/juros-em-queda-elevam-projecoes-de-venda\/#breadcrumb","itemListElement":[{"@type":"ListItem","position":1,"name":"Home","item":"https:\/\/dana.com.br\/canaldana\/"},{"@type":"ListItem","position":2,"name":"Destaques","item":"https:\/\/dana.com.br\/canaldana\/destaques\/"},{"@type":"ListItem","position":3,"name":"Juros em queda elevam proje\u00e7\u00f5es de venda"}]},{"@type":"WebSite","@id":"https:\/\/dana.com.br\/canaldana\/#website","url":"https:\/\/dana.com.br\/canaldana\/","name":"Canal Dana","description":"Informativo com as principais not\u00edcias da ind\u00fastria automotiva","potentialAction":[{"@type":"SearchAction","target":{"@type":"EntryPoint","urlTemplate":"https:\/\/dana.com.br\/canaldana\/?s={search_term_string}"},"query-input":{"@type":"PropertyValueSpecification","valueRequired":true,"valueName":"search_term_string"}}],"inLanguage":"pt-BR"},{"@type":"Person","@id":"https:\/\/dana.com.br\/canaldana\/#\/schema\/person\/3c21f22f56fcf3bc46b94bc60ea4fef6","name":"Canal Dana","image":{"@type":"ImageObject","inLanguage":"pt-BR","@id":"https:\/\/secure.gravatar.com\/avatar\/420aaf9278582877d9018637c6817617705899d2858d7572ef0fe59a6b6454b4?s=96&d=mm&r=g","url":"https:\/\/secure.gravatar.com\/avatar\/420aaf9278582877d9018637c6817617705899d2858d7572ef0fe59a6b6454b4?s=96&d=mm&r=g","contentUrl":"https:\/\/secure.gravatar.com\/avatar\/420aaf9278582877d9018637c6817617705899d2858d7572ef0fe59a6b6454b4?s=96&d=mm&r=g","caption":"Canal Dana"},"url":"https:\/\/dana.com.br\/canaldana\/author\/cdeditor\/"}]}},"_links":{"self":[{"href":"https:\/\/dana.com.br\/canaldana\/wp-json\/wp\/v2\/posts\/36527","targetHints":{"allow":["GET"]}}],"collection":[{"href":"https:\/\/dana.com.br\/canaldana\/wp-json\/wp\/v2\/posts"}],"about":[{"href":"https:\/\/dana.com.br\/canaldana\/wp-json\/wp\/v2\/types\/post"}],"author":[{"embeddable":true,"href":"https:\/\/dana.com.br\/canaldana\/wp-json\/wp\/v2\/users\/3"}],"replies":[{"embeddable":true,"href":"https:\/\/dana.com.br\/canaldana\/wp-json\/wp\/v2\/comments?post=36527"}],"version-history":[{"count":0,"href":"https:\/\/dana.com.br\/canaldana\/wp-json\/wp\/v2\/posts\/36527\/revisions"}],"wp:attachment":[{"href":"https:\/\/dana.com.br\/canaldana\/wp-json\/wp\/v2\/media?parent=36527"}],"wp:term":[{"taxonomy":"category","embeddable":true,"href":"https:\/\/dana.com.br\/canaldana\/wp-json\/wp\/v2\/categories?post=36527"},{"taxonomy":"post_tag","embeddable":true,"href":"https:\/\/dana.com.br\/canaldana\/wp-json\/wp\/v2\/tags?post=36527"}],"curies":[{"name":"wp","href":"https:\/\/api.w.org\/{rel}","templated":true}]}}