{"id":36525,"date":"2019-08-15T08:43:49","date_gmt":"2019-08-15T11:43:49","guid":{"rendered":"https:\/\/dana.com.br\/canaldana\/?p=36525"},"modified":"2019-08-15T08:43:49","modified_gmt":"2019-08-15T11:43:49","slug":"bolsa-cai-e-dolar-sobe-com-risco-de-nova-recessao-global","status":"publish","type":"post","link":"https:\/\/dana.com.br\/canaldana\/2019\/08\/15\/bolsa-cai-e-dolar-sobe-com-risco-de-nova-recessao-global\/","title":{"rendered":"Bolsa cai e d\u00f3lar sobe com risco de nova recess\u00e3o global"},"content":{"rendered":"<p><em>O Estado de S. Paulo <\/em><\/p>\n<p>&nbsp;<\/p>\n<p>N\u00fameros decepcionantes divulgados ontem por China e Alemanha deixaram o mercado financeiro em alerta diante da possibilidade de nova recess\u00e3o global. No Brasil, o Ibovespa caiu 2,94% e o d\u00f3lar subiu 1,79%, maior alta porcentual desde 27 de mar\u00e7o, fechando o dia em R$ 4,04. Nos EUA, o \u00edndice Dow Jones e a Nasdaq recuaram 3,05% e 3,02%, respectivamente. As bolsas europeias seguiram tend\u00eancia parecida. A China divulgou a menor alta em 17 anos para a produ\u00e7\u00e3o industrial (4,8%). Em seguida, a Alemanha informou que seu PIB diminuiu 0,1% no segundo trimestre. Diante da crescente busca das empresas brasileiras por d\u00f3lares, o Banco Central decidiu fazer a primeira venda da moeda americana \u00e0 vista desde 2009. Apesar de analistas considerarem que \u00e9 cedo para falar em recess\u00e3o t\u00e9cnica (dois trimestres consecutivos de PIB negativo), eles veem o mundo \u201cno limite\u201d de uma crise. N\u00fameros de China e Alemanha alarmam mercados; ap\u00f3s 10 anos, BC voltar\u00e1 a vender moeda americana \u00e0 vista<\/p>\n<p>&nbsp;<\/p>\n<p>Indicadores de desacelera\u00e7\u00e3o econ\u00f4mica divulgados ontem na China e na Alemanha desencadearam p\u00e2nico no mercado financeiro em rela\u00e7\u00e3o \u00e0 possibilidade de uma recess\u00e3o global estar se aproximando. Em Nova York, as Bolsas recuaram na faixa de 3%, enquanto as da Europa perderam 2%. No Brasil, o Ibovespa (principal \u00edndice da Bolsa) caiu 2,94%, para 100,2 mil pontos. O d\u00f3lar subiu 1,79% \u2013 maior alta desde 27 de mar\u00e7o \u2013 e fechou em R$ 4,04.<\/p>\n<p>&nbsp;<\/p>\n<p>O derretimento dos ativos come\u00e7ou na Europa, ap\u00f3s a Alemanha, maior economia do continente, divulgar que seu Produto Interno Bruto (PIB) recuou 0,1% no segundo trimestre. Horas antes, a China havia informado que as vendas no varejo avan\u00e7aram 7,6% em julho, na compara\u00e7\u00e3o com o mesmo m\u00eas do ano passado, e que a produ\u00e7\u00e3o industrial subiu 4,8% \u2013 a menor alta em 17 anos. Ambos os resultados ficaram abaixo do esperado por analistas.<\/p>\n<p>&nbsp;<\/p>\n<p>Diante do cen\u00e1rio frustrante, o mercado de t\u00edtulos p\u00fablicos americanos acendeu a luz amarela. Os juros pagos aos t\u00edtulos com vencimento daqui a dez anos ca\u00edram abaixo dos rendimentos dos pap\u00e9is que vencem em dois anos. Conhecido como \u201cinvers\u00e3o de curva\u201d, o fen\u00f4meno \u00e9 visto como um sinal de que os investidores projetam crescimento econ\u00f4mico fraco no futuro e infla\u00e7\u00e3o baixa. E serviu de pren\u00fancio a todas as recess\u00f5es econ\u00f4micas dos Estados Unidos desde 1950.<\/p>\n<p>&nbsp;<\/p>\n<p>As curvas dos t\u00edtulos de tr\u00eas meses e dez anos j\u00e1 est\u00e3o invertidas desde 23 de maio, mas ontem alcan\u00e7aram a diferen\u00e7a mais profunda desde 2007. No caso das curvas de t\u00edtulos de dois e dez anos \u2013 a mais observada pelo mercado \u2013, a invers\u00e3o n\u00e3o ocorria desde 2007.<\/p>\n<p>&nbsp;<\/p>\n<p>O resultado desse movimento foi a queda de 2,19% na Bolsa de Frankfurt, de 2,08% em Paris e de 1,42% em Londres. Nos EUA, o impacto foi ainda maior. O \u00edndice Dow Jones recuou 3,05%, enquanto Nasdaq e S&amp;P 500 ca\u00edram 3,02% e 2,93%.<\/p>\n<p>&nbsp;<\/p>\n<p>A invers\u00e3o da curva de juros tamb\u00e9m vem sendo observada no Reino Unido. Analistas pontuam que a invers\u00e3o, embora n\u00e3o seja garantia de recess\u00e3o no futuro pr\u00f3ximo, \u00e9 uma agravante no cen\u00e1rio econ\u00f4mico mundial.<\/p>\n<p>&nbsp;<\/p>\n<p>\u201cSeria f\u00e1cil ignorar o sinal da curva de juros se a economia global estivesse indo bem, mas este n\u00e3o \u00e9 o caso\u201d, avaliou a diretora executiva de c\u00e2mbio do BK, Kathy Lien. Al\u00e9m da fraqueza do crescimento mundial, afirmou Kathy, outros fatores como a guerra comercial entre EUA e China, a sa\u00edda do Reino Unido da Uni\u00e3o Europeia (o Brexit) e as crises na It\u00e1lia e em Hong Kong podem contribuir para uma recess\u00e3o.<\/p>\n<p>&nbsp;<\/p>\n<p>Em meio \u00e0 crescente busca das empresas brasileiras por d\u00f3lares, o Banco Central decidiu que ofertar\u00e1 lotes di\u00e1rios da moeda americana. Esse tipo de opera\u00e7\u00e3o n\u00e3o ocorria desde fevereiro de 2009. (O Estado de S. Paulo\/Altamiro Silva Junior, Bruno Caniato, Monique Heemann e Paula Dias)<\/p>\n","protected":false},"excerpt":{"rendered":"<p>O Estado de S. Paulo &nbsp; N\u00fameros decepcionantes divulgados ontem por China e Alemanha deixaram o mercado financeiro em alerta diante da possibilidade de nova recess\u00e3o global. No Brasil, o Ibovespa caiu 2,94% e o d\u00f3lar subiu 1,79%, maior alta porcentual desde 27 de mar\u00e7o, fechando o dia em R$ 4,04. Nos EUA, o \u00edndice\u2026 <a class=\"readmore\" href=\"https:\/\/dana.com.br\/canaldana\/2019\/08\/15\/bolsa-cai-e-dolar-sobe-com-risco-de-nova-recessao-global\/\">Leia mais \u00bb<\/a><\/p>\n","protected":false},"author":3,"featured_media":0,"comment_status":"closed","ping_status":"closed","sticky":false,"template":"","format":"standard","meta":{"_acf_changed":false,"footnotes":""},"categories":[79],"tags":[],"class_list":["post-36525","post","type-post","status-publish","format-standard","hentry","category-mercado"],"acf":[],"yoast_head":"<!-- This site is optimized with the Yoast SEO plugin v27.3 - https:\/\/yoast.com\/product\/yoast-seo-wordpress\/ -->\n<title>Bolsa cai e d\u00f3lar sobe com risco de nova recess\u00e3o global - Canal Dana<\/title>\n<meta name=\"robots\" content=\"index, follow, max-snippet:-1, max-image-preview:large, max-video-preview:-1\" \/>\n<link rel=\"canonical\" href=\"https:\/\/dana.com.br\/canaldana\/2019\/08\/15\/bolsa-cai-e-dolar-sobe-com-risco-de-nova-recessao-global\/\" \/>\n<meta property=\"og:locale\" content=\"pt_BR\" \/>\n<meta property=\"og:type\" content=\"article\" \/>\n<meta property=\"og:title\" content=\"Bolsa cai e d\u00f3lar sobe com risco de nova recess\u00e3o global - Canal Dana\" \/>\n<meta property=\"og:description\" content=\"O Estado de S. Paulo &nbsp; N\u00fameros decepcionantes divulgados ontem por China e Alemanha deixaram o mercado financeiro em alerta diante da possibilidade de nova recess\u00e3o global. No Brasil, o Ibovespa caiu 2,94% e o d\u00f3lar subiu 1,79%, maior alta porcentual desde 27 de mar\u00e7o, fechando o dia em R$ 4,04. Nos EUA, o \u00edndice\u2026 Leia mais \u00bb\" \/>\n<meta property=\"og:url\" content=\"https:\/\/dana.com.br\/canaldana\/2019\/08\/15\/bolsa-cai-e-dolar-sobe-com-risco-de-nova-recessao-global\/\" \/>\n<meta property=\"og:site_name\" content=\"Canal Dana\" \/>\n<meta property=\"article:published_time\" content=\"2019-08-15T11:43:49+00:00\" \/>\n<meta name=\"author\" content=\"Canal Dana\" \/>\n<meta name=\"twitter:card\" content=\"summary_large_image\" \/>\n<meta name=\"twitter:label1\" content=\"Escrito por\" \/>\n\t<meta name=\"twitter:data1\" content=\"Canal Dana\" \/>\n\t<meta name=\"twitter:label2\" content=\"Est. tempo de leitura\" \/>\n\t<meta name=\"twitter:data2\" content=\"3 minutos\" \/>\n<script type=\"application\/ld+json\" class=\"yoast-schema-graph\">{\"@context\":\"https:\\\/\\\/schema.org\",\"@graph\":[{\"@type\":\"Article\",\"@id\":\"https:\\\/\\\/dana.com.br\\\/canaldana\\\/2019\\\/08\\\/15\\\/bolsa-cai-e-dolar-sobe-com-risco-de-nova-recessao-global\\\/#article\",\"isPartOf\":{\"@id\":\"https:\\\/\\\/dana.com.br\\\/canaldana\\\/2019\\\/08\\\/15\\\/bolsa-cai-e-dolar-sobe-com-risco-de-nova-recessao-global\\\/\"},\"author\":{\"name\":\"Canal Dana\",\"@id\":\"https:\\\/\\\/dana.com.br\\\/canaldana\\\/#\\\/schema\\\/person\\\/3c21f22f56fcf3bc46b94bc60ea4fef6\"},\"headline\":\"Bolsa cai e d\u00f3lar sobe com risco de nova recess\u00e3o global\",\"datePublished\":\"2019-08-15T11:43:49+00:00\",\"mainEntityOfPage\":{\"@id\":\"https:\\\/\\\/dana.com.br\\\/canaldana\\\/2019\\\/08\\\/15\\\/bolsa-cai-e-dolar-sobe-com-risco-de-nova-recessao-global\\\/\"},\"wordCount\":679,\"articleSection\":[\"Mercado\"],\"inLanguage\":\"pt-BR\"},{\"@type\":\"WebPage\",\"@id\":\"https:\\\/\\\/dana.com.br\\\/canaldana\\\/2019\\\/08\\\/15\\\/bolsa-cai-e-dolar-sobe-com-risco-de-nova-recessao-global\\\/\",\"url\":\"https:\\\/\\\/dana.com.br\\\/canaldana\\\/2019\\\/08\\\/15\\\/bolsa-cai-e-dolar-sobe-com-risco-de-nova-recessao-global\\\/\",\"name\":\"Bolsa cai e d\u00f3lar sobe com risco de nova recess\u00e3o global - Canal Dana\",\"isPartOf\":{\"@id\":\"https:\\\/\\\/dana.com.br\\\/canaldana\\\/#website\"},\"datePublished\":\"2019-08-15T11:43:49+00:00\",\"author\":{\"@id\":\"https:\\\/\\\/dana.com.br\\\/canaldana\\\/#\\\/schema\\\/person\\\/3c21f22f56fcf3bc46b94bc60ea4fef6\"},\"breadcrumb\":{\"@id\":\"https:\\\/\\\/dana.com.br\\\/canaldana\\\/2019\\\/08\\\/15\\\/bolsa-cai-e-dolar-sobe-com-risco-de-nova-recessao-global\\\/#breadcrumb\"},\"inLanguage\":\"pt-BR\",\"potentialAction\":[{\"@type\":\"ReadAction\",\"target\":[\"https:\\\/\\\/dana.com.br\\\/canaldana\\\/2019\\\/08\\\/15\\\/bolsa-cai-e-dolar-sobe-com-risco-de-nova-recessao-global\\\/\"]}]},{\"@type\":\"BreadcrumbList\",\"@id\":\"https:\\\/\\\/dana.com.br\\\/canaldana\\\/2019\\\/08\\\/15\\\/bolsa-cai-e-dolar-sobe-com-risco-de-nova-recessao-global\\\/#breadcrumb\",\"itemListElement\":[{\"@type\":\"ListItem\",\"position\":1,\"name\":\"Home\",\"item\":\"https:\\\/\\\/dana.com.br\\\/canaldana\\\/\"},{\"@type\":\"ListItem\",\"position\":2,\"name\":\"Mercado\",\"item\":\"https:\\\/\\\/dana.com.br\\\/canaldana\\\/mercado\\\/\"},{\"@type\":\"ListItem\",\"position\":3,\"name\":\"Bolsa cai e d\u00f3lar sobe com risco de nova recess\u00e3o global\"}]},{\"@type\":\"WebSite\",\"@id\":\"https:\\\/\\\/dana.com.br\\\/canaldana\\\/#website\",\"url\":\"https:\\\/\\\/dana.com.br\\\/canaldana\\\/\",\"name\":\"Canal Dana\",\"description\":\"Informativo com as principais not\u00edcias da ind\u00fastria automotiva\",\"potentialAction\":[{\"@type\":\"SearchAction\",\"target\":{\"@type\":\"EntryPoint\",\"urlTemplate\":\"https:\\\/\\\/dana.com.br\\\/canaldana\\\/?s={search_term_string}\"},\"query-input\":{\"@type\":\"PropertyValueSpecification\",\"valueRequired\":true,\"valueName\":\"search_term_string\"}}],\"inLanguage\":\"pt-BR\"},{\"@type\":\"Person\",\"@id\":\"https:\\\/\\\/dana.com.br\\\/canaldana\\\/#\\\/schema\\\/person\\\/3c21f22f56fcf3bc46b94bc60ea4fef6\",\"name\":\"Canal Dana\",\"image\":{\"@type\":\"ImageObject\",\"inLanguage\":\"pt-BR\",\"@id\":\"https:\\\/\\\/secure.gravatar.com\\\/avatar\\\/420aaf9278582877d9018637c6817617705899d2858d7572ef0fe59a6b6454b4?s=96&d=mm&r=g\",\"url\":\"https:\\\/\\\/secure.gravatar.com\\\/avatar\\\/420aaf9278582877d9018637c6817617705899d2858d7572ef0fe59a6b6454b4?s=96&d=mm&r=g\",\"contentUrl\":\"https:\\\/\\\/secure.gravatar.com\\\/avatar\\\/420aaf9278582877d9018637c6817617705899d2858d7572ef0fe59a6b6454b4?s=96&d=mm&r=g\",\"caption\":\"Canal Dana\"},\"url\":\"https:\\\/\\\/dana.com.br\\\/canaldana\\\/author\\\/cdeditor\\\/\"}]}<\/script>\n<!-- \/ Yoast SEO plugin. -->","yoast_head_json":{"title":"Bolsa cai e d\u00f3lar sobe com risco de nova recess\u00e3o global - Canal Dana","robots":{"index":"index","follow":"follow","max-snippet":"max-snippet:-1","max-image-preview":"max-image-preview:large","max-video-preview":"max-video-preview:-1"},"canonical":"https:\/\/dana.com.br\/canaldana\/2019\/08\/15\/bolsa-cai-e-dolar-sobe-com-risco-de-nova-recessao-global\/","og_locale":"pt_BR","og_type":"article","og_title":"Bolsa cai e d\u00f3lar sobe com risco de nova recess\u00e3o global - Canal Dana","og_description":"O Estado de S. Paulo &nbsp; N\u00fameros decepcionantes divulgados ontem por China e Alemanha deixaram o mercado financeiro em alerta diante da possibilidade de nova recess\u00e3o global. No Brasil, o Ibovespa caiu 2,94% e o d\u00f3lar subiu 1,79%, maior alta porcentual desde 27 de mar\u00e7o, fechando o dia em R$ 4,04. Nos EUA, o \u00edndice\u2026 Leia mais \u00bb","og_url":"https:\/\/dana.com.br\/canaldana\/2019\/08\/15\/bolsa-cai-e-dolar-sobe-com-risco-de-nova-recessao-global\/","og_site_name":"Canal Dana","article_published_time":"2019-08-15T11:43:49+00:00","author":"Canal Dana","twitter_card":"summary_large_image","twitter_misc":{"Escrito por":"Canal Dana","Est. tempo de leitura":"3 minutos"},"schema":{"@context":"https:\/\/schema.org","@graph":[{"@type":"Article","@id":"https:\/\/dana.com.br\/canaldana\/2019\/08\/15\/bolsa-cai-e-dolar-sobe-com-risco-de-nova-recessao-global\/#article","isPartOf":{"@id":"https:\/\/dana.com.br\/canaldana\/2019\/08\/15\/bolsa-cai-e-dolar-sobe-com-risco-de-nova-recessao-global\/"},"author":{"name":"Canal Dana","@id":"https:\/\/dana.com.br\/canaldana\/#\/schema\/person\/3c21f22f56fcf3bc46b94bc60ea4fef6"},"headline":"Bolsa cai e d\u00f3lar sobe com risco de nova recess\u00e3o global","datePublished":"2019-08-15T11:43:49+00:00","mainEntityOfPage":{"@id":"https:\/\/dana.com.br\/canaldana\/2019\/08\/15\/bolsa-cai-e-dolar-sobe-com-risco-de-nova-recessao-global\/"},"wordCount":679,"articleSection":["Mercado"],"inLanguage":"pt-BR"},{"@type":"WebPage","@id":"https:\/\/dana.com.br\/canaldana\/2019\/08\/15\/bolsa-cai-e-dolar-sobe-com-risco-de-nova-recessao-global\/","url":"https:\/\/dana.com.br\/canaldana\/2019\/08\/15\/bolsa-cai-e-dolar-sobe-com-risco-de-nova-recessao-global\/","name":"Bolsa cai e d\u00f3lar sobe com risco de nova recess\u00e3o global - Canal Dana","isPartOf":{"@id":"https:\/\/dana.com.br\/canaldana\/#website"},"datePublished":"2019-08-15T11:43:49+00:00","author":{"@id":"https:\/\/dana.com.br\/canaldana\/#\/schema\/person\/3c21f22f56fcf3bc46b94bc60ea4fef6"},"breadcrumb":{"@id":"https:\/\/dana.com.br\/canaldana\/2019\/08\/15\/bolsa-cai-e-dolar-sobe-com-risco-de-nova-recessao-global\/#breadcrumb"},"inLanguage":"pt-BR","potentialAction":[{"@type":"ReadAction","target":["https:\/\/dana.com.br\/canaldana\/2019\/08\/15\/bolsa-cai-e-dolar-sobe-com-risco-de-nova-recessao-global\/"]}]},{"@type":"BreadcrumbList","@id":"https:\/\/dana.com.br\/canaldana\/2019\/08\/15\/bolsa-cai-e-dolar-sobe-com-risco-de-nova-recessao-global\/#breadcrumb","itemListElement":[{"@type":"ListItem","position":1,"name":"Home","item":"https:\/\/dana.com.br\/canaldana\/"},{"@type":"ListItem","position":2,"name":"Mercado","item":"https:\/\/dana.com.br\/canaldana\/mercado\/"},{"@type":"ListItem","position":3,"name":"Bolsa cai e d\u00f3lar sobe com risco de nova recess\u00e3o global"}]},{"@type":"WebSite","@id":"https:\/\/dana.com.br\/canaldana\/#website","url":"https:\/\/dana.com.br\/canaldana\/","name":"Canal Dana","description":"Informativo com as principais not\u00edcias da ind\u00fastria automotiva","potentialAction":[{"@type":"SearchAction","target":{"@type":"EntryPoint","urlTemplate":"https:\/\/dana.com.br\/canaldana\/?s={search_term_string}"},"query-input":{"@type":"PropertyValueSpecification","valueRequired":true,"valueName":"search_term_string"}}],"inLanguage":"pt-BR"},{"@type":"Person","@id":"https:\/\/dana.com.br\/canaldana\/#\/schema\/person\/3c21f22f56fcf3bc46b94bc60ea4fef6","name":"Canal Dana","image":{"@type":"ImageObject","inLanguage":"pt-BR","@id":"https:\/\/secure.gravatar.com\/avatar\/420aaf9278582877d9018637c6817617705899d2858d7572ef0fe59a6b6454b4?s=96&d=mm&r=g","url":"https:\/\/secure.gravatar.com\/avatar\/420aaf9278582877d9018637c6817617705899d2858d7572ef0fe59a6b6454b4?s=96&d=mm&r=g","contentUrl":"https:\/\/secure.gravatar.com\/avatar\/420aaf9278582877d9018637c6817617705899d2858d7572ef0fe59a6b6454b4?s=96&d=mm&r=g","caption":"Canal Dana"},"url":"https:\/\/dana.com.br\/canaldana\/author\/cdeditor\/"}]}},"_links":{"self":[{"href":"https:\/\/dana.com.br\/canaldana\/wp-json\/wp\/v2\/posts\/36525","targetHints":{"allow":["GET"]}}],"collection":[{"href":"https:\/\/dana.com.br\/canaldana\/wp-json\/wp\/v2\/posts"}],"about":[{"href":"https:\/\/dana.com.br\/canaldana\/wp-json\/wp\/v2\/types\/post"}],"author":[{"embeddable":true,"href":"https:\/\/dana.com.br\/canaldana\/wp-json\/wp\/v2\/users\/3"}],"replies":[{"embeddable":true,"href":"https:\/\/dana.com.br\/canaldana\/wp-json\/wp\/v2\/comments?post=36525"}],"version-history":[{"count":0,"href":"https:\/\/dana.com.br\/canaldana\/wp-json\/wp\/v2\/posts\/36525\/revisions"}],"wp:attachment":[{"href":"https:\/\/dana.com.br\/canaldana\/wp-json\/wp\/v2\/media?parent=36525"}],"wp:term":[{"taxonomy":"category","embeddable":true,"href":"https:\/\/dana.com.br\/canaldana\/wp-json\/wp\/v2\/categories?post=36525"},{"taxonomy":"post_tag","embeddable":true,"href":"https:\/\/dana.com.br\/canaldana\/wp-json\/wp\/v2\/tags?post=36525"}],"curies":[{"name":"wp","href":"https:\/\/api.w.org\/{rel}","templated":true}]}}