{"id":36457,"date":"2019-08-13T08:12:38","date_gmt":"2019-08-13T11:12:38","guid":{"rendered":"https:\/\/dana.com.br\/canaldana\/?p=36457"},"modified":"2019-08-13T08:12:38","modified_gmt":"2019-08-13T11:12:38","slug":"negocios-no-consorcio-de-pesados-avancam-487","status":"publish","type":"post","link":"https:\/\/dana.com.br\/canaldana\/2019\/08\/13\/negocios-no-consorcio-de-pesados-avancam-487\/","title":{"rendered":"Neg\u00f3cios no cons\u00f3rcio de pesados avan\u00e7am 48,7%"},"content":{"rendered":"<p><em>AutoInd\u00fastria<\/em><\/p>\n<p>&nbsp;<\/p>\n<p>O segmento de ve\u00edculos pesados entre os ligados ao setor automotivo \u00e9 o que continua apresentando melhor desempenho no sistema de cons\u00f3rcio este ano. Formado por caminh\u00f5es, \u00f4nibus, tratores, implementos agr\u00edcolas e rodovi\u00e1rios, o segmento teve avan\u00e7o de 38,8% no n\u00famero de ades\u00f5es no primeiro semestre e de 48,7% nos neg\u00f3cios contratados.<\/p>\n<p>&nbsp;<\/p>\n<p>Foram vendidas 41,1 mil novas cotas de pesados e movimentados mais de R$ 6,6 bilh\u00f5es, ante os R$ 4,5 bilh\u00f5es dos primeiros seis meses de 2018. O t\u00edquete m\u00e9dio chegou a R$ 164,8 mil em junho deste ano, valor 8,5% superior ao registrado no mesmo m\u00eas do ano passado, conforme dados divulgados nesta segunda-feira, 19, pela Abac, Associa\u00e7\u00e3o Brasileira das Administradoras de Cons\u00f3rcio.<\/p>\n<p>&nbsp;<\/p>\n<p>O total de participantes ativos no segmento ampliou-se em 9,78%, evoluindo de 291,5 mil para 320 mil, enquanto o total de cr\u00e9ditos concedidos evoluiu 7,6%, de R$ 2,37 bilh\u00f5es para R$ 2,55 bilh\u00f5es.<\/p>\n<p>&nbsp;<\/p>\n<p><strong>Leves<\/strong><\/p>\n<p>&nbsp;<\/p>\n<p>Com maior volume de neg\u00f3cios, o cons\u00f3rcio de ve\u00edculos leves atingiu a venda de 617,25 mil cotas no primeiro semestre, uma alta de 11,3% sobre o mesmo per\u00edodo do ano passado, que teve 554,5 mil ades\u00f5es. O segmento movimentou no per\u00edodo neg\u00f3cios da ordem de R$ 27,66 bilh\u00f5es, alta de 20% em rela\u00e7\u00e3o aos R$ 23,07 bilh\u00f5es de janeiro a junho de 2018.<\/p>\n<p>&nbsp;<\/p>\n<p>O t\u00edquete m\u00e9dio de junho no caso autom\u00f3veis e comerciais leves chegou a R$ 45,8 mil, valor 9,3% superior ao registrado h\u00e1 um ano (R$ 41,9 mil). No acumulado do semestre o n\u00famero de consorciados ativos cresceu 3,9% e alcan\u00e7ou 3,71 milh\u00f5es.<\/p>\n<p>&nbsp;<\/p>\n<p>Tamb\u00e9m houve alta no volume acumulado de contempla\u00e7\u00f5es de ve\u00edculos leves no per\u00edodo, de 1,7%, para 286 mil, com os correspondentes cr\u00e9ditos concedidos aumentado 1,6% e chegando a R$ 11,6 bilh\u00f5es no semestre. A potencial participa\u00e7\u00e3o das contempla\u00e7\u00f5es nas vendas de ve\u00edculos leves no mercado interno foi de 25,8%.<\/p>\n<p>&nbsp;<\/p>\n<p>Levantamento da Abac que contempla todos os segmentos que representa, incluindo cons\u00f3rcio de im\u00f3veis e de servi\u00e7os, indica uma redu\u00e7\u00e3o na inadimpl\u00eancia no per\u00edodo de um ano encerrado em abril, com o \u00edndice baixando de 7%. Enquanto naquele m\u00eas do ano passado a inadimpl\u00eancia m\u00e9dia no segmento consorcial, incluinpara 6,23%. (AutoInd\u00fastria)<\/p>\n","protected":false},"excerpt":{"rendered":"<p>AutoInd\u00fastria &nbsp; O segmento de ve\u00edculos pesados entre os ligados ao setor automotivo \u00e9 o que continua apresentando melhor desempenho no sistema de cons\u00f3rcio este ano. Formado por caminh\u00f5es, \u00f4nibus, tratores, implementos agr\u00edcolas e rodovi\u00e1rios, o segmento teve avan\u00e7o de 38,8% no n\u00famero de ades\u00f5es no primeiro semestre e de 48,7% nos neg\u00f3cios contratados. &nbsp;\u2026 <a class=\"readmore\" href=\"https:\/\/dana.com.br\/canaldana\/2019\/08\/13\/negocios-no-consorcio-de-pesados-avancam-487\/\">Leia mais \u00bb<\/a><\/p>\n","protected":false},"author":3,"featured_media":0,"comment_status":"closed","ping_status":"closed","sticky":false,"template":"","format":"standard","meta":{"_acf_changed":false,"footnotes":""},"categories":[61],"tags":[],"class_list":["post-36457","post","type-post","status-publish","format-standard","hentry","category-destaques"],"acf":[],"yoast_head":"<!-- This site is optimized with the Yoast SEO plugin v27.3 - https:\/\/yoast.com\/product\/yoast-seo-wordpress\/ -->\n<title>Neg\u00f3cios no cons\u00f3rcio de pesados avan\u00e7am 48,7% - Canal Dana<\/title>\n<meta name=\"robots\" content=\"index, follow, max-snippet:-1, max-image-preview:large, max-video-preview:-1\" \/>\n<link rel=\"canonical\" href=\"https:\/\/dana.com.br\/canaldana\/2019\/08\/13\/negocios-no-consorcio-de-pesados-avancam-487\/\" \/>\n<meta property=\"og:locale\" content=\"pt_BR\" \/>\n<meta property=\"og:type\" content=\"article\" \/>\n<meta property=\"og:title\" content=\"Neg\u00f3cios no cons\u00f3rcio de pesados avan\u00e7am 48,7% - Canal Dana\" \/>\n<meta property=\"og:description\" content=\"AutoInd\u00fastria &nbsp; O segmento de ve\u00edculos pesados entre os ligados ao setor automotivo \u00e9 o que continua apresentando melhor desempenho no sistema de cons\u00f3rcio este ano. Formado por caminh\u00f5es, \u00f4nibus, tratores, implementos agr\u00edcolas e rodovi\u00e1rios, o segmento teve avan\u00e7o de 38,8% no n\u00famero de ades\u00f5es no primeiro semestre e de 48,7% nos neg\u00f3cios contratados. &nbsp;\u2026 Leia mais \u00bb\" \/>\n<meta property=\"og:url\" content=\"https:\/\/dana.com.br\/canaldana\/2019\/08\/13\/negocios-no-consorcio-de-pesados-avancam-487\/\" \/>\n<meta property=\"og:site_name\" content=\"Canal Dana\" \/>\n<meta property=\"article:published_time\" content=\"2019-08-13T11:12:38+00:00\" \/>\n<meta name=\"author\" content=\"Canal Dana\" \/>\n<meta name=\"twitter:card\" content=\"summary_large_image\" \/>\n<meta name=\"twitter:label1\" content=\"Escrito por\" \/>\n\t<meta name=\"twitter:data1\" content=\"Canal Dana\" \/>\n\t<meta name=\"twitter:label2\" content=\"Est. tempo de leitura\" \/>\n\t<meta name=\"twitter:data2\" content=\"2 minutos\" \/>\n<script type=\"application\/ld+json\" class=\"yoast-schema-graph\">{\"@context\":\"https:\\\/\\\/schema.org\",\"@graph\":[{\"@type\":\"Article\",\"@id\":\"https:\\\/\\\/dana.com.br\\\/canaldana\\\/2019\\\/08\\\/13\\\/negocios-no-consorcio-de-pesados-avancam-487\\\/#article\",\"isPartOf\":{\"@id\":\"https:\\\/\\\/dana.com.br\\\/canaldana\\\/2019\\\/08\\\/13\\\/negocios-no-consorcio-de-pesados-avancam-487\\\/\"},\"author\":{\"name\":\"Canal Dana\",\"@id\":\"https:\\\/\\\/dana.com.br\\\/canaldana\\\/#\\\/schema\\\/person\\\/3c21f22f56fcf3bc46b94bc60ea4fef6\"},\"headline\":\"Neg\u00f3cios no cons\u00f3rcio de pesados avan\u00e7am 48,7%\",\"datePublished\":\"2019-08-13T11:12:38+00:00\",\"mainEntityOfPage\":{\"@id\":\"https:\\\/\\\/dana.com.br\\\/canaldana\\\/2019\\\/08\\\/13\\\/negocios-no-consorcio-de-pesados-avancam-487\\\/\"},\"wordCount\":392,\"articleSection\":[\"Destaques\"],\"inLanguage\":\"pt-BR\"},{\"@type\":\"WebPage\",\"@id\":\"https:\\\/\\\/dana.com.br\\\/canaldana\\\/2019\\\/08\\\/13\\\/negocios-no-consorcio-de-pesados-avancam-487\\\/\",\"url\":\"https:\\\/\\\/dana.com.br\\\/canaldana\\\/2019\\\/08\\\/13\\\/negocios-no-consorcio-de-pesados-avancam-487\\\/\",\"name\":\"Neg\u00f3cios no cons\u00f3rcio de pesados avan\u00e7am 48,7% - Canal Dana\",\"isPartOf\":{\"@id\":\"https:\\\/\\\/dana.com.br\\\/canaldana\\\/#website\"},\"datePublished\":\"2019-08-13T11:12:38+00:00\",\"author\":{\"@id\":\"https:\\\/\\\/dana.com.br\\\/canaldana\\\/#\\\/schema\\\/person\\\/3c21f22f56fcf3bc46b94bc60ea4fef6\"},\"breadcrumb\":{\"@id\":\"https:\\\/\\\/dana.com.br\\\/canaldana\\\/2019\\\/08\\\/13\\\/negocios-no-consorcio-de-pesados-avancam-487\\\/#breadcrumb\"},\"inLanguage\":\"pt-BR\",\"potentialAction\":[{\"@type\":\"ReadAction\",\"target\":[\"https:\\\/\\\/dana.com.br\\\/canaldana\\\/2019\\\/08\\\/13\\\/negocios-no-consorcio-de-pesados-avancam-487\\\/\"]}]},{\"@type\":\"BreadcrumbList\",\"@id\":\"https:\\\/\\\/dana.com.br\\\/canaldana\\\/2019\\\/08\\\/13\\\/negocios-no-consorcio-de-pesados-avancam-487\\\/#breadcrumb\",\"itemListElement\":[{\"@type\":\"ListItem\",\"position\":1,\"name\":\"Home\",\"item\":\"https:\\\/\\\/dana.com.br\\\/canaldana\\\/\"},{\"@type\":\"ListItem\",\"position\":2,\"name\":\"Destaques\",\"item\":\"https:\\\/\\\/dana.com.br\\\/canaldana\\\/destaques\\\/\"},{\"@type\":\"ListItem\",\"position\":3,\"name\":\"Neg\u00f3cios no cons\u00f3rcio de pesados avan\u00e7am 48,7%\"}]},{\"@type\":\"WebSite\",\"@id\":\"https:\\\/\\\/dana.com.br\\\/canaldana\\\/#website\",\"url\":\"https:\\\/\\\/dana.com.br\\\/canaldana\\\/\",\"name\":\"Canal Dana\",\"description\":\"Informativo com as principais not\u00edcias da ind\u00fastria automotiva\",\"potentialAction\":[{\"@type\":\"SearchAction\",\"target\":{\"@type\":\"EntryPoint\",\"urlTemplate\":\"https:\\\/\\\/dana.com.br\\\/canaldana\\\/?s={search_term_string}\"},\"query-input\":{\"@type\":\"PropertyValueSpecification\",\"valueRequired\":true,\"valueName\":\"search_term_string\"}}],\"inLanguage\":\"pt-BR\"},{\"@type\":\"Person\",\"@id\":\"https:\\\/\\\/dana.com.br\\\/canaldana\\\/#\\\/schema\\\/person\\\/3c21f22f56fcf3bc46b94bc60ea4fef6\",\"name\":\"Canal Dana\",\"image\":{\"@type\":\"ImageObject\",\"inLanguage\":\"pt-BR\",\"@id\":\"https:\\\/\\\/secure.gravatar.com\\\/avatar\\\/420aaf9278582877d9018637c6817617705899d2858d7572ef0fe59a6b6454b4?s=96&d=mm&r=g\",\"url\":\"https:\\\/\\\/secure.gravatar.com\\\/avatar\\\/420aaf9278582877d9018637c6817617705899d2858d7572ef0fe59a6b6454b4?s=96&d=mm&r=g\",\"contentUrl\":\"https:\\\/\\\/secure.gravatar.com\\\/avatar\\\/420aaf9278582877d9018637c6817617705899d2858d7572ef0fe59a6b6454b4?s=96&d=mm&r=g\",\"caption\":\"Canal Dana\"},\"url\":\"https:\\\/\\\/dana.com.br\\\/canaldana\\\/author\\\/cdeditor\\\/\"}]}<\/script>\n<!-- \/ Yoast SEO plugin. -->","yoast_head_json":{"title":"Neg\u00f3cios no cons\u00f3rcio de pesados avan\u00e7am 48,7% - Canal Dana","robots":{"index":"index","follow":"follow","max-snippet":"max-snippet:-1","max-image-preview":"max-image-preview:large","max-video-preview":"max-video-preview:-1"},"canonical":"https:\/\/dana.com.br\/canaldana\/2019\/08\/13\/negocios-no-consorcio-de-pesados-avancam-487\/","og_locale":"pt_BR","og_type":"article","og_title":"Neg\u00f3cios no cons\u00f3rcio de pesados avan\u00e7am 48,7% - Canal Dana","og_description":"AutoInd\u00fastria &nbsp; O segmento de ve\u00edculos pesados entre os ligados ao setor automotivo \u00e9 o que continua apresentando melhor desempenho no sistema de cons\u00f3rcio este ano. Formado por caminh\u00f5es, \u00f4nibus, tratores, implementos agr\u00edcolas e rodovi\u00e1rios, o segmento teve avan\u00e7o de 38,8% no n\u00famero de ades\u00f5es no primeiro semestre e de 48,7% nos neg\u00f3cios contratados. &nbsp;\u2026 Leia mais \u00bb","og_url":"https:\/\/dana.com.br\/canaldana\/2019\/08\/13\/negocios-no-consorcio-de-pesados-avancam-487\/","og_site_name":"Canal Dana","article_published_time":"2019-08-13T11:12:38+00:00","author":"Canal Dana","twitter_card":"summary_large_image","twitter_misc":{"Escrito por":"Canal Dana","Est. tempo de leitura":"2 minutos"},"schema":{"@context":"https:\/\/schema.org","@graph":[{"@type":"Article","@id":"https:\/\/dana.com.br\/canaldana\/2019\/08\/13\/negocios-no-consorcio-de-pesados-avancam-487\/#article","isPartOf":{"@id":"https:\/\/dana.com.br\/canaldana\/2019\/08\/13\/negocios-no-consorcio-de-pesados-avancam-487\/"},"author":{"name":"Canal Dana","@id":"https:\/\/dana.com.br\/canaldana\/#\/schema\/person\/3c21f22f56fcf3bc46b94bc60ea4fef6"},"headline":"Neg\u00f3cios no cons\u00f3rcio de pesados avan\u00e7am 48,7%","datePublished":"2019-08-13T11:12:38+00:00","mainEntityOfPage":{"@id":"https:\/\/dana.com.br\/canaldana\/2019\/08\/13\/negocios-no-consorcio-de-pesados-avancam-487\/"},"wordCount":392,"articleSection":["Destaques"],"inLanguage":"pt-BR"},{"@type":"WebPage","@id":"https:\/\/dana.com.br\/canaldana\/2019\/08\/13\/negocios-no-consorcio-de-pesados-avancam-487\/","url":"https:\/\/dana.com.br\/canaldana\/2019\/08\/13\/negocios-no-consorcio-de-pesados-avancam-487\/","name":"Neg\u00f3cios no cons\u00f3rcio de pesados avan\u00e7am 48,7% - Canal Dana","isPartOf":{"@id":"https:\/\/dana.com.br\/canaldana\/#website"},"datePublished":"2019-08-13T11:12:38+00:00","author":{"@id":"https:\/\/dana.com.br\/canaldana\/#\/schema\/person\/3c21f22f56fcf3bc46b94bc60ea4fef6"},"breadcrumb":{"@id":"https:\/\/dana.com.br\/canaldana\/2019\/08\/13\/negocios-no-consorcio-de-pesados-avancam-487\/#breadcrumb"},"inLanguage":"pt-BR","potentialAction":[{"@type":"ReadAction","target":["https:\/\/dana.com.br\/canaldana\/2019\/08\/13\/negocios-no-consorcio-de-pesados-avancam-487\/"]}]},{"@type":"BreadcrumbList","@id":"https:\/\/dana.com.br\/canaldana\/2019\/08\/13\/negocios-no-consorcio-de-pesados-avancam-487\/#breadcrumb","itemListElement":[{"@type":"ListItem","position":1,"name":"Home","item":"https:\/\/dana.com.br\/canaldana\/"},{"@type":"ListItem","position":2,"name":"Destaques","item":"https:\/\/dana.com.br\/canaldana\/destaques\/"},{"@type":"ListItem","position":3,"name":"Neg\u00f3cios no cons\u00f3rcio de pesados avan\u00e7am 48,7%"}]},{"@type":"WebSite","@id":"https:\/\/dana.com.br\/canaldana\/#website","url":"https:\/\/dana.com.br\/canaldana\/","name":"Canal Dana","description":"Informativo com as principais not\u00edcias da ind\u00fastria automotiva","potentialAction":[{"@type":"SearchAction","target":{"@type":"EntryPoint","urlTemplate":"https:\/\/dana.com.br\/canaldana\/?s={search_term_string}"},"query-input":{"@type":"PropertyValueSpecification","valueRequired":true,"valueName":"search_term_string"}}],"inLanguage":"pt-BR"},{"@type":"Person","@id":"https:\/\/dana.com.br\/canaldana\/#\/schema\/person\/3c21f22f56fcf3bc46b94bc60ea4fef6","name":"Canal Dana","image":{"@type":"ImageObject","inLanguage":"pt-BR","@id":"https:\/\/secure.gravatar.com\/avatar\/420aaf9278582877d9018637c6817617705899d2858d7572ef0fe59a6b6454b4?s=96&d=mm&r=g","url":"https:\/\/secure.gravatar.com\/avatar\/420aaf9278582877d9018637c6817617705899d2858d7572ef0fe59a6b6454b4?s=96&d=mm&r=g","contentUrl":"https:\/\/secure.gravatar.com\/avatar\/420aaf9278582877d9018637c6817617705899d2858d7572ef0fe59a6b6454b4?s=96&d=mm&r=g","caption":"Canal Dana"},"url":"https:\/\/dana.com.br\/canaldana\/author\/cdeditor\/"}]}},"_links":{"self":[{"href":"https:\/\/dana.com.br\/canaldana\/wp-json\/wp\/v2\/posts\/36457","targetHints":{"allow":["GET"]}}],"collection":[{"href":"https:\/\/dana.com.br\/canaldana\/wp-json\/wp\/v2\/posts"}],"about":[{"href":"https:\/\/dana.com.br\/canaldana\/wp-json\/wp\/v2\/types\/post"}],"author":[{"embeddable":true,"href":"https:\/\/dana.com.br\/canaldana\/wp-json\/wp\/v2\/users\/3"}],"replies":[{"embeddable":true,"href":"https:\/\/dana.com.br\/canaldana\/wp-json\/wp\/v2\/comments?post=36457"}],"version-history":[{"count":0,"href":"https:\/\/dana.com.br\/canaldana\/wp-json\/wp\/v2\/posts\/36457\/revisions"}],"wp:attachment":[{"href":"https:\/\/dana.com.br\/canaldana\/wp-json\/wp\/v2\/media?parent=36457"}],"wp:term":[{"taxonomy":"category","embeddable":true,"href":"https:\/\/dana.com.br\/canaldana\/wp-json\/wp\/v2\/categories?post=36457"},{"taxonomy":"post_tag","embeddable":true,"href":"https:\/\/dana.com.br\/canaldana\/wp-json\/wp\/v2\/tags?post=36457"}],"curies":[{"name":"wp","href":"https:\/\/api.w.org\/{rel}","templated":true}]}}