{"id":36455,"date":"2019-08-13T08:12:07","date_gmt":"2019-08-13T11:12:07","guid":{"rendered":"https:\/\/dana.com.br\/canaldana\/?p=36455"},"modified":"2019-08-13T08:12:07","modified_gmt":"2019-08-13T11:12:07","slug":"fpt-industrial-supera-os-500-mil-motores-produzidos-na-america-do-sul","status":"publish","type":"post","link":"https:\/\/dana.com.br\/canaldana\/2019\/08\/13\/fpt-industrial-supera-os-500-mil-motores-produzidos-na-america-do-sul\/","title":{"rendered":"FPT Industrial supera os 500 mil motores produzidos na Am\u00e9rica do Sul"},"content":{"rendered":"<p><em>Grupo Cultivar<\/em><\/p>\n<p>&nbsp;<\/p>\n<p>A FPT Industrial, marca de motores, eixos, transmiss\u00f5es e geradores de energia da CNH Industrial, superou os 500 mil motores fabricados na Am\u00e9rica do Sul. A marca hist\u00f3rica foi alcan\u00e7ada gra\u00e7as ao empenho das f\u00e1bricas de C\u00f3rdoba, na Argentina, e Sete Lagoas, em Minas Gerais, que produziram nos \u00faltimos dez anos 508.511 motores, para os segmentos de ve\u00edculos comerciais, agricultura, constru\u00e7\u00e3o, gera\u00e7\u00e3o de energia e mar\u00edtimo.<\/p>\n<p>&nbsp;<\/p>\n<p>Somente em 2018 deixaram a linha de produ\u00e7\u00e3o 25.008 unidades na planta brasileira e 17.036 na planta argentina. O Brasil \u00e9 respons\u00e1vel pela fabrica\u00e7\u00e3o das fam\u00edlias F1, NEF e S8000, ao passo que o pa\u00eds vizinho fica a cargo dos motores NEF e Cursor.<\/p>\n<p>&nbsp;<\/p>\n<p>Um a cada quatro tratores vendidos no Brasil \u00e9 movido por motores da FPT Industrial, o que demonstra a for\u00e7a da marca. Os motores da FPT Industrial s\u00e3o exportados e comercializados para diversos pa\u00edses do continente, como Chile, Cuba, Equador, Paraguai, Peru e Uruguai, al\u00e9m do M\u00e9xico, na Am\u00e9rica Central.<\/p>\n<p>&nbsp;<\/p>\n<p>Desde 2015 a FPT Industrial realiza investimentos significativos no desenvolvimento da tecnologia e prepara\u00e7\u00e3o das unidades para a produ\u00e7\u00e3o dos motores MAR-I\/Tier 3. Os investimentos em otimiza\u00e7\u00e3o e melhorias dos processos levaram as f\u00e1bricas de Sete Lagoas e C\u00f3rdoba a obter, em 2016 e 2018, as certifica\u00e7\u00f5es do World Class Manufacturing (WCM), sistema da CNH Industrial estruturado na melhoria cont\u00ednua, projetado para eliminar desperd\u00edcios e perdas do processo de produ\u00e7\u00e3o.<\/p>\n<p>&nbsp;<\/p>\n<p>No ano passado a FPT Industrial lan\u00e7ou a linha de geradores de energia, solu\u00e7\u00e3o completa que atende a uma ampla gama de aplica\u00e7\u00f5es, nas configura\u00e7\u00f5es Aberto e Cabinado. Ainda em 2018, a marca iniciou a produ\u00e7\u00e3o do motor F1A com calibra\u00e7\u00f5es espec\u00edficas de pot\u00eancia e transmiss\u00e3o para o IVECO Daily City, obtendo ganho em desempenho e menor consumo de combust\u00edvel.<\/p>\n<p>&nbsp;<\/p>\n<p>Para os pr\u00f3ximos anos, os planos da FPT Industrial s\u00e3o de expans\u00e3o na Am\u00e9rica do Sul, por meio da amplia\u00e7\u00e3o da participa\u00e7\u00e3o em diferentes segmentos e o desenvolvimento da Rede de Distribuidores. \u201cA FPT Industrial segue em seu processo de crescimento de forma estruturada, com investimento cont\u00ednuo em tecnologia e inova\u00e7\u00e3o de motores, al\u00e9m da amplia\u00e7\u00e3o das a\u00e7\u00f5es de marketing promocional e relacionamento com clientes\u201d, afirma o presidente da FPT Industrial para Am\u00e9rica do Sul, Marco Rangel. (Grupo Cultivar)<\/p>\n","protected":false},"excerpt":{"rendered":"<p>Grupo Cultivar &nbsp; A FPT Industrial, marca de motores, eixos, transmiss\u00f5es e geradores de energia da CNH Industrial, superou os 500 mil motores fabricados na Am\u00e9rica do Sul. A marca hist\u00f3rica foi alcan\u00e7ada gra\u00e7as ao empenho das f\u00e1bricas de C\u00f3rdoba, na Argentina, e Sete Lagoas, em Minas Gerais, que produziram nos \u00faltimos dez anos 508.511\u2026 <a class=\"readmore\" href=\"https:\/\/dana.com.br\/canaldana\/2019\/08\/13\/fpt-industrial-supera-os-500-mil-motores-produzidos-na-america-do-sul\/\">Leia mais \u00bb<\/a><\/p>\n","protected":false},"author":3,"featured_media":0,"comment_status":"closed","ping_status":"closed","sticky":false,"template":"","format":"standard","meta":{"_acf_changed":false,"footnotes":""},"categories":[61],"tags":[],"class_list":["post-36455","post","type-post","status-publish","format-standard","hentry","category-destaques"],"acf":[],"yoast_head":"<!-- This site is optimized with the Yoast SEO plugin v27.3 - https:\/\/yoast.com\/product\/yoast-seo-wordpress\/ -->\n<title>FPT Industrial supera os 500 mil motores produzidos na Am\u00e9rica do Sul - Canal Dana<\/title>\n<meta name=\"robots\" content=\"index, follow, max-snippet:-1, max-image-preview:large, max-video-preview:-1\" \/>\n<link rel=\"canonical\" href=\"https:\/\/dana.com.br\/canaldana\/2019\/08\/13\/fpt-industrial-supera-os-500-mil-motores-produzidos-na-america-do-sul\/\" \/>\n<meta property=\"og:locale\" content=\"pt_BR\" \/>\n<meta property=\"og:type\" content=\"article\" \/>\n<meta property=\"og:title\" content=\"FPT Industrial supera os 500 mil motores produzidos na Am\u00e9rica do Sul - Canal Dana\" \/>\n<meta property=\"og:description\" content=\"Grupo Cultivar &nbsp; A FPT Industrial, marca de motores, eixos, transmiss\u00f5es e geradores de energia da CNH Industrial, superou os 500 mil motores fabricados na Am\u00e9rica do Sul. A marca hist\u00f3rica foi alcan\u00e7ada gra\u00e7as ao empenho das f\u00e1bricas de C\u00f3rdoba, na Argentina, e Sete Lagoas, em Minas Gerais, que produziram nos \u00faltimos dez anos 508.511\u2026 Leia mais \u00bb\" \/>\n<meta property=\"og:url\" content=\"https:\/\/dana.com.br\/canaldana\/2019\/08\/13\/fpt-industrial-supera-os-500-mil-motores-produzidos-na-america-do-sul\/\" \/>\n<meta property=\"og:site_name\" content=\"Canal Dana\" \/>\n<meta property=\"article:published_time\" content=\"2019-08-13T11:12:07+00:00\" \/>\n<meta name=\"author\" content=\"Canal Dana\" \/>\n<meta name=\"twitter:card\" content=\"summary_large_image\" \/>\n<meta name=\"twitter:label1\" content=\"Escrito por\" \/>\n\t<meta name=\"twitter:data1\" content=\"Canal Dana\" \/>\n\t<meta name=\"twitter:label2\" content=\"Est. tempo de leitura\" \/>\n\t<meta name=\"twitter:data2\" content=\"2 minutos\" \/>\n<script type=\"application\/ld+json\" class=\"yoast-schema-graph\">{\"@context\":\"https:\\\/\\\/schema.org\",\"@graph\":[{\"@type\":\"Article\",\"@id\":\"https:\\\/\\\/dana.com.br\\\/canaldana\\\/2019\\\/08\\\/13\\\/fpt-industrial-supera-os-500-mil-motores-produzidos-na-america-do-sul\\\/#article\",\"isPartOf\":{\"@id\":\"https:\\\/\\\/dana.com.br\\\/canaldana\\\/2019\\\/08\\\/13\\\/fpt-industrial-supera-os-500-mil-motores-produzidos-na-america-do-sul\\\/\"},\"author\":{\"name\":\"Canal Dana\",\"@id\":\"https:\\\/\\\/dana.com.br\\\/canaldana\\\/#\\\/schema\\\/person\\\/3c21f22f56fcf3bc46b94bc60ea4fef6\"},\"headline\":\"FPT Industrial supera os 500 mil motores produzidos na Am\u00e9rica do Sul\",\"datePublished\":\"2019-08-13T11:12:07+00:00\",\"mainEntityOfPage\":{\"@id\":\"https:\\\/\\\/dana.com.br\\\/canaldana\\\/2019\\\/08\\\/13\\\/fpt-industrial-supera-os-500-mil-motores-produzidos-na-america-do-sul\\\/\"},\"wordCount\":432,\"articleSection\":[\"Destaques\"],\"inLanguage\":\"pt-BR\"},{\"@type\":\"WebPage\",\"@id\":\"https:\\\/\\\/dana.com.br\\\/canaldana\\\/2019\\\/08\\\/13\\\/fpt-industrial-supera-os-500-mil-motores-produzidos-na-america-do-sul\\\/\",\"url\":\"https:\\\/\\\/dana.com.br\\\/canaldana\\\/2019\\\/08\\\/13\\\/fpt-industrial-supera-os-500-mil-motores-produzidos-na-america-do-sul\\\/\",\"name\":\"FPT Industrial supera os 500 mil motores produzidos na Am\u00e9rica do Sul - Canal Dana\",\"isPartOf\":{\"@id\":\"https:\\\/\\\/dana.com.br\\\/canaldana\\\/#website\"},\"datePublished\":\"2019-08-13T11:12:07+00:00\",\"author\":{\"@id\":\"https:\\\/\\\/dana.com.br\\\/canaldana\\\/#\\\/schema\\\/person\\\/3c21f22f56fcf3bc46b94bc60ea4fef6\"},\"breadcrumb\":{\"@id\":\"https:\\\/\\\/dana.com.br\\\/canaldana\\\/2019\\\/08\\\/13\\\/fpt-industrial-supera-os-500-mil-motores-produzidos-na-america-do-sul\\\/#breadcrumb\"},\"inLanguage\":\"pt-BR\",\"potentialAction\":[{\"@type\":\"ReadAction\",\"target\":[\"https:\\\/\\\/dana.com.br\\\/canaldana\\\/2019\\\/08\\\/13\\\/fpt-industrial-supera-os-500-mil-motores-produzidos-na-america-do-sul\\\/\"]}]},{\"@type\":\"BreadcrumbList\",\"@id\":\"https:\\\/\\\/dana.com.br\\\/canaldana\\\/2019\\\/08\\\/13\\\/fpt-industrial-supera-os-500-mil-motores-produzidos-na-america-do-sul\\\/#breadcrumb\",\"itemListElement\":[{\"@type\":\"ListItem\",\"position\":1,\"name\":\"Home\",\"item\":\"https:\\\/\\\/dana.com.br\\\/canaldana\\\/\"},{\"@type\":\"ListItem\",\"position\":2,\"name\":\"Destaques\",\"item\":\"https:\\\/\\\/dana.com.br\\\/canaldana\\\/destaques\\\/\"},{\"@type\":\"ListItem\",\"position\":3,\"name\":\"FPT Industrial supera os 500 mil motores produzidos na Am\u00e9rica do Sul\"}]},{\"@type\":\"WebSite\",\"@id\":\"https:\\\/\\\/dana.com.br\\\/canaldana\\\/#website\",\"url\":\"https:\\\/\\\/dana.com.br\\\/canaldana\\\/\",\"name\":\"Canal Dana\",\"description\":\"Informativo com as principais not\u00edcias da ind\u00fastria automotiva\",\"potentialAction\":[{\"@type\":\"SearchAction\",\"target\":{\"@type\":\"EntryPoint\",\"urlTemplate\":\"https:\\\/\\\/dana.com.br\\\/canaldana\\\/?s={search_term_string}\"},\"query-input\":{\"@type\":\"PropertyValueSpecification\",\"valueRequired\":true,\"valueName\":\"search_term_string\"}}],\"inLanguage\":\"pt-BR\"},{\"@type\":\"Person\",\"@id\":\"https:\\\/\\\/dana.com.br\\\/canaldana\\\/#\\\/schema\\\/person\\\/3c21f22f56fcf3bc46b94bc60ea4fef6\",\"name\":\"Canal Dana\",\"image\":{\"@type\":\"ImageObject\",\"inLanguage\":\"pt-BR\",\"@id\":\"https:\\\/\\\/secure.gravatar.com\\\/avatar\\\/420aaf9278582877d9018637c6817617705899d2858d7572ef0fe59a6b6454b4?s=96&d=mm&r=g\",\"url\":\"https:\\\/\\\/secure.gravatar.com\\\/avatar\\\/420aaf9278582877d9018637c6817617705899d2858d7572ef0fe59a6b6454b4?s=96&d=mm&r=g\",\"contentUrl\":\"https:\\\/\\\/secure.gravatar.com\\\/avatar\\\/420aaf9278582877d9018637c6817617705899d2858d7572ef0fe59a6b6454b4?s=96&d=mm&r=g\",\"caption\":\"Canal Dana\"},\"url\":\"https:\\\/\\\/dana.com.br\\\/canaldana\\\/author\\\/cdeditor\\\/\"}]}<\/script>\n<!-- \/ Yoast SEO plugin. -->","yoast_head_json":{"title":"FPT Industrial supera os 500 mil motores produzidos na Am\u00e9rica do Sul - Canal Dana","robots":{"index":"index","follow":"follow","max-snippet":"max-snippet:-1","max-image-preview":"max-image-preview:large","max-video-preview":"max-video-preview:-1"},"canonical":"https:\/\/dana.com.br\/canaldana\/2019\/08\/13\/fpt-industrial-supera-os-500-mil-motores-produzidos-na-america-do-sul\/","og_locale":"pt_BR","og_type":"article","og_title":"FPT Industrial supera os 500 mil motores produzidos na Am\u00e9rica do Sul - Canal Dana","og_description":"Grupo Cultivar &nbsp; A FPT Industrial, marca de motores, eixos, transmiss\u00f5es e geradores de energia da CNH Industrial, superou os 500 mil motores fabricados na Am\u00e9rica do Sul. A marca hist\u00f3rica foi alcan\u00e7ada gra\u00e7as ao empenho das f\u00e1bricas de C\u00f3rdoba, na Argentina, e Sete Lagoas, em Minas Gerais, que produziram nos \u00faltimos dez anos 508.511\u2026 Leia mais \u00bb","og_url":"https:\/\/dana.com.br\/canaldana\/2019\/08\/13\/fpt-industrial-supera-os-500-mil-motores-produzidos-na-america-do-sul\/","og_site_name":"Canal Dana","article_published_time":"2019-08-13T11:12:07+00:00","author":"Canal Dana","twitter_card":"summary_large_image","twitter_misc":{"Escrito por":"Canal Dana","Est. tempo de leitura":"2 minutos"},"schema":{"@context":"https:\/\/schema.org","@graph":[{"@type":"Article","@id":"https:\/\/dana.com.br\/canaldana\/2019\/08\/13\/fpt-industrial-supera-os-500-mil-motores-produzidos-na-america-do-sul\/#article","isPartOf":{"@id":"https:\/\/dana.com.br\/canaldana\/2019\/08\/13\/fpt-industrial-supera-os-500-mil-motores-produzidos-na-america-do-sul\/"},"author":{"name":"Canal Dana","@id":"https:\/\/dana.com.br\/canaldana\/#\/schema\/person\/3c21f22f56fcf3bc46b94bc60ea4fef6"},"headline":"FPT Industrial supera os 500 mil motores produzidos na Am\u00e9rica do Sul","datePublished":"2019-08-13T11:12:07+00:00","mainEntityOfPage":{"@id":"https:\/\/dana.com.br\/canaldana\/2019\/08\/13\/fpt-industrial-supera-os-500-mil-motores-produzidos-na-america-do-sul\/"},"wordCount":432,"articleSection":["Destaques"],"inLanguage":"pt-BR"},{"@type":"WebPage","@id":"https:\/\/dana.com.br\/canaldana\/2019\/08\/13\/fpt-industrial-supera-os-500-mil-motores-produzidos-na-america-do-sul\/","url":"https:\/\/dana.com.br\/canaldana\/2019\/08\/13\/fpt-industrial-supera-os-500-mil-motores-produzidos-na-america-do-sul\/","name":"FPT Industrial supera os 500 mil motores produzidos na Am\u00e9rica do Sul - Canal Dana","isPartOf":{"@id":"https:\/\/dana.com.br\/canaldana\/#website"},"datePublished":"2019-08-13T11:12:07+00:00","author":{"@id":"https:\/\/dana.com.br\/canaldana\/#\/schema\/person\/3c21f22f56fcf3bc46b94bc60ea4fef6"},"breadcrumb":{"@id":"https:\/\/dana.com.br\/canaldana\/2019\/08\/13\/fpt-industrial-supera-os-500-mil-motores-produzidos-na-america-do-sul\/#breadcrumb"},"inLanguage":"pt-BR","potentialAction":[{"@type":"ReadAction","target":["https:\/\/dana.com.br\/canaldana\/2019\/08\/13\/fpt-industrial-supera-os-500-mil-motores-produzidos-na-america-do-sul\/"]}]},{"@type":"BreadcrumbList","@id":"https:\/\/dana.com.br\/canaldana\/2019\/08\/13\/fpt-industrial-supera-os-500-mil-motores-produzidos-na-america-do-sul\/#breadcrumb","itemListElement":[{"@type":"ListItem","position":1,"name":"Home","item":"https:\/\/dana.com.br\/canaldana\/"},{"@type":"ListItem","position":2,"name":"Destaques","item":"https:\/\/dana.com.br\/canaldana\/destaques\/"},{"@type":"ListItem","position":3,"name":"FPT Industrial supera os 500 mil motores produzidos na Am\u00e9rica do Sul"}]},{"@type":"WebSite","@id":"https:\/\/dana.com.br\/canaldana\/#website","url":"https:\/\/dana.com.br\/canaldana\/","name":"Canal Dana","description":"Informativo com as principais not\u00edcias da ind\u00fastria automotiva","potentialAction":[{"@type":"SearchAction","target":{"@type":"EntryPoint","urlTemplate":"https:\/\/dana.com.br\/canaldana\/?s={search_term_string}"},"query-input":{"@type":"PropertyValueSpecification","valueRequired":true,"valueName":"search_term_string"}}],"inLanguage":"pt-BR"},{"@type":"Person","@id":"https:\/\/dana.com.br\/canaldana\/#\/schema\/person\/3c21f22f56fcf3bc46b94bc60ea4fef6","name":"Canal Dana","image":{"@type":"ImageObject","inLanguage":"pt-BR","@id":"https:\/\/secure.gravatar.com\/avatar\/420aaf9278582877d9018637c6817617705899d2858d7572ef0fe59a6b6454b4?s=96&d=mm&r=g","url":"https:\/\/secure.gravatar.com\/avatar\/420aaf9278582877d9018637c6817617705899d2858d7572ef0fe59a6b6454b4?s=96&d=mm&r=g","contentUrl":"https:\/\/secure.gravatar.com\/avatar\/420aaf9278582877d9018637c6817617705899d2858d7572ef0fe59a6b6454b4?s=96&d=mm&r=g","caption":"Canal Dana"},"url":"https:\/\/dana.com.br\/canaldana\/author\/cdeditor\/"}]}},"_links":{"self":[{"href":"https:\/\/dana.com.br\/canaldana\/wp-json\/wp\/v2\/posts\/36455","targetHints":{"allow":["GET"]}}],"collection":[{"href":"https:\/\/dana.com.br\/canaldana\/wp-json\/wp\/v2\/posts"}],"about":[{"href":"https:\/\/dana.com.br\/canaldana\/wp-json\/wp\/v2\/types\/post"}],"author":[{"embeddable":true,"href":"https:\/\/dana.com.br\/canaldana\/wp-json\/wp\/v2\/users\/3"}],"replies":[{"embeddable":true,"href":"https:\/\/dana.com.br\/canaldana\/wp-json\/wp\/v2\/comments?post=36455"}],"version-history":[{"count":0,"href":"https:\/\/dana.com.br\/canaldana\/wp-json\/wp\/v2\/posts\/36455\/revisions"}],"wp:attachment":[{"href":"https:\/\/dana.com.br\/canaldana\/wp-json\/wp\/v2\/media?parent=36455"}],"wp:term":[{"taxonomy":"category","embeddable":true,"href":"https:\/\/dana.com.br\/canaldana\/wp-json\/wp\/v2\/categories?post=36455"},{"taxonomy":"post_tag","embeddable":true,"href":"https:\/\/dana.com.br\/canaldana\/wp-json\/wp\/v2\/tags?post=36455"}],"curies":[{"name":"wp","href":"https:\/\/api.w.org\/{rel}","templated":true}]}}