{"id":36453,"date":"2019-08-13T08:11:19","date_gmt":"2019-08-13T11:11:19","guid":{"rendered":"https:\/\/dana.com.br\/canaldana\/?p=36453"},"modified":"2019-08-13T08:11:19","modified_gmt":"2019-08-13T11:11:19","slug":"vitoria-do-kirchnerismo-leva-panico-ao-mercado-argentino-e-afeta-o-brasil","status":"publish","type":"post","link":"https:\/\/dana.com.br\/canaldana\/2019\/08\/13\/vitoria-do-kirchnerismo-leva-panico-ao-mercado-argentino-e-afeta-o-brasil\/","title":{"rendered":"Vit\u00f3ria do kirchnerismo leva p\u00e2nico ao mercado argentino e afeta o Brasil"},"content":{"rendered":"<p><em>O Estado de S. Paulo <\/em><\/p>\n<p>&nbsp;<\/p>\n<p>O mercado financeiro da Argentina acordou em p\u00e2nico ontem, com a vit\u00f3ria com folga da chapa de Alberto Fern\u00e1ndez e Cristina Kirchner nas elei\u00e7\u00f5es prim\u00e1rias para a presid\u00eancia daquele pa\u00eds. O d\u00f3lar disparou e levou o Banco Central argentino a aumentar a taxa de juros para 74%. O \u00edndice Merval, o principal da Bolsa de Buenos Aires, caiu 37,9%. A movimenta\u00e7\u00e3o atingiu o Brasil. Por aqui, o Ibovespa recuou 2% e o d\u00f3lar subiu, fechando o dia em R$ 3,98. Os investidores receiam que uma vit\u00f3ria kirchnerista signifique o fim da pol\u00edtica econ\u00f4mica adotada pelo governo de Mauricio Macri e do acordo firmado com o FMI. Analistas econ\u00f4micos tamb\u00e9m temem que o resultado, considerado agora \u201cquase irrevers\u00edvel\u201d, abra as portas para a retomada do populismo e de medidas intervencionistas. O \u201cterremoto\u201d na Argentina n\u00e3o deve afetar o acordo entre o Mercosul e a Uni\u00e3o Europeia, fechado em julho. Pelo tratado, o Brasil n\u00e3o depende do pa\u00eds vizinho para p\u00f4r as regras de livre-com\u00e9rcio em vigor.<\/p>\n<p>&nbsp;<\/p>\n<p>A derrota do presidente Mauricio Macri nas elei\u00e7\u00f5es prim\u00e1rias, realizadas no domingo na Argentina, provocou p\u00e2nico no mercado financeiro do pa\u00eds, com efeitos negativos tamb\u00e9m para o Brasil. O d\u00f3lar disparou e levou o Banco Central da Argentina a aumentar a taxa de juros em dez pontos porcentuais, para 74%. Com a medida, o d\u00f3lar recuou, mas ainda encerrou com alta de 8,8%, valendo 52,1 pesos. O \u00edndice Merval, o principal da Bolsa de Buenos Aires, caiu 37,9%.<\/p>\n<p>&nbsp;<\/p>\n<p>No Brasil, o Ibovespa recuou 2%, fechando aos 101,9 mil pontos. O d\u00f3lar subiu 1,09% e encerrou o dia a R$ 3,98 \u2013 ap\u00f3s bater a casa dos R$ 4. Al\u00e9m da situa\u00e7\u00e3o argentina, um dos principais parceiros comerciais do Brasil, h\u00e1 um clima de avers\u00e3o ao risco no mercado internacional \u2013 decorrente da tens\u00e3o gerada pela guerra comercial entre EUA e China \u2013 que tamb\u00e9m prejudica o Pa\u00eds.<\/p>\n<p>&nbsp;<\/p>\n<p>O p\u00e2nico no mercado argentino deriva da interpreta\u00e7\u00e3o de que a vit\u00f3ria da chapa opositora, de Alberto Fern\u00e1ndez e Cristina Kirchner, nas prim\u00e1rias \u201cp\u00f5e em xeque a pol\u00edtica econ\u00f4mica do governo Macri e o acordo com o Fundo Monet\u00e1rio Internacional (FMI)\u201d, avaliou a empresa de servi\u00e7os financeiros INTL FCStone.<\/p>\n<p>&nbsp;<\/p>\n<p>H\u00e1 tamb\u00e9m um temor de que medidas intervencionistas \u2013 amplamente utilizadas no per\u00edodo dos ex-presidentes Nestor e Cristina Kirchner \u2013 sejam retomadas, como o controle de acesso ao d\u00f3lar e a concess\u00e3o de subs\u00eddios em servi\u00e7os como transporte e energia.<\/p>\n<p>&nbsp;<\/p>\n<p>Na noite de domingo, ap\u00f3s a divulga\u00e7\u00e3o dos primeiros dados da apura\u00e7\u00e3o, Fern\u00e1ndez afirmou que sua vit\u00f3ria era uma \u201cmensagem que diz n\u00e3o \u00e0 reforma trabalhista\u201d de Macri. Acrescentou que, caso ganhe em outubro, n\u00e3o continuar\u00e1 \u201cpresenteando\u201d bancos com o pagamento de taxas de juros.<\/p>\n<p>&nbsp;<\/p>\n<p>A chapa de Fern\u00e1ndez, que tem a ex-presidente Cristina como vice, conquistou 47,6% dos votos, enquanto Macri teve 32%. Se o resultado se repetir em outubro, com os kirchneristas acima da marca de 45%, a oposi\u00e7\u00e3o levar\u00e1 o pleito no primeiro turno.<\/p>\n<p>&nbsp;<\/p>\n<p>Os bancos j\u00e1 d\u00e3o quase como certa a vit\u00f3ria kirchnerista. Em relat\u00f3rio, o estrategista Tiago Severo, do Goldman Sachs, afirmou que o resultado \u00e9 \u201cquase irrevers\u00edvel\u201d.<\/p>\n<p>&nbsp;<\/p>\n<p>Um economista do mercado financeiro argentino, que pediu para n\u00e3o ser identificado, afirmou ser pouco prov\u00e1vel que o p\u00e2nico na Bolsa mude o resultado das elei\u00e7\u00f5es em outubro e relacionou o derretimento do peso argentino \u00e0 falta de confian\u00e7a dos investidores no kirchnerismo. Para ele, um poss\u00edvel novo governo kirchnerista n\u00e3o dever\u00e1 dar calote no FMI, mas tentar renegociar as condi\u00e7\u00f5es do empr\u00e9stimo de US$ 56 bilh\u00f5es concedido a Macri.<\/p>\n<p>&nbsp;<\/p>\n<p>Pr\u00f3ximo a Fern\u00e1ndez, o economista Mat\u00edas Kulfas tentou acalmar o mercado. Afirmou \u00e0 imprensa local que o candidato n\u00e3o pretende voltar a controlar o acesso ao c\u00e2mbio e que h\u00e1 inten\u00e7\u00e3o de cumprir com os pagamentos de d\u00edvida. \u201cH\u00e1 algumas semanas, conversamos com enviados do FMI e ratificamos a vontade de di\u00e1logo, mas desde uma posi\u00e7\u00e3o em que se possa modificar o acordo, pois achamos que esse caminho n\u00e3o est\u00e1 atingindo os objetivos (de voltar a crescer)\u201d, afirmou Kulfas. (O Estado de S. Paulo\/Luciana Dyniewicz e Nicholas Shores)<\/p>\n","protected":false},"excerpt":{"rendered":"<p>O Estado de S. Paulo &nbsp; O mercado financeiro da Argentina acordou em p\u00e2nico ontem, com a vit\u00f3ria com folga da chapa de Alberto Fern\u00e1ndez e Cristina Kirchner nas elei\u00e7\u00f5es prim\u00e1rias para a presid\u00eancia daquele pa\u00eds. O d\u00f3lar disparou e levou o Banco Central argentino a aumentar a taxa de juros para 74%. O \u00edndice\u2026 <a class=\"readmore\" href=\"https:\/\/dana.com.br\/canaldana\/2019\/08\/13\/vitoria-do-kirchnerismo-leva-panico-ao-mercado-argentino-e-afeta-o-brasil\/\">Leia mais \u00bb<\/a><\/p>\n","protected":false},"author":3,"featured_media":0,"comment_status":"closed","ping_status":"closed","sticky":false,"template":"","format":"standard","meta":{"_acf_changed":false,"footnotes":""},"categories":[79],"tags":[],"class_list":["post-36453","post","type-post","status-publish","format-standard","hentry","category-mercado"],"acf":[],"yoast_head":"<!-- This site is optimized with the Yoast SEO plugin v27.3 - https:\/\/yoast.com\/product\/yoast-seo-wordpress\/ -->\n<title>Vit\u00f3ria do kirchnerismo leva p\u00e2nico ao mercado argentino e afeta o Brasil - Canal Dana<\/title>\n<meta name=\"robots\" content=\"index, follow, max-snippet:-1, max-image-preview:large, max-video-preview:-1\" \/>\n<link rel=\"canonical\" href=\"https:\/\/dana.com.br\/canaldana\/2019\/08\/13\/vitoria-do-kirchnerismo-leva-panico-ao-mercado-argentino-e-afeta-o-brasil\/\" \/>\n<meta property=\"og:locale\" content=\"pt_BR\" \/>\n<meta property=\"og:type\" content=\"article\" \/>\n<meta property=\"og:title\" content=\"Vit\u00f3ria do kirchnerismo leva p\u00e2nico ao mercado argentino e afeta o Brasil - Canal Dana\" \/>\n<meta property=\"og:description\" content=\"O Estado de S. Paulo &nbsp; O mercado financeiro da Argentina acordou em p\u00e2nico ontem, com a vit\u00f3ria com folga da chapa de Alberto Fern\u00e1ndez e Cristina Kirchner nas elei\u00e7\u00f5es prim\u00e1rias para a presid\u00eancia daquele pa\u00eds. O d\u00f3lar disparou e levou o Banco Central argentino a aumentar a taxa de juros para 74%. O \u00edndice\u2026 Leia mais \u00bb\" \/>\n<meta property=\"og:url\" content=\"https:\/\/dana.com.br\/canaldana\/2019\/08\/13\/vitoria-do-kirchnerismo-leva-panico-ao-mercado-argentino-e-afeta-o-brasil\/\" \/>\n<meta property=\"og:site_name\" content=\"Canal Dana\" \/>\n<meta property=\"article:published_time\" content=\"2019-08-13T11:11:19+00:00\" \/>\n<meta name=\"author\" content=\"Canal Dana\" \/>\n<meta name=\"twitter:card\" content=\"summary_large_image\" \/>\n<meta name=\"twitter:label1\" content=\"Escrito por\" \/>\n\t<meta name=\"twitter:data1\" content=\"Canal Dana\" \/>\n\t<meta name=\"twitter:label2\" content=\"Est. tempo de leitura\" \/>\n\t<meta name=\"twitter:data2\" content=\"4 minutos\" \/>\n<script type=\"application\/ld+json\" class=\"yoast-schema-graph\">{\"@context\":\"https:\\\/\\\/schema.org\",\"@graph\":[{\"@type\":\"Article\",\"@id\":\"https:\\\/\\\/dana.com.br\\\/canaldana\\\/2019\\\/08\\\/13\\\/vitoria-do-kirchnerismo-leva-panico-ao-mercado-argentino-e-afeta-o-brasil\\\/#article\",\"isPartOf\":{\"@id\":\"https:\\\/\\\/dana.com.br\\\/canaldana\\\/2019\\\/08\\\/13\\\/vitoria-do-kirchnerismo-leva-panico-ao-mercado-argentino-e-afeta-o-brasil\\\/\"},\"author\":{\"name\":\"Canal Dana\",\"@id\":\"https:\\\/\\\/dana.com.br\\\/canaldana\\\/#\\\/schema\\\/person\\\/3c21f22f56fcf3bc46b94bc60ea4fef6\"},\"headline\":\"Vit\u00f3ria do kirchnerismo leva p\u00e2nico ao mercado argentino e afeta o Brasil\",\"datePublished\":\"2019-08-13T11:11:19+00:00\",\"mainEntityOfPage\":{\"@id\":\"https:\\\/\\\/dana.com.br\\\/canaldana\\\/2019\\\/08\\\/13\\\/vitoria-do-kirchnerismo-leva-panico-ao-mercado-argentino-e-afeta-o-brasil\\\/\"},\"wordCount\":762,\"articleSection\":[\"Mercado\"],\"inLanguage\":\"pt-BR\"},{\"@type\":\"WebPage\",\"@id\":\"https:\\\/\\\/dana.com.br\\\/canaldana\\\/2019\\\/08\\\/13\\\/vitoria-do-kirchnerismo-leva-panico-ao-mercado-argentino-e-afeta-o-brasil\\\/\",\"url\":\"https:\\\/\\\/dana.com.br\\\/canaldana\\\/2019\\\/08\\\/13\\\/vitoria-do-kirchnerismo-leva-panico-ao-mercado-argentino-e-afeta-o-brasil\\\/\",\"name\":\"Vit\u00f3ria do kirchnerismo leva p\u00e2nico ao mercado argentino e afeta o Brasil - Canal Dana\",\"isPartOf\":{\"@id\":\"https:\\\/\\\/dana.com.br\\\/canaldana\\\/#website\"},\"datePublished\":\"2019-08-13T11:11:19+00:00\",\"author\":{\"@id\":\"https:\\\/\\\/dana.com.br\\\/canaldana\\\/#\\\/schema\\\/person\\\/3c21f22f56fcf3bc46b94bc60ea4fef6\"},\"breadcrumb\":{\"@id\":\"https:\\\/\\\/dana.com.br\\\/canaldana\\\/2019\\\/08\\\/13\\\/vitoria-do-kirchnerismo-leva-panico-ao-mercado-argentino-e-afeta-o-brasil\\\/#breadcrumb\"},\"inLanguage\":\"pt-BR\",\"potentialAction\":[{\"@type\":\"ReadAction\",\"target\":[\"https:\\\/\\\/dana.com.br\\\/canaldana\\\/2019\\\/08\\\/13\\\/vitoria-do-kirchnerismo-leva-panico-ao-mercado-argentino-e-afeta-o-brasil\\\/\"]}]},{\"@type\":\"BreadcrumbList\",\"@id\":\"https:\\\/\\\/dana.com.br\\\/canaldana\\\/2019\\\/08\\\/13\\\/vitoria-do-kirchnerismo-leva-panico-ao-mercado-argentino-e-afeta-o-brasil\\\/#breadcrumb\",\"itemListElement\":[{\"@type\":\"ListItem\",\"position\":1,\"name\":\"Home\",\"item\":\"https:\\\/\\\/dana.com.br\\\/canaldana\\\/\"},{\"@type\":\"ListItem\",\"position\":2,\"name\":\"Mercado\",\"item\":\"https:\\\/\\\/dana.com.br\\\/canaldana\\\/mercado\\\/\"},{\"@type\":\"ListItem\",\"position\":3,\"name\":\"Vit\u00f3ria do kirchnerismo leva p\u00e2nico ao mercado argentino e afeta o Brasil\"}]},{\"@type\":\"WebSite\",\"@id\":\"https:\\\/\\\/dana.com.br\\\/canaldana\\\/#website\",\"url\":\"https:\\\/\\\/dana.com.br\\\/canaldana\\\/\",\"name\":\"Canal Dana\",\"description\":\"Informativo com as principais not\u00edcias da ind\u00fastria automotiva\",\"potentialAction\":[{\"@type\":\"SearchAction\",\"target\":{\"@type\":\"EntryPoint\",\"urlTemplate\":\"https:\\\/\\\/dana.com.br\\\/canaldana\\\/?s={search_term_string}\"},\"query-input\":{\"@type\":\"PropertyValueSpecification\",\"valueRequired\":true,\"valueName\":\"search_term_string\"}}],\"inLanguage\":\"pt-BR\"},{\"@type\":\"Person\",\"@id\":\"https:\\\/\\\/dana.com.br\\\/canaldana\\\/#\\\/schema\\\/person\\\/3c21f22f56fcf3bc46b94bc60ea4fef6\",\"name\":\"Canal Dana\",\"image\":{\"@type\":\"ImageObject\",\"inLanguage\":\"pt-BR\",\"@id\":\"https:\\\/\\\/secure.gravatar.com\\\/avatar\\\/420aaf9278582877d9018637c6817617705899d2858d7572ef0fe59a6b6454b4?s=96&d=mm&r=g\",\"url\":\"https:\\\/\\\/secure.gravatar.com\\\/avatar\\\/420aaf9278582877d9018637c6817617705899d2858d7572ef0fe59a6b6454b4?s=96&d=mm&r=g\",\"contentUrl\":\"https:\\\/\\\/secure.gravatar.com\\\/avatar\\\/420aaf9278582877d9018637c6817617705899d2858d7572ef0fe59a6b6454b4?s=96&d=mm&r=g\",\"caption\":\"Canal Dana\"},\"url\":\"https:\\\/\\\/dana.com.br\\\/canaldana\\\/author\\\/cdeditor\\\/\"}]}<\/script>\n<!-- \/ Yoast SEO plugin. -->","yoast_head_json":{"title":"Vit\u00f3ria do kirchnerismo leva p\u00e2nico ao mercado argentino e afeta o Brasil - Canal Dana","robots":{"index":"index","follow":"follow","max-snippet":"max-snippet:-1","max-image-preview":"max-image-preview:large","max-video-preview":"max-video-preview:-1"},"canonical":"https:\/\/dana.com.br\/canaldana\/2019\/08\/13\/vitoria-do-kirchnerismo-leva-panico-ao-mercado-argentino-e-afeta-o-brasil\/","og_locale":"pt_BR","og_type":"article","og_title":"Vit\u00f3ria do kirchnerismo leva p\u00e2nico ao mercado argentino e afeta o Brasil - Canal Dana","og_description":"O Estado de S. Paulo &nbsp; O mercado financeiro da Argentina acordou em p\u00e2nico ontem, com a vit\u00f3ria com folga da chapa de Alberto Fern\u00e1ndez e Cristina Kirchner nas elei\u00e7\u00f5es prim\u00e1rias para a presid\u00eancia daquele pa\u00eds. O d\u00f3lar disparou e levou o Banco Central argentino a aumentar a taxa de juros para 74%. O \u00edndice\u2026 Leia mais \u00bb","og_url":"https:\/\/dana.com.br\/canaldana\/2019\/08\/13\/vitoria-do-kirchnerismo-leva-panico-ao-mercado-argentino-e-afeta-o-brasil\/","og_site_name":"Canal Dana","article_published_time":"2019-08-13T11:11:19+00:00","author":"Canal Dana","twitter_card":"summary_large_image","twitter_misc":{"Escrito por":"Canal Dana","Est. tempo de leitura":"4 minutos"},"schema":{"@context":"https:\/\/schema.org","@graph":[{"@type":"Article","@id":"https:\/\/dana.com.br\/canaldana\/2019\/08\/13\/vitoria-do-kirchnerismo-leva-panico-ao-mercado-argentino-e-afeta-o-brasil\/#article","isPartOf":{"@id":"https:\/\/dana.com.br\/canaldana\/2019\/08\/13\/vitoria-do-kirchnerismo-leva-panico-ao-mercado-argentino-e-afeta-o-brasil\/"},"author":{"name":"Canal Dana","@id":"https:\/\/dana.com.br\/canaldana\/#\/schema\/person\/3c21f22f56fcf3bc46b94bc60ea4fef6"},"headline":"Vit\u00f3ria do kirchnerismo leva p\u00e2nico ao mercado argentino e afeta o Brasil","datePublished":"2019-08-13T11:11:19+00:00","mainEntityOfPage":{"@id":"https:\/\/dana.com.br\/canaldana\/2019\/08\/13\/vitoria-do-kirchnerismo-leva-panico-ao-mercado-argentino-e-afeta-o-brasil\/"},"wordCount":762,"articleSection":["Mercado"],"inLanguage":"pt-BR"},{"@type":"WebPage","@id":"https:\/\/dana.com.br\/canaldana\/2019\/08\/13\/vitoria-do-kirchnerismo-leva-panico-ao-mercado-argentino-e-afeta-o-brasil\/","url":"https:\/\/dana.com.br\/canaldana\/2019\/08\/13\/vitoria-do-kirchnerismo-leva-panico-ao-mercado-argentino-e-afeta-o-brasil\/","name":"Vit\u00f3ria do kirchnerismo leva p\u00e2nico ao mercado argentino e afeta o Brasil - Canal Dana","isPartOf":{"@id":"https:\/\/dana.com.br\/canaldana\/#website"},"datePublished":"2019-08-13T11:11:19+00:00","author":{"@id":"https:\/\/dana.com.br\/canaldana\/#\/schema\/person\/3c21f22f56fcf3bc46b94bc60ea4fef6"},"breadcrumb":{"@id":"https:\/\/dana.com.br\/canaldana\/2019\/08\/13\/vitoria-do-kirchnerismo-leva-panico-ao-mercado-argentino-e-afeta-o-brasil\/#breadcrumb"},"inLanguage":"pt-BR","potentialAction":[{"@type":"ReadAction","target":["https:\/\/dana.com.br\/canaldana\/2019\/08\/13\/vitoria-do-kirchnerismo-leva-panico-ao-mercado-argentino-e-afeta-o-brasil\/"]}]},{"@type":"BreadcrumbList","@id":"https:\/\/dana.com.br\/canaldana\/2019\/08\/13\/vitoria-do-kirchnerismo-leva-panico-ao-mercado-argentino-e-afeta-o-brasil\/#breadcrumb","itemListElement":[{"@type":"ListItem","position":1,"name":"Home","item":"https:\/\/dana.com.br\/canaldana\/"},{"@type":"ListItem","position":2,"name":"Mercado","item":"https:\/\/dana.com.br\/canaldana\/mercado\/"},{"@type":"ListItem","position":3,"name":"Vit\u00f3ria do kirchnerismo leva p\u00e2nico ao mercado argentino e afeta o Brasil"}]},{"@type":"WebSite","@id":"https:\/\/dana.com.br\/canaldana\/#website","url":"https:\/\/dana.com.br\/canaldana\/","name":"Canal Dana","description":"Informativo com as principais not\u00edcias da ind\u00fastria automotiva","potentialAction":[{"@type":"SearchAction","target":{"@type":"EntryPoint","urlTemplate":"https:\/\/dana.com.br\/canaldana\/?s={search_term_string}"},"query-input":{"@type":"PropertyValueSpecification","valueRequired":true,"valueName":"search_term_string"}}],"inLanguage":"pt-BR"},{"@type":"Person","@id":"https:\/\/dana.com.br\/canaldana\/#\/schema\/person\/3c21f22f56fcf3bc46b94bc60ea4fef6","name":"Canal Dana","image":{"@type":"ImageObject","inLanguage":"pt-BR","@id":"https:\/\/secure.gravatar.com\/avatar\/420aaf9278582877d9018637c6817617705899d2858d7572ef0fe59a6b6454b4?s=96&d=mm&r=g","url":"https:\/\/secure.gravatar.com\/avatar\/420aaf9278582877d9018637c6817617705899d2858d7572ef0fe59a6b6454b4?s=96&d=mm&r=g","contentUrl":"https:\/\/secure.gravatar.com\/avatar\/420aaf9278582877d9018637c6817617705899d2858d7572ef0fe59a6b6454b4?s=96&d=mm&r=g","caption":"Canal Dana"},"url":"https:\/\/dana.com.br\/canaldana\/author\/cdeditor\/"}]}},"_links":{"self":[{"href":"https:\/\/dana.com.br\/canaldana\/wp-json\/wp\/v2\/posts\/36453","targetHints":{"allow":["GET"]}}],"collection":[{"href":"https:\/\/dana.com.br\/canaldana\/wp-json\/wp\/v2\/posts"}],"about":[{"href":"https:\/\/dana.com.br\/canaldana\/wp-json\/wp\/v2\/types\/post"}],"author":[{"embeddable":true,"href":"https:\/\/dana.com.br\/canaldana\/wp-json\/wp\/v2\/users\/3"}],"replies":[{"embeddable":true,"href":"https:\/\/dana.com.br\/canaldana\/wp-json\/wp\/v2\/comments?post=36453"}],"version-history":[{"count":0,"href":"https:\/\/dana.com.br\/canaldana\/wp-json\/wp\/v2\/posts\/36453\/revisions"}],"wp:attachment":[{"href":"https:\/\/dana.com.br\/canaldana\/wp-json\/wp\/v2\/media?parent=36453"}],"wp:term":[{"taxonomy":"category","embeddable":true,"href":"https:\/\/dana.com.br\/canaldana\/wp-json\/wp\/v2\/categories?post=36453"},{"taxonomy":"post_tag","embeddable":true,"href":"https:\/\/dana.com.br\/canaldana\/wp-json\/wp\/v2\/tags?post=36453"}],"curies":[{"name":"wp","href":"https:\/\/api.w.org\/{rel}","templated":true}]}}