{"id":36439,"date":"2019-08-13T08:08:27","date_gmt":"2019-08-13T11:08:27","guid":{"rendered":"https:\/\/dana.com.br\/canaldana\/?p=36439"},"modified":"2019-08-13T08:08:27","modified_gmt":"2019-08-13T11:08:27","slug":"os-primeiros-onibus-para-a-cidade-boliviana-nueva-santa-cruz-sao-mercedes-benz","status":"publish","type":"post","link":"https:\/\/dana.com.br\/canaldana\/2019\/08\/13\/os-primeiros-onibus-para-a-cidade-boliviana-nueva-santa-cruz-sao-mercedes-benz\/","title":{"rendered":"Os primeiros \u00f4nibus para a cidade boliviana \u201cNueva Santa Cruz\u201d s\u00e3o Mercedes-Benz"},"content":{"rendered":"<p><em>ShopTrans<\/em><\/p>\n<p>&nbsp;<\/p>\n<p>A Mercedes-Benz ir\u00e1 fornecer 10 \u00f4nibus para o programa de mobilidade urbana de Nueva Santa Cruz na Bol\u00edvia. S\u00e3o oito do modelo O 500 U padron e dois do O 500 UA articulado para essa cidade que est\u00e1 sendo constru\u00edda pelo Grupo La Fuente, investidor e criador de um empreendimento para 370 mil habitantes na regi\u00e3o de Santa Cruz de La Sierra.<\/p>\n<p>&nbsp;<\/p>\n<p>\u201cCom a consultoria de \u00f4nibus Mercedes-Benz, buscamos oferecer a melhor solu\u00e7\u00e3o de transporte aos clientes e ajud\u00e1-los a criar toda uma estrutura sustent\u00e1vel e de mobilidade para a popula\u00e7\u00e3o. Assim, garantimos o conceito do sistema de transporte que a nova cidade demanda\u201d, diz M\u00e1rcio Querichelli, diretor do Regional Center Daimler Latina Caminh\u00f5es e \u00d4nibus. \u201cAl\u00e9m da estr\u00e9ia dos \u00f4nibus, os modelos articulados tamb\u00e9m passar\u00e3o a cirular pela 1\u00ba vez em toda a regi\u00e3o de Santa Cruz de La Sierra inovando o sistema de transporte na maior e mais populosa cidade do pa\u00eds\u201d.<\/p>\n<p>&nbsp;<\/p>\n<p>Os \u00f4nibus entrar\u00e3o em opera\u00e7\u00e3o em Nueva Santa Cruz no terceiro trimestre deste ano, quando a cidade ser\u00e1 inaugurada. Com o piso baixo, que facilita o embarque e desembarque, a suspens\u00e3o pneum\u00e1tica e o motor traseiro, os passageiros ter\u00e3o assegurados alto n\u00edvel de conforto e acessibilidade no transporte coletivo urbano.<\/p>\n<p>&nbsp;<\/p>\n<p>Segundo Javier Farfan, gerente geral das divis\u00f5es de ve\u00edculos comerciais (Caminh\u00f5es e \u00d4nibus) do concession\u00e1rio Ovando S.A., representante da marca na Bol\u00edvia, um forte trabalho foi realizado junto ao Grupo La Fuente para que o cliente pudesse conhecer a qualidade e outras vantagens do produto Mercedes-Benz. \u201cEles estiveram na cidade de S\u00e3o Paulo, refer\u00eancia de mobilidade urbana na Am\u00e9rica Latina, onde verificaram a forte presen\u00e7a dos \u00f4nibus da marca no transporte p\u00fablico urbano e encontraram a melhor solu\u00e7\u00e3o para o transporte em Nueva Santa Cruz\u201d, afirma Javier.<\/p>\n<p>&nbsp;<\/p>\n<p>\u201cA cidade Nueva Santa Cruz tem a previs\u00e3o de sediar 10 mil empresas e para a Mercedes-Benz \u00e9 um privil\u00e9gio estar ao lado dos empres\u00e1rios e da popula\u00e7\u00e3o boliviana nesse projeto inovador, tanto para o pa\u00eds como para a Am\u00e9rica Latina\u201d, afirma Querichelli.<\/p>\n<p>&nbsp;<\/p>\n<p>A Mercedes-Benz tem uma forte participa\u00e7\u00e3o nos segmentos urbanos e rodovi\u00e1rio na Bol\u00edvia. A marca \u00e9 reconhecida em toda a regi\u00e3o boliviana pela qualidade do p\u00f3s-venda e as v\u00e1rias op\u00e7\u00f5es de modelos e vers\u00f5es para atender as demandas do mercado. Os \u00f4nibus O 500 possuem o pacote tecnol\u00f3gico de seguran\u00e7a e de efici\u00eancia energ\u00e9tica para assegurar o melhor desempenho do sistema coletivo de transporte.<\/p>\n<p>&nbsp;<\/p>\n<p>At\u00e9 o final de 2019, a Mercedes-Benz vai comercializar cerca de 40 \u00f4nibus para a Bol\u00edvia, considerando modelos do segmento de urbanos e rodovi\u00e1rios, o que deve garantir uma participa\u00e7\u00e3o de 36% de mercado no pa\u00eds. (ShopTrans)<\/p>\n","protected":false},"excerpt":{"rendered":"<p>ShopTrans &nbsp; A Mercedes-Benz ir\u00e1 fornecer 10 \u00f4nibus para o programa de mobilidade urbana de Nueva Santa Cruz na Bol\u00edvia. S\u00e3o oito do modelo O 500 U padron e dois do O 500 UA articulado para essa cidade que est\u00e1 sendo constru\u00edda pelo Grupo La Fuente, investidor e criador de um empreendimento para 370 mil\u2026 <a class=\"readmore\" href=\"https:\/\/dana.com.br\/canaldana\/2019\/08\/13\/os-primeiros-onibus-para-a-cidade-boliviana-nueva-santa-cruz-sao-mercedes-benz\/\">Leia mais \u00bb<\/a><\/p>\n","protected":false},"author":3,"featured_media":0,"comment_status":"closed","ping_status":"closed","sticky":false,"template":"","format":"standard","meta":{"_acf_changed":false,"footnotes":""},"categories":[79],"tags":[],"class_list":["post-36439","post","type-post","status-publish","format-standard","hentry","category-mercado"],"acf":[],"yoast_head":"<!-- This site is optimized with the Yoast SEO plugin v27.3 - https:\/\/yoast.com\/product\/yoast-seo-wordpress\/ -->\n<title>Os primeiros \u00f4nibus para a cidade boliviana \u201cNueva Santa Cruz\u201d s\u00e3o Mercedes-Benz - Canal Dana<\/title>\n<meta name=\"robots\" content=\"index, follow, max-snippet:-1, max-image-preview:large, max-video-preview:-1\" \/>\n<link rel=\"canonical\" href=\"https:\/\/dana.com.br\/canaldana\/2019\/08\/13\/os-primeiros-onibus-para-a-cidade-boliviana-nueva-santa-cruz-sao-mercedes-benz\/\" \/>\n<meta property=\"og:locale\" content=\"pt_BR\" \/>\n<meta property=\"og:type\" content=\"article\" \/>\n<meta property=\"og:title\" content=\"Os primeiros \u00f4nibus para a cidade boliviana \u201cNueva Santa Cruz\u201d s\u00e3o Mercedes-Benz - Canal Dana\" \/>\n<meta property=\"og:description\" content=\"ShopTrans &nbsp; A Mercedes-Benz ir\u00e1 fornecer 10 \u00f4nibus para o programa de mobilidade urbana de Nueva Santa Cruz na Bol\u00edvia. S\u00e3o oito do modelo O 500 U padron e dois do O 500 UA articulado para essa cidade que est\u00e1 sendo constru\u00edda pelo Grupo La Fuente, investidor e criador de um empreendimento para 370 mil\u2026 Leia mais \u00bb\" \/>\n<meta property=\"og:url\" content=\"https:\/\/dana.com.br\/canaldana\/2019\/08\/13\/os-primeiros-onibus-para-a-cidade-boliviana-nueva-santa-cruz-sao-mercedes-benz\/\" \/>\n<meta property=\"og:site_name\" content=\"Canal Dana\" \/>\n<meta property=\"article:published_time\" content=\"2019-08-13T11:08:27+00:00\" \/>\n<meta name=\"author\" content=\"Canal Dana\" \/>\n<meta name=\"twitter:card\" content=\"summary_large_image\" \/>\n<meta name=\"twitter:label1\" content=\"Escrito por\" \/>\n\t<meta name=\"twitter:data1\" content=\"Canal Dana\" \/>\n\t<meta name=\"twitter:label2\" content=\"Est. tempo de leitura\" \/>\n\t<meta name=\"twitter:data2\" content=\"2 minutos\" \/>\n<script type=\"application\/ld+json\" class=\"yoast-schema-graph\">{\"@context\":\"https:\\\/\\\/schema.org\",\"@graph\":[{\"@type\":\"Article\",\"@id\":\"https:\\\/\\\/dana.com.br\\\/canaldana\\\/2019\\\/08\\\/13\\\/os-primeiros-onibus-para-a-cidade-boliviana-nueva-santa-cruz-sao-mercedes-benz\\\/#article\",\"isPartOf\":{\"@id\":\"https:\\\/\\\/dana.com.br\\\/canaldana\\\/2019\\\/08\\\/13\\\/os-primeiros-onibus-para-a-cidade-boliviana-nueva-santa-cruz-sao-mercedes-benz\\\/\"},\"author\":{\"name\":\"Canal Dana\",\"@id\":\"https:\\\/\\\/dana.com.br\\\/canaldana\\\/#\\\/schema\\\/person\\\/3c21f22f56fcf3bc46b94bc60ea4fef6\"},\"headline\":\"Os primeiros \u00f4nibus para a cidade boliviana \u201cNueva Santa Cruz\u201d s\u00e3o Mercedes-Benz\",\"datePublished\":\"2019-08-13T11:08:27+00:00\",\"mainEntityOfPage\":{\"@id\":\"https:\\\/\\\/dana.com.br\\\/canaldana\\\/2019\\\/08\\\/13\\\/os-primeiros-onibus-para-a-cidade-boliviana-nueva-santa-cruz-sao-mercedes-benz\\\/\"},\"wordCount\":500,\"articleSection\":[\"Mercado\"],\"inLanguage\":\"pt-BR\"},{\"@type\":\"WebPage\",\"@id\":\"https:\\\/\\\/dana.com.br\\\/canaldana\\\/2019\\\/08\\\/13\\\/os-primeiros-onibus-para-a-cidade-boliviana-nueva-santa-cruz-sao-mercedes-benz\\\/\",\"url\":\"https:\\\/\\\/dana.com.br\\\/canaldana\\\/2019\\\/08\\\/13\\\/os-primeiros-onibus-para-a-cidade-boliviana-nueva-santa-cruz-sao-mercedes-benz\\\/\",\"name\":\"Os primeiros \u00f4nibus para a cidade boliviana \u201cNueva Santa Cruz\u201d s\u00e3o Mercedes-Benz - Canal Dana\",\"isPartOf\":{\"@id\":\"https:\\\/\\\/dana.com.br\\\/canaldana\\\/#website\"},\"datePublished\":\"2019-08-13T11:08:27+00:00\",\"author\":{\"@id\":\"https:\\\/\\\/dana.com.br\\\/canaldana\\\/#\\\/schema\\\/person\\\/3c21f22f56fcf3bc46b94bc60ea4fef6\"},\"breadcrumb\":{\"@id\":\"https:\\\/\\\/dana.com.br\\\/canaldana\\\/2019\\\/08\\\/13\\\/os-primeiros-onibus-para-a-cidade-boliviana-nueva-santa-cruz-sao-mercedes-benz\\\/#breadcrumb\"},\"inLanguage\":\"pt-BR\",\"potentialAction\":[{\"@type\":\"ReadAction\",\"target\":[\"https:\\\/\\\/dana.com.br\\\/canaldana\\\/2019\\\/08\\\/13\\\/os-primeiros-onibus-para-a-cidade-boliviana-nueva-santa-cruz-sao-mercedes-benz\\\/\"]}]},{\"@type\":\"BreadcrumbList\",\"@id\":\"https:\\\/\\\/dana.com.br\\\/canaldana\\\/2019\\\/08\\\/13\\\/os-primeiros-onibus-para-a-cidade-boliviana-nueva-santa-cruz-sao-mercedes-benz\\\/#breadcrumb\",\"itemListElement\":[{\"@type\":\"ListItem\",\"position\":1,\"name\":\"Home\",\"item\":\"https:\\\/\\\/dana.com.br\\\/canaldana\\\/\"},{\"@type\":\"ListItem\",\"position\":2,\"name\":\"Mercado\",\"item\":\"https:\\\/\\\/dana.com.br\\\/canaldana\\\/mercado\\\/\"},{\"@type\":\"ListItem\",\"position\":3,\"name\":\"Os primeiros \u00f4nibus para a cidade boliviana \u201cNueva Santa Cruz\u201d s\u00e3o Mercedes-Benz\"}]},{\"@type\":\"WebSite\",\"@id\":\"https:\\\/\\\/dana.com.br\\\/canaldana\\\/#website\",\"url\":\"https:\\\/\\\/dana.com.br\\\/canaldana\\\/\",\"name\":\"Canal Dana\",\"description\":\"Informativo com as principais not\u00edcias da ind\u00fastria automotiva\",\"potentialAction\":[{\"@type\":\"SearchAction\",\"target\":{\"@type\":\"EntryPoint\",\"urlTemplate\":\"https:\\\/\\\/dana.com.br\\\/canaldana\\\/?s={search_term_string}\"},\"query-input\":{\"@type\":\"PropertyValueSpecification\",\"valueRequired\":true,\"valueName\":\"search_term_string\"}}],\"inLanguage\":\"pt-BR\"},{\"@type\":\"Person\",\"@id\":\"https:\\\/\\\/dana.com.br\\\/canaldana\\\/#\\\/schema\\\/person\\\/3c21f22f56fcf3bc46b94bc60ea4fef6\",\"name\":\"Canal Dana\",\"image\":{\"@type\":\"ImageObject\",\"inLanguage\":\"pt-BR\",\"@id\":\"https:\\\/\\\/secure.gravatar.com\\\/avatar\\\/420aaf9278582877d9018637c6817617705899d2858d7572ef0fe59a6b6454b4?s=96&d=mm&r=g\",\"url\":\"https:\\\/\\\/secure.gravatar.com\\\/avatar\\\/420aaf9278582877d9018637c6817617705899d2858d7572ef0fe59a6b6454b4?s=96&d=mm&r=g\",\"contentUrl\":\"https:\\\/\\\/secure.gravatar.com\\\/avatar\\\/420aaf9278582877d9018637c6817617705899d2858d7572ef0fe59a6b6454b4?s=96&d=mm&r=g\",\"caption\":\"Canal Dana\"},\"url\":\"https:\\\/\\\/dana.com.br\\\/canaldana\\\/author\\\/cdeditor\\\/\"}]}<\/script>\n<!-- \/ Yoast SEO plugin. -->","yoast_head_json":{"title":"Os primeiros \u00f4nibus para a cidade boliviana \u201cNueva Santa Cruz\u201d s\u00e3o Mercedes-Benz - Canal Dana","robots":{"index":"index","follow":"follow","max-snippet":"max-snippet:-1","max-image-preview":"max-image-preview:large","max-video-preview":"max-video-preview:-1"},"canonical":"https:\/\/dana.com.br\/canaldana\/2019\/08\/13\/os-primeiros-onibus-para-a-cidade-boliviana-nueva-santa-cruz-sao-mercedes-benz\/","og_locale":"pt_BR","og_type":"article","og_title":"Os primeiros \u00f4nibus para a cidade boliviana \u201cNueva Santa Cruz\u201d s\u00e3o Mercedes-Benz - Canal Dana","og_description":"ShopTrans &nbsp; A Mercedes-Benz ir\u00e1 fornecer 10 \u00f4nibus para o programa de mobilidade urbana de Nueva Santa Cruz na Bol\u00edvia. S\u00e3o oito do modelo O 500 U padron e dois do O 500 UA articulado para essa cidade que est\u00e1 sendo constru\u00edda pelo Grupo La Fuente, investidor e criador de um empreendimento para 370 mil\u2026 Leia mais \u00bb","og_url":"https:\/\/dana.com.br\/canaldana\/2019\/08\/13\/os-primeiros-onibus-para-a-cidade-boliviana-nueva-santa-cruz-sao-mercedes-benz\/","og_site_name":"Canal Dana","article_published_time":"2019-08-13T11:08:27+00:00","author":"Canal Dana","twitter_card":"summary_large_image","twitter_misc":{"Escrito por":"Canal Dana","Est. tempo de leitura":"2 minutos"},"schema":{"@context":"https:\/\/schema.org","@graph":[{"@type":"Article","@id":"https:\/\/dana.com.br\/canaldana\/2019\/08\/13\/os-primeiros-onibus-para-a-cidade-boliviana-nueva-santa-cruz-sao-mercedes-benz\/#article","isPartOf":{"@id":"https:\/\/dana.com.br\/canaldana\/2019\/08\/13\/os-primeiros-onibus-para-a-cidade-boliviana-nueva-santa-cruz-sao-mercedes-benz\/"},"author":{"name":"Canal Dana","@id":"https:\/\/dana.com.br\/canaldana\/#\/schema\/person\/3c21f22f56fcf3bc46b94bc60ea4fef6"},"headline":"Os primeiros \u00f4nibus para a cidade boliviana \u201cNueva Santa Cruz\u201d s\u00e3o Mercedes-Benz","datePublished":"2019-08-13T11:08:27+00:00","mainEntityOfPage":{"@id":"https:\/\/dana.com.br\/canaldana\/2019\/08\/13\/os-primeiros-onibus-para-a-cidade-boliviana-nueva-santa-cruz-sao-mercedes-benz\/"},"wordCount":500,"articleSection":["Mercado"],"inLanguage":"pt-BR"},{"@type":"WebPage","@id":"https:\/\/dana.com.br\/canaldana\/2019\/08\/13\/os-primeiros-onibus-para-a-cidade-boliviana-nueva-santa-cruz-sao-mercedes-benz\/","url":"https:\/\/dana.com.br\/canaldana\/2019\/08\/13\/os-primeiros-onibus-para-a-cidade-boliviana-nueva-santa-cruz-sao-mercedes-benz\/","name":"Os primeiros \u00f4nibus para a cidade boliviana \u201cNueva Santa Cruz\u201d s\u00e3o Mercedes-Benz - Canal Dana","isPartOf":{"@id":"https:\/\/dana.com.br\/canaldana\/#website"},"datePublished":"2019-08-13T11:08:27+00:00","author":{"@id":"https:\/\/dana.com.br\/canaldana\/#\/schema\/person\/3c21f22f56fcf3bc46b94bc60ea4fef6"},"breadcrumb":{"@id":"https:\/\/dana.com.br\/canaldana\/2019\/08\/13\/os-primeiros-onibus-para-a-cidade-boliviana-nueva-santa-cruz-sao-mercedes-benz\/#breadcrumb"},"inLanguage":"pt-BR","potentialAction":[{"@type":"ReadAction","target":["https:\/\/dana.com.br\/canaldana\/2019\/08\/13\/os-primeiros-onibus-para-a-cidade-boliviana-nueva-santa-cruz-sao-mercedes-benz\/"]}]},{"@type":"BreadcrumbList","@id":"https:\/\/dana.com.br\/canaldana\/2019\/08\/13\/os-primeiros-onibus-para-a-cidade-boliviana-nueva-santa-cruz-sao-mercedes-benz\/#breadcrumb","itemListElement":[{"@type":"ListItem","position":1,"name":"Home","item":"https:\/\/dana.com.br\/canaldana\/"},{"@type":"ListItem","position":2,"name":"Mercado","item":"https:\/\/dana.com.br\/canaldana\/mercado\/"},{"@type":"ListItem","position":3,"name":"Os primeiros \u00f4nibus para a cidade boliviana \u201cNueva Santa Cruz\u201d s\u00e3o Mercedes-Benz"}]},{"@type":"WebSite","@id":"https:\/\/dana.com.br\/canaldana\/#website","url":"https:\/\/dana.com.br\/canaldana\/","name":"Canal Dana","description":"Informativo com as principais not\u00edcias da ind\u00fastria automotiva","potentialAction":[{"@type":"SearchAction","target":{"@type":"EntryPoint","urlTemplate":"https:\/\/dana.com.br\/canaldana\/?s={search_term_string}"},"query-input":{"@type":"PropertyValueSpecification","valueRequired":true,"valueName":"search_term_string"}}],"inLanguage":"pt-BR"},{"@type":"Person","@id":"https:\/\/dana.com.br\/canaldana\/#\/schema\/person\/3c21f22f56fcf3bc46b94bc60ea4fef6","name":"Canal Dana","image":{"@type":"ImageObject","inLanguage":"pt-BR","@id":"https:\/\/secure.gravatar.com\/avatar\/420aaf9278582877d9018637c6817617705899d2858d7572ef0fe59a6b6454b4?s=96&d=mm&r=g","url":"https:\/\/secure.gravatar.com\/avatar\/420aaf9278582877d9018637c6817617705899d2858d7572ef0fe59a6b6454b4?s=96&d=mm&r=g","contentUrl":"https:\/\/secure.gravatar.com\/avatar\/420aaf9278582877d9018637c6817617705899d2858d7572ef0fe59a6b6454b4?s=96&d=mm&r=g","caption":"Canal Dana"},"url":"https:\/\/dana.com.br\/canaldana\/author\/cdeditor\/"}]}},"_links":{"self":[{"href":"https:\/\/dana.com.br\/canaldana\/wp-json\/wp\/v2\/posts\/36439","targetHints":{"allow":["GET"]}}],"collection":[{"href":"https:\/\/dana.com.br\/canaldana\/wp-json\/wp\/v2\/posts"}],"about":[{"href":"https:\/\/dana.com.br\/canaldana\/wp-json\/wp\/v2\/types\/post"}],"author":[{"embeddable":true,"href":"https:\/\/dana.com.br\/canaldana\/wp-json\/wp\/v2\/users\/3"}],"replies":[{"embeddable":true,"href":"https:\/\/dana.com.br\/canaldana\/wp-json\/wp\/v2\/comments?post=36439"}],"version-history":[{"count":0,"href":"https:\/\/dana.com.br\/canaldana\/wp-json\/wp\/v2\/posts\/36439\/revisions"}],"wp:attachment":[{"href":"https:\/\/dana.com.br\/canaldana\/wp-json\/wp\/v2\/media?parent=36439"}],"wp:term":[{"taxonomy":"category","embeddable":true,"href":"https:\/\/dana.com.br\/canaldana\/wp-json\/wp\/v2\/categories?post=36439"},{"taxonomy":"post_tag","embeddable":true,"href":"https:\/\/dana.com.br\/canaldana\/wp-json\/wp\/v2\/tags?post=36439"}],"curies":[{"name":"wp","href":"https:\/\/api.w.org\/{rel}","templated":true}]}}