{"id":36437,"date":"2019-08-13T08:08:01","date_gmt":"2019-08-13T11:08:01","guid":{"rendered":"https:\/\/dana.com.br\/canaldana\/?p=36437"},"modified":"2019-08-13T08:08:01","modified_gmt":"2019-08-13T11:08:01","slug":"joint-venture-da-psa-pode-fechar-fabrica-na-china","status":"publish","type":"post","link":"https:\/\/dana.com.br\/canaldana\/2019\/08\/13\/joint-venture-da-psa-pode-fechar-fabrica-na-china\/","title":{"rendered":"Joint venture da PSA pode fechar f\u00e1brica na China"},"content":{"rendered":"<p><em>AutoInd\u00fastria<\/em><\/p>\n<p>&nbsp;<\/p>\n<p>A China, o gigantesco e maior mercado de ve\u00edculos mundial, pode, quando suas vendas crescem, ser um para\u00edso ou, em caso de queda, s\u00e9ria amea\u00e7a para as finan\u00e7as das dezenas de montadoras nacionais ou globais que l\u00e1 est\u00e3o.<\/p>\n<p>&nbsp;<\/p>\n<p>Se na d\u00e9cada encerrada 2017, as vendas internas quase quadruplicaram, para 28,8 milh\u00f5es de unidades, e transformaram o pa\u00eds no eldorado do setor, os dois \u00faltimos anos t\u00eam sido de p\u00e9 no freio dos neg\u00f3cios. A queda de pouco mais de 3% em 2018 deve ser sucedida este ano por novo recuo da ordem de 5%, segundo proje\u00e7\u00f5es.<\/p>\n<p>&nbsp;<\/p>\n<p>Confirmado esse resultado, perto de 2,2 milh\u00f5es de ve\u00edculos deixar\u00e3o de ser vendidos em apenas dois anos, mais do que tudo que foi vendido na It\u00e1lia no ano passado e quase o mercado brasileiro.<\/p>\n<p>&nbsp;<\/p>\n<p>Por conta disso, algumas empresas globais, em particular, n\u00e3o escondem a disposi\u00e7\u00e3o de rever a atua\u00e7\u00e3o no mercado chin\u00eas, seja diminuindo participa\u00e7\u00e3o em joint ventures ou mesmo abrindo m\u00e3o de projetos.<\/p>\n<p>&nbsp;<\/p>\n<p>Ontem, segunda-feira (12\/8), a ag\u00eancia Reuters afirmou que teve acesso a documento que indica que o Grupo PSA e a parceira local Dongfeng Motor cortar\u00e3o 4 mil postos de trabalho e, das quatro f\u00e1bricas que compartilham na joint venture DPCA, fechar\u00e3o uma e vender\u00e3o outra.<\/p>\n<p>&nbsp;<\/p>\n<p>A Reuters diz que o plano foi acordado entre Carlos Tavares, CEO do Grupo PSA, e Zhu Yanfeng, presidente da Dongfeng. A pr\u00f3pria ag\u00eancia de not\u00edcias, por\u00e9m, afirma que os dois grupos se recusaram a comentar as informa\u00e7\u00f5es.<\/p>\n<p>&nbsp;<\/p>\n<p>As vendas da joint venture na China ca\u00edram de 731 mil ve\u00edculos em 2014 para 251 mil no ano passado, quase tr\u00eas vezes. Eliminar empregos e se desfazer de f\u00e1bricas seria uma maneira de evitar a sa\u00edda total da PSA da China, teriam afirmado fontes do grupo franc\u00eas \u00e0 ag\u00eancia de not\u00edcias.<\/p>\n<p>&nbsp;<\/p>\n<p>A possibilidade de deixar o maior mercado automotivo mundial, asseguraram as mesmas fontes, teria sido admitida por Carlos Tavares, o que colocaria um ponto final na parceria de 27 anos.<\/p>\n<p>&nbsp;<\/p>\n<p>Por outro lado, a pr\u00f3pria Dongfeng estaria estudando tamb\u00e9m rever sua participa\u00e7\u00e3o na PSA. Em 2014, a montadora chinesa adquiriu cerca de 12% do capital da empresa, pouco depois de Tavares assumir o comando da PSA.<\/p>\n<p>&nbsp;<\/p>\n<p>Na \u00e9poca o executivo j\u00e1 encaminhava seu plano de recupera\u00e7\u00e3o financeira do grupo batizado de Back in the Race e que, de fato, resultou em n\u00fameros positivos desde ent\u00e3o. Mas as medidas para reverter o dr\u00e1stico quadro que quase resultou na quebra do grupo em 2012 foram em boa parte amargas.<\/p>\n<p>&nbsp;<\/p>\n<p>Na busca pela redu\u00e7\u00e3o dos custos fixos, Tavares determinou o fim de produ\u00e7\u00e3o de v\u00e1rios ve\u00edculos, enxugamento do quadro de funcion\u00e1rios em diversas opera\u00e7\u00f5es e desacelera\u00e7\u00e3o ou at\u00e9 cancelamentos de projetos, com consequente perda de volumes negociados e de participa\u00e7\u00e3o de mercado. (AutoInd\u00fastria)<\/p>\n","protected":false},"excerpt":{"rendered":"<p>AutoInd\u00fastria &nbsp; A China, o gigantesco e maior mercado de ve\u00edculos mundial, pode, quando suas vendas crescem, ser um para\u00edso ou, em caso de queda, s\u00e9ria amea\u00e7a para as finan\u00e7as das dezenas de montadoras nacionais ou globais que l\u00e1 est\u00e3o. &nbsp; Se na d\u00e9cada encerrada 2017, as vendas internas quase quadruplicaram, para 28,8 milh\u00f5es de\u2026 <a class=\"readmore\" href=\"https:\/\/dana.com.br\/canaldana\/2019\/08\/13\/joint-venture-da-psa-pode-fechar-fabrica-na-china\/\">Leia mais \u00bb<\/a><\/p>\n","protected":false},"author":3,"featured_media":0,"comment_status":"closed","ping_status":"closed","sticky":false,"template":"","format":"standard","meta":{"_acf_changed":false,"footnotes":""},"categories":[79],"tags":[],"class_list":["post-36437","post","type-post","status-publish","format-standard","hentry","category-mercado"],"acf":[],"yoast_head":"<!-- This site is optimized with the Yoast SEO plugin v27.3 - https:\/\/yoast.com\/product\/yoast-seo-wordpress\/ -->\n<title>Joint venture da PSA pode fechar f\u00e1brica na China - Canal Dana<\/title>\n<meta name=\"robots\" content=\"index, follow, max-snippet:-1, max-image-preview:large, max-video-preview:-1\" \/>\n<link rel=\"canonical\" href=\"https:\/\/dana.com.br\/canaldana\/2019\/08\/13\/joint-venture-da-psa-pode-fechar-fabrica-na-china\/\" \/>\n<meta property=\"og:locale\" content=\"pt_BR\" \/>\n<meta property=\"og:type\" content=\"article\" \/>\n<meta property=\"og:title\" content=\"Joint venture da PSA pode fechar f\u00e1brica na China - Canal Dana\" \/>\n<meta property=\"og:description\" content=\"AutoInd\u00fastria &nbsp; A China, o gigantesco e maior mercado de ve\u00edculos mundial, pode, quando suas vendas crescem, ser um para\u00edso ou, em caso de queda, s\u00e9ria amea\u00e7a para as finan\u00e7as das dezenas de montadoras nacionais ou globais que l\u00e1 est\u00e3o. &nbsp; Se na d\u00e9cada encerrada 2017, as vendas internas quase quadruplicaram, para 28,8 milh\u00f5es de\u2026 Leia mais \u00bb\" \/>\n<meta property=\"og:url\" content=\"https:\/\/dana.com.br\/canaldana\/2019\/08\/13\/joint-venture-da-psa-pode-fechar-fabrica-na-china\/\" \/>\n<meta property=\"og:site_name\" content=\"Canal Dana\" \/>\n<meta property=\"article:published_time\" content=\"2019-08-13T11:08:01+00:00\" \/>\n<meta name=\"author\" content=\"Canal Dana\" \/>\n<meta name=\"twitter:card\" content=\"summary_large_image\" \/>\n<meta name=\"twitter:label1\" content=\"Escrito por\" \/>\n\t<meta name=\"twitter:data1\" content=\"Canal Dana\" \/>\n\t<meta name=\"twitter:label2\" content=\"Est. tempo de leitura\" \/>\n\t<meta name=\"twitter:data2\" content=\"3 minutos\" \/>\n<script type=\"application\/ld+json\" class=\"yoast-schema-graph\">{\"@context\":\"https:\\\/\\\/schema.org\",\"@graph\":[{\"@type\":\"Article\",\"@id\":\"https:\\\/\\\/dana.com.br\\\/canaldana\\\/2019\\\/08\\\/13\\\/joint-venture-da-psa-pode-fechar-fabrica-na-china\\\/#article\",\"isPartOf\":{\"@id\":\"https:\\\/\\\/dana.com.br\\\/canaldana\\\/2019\\\/08\\\/13\\\/joint-venture-da-psa-pode-fechar-fabrica-na-china\\\/\"},\"author\":{\"name\":\"Canal Dana\",\"@id\":\"https:\\\/\\\/dana.com.br\\\/canaldana\\\/#\\\/schema\\\/person\\\/3c21f22f56fcf3bc46b94bc60ea4fef6\"},\"headline\":\"Joint venture da PSA pode fechar f\u00e1brica na China\",\"datePublished\":\"2019-08-13T11:08:01+00:00\",\"mainEntityOfPage\":{\"@id\":\"https:\\\/\\\/dana.com.br\\\/canaldana\\\/2019\\\/08\\\/13\\\/joint-venture-da-psa-pode-fechar-fabrica-na-china\\\/\"},\"wordCount\":519,\"articleSection\":[\"Mercado\"],\"inLanguage\":\"pt-BR\"},{\"@type\":\"WebPage\",\"@id\":\"https:\\\/\\\/dana.com.br\\\/canaldana\\\/2019\\\/08\\\/13\\\/joint-venture-da-psa-pode-fechar-fabrica-na-china\\\/\",\"url\":\"https:\\\/\\\/dana.com.br\\\/canaldana\\\/2019\\\/08\\\/13\\\/joint-venture-da-psa-pode-fechar-fabrica-na-china\\\/\",\"name\":\"Joint venture da PSA pode fechar f\u00e1brica na China - Canal Dana\",\"isPartOf\":{\"@id\":\"https:\\\/\\\/dana.com.br\\\/canaldana\\\/#website\"},\"datePublished\":\"2019-08-13T11:08:01+00:00\",\"author\":{\"@id\":\"https:\\\/\\\/dana.com.br\\\/canaldana\\\/#\\\/schema\\\/person\\\/3c21f22f56fcf3bc46b94bc60ea4fef6\"},\"breadcrumb\":{\"@id\":\"https:\\\/\\\/dana.com.br\\\/canaldana\\\/2019\\\/08\\\/13\\\/joint-venture-da-psa-pode-fechar-fabrica-na-china\\\/#breadcrumb\"},\"inLanguage\":\"pt-BR\",\"potentialAction\":[{\"@type\":\"ReadAction\",\"target\":[\"https:\\\/\\\/dana.com.br\\\/canaldana\\\/2019\\\/08\\\/13\\\/joint-venture-da-psa-pode-fechar-fabrica-na-china\\\/\"]}]},{\"@type\":\"BreadcrumbList\",\"@id\":\"https:\\\/\\\/dana.com.br\\\/canaldana\\\/2019\\\/08\\\/13\\\/joint-venture-da-psa-pode-fechar-fabrica-na-china\\\/#breadcrumb\",\"itemListElement\":[{\"@type\":\"ListItem\",\"position\":1,\"name\":\"Home\",\"item\":\"https:\\\/\\\/dana.com.br\\\/canaldana\\\/\"},{\"@type\":\"ListItem\",\"position\":2,\"name\":\"Mercado\",\"item\":\"https:\\\/\\\/dana.com.br\\\/canaldana\\\/mercado\\\/\"},{\"@type\":\"ListItem\",\"position\":3,\"name\":\"Joint venture da PSA pode fechar f\u00e1brica na China\"}]},{\"@type\":\"WebSite\",\"@id\":\"https:\\\/\\\/dana.com.br\\\/canaldana\\\/#website\",\"url\":\"https:\\\/\\\/dana.com.br\\\/canaldana\\\/\",\"name\":\"Canal Dana\",\"description\":\"Informativo com as principais not\u00edcias da ind\u00fastria automotiva\",\"potentialAction\":[{\"@type\":\"SearchAction\",\"target\":{\"@type\":\"EntryPoint\",\"urlTemplate\":\"https:\\\/\\\/dana.com.br\\\/canaldana\\\/?s={search_term_string}\"},\"query-input\":{\"@type\":\"PropertyValueSpecification\",\"valueRequired\":true,\"valueName\":\"search_term_string\"}}],\"inLanguage\":\"pt-BR\"},{\"@type\":\"Person\",\"@id\":\"https:\\\/\\\/dana.com.br\\\/canaldana\\\/#\\\/schema\\\/person\\\/3c21f22f56fcf3bc46b94bc60ea4fef6\",\"name\":\"Canal Dana\",\"image\":{\"@type\":\"ImageObject\",\"inLanguage\":\"pt-BR\",\"@id\":\"https:\\\/\\\/secure.gravatar.com\\\/avatar\\\/420aaf9278582877d9018637c6817617705899d2858d7572ef0fe59a6b6454b4?s=96&d=mm&r=g\",\"url\":\"https:\\\/\\\/secure.gravatar.com\\\/avatar\\\/420aaf9278582877d9018637c6817617705899d2858d7572ef0fe59a6b6454b4?s=96&d=mm&r=g\",\"contentUrl\":\"https:\\\/\\\/secure.gravatar.com\\\/avatar\\\/420aaf9278582877d9018637c6817617705899d2858d7572ef0fe59a6b6454b4?s=96&d=mm&r=g\",\"caption\":\"Canal Dana\"},\"url\":\"https:\\\/\\\/dana.com.br\\\/canaldana\\\/author\\\/cdeditor\\\/\"}]}<\/script>\n<!-- \/ Yoast SEO plugin. -->","yoast_head_json":{"title":"Joint venture da PSA pode fechar f\u00e1brica na China - Canal Dana","robots":{"index":"index","follow":"follow","max-snippet":"max-snippet:-1","max-image-preview":"max-image-preview:large","max-video-preview":"max-video-preview:-1"},"canonical":"https:\/\/dana.com.br\/canaldana\/2019\/08\/13\/joint-venture-da-psa-pode-fechar-fabrica-na-china\/","og_locale":"pt_BR","og_type":"article","og_title":"Joint venture da PSA pode fechar f\u00e1brica na China - Canal Dana","og_description":"AutoInd\u00fastria &nbsp; A China, o gigantesco e maior mercado de ve\u00edculos mundial, pode, quando suas vendas crescem, ser um para\u00edso ou, em caso de queda, s\u00e9ria amea\u00e7a para as finan\u00e7as das dezenas de montadoras nacionais ou globais que l\u00e1 est\u00e3o. &nbsp; Se na d\u00e9cada encerrada 2017, as vendas internas quase quadruplicaram, para 28,8 milh\u00f5es de\u2026 Leia mais \u00bb","og_url":"https:\/\/dana.com.br\/canaldana\/2019\/08\/13\/joint-venture-da-psa-pode-fechar-fabrica-na-china\/","og_site_name":"Canal Dana","article_published_time":"2019-08-13T11:08:01+00:00","author":"Canal Dana","twitter_card":"summary_large_image","twitter_misc":{"Escrito por":"Canal Dana","Est. tempo de leitura":"3 minutos"},"schema":{"@context":"https:\/\/schema.org","@graph":[{"@type":"Article","@id":"https:\/\/dana.com.br\/canaldana\/2019\/08\/13\/joint-venture-da-psa-pode-fechar-fabrica-na-china\/#article","isPartOf":{"@id":"https:\/\/dana.com.br\/canaldana\/2019\/08\/13\/joint-venture-da-psa-pode-fechar-fabrica-na-china\/"},"author":{"name":"Canal Dana","@id":"https:\/\/dana.com.br\/canaldana\/#\/schema\/person\/3c21f22f56fcf3bc46b94bc60ea4fef6"},"headline":"Joint venture da PSA pode fechar f\u00e1brica na China","datePublished":"2019-08-13T11:08:01+00:00","mainEntityOfPage":{"@id":"https:\/\/dana.com.br\/canaldana\/2019\/08\/13\/joint-venture-da-psa-pode-fechar-fabrica-na-china\/"},"wordCount":519,"articleSection":["Mercado"],"inLanguage":"pt-BR"},{"@type":"WebPage","@id":"https:\/\/dana.com.br\/canaldana\/2019\/08\/13\/joint-venture-da-psa-pode-fechar-fabrica-na-china\/","url":"https:\/\/dana.com.br\/canaldana\/2019\/08\/13\/joint-venture-da-psa-pode-fechar-fabrica-na-china\/","name":"Joint venture da PSA pode fechar f\u00e1brica na China - Canal Dana","isPartOf":{"@id":"https:\/\/dana.com.br\/canaldana\/#website"},"datePublished":"2019-08-13T11:08:01+00:00","author":{"@id":"https:\/\/dana.com.br\/canaldana\/#\/schema\/person\/3c21f22f56fcf3bc46b94bc60ea4fef6"},"breadcrumb":{"@id":"https:\/\/dana.com.br\/canaldana\/2019\/08\/13\/joint-venture-da-psa-pode-fechar-fabrica-na-china\/#breadcrumb"},"inLanguage":"pt-BR","potentialAction":[{"@type":"ReadAction","target":["https:\/\/dana.com.br\/canaldana\/2019\/08\/13\/joint-venture-da-psa-pode-fechar-fabrica-na-china\/"]}]},{"@type":"BreadcrumbList","@id":"https:\/\/dana.com.br\/canaldana\/2019\/08\/13\/joint-venture-da-psa-pode-fechar-fabrica-na-china\/#breadcrumb","itemListElement":[{"@type":"ListItem","position":1,"name":"Home","item":"https:\/\/dana.com.br\/canaldana\/"},{"@type":"ListItem","position":2,"name":"Mercado","item":"https:\/\/dana.com.br\/canaldana\/mercado\/"},{"@type":"ListItem","position":3,"name":"Joint venture da PSA pode fechar f\u00e1brica na China"}]},{"@type":"WebSite","@id":"https:\/\/dana.com.br\/canaldana\/#website","url":"https:\/\/dana.com.br\/canaldana\/","name":"Canal Dana","description":"Informativo com as principais not\u00edcias da ind\u00fastria automotiva","potentialAction":[{"@type":"SearchAction","target":{"@type":"EntryPoint","urlTemplate":"https:\/\/dana.com.br\/canaldana\/?s={search_term_string}"},"query-input":{"@type":"PropertyValueSpecification","valueRequired":true,"valueName":"search_term_string"}}],"inLanguage":"pt-BR"},{"@type":"Person","@id":"https:\/\/dana.com.br\/canaldana\/#\/schema\/person\/3c21f22f56fcf3bc46b94bc60ea4fef6","name":"Canal Dana","image":{"@type":"ImageObject","inLanguage":"pt-BR","@id":"https:\/\/secure.gravatar.com\/avatar\/420aaf9278582877d9018637c6817617705899d2858d7572ef0fe59a6b6454b4?s=96&d=mm&r=g","url":"https:\/\/secure.gravatar.com\/avatar\/420aaf9278582877d9018637c6817617705899d2858d7572ef0fe59a6b6454b4?s=96&d=mm&r=g","contentUrl":"https:\/\/secure.gravatar.com\/avatar\/420aaf9278582877d9018637c6817617705899d2858d7572ef0fe59a6b6454b4?s=96&d=mm&r=g","caption":"Canal Dana"},"url":"https:\/\/dana.com.br\/canaldana\/author\/cdeditor\/"}]}},"_links":{"self":[{"href":"https:\/\/dana.com.br\/canaldana\/wp-json\/wp\/v2\/posts\/36437","targetHints":{"allow":["GET"]}}],"collection":[{"href":"https:\/\/dana.com.br\/canaldana\/wp-json\/wp\/v2\/posts"}],"about":[{"href":"https:\/\/dana.com.br\/canaldana\/wp-json\/wp\/v2\/types\/post"}],"author":[{"embeddable":true,"href":"https:\/\/dana.com.br\/canaldana\/wp-json\/wp\/v2\/users\/3"}],"replies":[{"embeddable":true,"href":"https:\/\/dana.com.br\/canaldana\/wp-json\/wp\/v2\/comments?post=36437"}],"version-history":[{"count":0,"href":"https:\/\/dana.com.br\/canaldana\/wp-json\/wp\/v2\/posts\/36437\/revisions"}],"wp:attachment":[{"href":"https:\/\/dana.com.br\/canaldana\/wp-json\/wp\/v2\/media?parent=36437"}],"wp:term":[{"taxonomy":"category","embeddable":true,"href":"https:\/\/dana.com.br\/canaldana\/wp-json\/wp\/v2\/categories?post=36437"},{"taxonomy":"post_tag","embeddable":true,"href":"https:\/\/dana.com.br\/canaldana\/wp-json\/wp\/v2\/tags?post=36437"}],"curies":[{"name":"wp","href":"https:\/\/api.w.org\/{rel}","templated":true}]}}