{"id":36433,"date":"2019-08-13T08:07:09","date_gmt":"2019-08-13T11:07:09","guid":{"rendered":"https:\/\/dana.com.br\/canaldana\/?p=36433"},"modified":"2019-08-13T08:07:09","modified_gmt":"2019-08-13T11:07:09","slug":"fgv-realiza-seminario-sobre-logistica-urbana-em-sao-paulo","status":"publish","type":"post","link":"https:\/\/dana.com.br\/canaldana\/2019\/08\/13\/fgv-realiza-seminario-sobre-logistica-urbana-em-sao-paulo\/","title":{"rendered":"FGV realiza semin\u00e1rio sobre Log\u00edstica urbana em S\u00e3o Paulo"},"content":{"rendered":"<p><em>Frota &amp; Cia<\/em><\/p>\n<p>&nbsp;<\/p>\n<p>A Funda\u00e7\u00e3o Get\u00falio Vargas realizar\u00e1 na quinta-feira (22), o 1\u00ba Summit (Des)Construindo a Log\u00edstica urbana. Assim, o evento tem como objetivo debater t\u00f3picos voltados aos desafios do setor log\u00edsticos em grandes centros urbanos. O conte\u00fado ser\u00e1 dividido em tr\u00eas t\u00f3picos: uso da tecnologia, novas solu\u00e7\u00f5es log\u00edsticas e colabora\u00e7\u00e3o entre atores (stakeholders).<\/p>\n<p>&nbsp;<\/p>\n<p>O modelo escolhido pela Funda\u00e7\u00e3o dividir\u00e1 o evento em tr\u00eas pain\u00e9is de debates. Dessa forma, cada painel ser\u00e1 composto por um convidado internacional e palestrantes de diversos setores e segmentos.<\/p>\n<p>&nbsp;<\/p>\n<p>A abertura ser\u00e1 com Leandro Bassoi, diretor de opera\u00e7\u00f5es do Mercado Livre. No in\u00edcio, ser\u00e1 discutido n\u00e3o apenas os desafios de entregas fracionadas e com prazos agressivos. Al\u00e9m disso, ser\u00e3o debatidos os desafios \u2013 de hoje e do futuro \u2013 ligados \u00e0 infraestrutura nacional e \u00e0 legisla\u00e7\u00e3o.<\/p>\n<p>&nbsp;<\/p>\n<p>Por fim, encerra o evento David Dias, diretor da Accenture.\u00a0 Dias contribuir\u00e1 com uma vis\u00e3o de novas tecnologias e formas de aplica\u00e7\u00e3o, que est\u00e3o mudando as cidades e o mundo dos neg\u00f3cios.<\/p>\n<p>&nbsp;<\/p>\n<p><strong>Servi\u00e7o<\/strong><\/p>\n<p>&nbsp;<\/p>\n<p><strong>1\u00ba Summit \u201c(Des)Construindo a Log\u00edstica Urbana<\/strong><\/p>\n<p><strong>Data:<\/strong> 22\/08\/2019<\/p>\n<p><strong>Hor\u00e1rio:<\/strong> 9h- 17h<\/p>\n<p><strong>Local:<\/strong> FGV EAESP \u2013 Audit\u00f3rio \u2013 Rua Itapeva, 432 \u2013 T\u00e9rreo ou Avenida Nove de Julho, 2029 \u2013 T\u00e9rreo<\/p>\n<p><strong>Informa\u00e7\u00f5es:<\/strong> 11-3799-7946 ou <a href=\"mailto:cecilia.azevedo@fgv.br\">cecilia.azevedo@fgv.br<\/a> ou <a href=\"https:\/\/fgvcelog.fgv.br\/eventos\/des-construindo-logistica-urbana-transformando-logistica-vida-cidades\" target=\"_blank\" rel=\"noopener noreferrer\">clique aqui<\/a>. (Frota &amp; Cia\/Andr\u00e9 Silva)<\/p>\n","protected":false},"excerpt":{"rendered":"<p>Frota &amp; Cia &nbsp; A Funda\u00e7\u00e3o Get\u00falio Vargas realizar\u00e1 na quinta-feira (22), o 1\u00ba Summit (Des)Construindo a Log\u00edstica urbana. Assim, o evento tem como objetivo debater t\u00f3picos voltados aos desafios do setor log\u00edsticos em grandes centros urbanos. O conte\u00fado ser\u00e1 dividido em tr\u00eas t\u00f3picos: uso da tecnologia, novas solu\u00e7\u00f5es log\u00edsticas e colabora\u00e7\u00e3o entre atores (stakeholders).\u2026 <a class=\"readmore\" href=\"https:\/\/dana.com.br\/canaldana\/2019\/08\/13\/fgv-realiza-seminario-sobre-logistica-urbana-em-sao-paulo\/\">Leia mais \u00bb<\/a><\/p>\n","protected":false},"author":3,"featured_media":0,"comment_status":"closed","ping_status":"closed","sticky":false,"template":"","format":"standard","meta":{"_acf_changed":false,"footnotes":""},"categories":[82],"tags":[],"class_list":["post-36433","post","type-post","status-publish","format-standard","hentry","category-eventos"],"acf":[],"yoast_head":"<!-- This site is optimized with the Yoast SEO plugin v27.3 - https:\/\/yoast.com\/product\/yoast-seo-wordpress\/ -->\n<title>FGV realiza semin\u00e1rio sobre Log\u00edstica urbana em S\u00e3o Paulo - Canal Dana<\/title>\n<meta name=\"robots\" content=\"index, follow, max-snippet:-1, max-image-preview:large, max-video-preview:-1\" \/>\n<link rel=\"canonical\" href=\"https:\/\/dana.com.br\/canaldana\/2019\/08\/13\/fgv-realiza-seminario-sobre-logistica-urbana-em-sao-paulo\/\" \/>\n<meta property=\"og:locale\" content=\"pt_BR\" \/>\n<meta property=\"og:type\" content=\"article\" \/>\n<meta property=\"og:title\" content=\"FGV realiza semin\u00e1rio sobre Log\u00edstica urbana em S\u00e3o Paulo - Canal Dana\" \/>\n<meta property=\"og:description\" content=\"Frota &amp; Cia &nbsp; A Funda\u00e7\u00e3o Get\u00falio Vargas realizar\u00e1 na quinta-feira (22), o 1\u00ba Summit (Des)Construindo a Log\u00edstica urbana. Assim, o evento tem como objetivo debater t\u00f3picos voltados aos desafios do setor log\u00edsticos em grandes centros urbanos. O conte\u00fado ser\u00e1 dividido em tr\u00eas t\u00f3picos: uso da tecnologia, novas solu\u00e7\u00f5es log\u00edsticas e colabora\u00e7\u00e3o entre atores (stakeholders).\u2026 Leia mais \u00bb\" \/>\n<meta property=\"og:url\" content=\"https:\/\/dana.com.br\/canaldana\/2019\/08\/13\/fgv-realiza-seminario-sobre-logistica-urbana-em-sao-paulo\/\" \/>\n<meta property=\"og:site_name\" content=\"Canal Dana\" \/>\n<meta property=\"article:published_time\" content=\"2019-08-13T11:07:09+00:00\" \/>\n<meta name=\"author\" content=\"Canal Dana\" \/>\n<meta name=\"twitter:card\" content=\"summary_large_image\" \/>\n<meta name=\"twitter:label1\" content=\"Escrito por\" \/>\n\t<meta name=\"twitter:data1\" content=\"Canal Dana\" \/>\n\t<meta name=\"twitter:label2\" content=\"Est. tempo de leitura\" \/>\n\t<meta name=\"twitter:data2\" content=\"1 minuto\" \/>\n<script type=\"application\/ld+json\" class=\"yoast-schema-graph\">{\"@context\":\"https:\\\/\\\/schema.org\",\"@graph\":[{\"@type\":\"Article\",\"@id\":\"https:\\\/\\\/dana.com.br\\\/canaldana\\\/2019\\\/08\\\/13\\\/fgv-realiza-seminario-sobre-logistica-urbana-em-sao-paulo\\\/#article\",\"isPartOf\":{\"@id\":\"https:\\\/\\\/dana.com.br\\\/canaldana\\\/2019\\\/08\\\/13\\\/fgv-realiza-seminario-sobre-logistica-urbana-em-sao-paulo\\\/\"},\"author\":{\"name\":\"Canal Dana\",\"@id\":\"https:\\\/\\\/dana.com.br\\\/canaldana\\\/#\\\/schema\\\/person\\\/3c21f22f56fcf3bc46b94bc60ea4fef6\"},\"headline\":\"FGV realiza semin\u00e1rio sobre Log\u00edstica urbana em S\u00e3o Paulo\",\"datePublished\":\"2019-08-13T11:07:09+00:00\",\"mainEntityOfPage\":{\"@id\":\"https:\\\/\\\/dana.com.br\\\/canaldana\\\/2019\\\/08\\\/13\\\/fgv-realiza-seminario-sobre-logistica-urbana-em-sao-paulo\\\/\"},\"wordCount\":247,\"articleSection\":[\"Eventos\"],\"inLanguage\":\"pt-BR\"},{\"@type\":\"WebPage\",\"@id\":\"https:\\\/\\\/dana.com.br\\\/canaldana\\\/2019\\\/08\\\/13\\\/fgv-realiza-seminario-sobre-logistica-urbana-em-sao-paulo\\\/\",\"url\":\"https:\\\/\\\/dana.com.br\\\/canaldana\\\/2019\\\/08\\\/13\\\/fgv-realiza-seminario-sobre-logistica-urbana-em-sao-paulo\\\/\",\"name\":\"FGV realiza semin\u00e1rio sobre Log\u00edstica urbana em S\u00e3o Paulo - Canal Dana\",\"isPartOf\":{\"@id\":\"https:\\\/\\\/dana.com.br\\\/canaldana\\\/#website\"},\"datePublished\":\"2019-08-13T11:07:09+00:00\",\"author\":{\"@id\":\"https:\\\/\\\/dana.com.br\\\/canaldana\\\/#\\\/schema\\\/person\\\/3c21f22f56fcf3bc46b94bc60ea4fef6\"},\"breadcrumb\":{\"@id\":\"https:\\\/\\\/dana.com.br\\\/canaldana\\\/2019\\\/08\\\/13\\\/fgv-realiza-seminario-sobre-logistica-urbana-em-sao-paulo\\\/#breadcrumb\"},\"inLanguage\":\"pt-BR\",\"potentialAction\":[{\"@type\":\"ReadAction\",\"target\":[\"https:\\\/\\\/dana.com.br\\\/canaldana\\\/2019\\\/08\\\/13\\\/fgv-realiza-seminario-sobre-logistica-urbana-em-sao-paulo\\\/\"]}]},{\"@type\":\"BreadcrumbList\",\"@id\":\"https:\\\/\\\/dana.com.br\\\/canaldana\\\/2019\\\/08\\\/13\\\/fgv-realiza-seminario-sobre-logistica-urbana-em-sao-paulo\\\/#breadcrumb\",\"itemListElement\":[{\"@type\":\"ListItem\",\"position\":1,\"name\":\"Home\",\"item\":\"https:\\\/\\\/dana.com.br\\\/canaldana\\\/\"},{\"@type\":\"ListItem\",\"position\":2,\"name\":\"Eventos\",\"item\":\"https:\\\/\\\/dana.com.br\\\/canaldana\\\/eventos\\\/\"},{\"@type\":\"ListItem\",\"position\":3,\"name\":\"FGV realiza semin\u00e1rio sobre Log\u00edstica urbana em S\u00e3o Paulo\"}]},{\"@type\":\"WebSite\",\"@id\":\"https:\\\/\\\/dana.com.br\\\/canaldana\\\/#website\",\"url\":\"https:\\\/\\\/dana.com.br\\\/canaldana\\\/\",\"name\":\"Canal Dana\",\"description\":\"Informativo com as principais not\u00edcias da ind\u00fastria automotiva\",\"potentialAction\":[{\"@type\":\"SearchAction\",\"target\":{\"@type\":\"EntryPoint\",\"urlTemplate\":\"https:\\\/\\\/dana.com.br\\\/canaldana\\\/?s={search_term_string}\"},\"query-input\":{\"@type\":\"PropertyValueSpecification\",\"valueRequired\":true,\"valueName\":\"search_term_string\"}}],\"inLanguage\":\"pt-BR\"},{\"@type\":\"Person\",\"@id\":\"https:\\\/\\\/dana.com.br\\\/canaldana\\\/#\\\/schema\\\/person\\\/3c21f22f56fcf3bc46b94bc60ea4fef6\",\"name\":\"Canal Dana\",\"image\":{\"@type\":\"ImageObject\",\"inLanguage\":\"pt-BR\",\"@id\":\"https:\\\/\\\/secure.gravatar.com\\\/avatar\\\/420aaf9278582877d9018637c6817617705899d2858d7572ef0fe59a6b6454b4?s=96&d=mm&r=g\",\"url\":\"https:\\\/\\\/secure.gravatar.com\\\/avatar\\\/420aaf9278582877d9018637c6817617705899d2858d7572ef0fe59a6b6454b4?s=96&d=mm&r=g\",\"contentUrl\":\"https:\\\/\\\/secure.gravatar.com\\\/avatar\\\/420aaf9278582877d9018637c6817617705899d2858d7572ef0fe59a6b6454b4?s=96&d=mm&r=g\",\"caption\":\"Canal Dana\"},\"url\":\"https:\\\/\\\/dana.com.br\\\/canaldana\\\/author\\\/cdeditor\\\/\"}]}<\/script>\n<!-- \/ Yoast SEO plugin. -->","yoast_head_json":{"title":"FGV realiza semin\u00e1rio sobre Log\u00edstica urbana em S\u00e3o Paulo - Canal Dana","robots":{"index":"index","follow":"follow","max-snippet":"max-snippet:-1","max-image-preview":"max-image-preview:large","max-video-preview":"max-video-preview:-1"},"canonical":"https:\/\/dana.com.br\/canaldana\/2019\/08\/13\/fgv-realiza-seminario-sobre-logistica-urbana-em-sao-paulo\/","og_locale":"pt_BR","og_type":"article","og_title":"FGV realiza semin\u00e1rio sobre Log\u00edstica urbana em S\u00e3o Paulo - Canal Dana","og_description":"Frota &amp; Cia &nbsp; A Funda\u00e7\u00e3o Get\u00falio Vargas realizar\u00e1 na quinta-feira (22), o 1\u00ba Summit (Des)Construindo a Log\u00edstica urbana. Assim, o evento tem como objetivo debater t\u00f3picos voltados aos desafios do setor log\u00edsticos em grandes centros urbanos. O conte\u00fado ser\u00e1 dividido em tr\u00eas t\u00f3picos: uso da tecnologia, novas solu\u00e7\u00f5es log\u00edsticas e colabora\u00e7\u00e3o entre atores (stakeholders).\u2026 Leia mais \u00bb","og_url":"https:\/\/dana.com.br\/canaldana\/2019\/08\/13\/fgv-realiza-seminario-sobre-logistica-urbana-em-sao-paulo\/","og_site_name":"Canal Dana","article_published_time":"2019-08-13T11:07:09+00:00","author":"Canal Dana","twitter_card":"summary_large_image","twitter_misc":{"Escrito por":"Canal Dana","Est. tempo de leitura":"1 minuto"},"schema":{"@context":"https:\/\/schema.org","@graph":[{"@type":"Article","@id":"https:\/\/dana.com.br\/canaldana\/2019\/08\/13\/fgv-realiza-seminario-sobre-logistica-urbana-em-sao-paulo\/#article","isPartOf":{"@id":"https:\/\/dana.com.br\/canaldana\/2019\/08\/13\/fgv-realiza-seminario-sobre-logistica-urbana-em-sao-paulo\/"},"author":{"name":"Canal Dana","@id":"https:\/\/dana.com.br\/canaldana\/#\/schema\/person\/3c21f22f56fcf3bc46b94bc60ea4fef6"},"headline":"FGV realiza semin\u00e1rio sobre Log\u00edstica urbana em S\u00e3o Paulo","datePublished":"2019-08-13T11:07:09+00:00","mainEntityOfPage":{"@id":"https:\/\/dana.com.br\/canaldana\/2019\/08\/13\/fgv-realiza-seminario-sobre-logistica-urbana-em-sao-paulo\/"},"wordCount":247,"articleSection":["Eventos"],"inLanguage":"pt-BR"},{"@type":"WebPage","@id":"https:\/\/dana.com.br\/canaldana\/2019\/08\/13\/fgv-realiza-seminario-sobre-logistica-urbana-em-sao-paulo\/","url":"https:\/\/dana.com.br\/canaldana\/2019\/08\/13\/fgv-realiza-seminario-sobre-logistica-urbana-em-sao-paulo\/","name":"FGV realiza semin\u00e1rio sobre Log\u00edstica urbana em S\u00e3o Paulo - Canal Dana","isPartOf":{"@id":"https:\/\/dana.com.br\/canaldana\/#website"},"datePublished":"2019-08-13T11:07:09+00:00","author":{"@id":"https:\/\/dana.com.br\/canaldana\/#\/schema\/person\/3c21f22f56fcf3bc46b94bc60ea4fef6"},"breadcrumb":{"@id":"https:\/\/dana.com.br\/canaldana\/2019\/08\/13\/fgv-realiza-seminario-sobre-logistica-urbana-em-sao-paulo\/#breadcrumb"},"inLanguage":"pt-BR","potentialAction":[{"@type":"ReadAction","target":["https:\/\/dana.com.br\/canaldana\/2019\/08\/13\/fgv-realiza-seminario-sobre-logistica-urbana-em-sao-paulo\/"]}]},{"@type":"BreadcrumbList","@id":"https:\/\/dana.com.br\/canaldana\/2019\/08\/13\/fgv-realiza-seminario-sobre-logistica-urbana-em-sao-paulo\/#breadcrumb","itemListElement":[{"@type":"ListItem","position":1,"name":"Home","item":"https:\/\/dana.com.br\/canaldana\/"},{"@type":"ListItem","position":2,"name":"Eventos","item":"https:\/\/dana.com.br\/canaldana\/eventos\/"},{"@type":"ListItem","position":3,"name":"FGV realiza semin\u00e1rio sobre Log\u00edstica urbana em S\u00e3o Paulo"}]},{"@type":"WebSite","@id":"https:\/\/dana.com.br\/canaldana\/#website","url":"https:\/\/dana.com.br\/canaldana\/","name":"Canal Dana","description":"Informativo com as principais not\u00edcias da ind\u00fastria automotiva","potentialAction":[{"@type":"SearchAction","target":{"@type":"EntryPoint","urlTemplate":"https:\/\/dana.com.br\/canaldana\/?s={search_term_string}"},"query-input":{"@type":"PropertyValueSpecification","valueRequired":true,"valueName":"search_term_string"}}],"inLanguage":"pt-BR"},{"@type":"Person","@id":"https:\/\/dana.com.br\/canaldana\/#\/schema\/person\/3c21f22f56fcf3bc46b94bc60ea4fef6","name":"Canal Dana","image":{"@type":"ImageObject","inLanguage":"pt-BR","@id":"https:\/\/secure.gravatar.com\/avatar\/420aaf9278582877d9018637c6817617705899d2858d7572ef0fe59a6b6454b4?s=96&d=mm&r=g","url":"https:\/\/secure.gravatar.com\/avatar\/420aaf9278582877d9018637c6817617705899d2858d7572ef0fe59a6b6454b4?s=96&d=mm&r=g","contentUrl":"https:\/\/secure.gravatar.com\/avatar\/420aaf9278582877d9018637c6817617705899d2858d7572ef0fe59a6b6454b4?s=96&d=mm&r=g","caption":"Canal Dana"},"url":"https:\/\/dana.com.br\/canaldana\/author\/cdeditor\/"}]}},"_links":{"self":[{"href":"https:\/\/dana.com.br\/canaldana\/wp-json\/wp\/v2\/posts\/36433","targetHints":{"allow":["GET"]}}],"collection":[{"href":"https:\/\/dana.com.br\/canaldana\/wp-json\/wp\/v2\/posts"}],"about":[{"href":"https:\/\/dana.com.br\/canaldana\/wp-json\/wp\/v2\/types\/post"}],"author":[{"embeddable":true,"href":"https:\/\/dana.com.br\/canaldana\/wp-json\/wp\/v2\/users\/3"}],"replies":[{"embeddable":true,"href":"https:\/\/dana.com.br\/canaldana\/wp-json\/wp\/v2\/comments?post=36433"}],"version-history":[{"count":0,"href":"https:\/\/dana.com.br\/canaldana\/wp-json\/wp\/v2\/posts\/36433\/revisions"}],"wp:attachment":[{"href":"https:\/\/dana.com.br\/canaldana\/wp-json\/wp\/v2\/media?parent=36433"}],"wp:term":[{"taxonomy":"category","embeddable":true,"href":"https:\/\/dana.com.br\/canaldana\/wp-json\/wp\/v2\/categories?post=36433"},{"taxonomy":"post_tag","embeddable":true,"href":"https:\/\/dana.com.br\/canaldana\/wp-json\/wp\/v2\/tags?post=36433"}],"curies":[{"name":"wp","href":"https:\/\/api.w.org\/{rel}","templated":true}]}}