{"id":36184,"date":"2019-08-01T08:15:38","date_gmt":"2019-08-01T11:15:38","guid":{"rendered":"https:\/\/dana.com.br\/canaldana\/?p=36184"},"modified":"2019-08-01T08:15:38","modified_gmt":"2019-08-01T11:15:38","slug":"por-unanimidade-bc-reduz-taxa-basica-de-juros-para-6-e-sinaliza-novos-cortes","status":"publish","type":"post","link":"https:\/\/dana.com.br\/canaldana\/2019\/08\/01\/por-unanimidade-bc-reduz-taxa-basica-de-juros-para-6-e-sinaliza-novos-cortes\/","title":{"rendered":"Por unanimidade, BC reduz taxa b\u00e1sica de juros para 6% e sinaliza novos cortes"},"content":{"rendered":"<p><em>O Estado de S. Paulo <\/em><\/p>\n<p>&nbsp;<\/p>\n<p>Ap\u00f3s 16 meses de juros estacionados, o Banco Central decidiu ontem cortar em 0,50 ponto porcentual a Selic (a taxa b\u00e1sica da economia), de 6,50% para 6% ao ano.<\/p>\n<p>&nbsp;<\/p>\n<p>A decis\u00e3o, que d\u00e1 in\u00edcio a um novo ciclo de baixa para os juros no Brasil, surge em um ambiente de fraqueza da economia, infla\u00e7\u00e3o controlada e aprova\u00e7\u00e3o da reforma da Previd\u00eancia em primeiro turno na C\u00e2mara. A Selic est\u00e1 agora em um novo piso da s\u00e9rie hist\u00f3rica, iniciada em junho de 1996, mas o BC passou indica\u00e7\u00f5es de que mais cortes est\u00e3o a caminho.<\/p>\n<p>&nbsp;<\/p>\n<p>O an\u00fancio foi comemorado pelo presidente Jair Bolsonaro. Segundo o porta-voz da Presid\u00eancia, Ot\u00e1vio R\u00eago Barros, Bolsonaro est\u00e1 \u201cbastante satisfeito\u201d. \u201cO presidente vem advogando, j\u00e1 de algum tempo, que isso (redu\u00e7\u00e3o da Selic) seria muito interessante para a economia\u201d, disse R\u00eago Barros.<\/p>\n<p>&nbsp;<\/p>\n<p>Apesar da redu\u00e7\u00e3o, o juro real brasileiro (descontada a infla\u00e7\u00e3o) ainda \u00e9 o oitavo maior do mundo. Est\u00e1 em 1,63%, conforme o site MoneYou e a Infinity Asset Management. No topo, est\u00e3o Argentina (5,23%), M\u00e9xico (3,84%) e Indon\u00e9sia (3,35%).<\/p>\n<p>&nbsp;<\/p>\n<p>A redu\u00e7\u00e3o dos juros era largamente esperada pelo mercado. A grande d\u00favida girava em torno da magnitude: 0,25 ou 0,50 ponto porcentual. Ao justificar a decis\u00e3o mais arrojada, o Comit\u00ea de Pol\u00edtica Monet\u00e1ria (Copom) afirmou que a evolu\u00e7\u00e3o do cen\u00e1rio e do balan\u00e7o de riscos para a infla\u00e7\u00e3o levou ao corte.<\/p>\n<p>&nbsp;<\/p>\n<p>Para o BC, os indicadores de atividade econ\u00f4mica sugerem \u201cpossibilidade do processo de recupera\u00e7\u00e3o da economia\u201d, mas em ritmo gradual. Ao mesmo tempo, o BC avaliou que o cen\u00e1rio externo \u201cmostra-se benigno\u201d, ap\u00f3s mudan\u00e7as na pol\u00edtica monet\u00e1ria nas principais economias. Na tarde de ontem, antes mesmo da decis\u00e3o do Copom, o Federal Reserve (Fed, o banco central americano) cortou seus juros em 0,25 ponto porcentual, para a faixa de 2,0% a 2,25%.<\/p>\n<p>&nbsp;<\/p>\n<p>A infla\u00e7\u00e3o brasileira tamb\u00e9m est\u00e1 controlada, na vis\u00e3o do BC. As proje\u00e7\u00f5es para o IPCA \u2013 o \u00edndice oficial de pre\u00e7os \u2013 em 2019 e 2020 permaneceram em 3,6% e 3,9%, respectivamente. Abaixo, portanto, do centro da meta de 4,25% este ano e 4,00% no pr\u00f3ximo. A \u201cconsolida\u00e7\u00e3o do cen\u00e1rio benigno\u201d para os pre\u00e7os dever\u00e1 permitir \u201credu\u00e7\u00f5es adicionais\u201d da taxa b\u00e1sica, afirmou a institui\u00e7\u00e3o em comunicado. O BC indicou tamb\u00e9m que a frustra\u00e7\u00e3o com o andamento da reforma da Previd\u00eancia ainda \u00e9 o principal risco para a infla\u00e7\u00e3o.<\/p>\n<p>&nbsp;<\/p>\n<p>Para o economista Marcos Ross, da XP Investimentos, o BC tende a promover mais dois cortes de 0,50 ponto porcentual nas pr\u00f3ximas reuni\u00f5es. \u201cA infla\u00e7\u00e3o est\u00e1 comportada, o BC v\u00ea possibilidade de retomada da economia ainda muito gradual, o que sugere que precisaria de certo est\u00edmulo\u201d. (O Estado de S. Paulo\/Fabr\u00edcio de Castro, Eduardo Rodrigues, Juliana Linder, Andr\u00e9 \u00cdtalo Rocha e Francisco de Assis)<\/p>\n","protected":false},"excerpt":{"rendered":"<p>O Estado de S. Paulo &nbsp; Ap\u00f3s 16 meses de juros estacionados, o Banco Central decidiu ontem cortar em 0,50 ponto porcentual a Selic (a taxa b\u00e1sica da economia), de 6,50% para 6% ao ano. &nbsp; A decis\u00e3o, que d\u00e1 in\u00edcio a um novo ciclo de baixa para os juros no Brasil, surge em um\u2026 <a class=\"readmore\" href=\"https:\/\/dana.com.br\/canaldana\/2019\/08\/01\/por-unanimidade-bc-reduz-taxa-basica-de-juros-para-6-e-sinaliza-novos-cortes\/\">Leia mais \u00bb<\/a><\/p>\n","protected":false},"author":3,"featured_media":0,"comment_status":"closed","ping_status":"closed","sticky":false,"template":"","format":"standard","meta":{"_acf_changed":false,"footnotes":""},"categories":[61],"tags":[],"class_list":["post-36184","post","type-post","status-publish","format-standard","hentry","category-destaques"],"acf":[],"yoast_head":"<!-- This site is optimized with the Yoast SEO plugin v27.3 - https:\/\/yoast.com\/product\/yoast-seo-wordpress\/ -->\n<title>Por unanimidade, BC reduz taxa b\u00e1sica de juros para 6% e sinaliza novos cortes - Canal Dana<\/title>\n<meta name=\"robots\" content=\"index, follow, max-snippet:-1, max-image-preview:large, max-video-preview:-1\" \/>\n<link rel=\"canonical\" href=\"https:\/\/dana.com.br\/canaldana\/2019\/08\/01\/por-unanimidade-bc-reduz-taxa-basica-de-juros-para-6-e-sinaliza-novos-cortes\/\" \/>\n<meta property=\"og:locale\" content=\"pt_BR\" \/>\n<meta property=\"og:type\" content=\"article\" \/>\n<meta property=\"og:title\" content=\"Por unanimidade, BC reduz taxa b\u00e1sica de juros para 6% e sinaliza novos cortes - Canal Dana\" \/>\n<meta property=\"og:description\" content=\"O Estado de S. Paulo &nbsp; Ap\u00f3s 16 meses de juros estacionados, o Banco Central decidiu ontem cortar em 0,50 ponto porcentual a Selic (a taxa b\u00e1sica da economia), de 6,50% para 6% ao ano. &nbsp; A decis\u00e3o, que d\u00e1 in\u00edcio a um novo ciclo de baixa para os juros no Brasil, surge em um\u2026 Leia mais \u00bb\" \/>\n<meta property=\"og:url\" content=\"https:\/\/dana.com.br\/canaldana\/2019\/08\/01\/por-unanimidade-bc-reduz-taxa-basica-de-juros-para-6-e-sinaliza-novos-cortes\/\" \/>\n<meta property=\"og:site_name\" content=\"Canal Dana\" \/>\n<meta property=\"article:published_time\" content=\"2019-08-01T11:15:38+00:00\" \/>\n<meta name=\"author\" content=\"Canal Dana\" \/>\n<meta name=\"twitter:card\" content=\"summary_large_image\" \/>\n<meta name=\"twitter:label1\" content=\"Escrito por\" \/>\n\t<meta name=\"twitter:data1\" content=\"Canal Dana\" \/>\n\t<meta name=\"twitter:label2\" content=\"Est. tempo de leitura\" \/>\n\t<meta name=\"twitter:data2\" content=\"3 minutos\" \/>\n<script type=\"application\/ld+json\" class=\"yoast-schema-graph\">{\"@context\":\"https:\\\/\\\/schema.org\",\"@graph\":[{\"@type\":\"Article\",\"@id\":\"https:\\\/\\\/dana.com.br\\\/canaldana\\\/2019\\\/08\\\/01\\\/por-unanimidade-bc-reduz-taxa-basica-de-juros-para-6-e-sinaliza-novos-cortes\\\/#article\",\"isPartOf\":{\"@id\":\"https:\\\/\\\/dana.com.br\\\/canaldana\\\/2019\\\/08\\\/01\\\/por-unanimidade-bc-reduz-taxa-basica-de-juros-para-6-e-sinaliza-novos-cortes\\\/\"},\"author\":{\"name\":\"Canal Dana\",\"@id\":\"https:\\\/\\\/dana.com.br\\\/canaldana\\\/#\\\/schema\\\/person\\\/3c21f22f56fcf3bc46b94bc60ea4fef6\"},\"headline\":\"Por unanimidade, BC reduz taxa b\u00e1sica de juros para 6% e sinaliza novos cortes\",\"datePublished\":\"2019-08-01T11:15:38+00:00\",\"mainEntityOfPage\":{\"@id\":\"https:\\\/\\\/dana.com.br\\\/canaldana\\\/2019\\\/08\\\/01\\\/por-unanimidade-bc-reduz-taxa-basica-de-juros-para-6-e-sinaliza-novos-cortes\\\/\"},\"wordCount\":514,\"articleSection\":[\"Destaques\"],\"inLanguage\":\"pt-BR\"},{\"@type\":\"WebPage\",\"@id\":\"https:\\\/\\\/dana.com.br\\\/canaldana\\\/2019\\\/08\\\/01\\\/por-unanimidade-bc-reduz-taxa-basica-de-juros-para-6-e-sinaliza-novos-cortes\\\/\",\"url\":\"https:\\\/\\\/dana.com.br\\\/canaldana\\\/2019\\\/08\\\/01\\\/por-unanimidade-bc-reduz-taxa-basica-de-juros-para-6-e-sinaliza-novos-cortes\\\/\",\"name\":\"Por unanimidade, BC reduz taxa b\u00e1sica de juros para 6% e sinaliza novos cortes - Canal Dana\",\"isPartOf\":{\"@id\":\"https:\\\/\\\/dana.com.br\\\/canaldana\\\/#website\"},\"datePublished\":\"2019-08-01T11:15:38+00:00\",\"author\":{\"@id\":\"https:\\\/\\\/dana.com.br\\\/canaldana\\\/#\\\/schema\\\/person\\\/3c21f22f56fcf3bc46b94bc60ea4fef6\"},\"breadcrumb\":{\"@id\":\"https:\\\/\\\/dana.com.br\\\/canaldana\\\/2019\\\/08\\\/01\\\/por-unanimidade-bc-reduz-taxa-basica-de-juros-para-6-e-sinaliza-novos-cortes\\\/#breadcrumb\"},\"inLanguage\":\"pt-BR\",\"potentialAction\":[{\"@type\":\"ReadAction\",\"target\":[\"https:\\\/\\\/dana.com.br\\\/canaldana\\\/2019\\\/08\\\/01\\\/por-unanimidade-bc-reduz-taxa-basica-de-juros-para-6-e-sinaliza-novos-cortes\\\/\"]}]},{\"@type\":\"BreadcrumbList\",\"@id\":\"https:\\\/\\\/dana.com.br\\\/canaldana\\\/2019\\\/08\\\/01\\\/por-unanimidade-bc-reduz-taxa-basica-de-juros-para-6-e-sinaliza-novos-cortes\\\/#breadcrumb\",\"itemListElement\":[{\"@type\":\"ListItem\",\"position\":1,\"name\":\"Home\",\"item\":\"https:\\\/\\\/dana.com.br\\\/canaldana\\\/\"},{\"@type\":\"ListItem\",\"position\":2,\"name\":\"Destaques\",\"item\":\"https:\\\/\\\/dana.com.br\\\/canaldana\\\/destaques\\\/\"},{\"@type\":\"ListItem\",\"position\":3,\"name\":\"Por unanimidade, BC reduz taxa b\u00e1sica de juros para 6% e sinaliza novos cortes\"}]},{\"@type\":\"WebSite\",\"@id\":\"https:\\\/\\\/dana.com.br\\\/canaldana\\\/#website\",\"url\":\"https:\\\/\\\/dana.com.br\\\/canaldana\\\/\",\"name\":\"Canal Dana\",\"description\":\"Informativo com as principais not\u00edcias da ind\u00fastria automotiva\",\"potentialAction\":[{\"@type\":\"SearchAction\",\"target\":{\"@type\":\"EntryPoint\",\"urlTemplate\":\"https:\\\/\\\/dana.com.br\\\/canaldana\\\/?s={search_term_string}\"},\"query-input\":{\"@type\":\"PropertyValueSpecification\",\"valueRequired\":true,\"valueName\":\"search_term_string\"}}],\"inLanguage\":\"pt-BR\"},{\"@type\":\"Person\",\"@id\":\"https:\\\/\\\/dana.com.br\\\/canaldana\\\/#\\\/schema\\\/person\\\/3c21f22f56fcf3bc46b94bc60ea4fef6\",\"name\":\"Canal Dana\",\"image\":{\"@type\":\"ImageObject\",\"inLanguage\":\"pt-BR\",\"@id\":\"https:\\\/\\\/secure.gravatar.com\\\/avatar\\\/420aaf9278582877d9018637c6817617705899d2858d7572ef0fe59a6b6454b4?s=96&d=mm&r=g\",\"url\":\"https:\\\/\\\/secure.gravatar.com\\\/avatar\\\/420aaf9278582877d9018637c6817617705899d2858d7572ef0fe59a6b6454b4?s=96&d=mm&r=g\",\"contentUrl\":\"https:\\\/\\\/secure.gravatar.com\\\/avatar\\\/420aaf9278582877d9018637c6817617705899d2858d7572ef0fe59a6b6454b4?s=96&d=mm&r=g\",\"caption\":\"Canal Dana\"},\"url\":\"https:\\\/\\\/dana.com.br\\\/canaldana\\\/author\\\/cdeditor\\\/\"}]}<\/script>\n<!-- \/ Yoast SEO plugin. -->","yoast_head_json":{"title":"Por unanimidade, BC reduz taxa b\u00e1sica de juros para 6% e sinaliza novos cortes - Canal Dana","robots":{"index":"index","follow":"follow","max-snippet":"max-snippet:-1","max-image-preview":"max-image-preview:large","max-video-preview":"max-video-preview:-1"},"canonical":"https:\/\/dana.com.br\/canaldana\/2019\/08\/01\/por-unanimidade-bc-reduz-taxa-basica-de-juros-para-6-e-sinaliza-novos-cortes\/","og_locale":"pt_BR","og_type":"article","og_title":"Por unanimidade, BC reduz taxa b\u00e1sica de juros para 6% e sinaliza novos cortes - Canal Dana","og_description":"O Estado de S. Paulo &nbsp; Ap\u00f3s 16 meses de juros estacionados, o Banco Central decidiu ontem cortar em 0,50 ponto porcentual a Selic (a taxa b\u00e1sica da economia), de 6,50% para 6% ao ano. &nbsp; A decis\u00e3o, que d\u00e1 in\u00edcio a um novo ciclo de baixa para os juros no Brasil, surge em um\u2026 Leia mais \u00bb","og_url":"https:\/\/dana.com.br\/canaldana\/2019\/08\/01\/por-unanimidade-bc-reduz-taxa-basica-de-juros-para-6-e-sinaliza-novos-cortes\/","og_site_name":"Canal Dana","article_published_time":"2019-08-01T11:15:38+00:00","author":"Canal Dana","twitter_card":"summary_large_image","twitter_misc":{"Escrito por":"Canal Dana","Est. tempo de leitura":"3 minutos"},"schema":{"@context":"https:\/\/schema.org","@graph":[{"@type":"Article","@id":"https:\/\/dana.com.br\/canaldana\/2019\/08\/01\/por-unanimidade-bc-reduz-taxa-basica-de-juros-para-6-e-sinaliza-novos-cortes\/#article","isPartOf":{"@id":"https:\/\/dana.com.br\/canaldana\/2019\/08\/01\/por-unanimidade-bc-reduz-taxa-basica-de-juros-para-6-e-sinaliza-novos-cortes\/"},"author":{"name":"Canal Dana","@id":"https:\/\/dana.com.br\/canaldana\/#\/schema\/person\/3c21f22f56fcf3bc46b94bc60ea4fef6"},"headline":"Por unanimidade, BC reduz taxa b\u00e1sica de juros para 6% e sinaliza novos cortes","datePublished":"2019-08-01T11:15:38+00:00","mainEntityOfPage":{"@id":"https:\/\/dana.com.br\/canaldana\/2019\/08\/01\/por-unanimidade-bc-reduz-taxa-basica-de-juros-para-6-e-sinaliza-novos-cortes\/"},"wordCount":514,"articleSection":["Destaques"],"inLanguage":"pt-BR"},{"@type":"WebPage","@id":"https:\/\/dana.com.br\/canaldana\/2019\/08\/01\/por-unanimidade-bc-reduz-taxa-basica-de-juros-para-6-e-sinaliza-novos-cortes\/","url":"https:\/\/dana.com.br\/canaldana\/2019\/08\/01\/por-unanimidade-bc-reduz-taxa-basica-de-juros-para-6-e-sinaliza-novos-cortes\/","name":"Por unanimidade, BC reduz taxa b\u00e1sica de juros para 6% e sinaliza novos cortes - Canal Dana","isPartOf":{"@id":"https:\/\/dana.com.br\/canaldana\/#website"},"datePublished":"2019-08-01T11:15:38+00:00","author":{"@id":"https:\/\/dana.com.br\/canaldana\/#\/schema\/person\/3c21f22f56fcf3bc46b94bc60ea4fef6"},"breadcrumb":{"@id":"https:\/\/dana.com.br\/canaldana\/2019\/08\/01\/por-unanimidade-bc-reduz-taxa-basica-de-juros-para-6-e-sinaliza-novos-cortes\/#breadcrumb"},"inLanguage":"pt-BR","potentialAction":[{"@type":"ReadAction","target":["https:\/\/dana.com.br\/canaldana\/2019\/08\/01\/por-unanimidade-bc-reduz-taxa-basica-de-juros-para-6-e-sinaliza-novos-cortes\/"]}]},{"@type":"BreadcrumbList","@id":"https:\/\/dana.com.br\/canaldana\/2019\/08\/01\/por-unanimidade-bc-reduz-taxa-basica-de-juros-para-6-e-sinaliza-novos-cortes\/#breadcrumb","itemListElement":[{"@type":"ListItem","position":1,"name":"Home","item":"https:\/\/dana.com.br\/canaldana\/"},{"@type":"ListItem","position":2,"name":"Destaques","item":"https:\/\/dana.com.br\/canaldana\/destaques\/"},{"@type":"ListItem","position":3,"name":"Por unanimidade, BC reduz taxa b\u00e1sica de juros para 6% e sinaliza novos cortes"}]},{"@type":"WebSite","@id":"https:\/\/dana.com.br\/canaldana\/#website","url":"https:\/\/dana.com.br\/canaldana\/","name":"Canal Dana","description":"Informativo com as principais not\u00edcias da ind\u00fastria automotiva","potentialAction":[{"@type":"SearchAction","target":{"@type":"EntryPoint","urlTemplate":"https:\/\/dana.com.br\/canaldana\/?s={search_term_string}"},"query-input":{"@type":"PropertyValueSpecification","valueRequired":true,"valueName":"search_term_string"}}],"inLanguage":"pt-BR"},{"@type":"Person","@id":"https:\/\/dana.com.br\/canaldana\/#\/schema\/person\/3c21f22f56fcf3bc46b94bc60ea4fef6","name":"Canal Dana","image":{"@type":"ImageObject","inLanguage":"pt-BR","@id":"https:\/\/secure.gravatar.com\/avatar\/420aaf9278582877d9018637c6817617705899d2858d7572ef0fe59a6b6454b4?s=96&d=mm&r=g","url":"https:\/\/secure.gravatar.com\/avatar\/420aaf9278582877d9018637c6817617705899d2858d7572ef0fe59a6b6454b4?s=96&d=mm&r=g","contentUrl":"https:\/\/secure.gravatar.com\/avatar\/420aaf9278582877d9018637c6817617705899d2858d7572ef0fe59a6b6454b4?s=96&d=mm&r=g","caption":"Canal Dana"},"url":"https:\/\/dana.com.br\/canaldana\/author\/cdeditor\/"}]}},"_links":{"self":[{"href":"https:\/\/dana.com.br\/canaldana\/wp-json\/wp\/v2\/posts\/36184","targetHints":{"allow":["GET"]}}],"collection":[{"href":"https:\/\/dana.com.br\/canaldana\/wp-json\/wp\/v2\/posts"}],"about":[{"href":"https:\/\/dana.com.br\/canaldana\/wp-json\/wp\/v2\/types\/post"}],"author":[{"embeddable":true,"href":"https:\/\/dana.com.br\/canaldana\/wp-json\/wp\/v2\/users\/3"}],"replies":[{"embeddable":true,"href":"https:\/\/dana.com.br\/canaldana\/wp-json\/wp\/v2\/comments?post=36184"}],"version-history":[{"count":0,"href":"https:\/\/dana.com.br\/canaldana\/wp-json\/wp\/v2\/posts\/36184\/revisions"}],"wp:attachment":[{"href":"https:\/\/dana.com.br\/canaldana\/wp-json\/wp\/v2\/media?parent=36184"}],"wp:term":[{"taxonomy":"category","embeddable":true,"href":"https:\/\/dana.com.br\/canaldana\/wp-json\/wp\/v2\/categories?post=36184"},{"taxonomy":"post_tag","embeddable":true,"href":"https:\/\/dana.com.br\/canaldana\/wp-json\/wp\/v2\/tags?post=36184"}],"curies":[{"name":"wp","href":"https:\/\/api.w.org\/{rel}","templated":true}]}}