{"id":36150,"date":"2019-07-31T09:07:23","date_gmt":"2019-07-31T12:07:23","guid":{"rendered":"https:\/\/dana.com.br\/canaldana\/?p=36150"},"modified":"2019-07-31T09:07:23","modified_gmt":"2019-07-31T12:07:23","slug":"grupo-traton-apura-crescimento-de-7-na-receita-do-primeiro-semestre","status":"publish","type":"post","link":"https:\/\/dana.com.br\/canaldana\/2019\/07\/31\/grupo-traton-apura-crescimento-de-7-na-receita-do-primeiro-semestre\/","title":{"rendered":"Grupo Traton apura crescimento de 7% na receita do primeiro semestre"},"content":{"rendered":"<p><em>AutoInd\u00fastria<\/em><\/p>\n<p>&nbsp;<\/p>\n<p>O Grupo Traton divulgou balan\u00e7o financeiro do primeiro semestre do ano com aumento na receita de 7%, para \u20ac 13,5 bilh\u00f5es ante \u20ac 12,6 bilh\u00f5es anotados no mesmo per\u00edodo do ano passado. Na primeira metade do ano, a empresa entregou 123,3 mil ve\u00edculos em todo o mundo, volume 10% superior ao registrado h\u00e1 um ano.<\/p>\n<p>&nbsp;<\/p>\n<p>Nos seis primeiros meses do ano, a companhia apurou lucro operacional acima de \u20ac 1 bilh\u00e3o, com acr\u00e9scimo de \u20ac 212 milh\u00f5es no resultado registrado h\u00e1 doze meses.<\/p>\n<p>&nbsp;<\/p>\n<p>Segundo o relat\u00f3rio apresentado, o crescimento anotado se deve \u00e0s condi\u00e7\u00f5es favor\u00e1veis dos mercados europeus, especialmente o da Alemanha, e do Brasil. A empresa, no entanto, atenta para o recuo de 6% nas encomendas de ve\u00edculos, atribu\u00eddo ao decl\u00ednio de pedidos de caminh\u00f5es em mercados como R\u00fassia, \u00cdndia e Turquia, al\u00e9m de menor demanda no segmento de \u00f4nibus em pa\u00edses como M\u00e9xico, Ir\u00e3 e Ar\u00e1bia Saudita.<\/p>\n<p>&nbsp;<\/p>\n<p>\u201cNosso IPO em junho demonstra que estamos alcan\u00e7ando nossos objetivos na TRATON. Olhando para a frente, avan\u00e7amos agora a todo o vapor com a implementa\u00e7\u00e3o de nossa estrat\u00e9gia Global Champion, alavancando mais sinergias em todo o grupo\u201d, destaca no comunicado Andreas Renschler, CEO do Grupo Traton e membro do conselho de administra\u00e7\u00e3o da Volkswagen. \u201cAo mesmo tempo, estamos mantendo um olhar muito atento na evolu\u00e7\u00e3o do mercado, a fim de ter flexibilidade para ajustar nossa produ\u00e7\u00e3o.\u201d<\/p>\n<p>&nbsp;<\/p>\n<p>Na receita apurada, \u20ac 13,3 bilh\u00f5es foram provenientes das vendas de ve\u00edculos e \u20ac 419 milh\u00f5es referentes a servi\u00e7os financeiros, o que inclui financiamentos, leasing e produtos seguros. A unidade de neg\u00f3cio gerou no per\u00edodo lucro operacional de \u20ac 70 milh\u00f5es contra \u20ac 65 milh\u00f5es alcan\u00e7ados no primeiro semestre do ano passado.<\/p>\n<p>&nbsp;<\/p>\n<p>Por marcas do grupo, a MAN entregou no primeiro semestre pouco mais de 54 mil unidades, alta de 10% na compara\u00e7\u00e3o com o volume de um ano atr\u00e1s. As vendas da fabricante contribu\u00edram com receita de \u20ac 5,5 bilh\u00f5es, 6% maior em rela\u00e7\u00e3o h\u00e1 um ano.<\/p>\n<p>&nbsp;<\/p>\n<p>A Scania anotou vendas de 51,5 mil ve\u00edculos nos seis primeiros meses, crescimento de 10% na mesma base de compara\u00e7\u00e3o. A receita no per\u00edodo alcan\u00e7ou \u20ac 7,1 bilh\u00f5es, 13% maior ao anotado um ano atr\u00e1s. Com isso, o lucro operacional da fabricante aumentou 34%, para \u20ac 828 milh\u00f5es. A companhia atribui o desempenho \u00e0 introdu\u00e7\u00e3o bem-sucedida da nova gera\u00e7\u00e3o de caminh\u00f5es da marca na Am\u00e9rica Latina e na \u00c1sia.<\/p>\n<p>&nbsp;<\/p>\n<p>A Volkswagen Caminh\u00f5es e \u00d4nibus apurou vendas de 18% maiores, para 20,4 mil ve\u00edculos no primeiro semestre do ano, com receita de \u20ac 860 milh\u00f5es ante \u20ac 674 milh\u00f5es registrados no mesmo per\u00edodo de 2018. O lucro operacional chegou a \u20ac 18 milh\u00f5es, \u20ac 5 milh\u00f5es a mais que o anotado nos seis primeiros meses do ano anterior. (AutoInd\u00fastria)<\/p>\n","protected":false},"excerpt":{"rendered":"<p>AutoInd\u00fastria &nbsp; O Grupo Traton divulgou balan\u00e7o financeiro do primeiro semestre do ano com aumento na receita de 7%, para \u20ac 13,5 bilh\u00f5es ante \u20ac 12,6 bilh\u00f5es anotados no mesmo per\u00edodo do ano passado. Na primeira metade do ano, a empresa entregou 123,3 mil ve\u00edculos em todo o mundo, volume 10% superior ao registrado h\u00e1\u2026 <a class=\"readmore\" href=\"https:\/\/dana.com.br\/canaldana\/2019\/07\/31\/grupo-traton-apura-crescimento-de-7-na-receita-do-primeiro-semestre\/\">Leia mais \u00bb<\/a><\/p>\n","protected":false},"author":3,"featured_media":0,"comment_status":"closed","ping_status":"closed","sticky":false,"template":"","format":"standard","meta":{"_acf_changed":false,"footnotes":""},"categories":[61],"tags":[],"class_list":["post-36150","post","type-post","status-publish","format-standard","hentry","category-destaques"],"acf":[],"yoast_head":"<!-- This site is optimized with the Yoast SEO plugin v27.3 - https:\/\/yoast.com\/product\/yoast-seo-wordpress\/ -->\n<title>Grupo Traton apura crescimento de 7% na receita do primeiro semestre - Canal Dana<\/title>\n<meta name=\"robots\" content=\"index, follow, max-snippet:-1, max-image-preview:large, max-video-preview:-1\" \/>\n<link rel=\"canonical\" href=\"https:\/\/dana.com.br\/canaldana\/2019\/07\/31\/grupo-traton-apura-crescimento-de-7-na-receita-do-primeiro-semestre\/\" \/>\n<meta property=\"og:locale\" content=\"pt_BR\" \/>\n<meta property=\"og:type\" content=\"article\" \/>\n<meta property=\"og:title\" content=\"Grupo Traton apura crescimento de 7% na receita do primeiro semestre - Canal Dana\" \/>\n<meta property=\"og:description\" content=\"AutoInd\u00fastria &nbsp; O Grupo Traton divulgou balan\u00e7o financeiro do primeiro semestre do ano com aumento na receita de 7%, para \u20ac 13,5 bilh\u00f5es ante \u20ac 12,6 bilh\u00f5es anotados no mesmo per\u00edodo do ano passado. Na primeira metade do ano, a empresa entregou 123,3 mil ve\u00edculos em todo o mundo, volume 10% superior ao registrado h\u00e1\u2026 Leia mais \u00bb\" \/>\n<meta property=\"og:url\" content=\"https:\/\/dana.com.br\/canaldana\/2019\/07\/31\/grupo-traton-apura-crescimento-de-7-na-receita-do-primeiro-semestre\/\" \/>\n<meta property=\"og:site_name\" content=\"Canal Dana\" \/>\n<meta property=\"article:published_time\" content=\"2019-07-31T12:07:23+00:00\" \/>\n<meta name=\"author\" content=\"Canal Dana\" \/>\n<meta name=\"twitter:card\" content=\"summary_large_image\" \/>\n<meta name=\"twitter:label1\" content=\"Escrito por\" \/>\n\t<meta name=\"twitter:data1\" content=\"Canal Dana\" \/>\n\t<meta name=\"twitter:label2\" content=\"Est. tempo de leitura\" \/>\n\t<meta name=\"twitter:data2\" content=\"2 minutos\" \/>\n<script type=\"application\/ld+json\" class=\"yoast-schema-graph\">{\"@context\":\"https:\\\/\\\/schema.org\",\"@graph\":[{\"@type\":\"Article\",\"@id\":\"https:\\\/\\\/dana.com.br\\\/canaldana\\\/2019\\\/07\\\/31\\\/grupo-traton-apura-crescimento-de-7-na-receita-do-primeiro-semestre\\\/#article\",\"isPartOf\":{\"@id\":\"https:\\\/\\\/dana.com.br\\\/canaldana\\\/2019\\\/07\\\/31\\\/grupo-traton-apura-crescimento-de-7-na-receita-do-primeiro-semestre\\\/\"},\"author\":{\"name\":\"Canal Dana\",\"@id\":\"https:\\\/\\\/dana.com.br\\\/canaldana\\\/#\\\/schema\\\/person\\\/3c21f22f56fcf3bc46b94bc60ea4fef6\"},\"headline\":\"Grupo Traton apura crescimento de 7% na receita do primeiro semestre\",\"datePublished\":\"2019-07-31T12:07:23+00:00\",\"mainEntityOfPage\":{\"@id\":\"https:\\\/\\\/dana.com.br\\\/canaldana\\\/2019\\\/07\\\/31\\\/grupo-traton-apura-crescimento-de-7-na-receita-do-primeiro-semestre\\\/\"},\"wordCount\":486,\"articleSection\":[\"Destaques\"],\"inLanguage\":\"pt-BR\"},{\"@type\":\"WebPage\",\"@id\":\"https:\\\/\\\/dana.com.br\\\/canaldana\\\/2019\\\/07\\\/31\\\/grupo-traton-apura-crescimento-de-7-na-receita-do-primeiro-semestre\\\/\",\"url\":\"https:\\\/\\\/dana.com.br\\\/canaldana\\\/2019\\\/07\\\/31\\\/grupo-traton-apura-crescimento-de-7-na-receita-do-primeiro-semestre\\\/\",\"name\":\"Grupo Traton apura crescimento de 7% na receita do primeiro semestre - Canal Dana\",\"isPartOf\":{\"@id\":\"https:\\\/\\\/dana.com.br\\\/canaldana\\\/#website\"},\"datePublished\":\"2019-07-31T12:07:23+00:00\",\"author\":{\"@id\":\"https:\\\/\\\/dana.com.br\\\/canaldana\\\/#\\\/schema\\\/person\\\/3c21f22f56fcf3bc46b94bc60ea4fef6\"},\"breadcrumb\":{\"@id\":\"https:\\\/\\\/dana.com.br\\\/canaldana\\\/2019\\\/07\\\/31\\\/grupo-traton-apura-crescimento-de-7-na-receita-do-primeiro-semestre\\\/#breadcrumb\"},\"inLanguage\":\"pt-BR\",\"potentialAction\":[{\"@type\":\"ReadAction\",\"target\":[\"https:\\\/\\\/dana.com.br\\\/canaldana\\\/2019\\\/07\\\/31\\\/grupo-traton-apura-crescimento-de-7-na-receita-do-primeiro-semestre\\\/\"]}]},{\"@type\":\"BreadcrumbList\",\"@id\":\"https:\\\/\\\/dana.com.br\\\/canaldana\\\/2019\\\/07\\\/31\\\/grupo-traton-apura-crescimento-de-7-na-receita-do-primeiro-semestre\\\/#breadcrumb\",\"itemListElement\":[{\"@type\":\"ListItem\",\"position\":1,\"name\":\"Home\",\"item\":\"https:\\\/\\\/dana.com.br\\\/canaldana\\\/\"},{\"@type\":\"ListItem\",\"position\":2,\"name\":\"Destaques\",\"item\":\"https:\\\/\\\/dana.com.br\\\/canaldana\\\/destaques\\\/\"},{\"@type\":\"ListItem\",\"position\":3,\"name\":\"Grupo Traton apura crescimento de 7% na receita do primeiro semestre\"}]},{\"@type\":\"WebSite\",\"@id\":\"https:\\\/\\\/dana.com.br\\\/canaldana\\\/#website\",\"url\":\"https:\\\/\\\/dana.com.br\\\/canaldana\\\/\",\"name\":\"Canal Dana\",\"description\":\"Informativo com as principais not\u00edcias da ind\u00fastria automotiva\",\"potentialAction\":[{\"@type\":\"SearchAction\",\"target\":{\"@type\":\"EntryPoint\",\"urlTemplate\":\"https:\\\/\\\/dana.com.br\\\/canaldana\\\/?s={search_term_string}\"},\"query-input\":{\"@type\":\"PropertyValueSpecification\",\"valueRequired\":true,\"valueName\":\"search_term_string\"}}],\"inLanguage\":\"pt-BR\"},{\"@type\":\"Person\",\"@id\":\"https:\\\/\\\/dana.com.br\\\/canaldana\\\/#\\\/schema\\\/person\\\/3c21f22f56fcf3bc46b94bc60ea4fef6\",\"name\":\"Canal Dana\",\"image\":{\"@type\":\"ImageObject\",\"inLanguage\":\"pt-BR\",\"@id\":\"https:\\\/\\\/secure.gravatar.com\\\/avatar\\\/420aaf9278582877d9018637c6817617705899d2858d7572ef0fe59a6b6454b4?s=96&d=mm&r=g\",\"url\":\"https:\\\/\\\/secure.gravatar.com\\\/avatar\\\/420aaf9278582877d9018637c6817617705899d2858d7572ef0fe59a6b6454b4?s=96&d=mm&r=g\",\"contentUrl\":\"https:\\\/\\\/secure.gravatar.com\\\/avatar\\\/420aaf9278582877d9018637c6817617705899d2858d7572ef0fe59a6b6454b4?s=96&d=mm&r=g\",\"caption\":\"Canal Dana\"},\"url\":\"https:\\\/\\\/dana.com.br\\\/canaldana\\\/author\\\/cdeditor\\\/\"}]}<\/script>\n<!-- \/ Yoast SEO plugin. -->","yoast_head_json":{"title":"Grupo Traton apura crescimento de 7% na receita do primeiro semestre - Canal Dana","robots":{"index":"index","follow":"follow","max-snippet":"max-snippet:-1","max-image-preview":"max-image-preview:large","max-video-preview":"max-video-preview:-1"},"canonical":"https:\/\/dana.com.br\/canaldana\/2019\/07\/31\/grupo-traton-apura-crescimento-de-7-na-receita-do-primeiro-semestre\/","og_locale":"pt_BR","og_type":"article","og_title":"Grupo Traton apura crescimento de 7% na receita do primeiro semestre - Canal Dana","og_description":"AutoInd\u00fastria &nbsp; O Grupo Traton divulgou balan\u00e7o financeiro do primeiro semestre do ano com aumento na receita de 7%, para \u20ac 13,5 bilh\u00f5es ante \u20ac 12,6 bilh\u00f5es anotados no mesmo per\u00edodo do ano passado. Na primeira metade do ano, a empresa entregou 123,3 mil ve\u00edculos em todo o mundo, volume 10% superior ao registrado h\u00e1\u2026 Leia mais \u00bb","og_url":"https:\/\/dana.com.br\/canaldana\/2019\/07\/31\/grupo-traton-apura-crescimento-de-7-na-receita-do-primeiro-semestre\/","og_site_name":"Canal Dana","article_published_time":"2019-07-31T12:07:23+00:00","author":"Canal Dana","twitter_card":"summary_large_image","twitter_misc":{"Escrito por":"Canal Dana","Est. tempo de leitura":"2 minutos"},"schema":{"@context":"https:\/\/schema.org","@graph":[{"@type":"Article","@id":"https:\/\/dana.com.br\/canaldana\/2019\/07\/31\/grupo-traton-apura-crescimento-de-7-na-receita-do-primeiro-semestre\/#article","isPartOf":{"@id":"https:\/\/dana.com.br\/canaldana\/2019\/07\/31\/grupo-traton-apura-crescimento-de-7-na-receita-do-primeiro-semestre\/"},"author":{"name":"Canal Dana","@id":"https:\/\/dana.com.br\/canaldana\/#\/schema\/person\/3c21f22f56fcf3bc46b94bc60ea4fef6"},"headline":"Grupo Traton apura crescimento de 7% na receita do primeiro semestre","datePublished":"2019-07-31T12:07:23+00:00","mainEntityOfPage":{"@id":"https:\/\/dana.com.br\/canaldana\/2019\/07\/31\/grupo-traton-apura-crescimento-de-7-na-receita-do-primeiro-semestre\/"},"wordCount":486,"articleSection":["Destaques"],"inLanguage":"pt-BR"},{"@type":"WebPage","@id":"https:\/\/dana.com.br\/canaldana\/2019\/07\/31\/grupo-traton-apura-crescimento-de-7-na-receita-do-primeiro-semestre\/","url":"https:\/\/dana.com.br\/canaldana\/2019\/07\/31\/grupo-traton-apura-crescimento-de-7-na-receita-do-primeiro-semestre\/","name":"Grupo Traton apura crescimento de 7% na receita do primeiro semestre - Canal Dana","isPartOf":{"@id":"https:\/\/dana.com.br\/canaldana\/#website"},"datePublished":"2019-07-31T12:07:23+00:00","author":{"@id":"https:\/\/dana.com.br\/canaldana\/#\/schema\/person\/3c21f22f56fcf3bc46b94bc60ea4fef6"},"breadcrumb":{"@id":"https:\/\/dana.com.br\/canaldana\/2019\/07\/31\/grupo-traton-apura-crescimento-de-7-na-receita-do-primeiro-semestre\/#breadcrumb"},"inLanguage":"pt-BR","potentialAction":[{"@type":"ReadAction","target":["https:\/\/dana.com.br\/canaldana\/2019\/07\/31\/grupo-traton-apura-crescimento-de-7-na-receita-do-primeiro-semestre\/"]}]},{"@type":"BreadcrumbList","@id":"https:\/\/dana.com.br\/canaldana\/2019\/07\/31\/grupo-traton-apura-crescimento-de-7-na-receita-do-primeiro-semestre\/#breadcrumb","itemListElement":[{"@type":"ListItem","position":1,"name":"Home","item":"https:\/\/dana.com.br\/canaldana\/"},{"@type":"ListItem","position":2,"name":"Destaques","item":"https:\/\/dana.com.br\/canaldana\/destaques\/"},{"@type":"ListItem","position":3,"name":"Grupo Traton apura crescimento de 7% na receita do primeiro semestre"}]},{"@type":"WebSite","@id":"https:\/\/dana.com.br\/canaldana\/#website","url":"https:\/\/dana.com.br\/canaldana\/","name":"Canal Dana","description":"Informativo com as principais not\u00edcias da ind\u00fastria automotiva","potentialAction":[{"@type":"SearchAction","target":{"@type":"EntryPoint","urlTemplate":"https:\/\/dana.com.br\/canaldana\/?s={search_term_string}"},"query-input":{"@type":"PropertyValueSpecification","valueRequired":true,"valueName":"search_term_string"}}],"inLanguage":"pt-BR"},{"@type":"Person","@id":"https:\/\/dana.com.br\/canaldana\/#\/schema\/person\/3c21f22f56fcf3bc46b94bc60ea4fef6","name":"Canal Dana","image":{"@type":"ImageObject","inLanguage":"pt-BR","@id":"https:\/\/secure.gravatar.com\/avatar\/420aaf9278582877d9018637c6817617705899d2858d7572ef0fe59a6b6454b4?s=96&d=mm&r=g","url":"https:\/\/secure.gravatar.com\/avatar\/420aaf9278582877d9018637c6817617705899d2858d7572ef0fe59a6b6454b4?s=96&d=mm&r=g","contentUrl":"https:\/\/secure.gravatar.com\/avatar\/420aaf9278582877d9018637c6817617705899d2858d7572ef0fe59a6b6454b4?s=96&d=mm&r=g","caption":"Canal Dana"},"url":"https:\/\/dana.com.br\/canaldana\/author\/cdeditor\/"}]}},"_links":{"self":[{"href":"https:\/\/dana.com.br\/canaldana\/wp-json\/wp\/v2\/posts\/36150","targetHints":{"allow":["GET"]}}],"collection":[{"href":"https:\/\/dana.com.br\/canaldana\/wp-json\/wp\/v2\/posts"}],"about":[{"href":"https:\/\/dana.com.br\/canaldana\/wp-json\/wp\/v2\/types\/post"}],"author":[{"embeddable":true,"href":"https:\/\/dana.com.br\/canaldana\/wp-json\/wp\/v2\/users\/3"}],"replies":[{"embeddable":true,"href":"https:\/\/dana.com.br\/canaldana\/wp-json\/wp\/v2\/comments?post=36150"}],"version-history":[{"count":0,"href":"https:\/\/dana.com.br\/canaldana\/wp-json\/wp\/v2\/posts\/36150\/revisions"}],"wp:attachment":[{"href":"https:\/\/dana.com.br\/canaldana\/wp-json\/wp\/v2\/media?parent=36150"}],"wp:term":[{"taxonomy":"category","embeddable":true,"href":"https:\/\/dana.com.br\/canaldana\/wp-json\/wp\/v2\/categories?post=36150"},{"taxonomy":"post_tag","embeddable":true,"href":"https:\/\/dana.com.br\/canaldana\/wp-json\/wp\/v2\/tags?post=36150"}],"curies":[{"name":"wp","href":"https:\/\/api.w.org\/{rel}","templated":true}]}}