{"id":36067,"date":"2019-07-29T08:30:07","date_gmt":"2019-07-29T11:30:07","guid":{"rendered":"https:\/\/dana.com.br\/canaldana\/?p=36067"},"modified":"2019-07-29T08:30:07","modified_gmt":"2019-07-29T11:30:07","slug":"a-crise-da-industria-paulista","status":"publish","type":"post","link":"https:\/\/dana.com.br\/canaldana\/2019\/07\/29\/a-crise-da-industria-paulista\/","title":{"rendered":"A crise da ind\u00fastria paulista"},"content":{"rendered":"<p><em>O Estado de S. Paulo<\/em><\/p>\n<p>&nbsp;<\/p>\n<p>Sob estat\u00edsticas que mostram a persist\u00eancia e a intensidade da crise da economia brasileira, por si mesmas assustadoras, acumulam-se dramas pessoais e familiares que comp\u00f5em uma trag\u00e9dia social. Estado mais desenvolvido do Pa\u00eds e que responde pela maior fatia da produ\u00e7\u00e3o industrial brasileira &#8211; mais de um ter\u00e7o do total -, S\u00e3o Paulo registra, neste ano, o maior n\u00famero de ind\u00fastrias fechadas em uma d\u00e9cada. As consequ\u00eancias n\u00e3o poderiam ser diferentes das que reportagem do Estado mostrou h\u00e1 pouco.<\/p>\n<p>&nbsp;<\/p>\n<p>Trabalhadores que, como fizeram diariamente nos \u00faltimos 10 ou 20 anos, sempre no mesmo emprego, chegaram para trabalhar numa segunda-feira e encontraram as portas da f\u00e1brica fechadas. Ali ficaram sabendo que, vendida havia algum tempo, a empresa simplesmente parara de funcionar, sem avisar seus empregados e muito menos acertar as contas.<\/p>\n<p>&nbsp;<\/p>\n<p>Sem baixa na carteira profissional, trabalhadores experientes n\u00e3o conseguem nova ocupa\u00e7\u00e3o porque, formalmente, ainda est\u00e3o empregados. Brasileiros que vieram para S\u00e3o Paulo de outras regi\u00f5es em busca de empregos melhores e, sobretudo, sal\u00e1rios mais altos veem sua situa\u00e7\u00e3o t\u00e3o ruim quanto a que deixaram na terra natal. Mas l\u00e1, lembra um deles, o aluguel \u00e9 mais barato.<\/p>\n<p>&nbsp;<\/p>\n<p>Em S\u00e3o Paulo, nos primeiros cinco meses do ano, 2.325 ind\u00fastrias de transforma\u00e7\u00e3o e extrativas fecharam suas portas. Pode se contrapor a esse n\u00famero o de empresas industriais abertas no mesmo per\u00edodo, de 4.491, o que sugere aumento da atividade do setor no Estado. Mas, quando se examinam outros dados, como o valor da produ\u00e7\u00e3o industrial e o n\u00famero de trabalhadores empregados, fica n\u00edtido que h\u00e1 uma crise s\u00e9ria. Emprega-se menos e produz-se menos.<\/p>\n<p>&nbsp;<\/p>\n<p>O aumento do n\u00famero de ind\u00fastrias pode ser explicado pelo fato de que muitos demitidos de ind\u00fastrias m\u00e9dias e grandes abriram sua pr\u00f3pria empresa, com capacidade produtiva e n\u00famero de empregados muito menores. \u00c9 a explica\u00e7\u00e3o dada por Caetano Bianco Neto, presidente do Sindicato da Ind\u00fastria de Cal\u00e7ados de Ja\u00fa, um importante centro produtor: quando fecha uma f\u00e1brica grande, surgem tr\u00eas ou quatro menores, algumas abertas por ex-funcion\u00e1rios, mas com pouca m\u00e3o de obra e produzindo bem menos.<\/p>\n<p>&nbsp;<\/p>\n<p>A crise da ind\u00fastria antecede a que, provocada pelos desmandos econ\u00f4mico-financeiros do governo Dilma Rousseff, afetou toda a economia brasileira. Esta se tornou clara a partir do segundo semestre de 2014 e se estendeu at\u00e9 o fim de 2016. A da ind\u00fastria come\u00e7ou nos primeiros meses de 2013, parecia ter arrefecido em 2017, mas se intensificou no ano passado. Al\u00e9m de mais longa, a crise da ind\u00fastria \u00e9 mais aguda do que a da economia em geral. Entre 2014 e 2018, por exemplo, enquanto o Produto Interno Bruto (PIB) brasileiro encolheu 4,2%, a produ\u00e7\u00e3o da ind\u00fastria de transforma\u00e7\u00e3o diminuiu 14,4%.<\/p>\n<p>&nbsp;<\/p>\n<p>A s\u00e9rie hist\u00f3rica da Pesquisa Industrial Mensal &#8211; Produ\u00e7\u00e3o F\u00edsica (PIM-PF) realizada mensalmente pelo Instituto Brasileiro de Geografia e Estat\u00edstica (IBGE) mostra que o pico da produ\u00e7\u00e3o da ind\u00fastria de transforma\u00e7\u00e3o do Pa\u00eds foi atingido em mar\u00e7o de 2011. Desse m\u00eas at\u00e9 fevereiro de 2016, quando a produ\u00e7\u00e3o atingiu seu ponto mais baixo at\u00e9 ent\u00e3o, a queda tinha sido de 23,2%. O pior \u00edndice da produ\u00e7\u00e3o da ind\u00fastria de transforma\u00e7\u00e3o em cerca de duas d\u00e9cadas foi registrado em junho do ano passado, como consequ\u00eancia da greve dos caminhoneiros no m\u00eas anterior. Essa queda acentuada contribuiu para interromper o que parecia ser uma tend\u00eancia firme de recupera\u00e7\u00e3o, pois, desde ent\u00e3o, a produ\u00e7\u00e3o industrial brasileira vem caindo. Em maio deste ano, estava 18,5% abaixo do \u00edndice de mar\u00e7o de 2011.<\/p>\n<p>&nbsp;<\/p>\n<p>Ainda n\u00e3o h\u00e1 sinais claros de melhora da atividade industrial em S\u00e3o Paulo. Dados recentes da atividade econ\u00f4mica no Estado de S\u00e3o Paulo aferidos pela Funda\u00e7\u00e3o Seade mostram que a produ\u00e7\u00e3o da ind\u00fastria paulista aumentou 0,9% em abril, na compara\u00e7\u00e3o com mar\u00e7o, mas registrou queda de 2,0% na compara\u00e7\u00e3o com a de um ano antes. No acumulado de 12 meses at\u00e9 abril, a redu\u00e7\u00e3o foi de 1,2%. O drama social inevitavelmente acompanha a estagna\u00e7\u00e3o econ\u00f4mica. (O Estado de S. Paulo)<\/p>\n","protected":false},"excerpt":{"rendered":"<p>O Estado de S. Paulo &nbsp; Sob estat\u00edsticas que mostram a persist\u00eancia e a intensidade da crise da economia brasileira, por si mesmas assustadoras, acumulam-se dramas pessoais e familiares que comp\u00f5em uma trag\u00e9dia social. Estado mais desenvolvido do Pa\u00eds e que responde pela maior fatia da produ\u00e7\u00e3o industrial brasileira &#8211; mais de um ter\u00e7o do\u2026 <a class=\"readmore\" href=\"https:\/\/dana.com.br\/canaldana\/2019\/07\/29\/a-crise-da-industria-paulista\/\">Leia mais \u00bb<\/a><\/p>\n","protected":false},"author":3,"featured_media":0,"comment_status":"closed","ping_status":"closed","sticky":false,"template":"","format":"standard","meta":{"_acf_changed":false,"footnotes":""},"categories":[100],"tags":[],"class_list":["post-36067","post","type-post","status-publish","format-standard","hentry","category-artigo"],"acf":[],"yoast_head":"<!-- This site is optimized with the Yoast SEO plugin v27.3 - https:\/\/yoast.com\/product\/yoast-seo-wordpress\/ -->\n<title>A crise da ind\u00fastria paulista - Canal Dana<\/title>\n<meta name=\"robots\" content=\"index, follow, max-snippet:-1, max-image-preview:large, max-video-preview:-1\" \/>\n<link rel=\"canonical\" href=\"https:\/\/dana.com.br\/canaldana\/2019\/07\/29\/a-crise-da-industria-paulista\/\" \/>\n<meta property=\"og:locale\" content=\"pt_BR\" \/>\n<meta property=\"og:type\" content=\"article\" \/>\n<meta property=\"og:title\" content=\"A crise da ind\u00fastria paulista - Canal Dana\" \/>\n<meta property=\"og:description\" content=\"O Estado de S. Paulo &nbsp; Sob estat\u00edsticas que mostram a persist\u00eancia e a intensidade da crise da economia brasileira, por si mesmas assustadoras, acumulam-se dramas pessoais e familiares que comp\u00f5em uma trag\u00e9dia social. Estado mais desenvolvido do Pa\u00eds e que responde pela maior fatia da produ\u00e7\u00e3o industrial brasileira &#8211; mais de um ter\u00e7o do\u2026 Leia mais \u00bb\" \/>\n<meta property=\"og:url\" content=\"https:\/\/dana.com.br\/canaldana\/2019\/07\/29\/a-crise-da-industria-paulista\/\" \/>\n<meta property=\"og:site_name\" content=\"Canal Dana\" \/>\n<meta property=\"article:published_time\" content=\"2019-07-29T11:30:07+00:00\" \/>\n<meta name=\"author\" content=\"Canal Dana\" \/>\n<meta name=\"twitter:card\" content=\"summary_large_image\" \/>\n<meta name=\"twitter:label1\" content=\"Escrito por\" \/>\n\t<meta name=\"twitter:data1\" content=\"Canal Dana\" \/>\n\t<meta name=\"twitter:label2\" content=\"Est. tempo de leitura\" \/>\n\t<meta name=\"twitter:data2\" content=\"4 minutos\" \/>\n<script type=\"application\/ld+json\" class=\"yoast-schema-graph\">{\"@context\":\"https:\\\/\\\/schema.org\",\"@graph\":[{\"@type\":\"Article\",\"@id\":\"https:\\\/\\\/dana.com.br\\\/canaldana\\\/2019\\\/07\\\/29\\\/a-crise-da-industria-paulista\\\/#article\",\"isPartOf\":{\"@id\":\"https:\\\/\\\/dana.com.br\\\/canaldana\\\/2019\\\/07\\\/29\\\/a-crise-da-industria-paulista\\\/\"},\"author\":{\"name\":\"Canal Dana\",\"@id\":\"https:\\\/\\\/dana.com.br\\\/canaldana\\\/#\\\/schema\\\/person\\\/3c21f22f56fcf3bc46b94bc60ea4fef6\"},\"headline\":\"A crise da ind\u00fastria paulista\",\"datePublished\":\"2019-07-29T11:30:07+00:00\",\"mainEntityOfPage\":{\"@id\":\"https:\\\/\\\/dana.com.br\\\/canaldana\\\/2019\\\/07\\\/29\\\/a-crise-da-industria-paulista\\\/\"},\"wordCount\":732,\"articleSection\":[\"Artigo\"],\"inLanguage\":\"pt-BR\"},{\"@type\":\"WebPage\",\"@id\":\"https:\\\/\\\/dana.com.br\\\/canaldana\\\/2019\\\/07\\\/29\\\/a-crise-da-industria-paulista\\\/\",\"url\":\"https:\\\/\\\/dana.com.br\\\/canaldana\\\/2019\\\/07\\\/29\\\/a-crise-da-industria-paulista\\\/\",\"name\":\"A crise da ind\u00fastria paulista - Canal Dana\",\"isPartOf\":{\"@id\":\"https:\\\/\\\/dana.com.br\\\/canaldana\\\/#website\"},\"datePublished\":\"2019-07-29T11:30:07+00:00\",\"author\":{\"@id\":\"https:\\\/\\\/dana.com.br\\\/canaldana\\\/#\\\/schema\\\/person\\\/3c21f22f56fcf3bc46b94bc60ea4fef6\"},\"breadcrumb\":{\"@id\":\"https:\\\/\\\/dana.com.br\\\/canaldana\\\/2019\\\/07\\\/29\\\/a-crise-da-industria-paulista\\\/#breadcrumb\"},\"inLanguage\":\"pt-BR\",\"potentialAction\":[{\"@type\":\"ReadAction\",\"target\":[\"https:\\\/\\\/dana.com.br\\\/canaldana\\\/2019\\\/07\\\/29\\\/a-crise-da-industria-paulista\\\/\"]}]},{\"@type\":\"BreadcrumbList\",\"@id\":\"https:\\\/\\\/dana.com.br\\\/canaldana\\\/2019\\\/07\\\/29\\\/a-crise-da-industria-paulista\\\/#breadcrumb\",\"itemListElement\":[{\"@type\":\"ListItem\",\"position\":1,\"name\":\"Home\",\"item\":\"https:\\\/\\\/dana.com.br\\\/canaldana\\\/\"},{\"@type\":\"ListItem\",\"position\":2,\"name\":\"Artigo\",\"item\":\"https:\\\/\\\/dana.com.br\\\/canaldana\\\/artigo\\\/\"},{\"@type\":\"ListItem\",\"position\":3,\"name\":\"A crise da ind\u00fastria paulista\"}]},{\"@type\":\"WebSite\",\"@id\":\"https:\\\/\\\/dana.com.br\\\/canaldana\\\/#website\",\"url\":\"https:\\\/\\\/dana.com.br\\\/canaldana\\\/\",\"name\":\"Canal Dana\",\"description\":\"Informativo com as principais not\u00edcias da ind\u00fastria automotiva\",\"potentialAction\":[{\"@type\":\"SearchAction\",\"target\":{\"@type\":\"EntryPoint\",\"urlTemplate\":\"https:\\\/\\\/dana.com.br\\\/canaldana\\\/?s={search_term_string}\"},\"query-input\":{\"@type\":\"PropertyValueSpecification\",\"valueRequired\":true,\"valueName\":\"search_term_string\"}}],\"inLanguage\":\"pt-BR\"},{\"@type\":\"Person\",\"@id\":\"https:\\\/\\\/dana.com.br\\\/canaldana\\\/#\\\/schema\\\/person\\\/3c21f22f56fcf3bc46b94bc60ea4fef6\",\"name\":\"Canal Dana\",\"image\":{\"@type\":\"ImageObject\",\"inLanguage\":\"pt-BR\",\"@id\":\"https:\\\/\\\/secure.gravatar.com\\\/avatar\\\/420aaf9278582877d9018637c6817617705899d2858d7572ef0fe59a6b6454b4?s=96&d=mm&r=g\",\"url\":\"https:\\\/\\\/secure.gravatar.com\\\/avatar\\\/420aaf9278582877d9018637c6817617705899d2858d7572ef0fe59a6b6454b4?s=96&d=mm&r=g\",\"contentUrl\":\"https:\\\/\\\/secure.gravatar.com\\\/avatar\\\/420aaf9278582877d9018637c6817617705899d2858d7572ef0fe59a6b6454b4?s=96&d=mm&r=g\",\"caption\":\"Canal Dana\"},\"url\":\"https:\\\/\\\/dana.com.br\\\/canaldana\\\/author\\\/cdeditor\\\/\"}]}<\/script>\n<!-- \/ Yoast SEO plugin. -->","yoast_head_json":{"title":"A crise da ind\u00fastria paulista - Canal Dana","robots":{"index":"index","follow":"follow","max-snippet":"max-snippet:-1","max-image-preview":"max-image-preview:large","max-video-preview":"max-video-preview:-1"},"canonical":"https:\/\/dana.com.br\/canaldana\/2019\/07\/29\/a-crise-da-industria-paulista\/","og_locale":"pt_BR","og_type":"article","og_title":"A crise da ind\u00fastria paulista - Canal Dana","og_description":"O Estado de S. Paulo &nbsp; Sob estat\u00edsticas que mostram a persist\u00eancia e a intensidade da crise da economia brasileira, por si mesmas assustadoras, acumulam-se dramas pessoais e familiares que comp\u00f5em uma trag\u00e9dia social. Estado mais desenvolvido do Pa\u00eds e que responde pela maior fatia da produ\u00e7\u00e3o industrial brasileira &#8211; mais de um ter\u00e7o do\u2026 Leia mais \u00bb","og_url":"https:\/\/dana.com.br\/canaldana\/2019\/07\/29\/a-crise-da-industria-paulista\/","og_site_name":"Canal Dana","article_published_time":"2019-07-29T11:30:07+00:00","author":"Canal Dana","twitter_card":"summary_large_image","twitter_misc":{"Escrito por":"Canal Dana","Est. tempo de leitura":"4 minutos"},"schema":{"@context":"https:\/\/schema.org","@graph":[{"@type":"Article","@id":"https:\/\/dana.com.br\/canaldana\/2019\/07\/29\/a-crise-da-industria-paulista\/#article","isPartOf":{"@id":"https:\/\/dana.com.br\/canaldana\/2019\/07\/29\/a-crise-da-industria-paulista\/"},"author":{"name":"Canal Dana","@id":"https:\/\/dana.com.br\/canaldana\/#\/schema\/person\/3c21f22f56fcf3bc46b94bc60ea4fef6"},"headline":"A crise da ind\u00fastria paulista","datePublished":"2019-07-29T11:30:07+00:00","mainEntityOfPage":{"@id":"https:\/\/dana.com.br\/canaldana\/2019\/07\/29\/a-crise-da-industria-paulista\/"},"wordCount":732,"articleSection":["Artigo"],"inLanguage":"pt-BR"},{"@type":"WebPage","@id":"https:\/\/dana.com.br\/canaldana\/2019\/07\/29\/a-crise-da-industria-paulista\/","url":"https:\/\/dana.com.br\/canaldana\/2019\/07\/29\/a-crise-da-industria-paulista\/","name":"A crise da ind\u00fastria paulista - Canal Dana","isPartOf":{"@id":"https:\/\/dana.com.br\/canaldana\/#website"},"datePublished":"2019-07-29T11:30:07+00:00","author":{"@id":"https:\/\/dana.com.br\/canaldana\/#\/schema\/person\/3c21f22f56fcf3bc46b94bc60ea4fef6"},"breadcrumb":{"@id":"https:\/\/dana.com.br\/canaldana\/2019\/07\/29\/a-crise-da-industria-paulista\/#breadcrumb"},"inLanguage":"pt-BR","potentialAction":[{"@type":"ReadAction","target":["https:\/\/dana.com.br\/canaldana\/2019\/07\/29\/a-crise-da-industria-paulista\/"]}]},{"@type":"BreadcrumbList","@id":"https:\/\/dana.com.br\/canaldana\/2019\/07\/29\/a-crise-da-industria-paulista\/#breadcrumb","itemListElement":[{"@type":"ListItem","position":1,"name":"Home","item":"https:\/\/dana.com.br\/canaldana\/"},{"@type":"ListItem","position":2,"name":"Artigo","item":"https:\/\/dana.com.br\/canaldana\/artigo\/"},{"@type":"ListItem","position":3,"name":"A crise da ind\u00fastria paulista"}]},{"@type":"WebSite","@id":"https:\/\/dana.com.br\/canaldana\/#website","url":"https:\/\/dana.com.br\/canaldana\/","name":"Canal Dana","description":"Informativo com as principais not\u00edcias da ind\u00fastria automotiva","potentialAction":[{"@type":"SearchAction","target":{"@type":"EntryPoint","urlTemplate":"https:\/\/dana.com.br\/canaldana\/?s={search_term_string}"},"query-input":{"@type":"PropertyValueSpecification","valueRequired":true,"valueName":"search_term_string"}}],"inLanguage":"pt-BR"},{"@type":"Person","@id":"https:\/\/dana.com.br\/canaldana\/#\/schema\/person\/3c21f22f56fcf3bc46b94bc60ea4fef6","name":"Canal Dana","image":{"@type":"ImageObject","inLanguage":"pt-BR","@id":"https:\/\/secure.gravatar.com\/avatar\/420aaf9278582877d9018637c6817617705899d2858d7572ef0fe59a6b6454b4?s=96&d=mm&r=g","url":"https:\/\/secure.gravatar.com\/avatar\/420aaf9278582877d9018637c6817617705899d2858d7572ef0fe59a6b6454b4?s=96&d=mm&r=g","contentUrl":"https:\/\/secure.gravatar.com\/avatar\/420aaf9278582877d9018637c6817617705899d2858d7572ef0fe59a6b6454b4?s=96&d=mm&r=g","caption":"Canal Dana"},"url":"https:\/\/dana.com.br\/canaldana\/author\/cdeditor\/"}]}},"_links":{"self":[{"href":"https:\/\/dana.com.br\/canaldana\/wp-json\/wp\/v2\/posts\/36067","targetHints":{"allow":["GET"]}}],"collection":[{"href":"https:\/\/dana.com.br\/canaldana\/wp-json\/wp\/v2\/posts"}],"about":[{"href":"https:\/\/dana.com.br\/canaldana\/wp-json\/wp\/v2\/types\/post"}],"author":[{"embeddable":true,"href":"https:\/\/dana.com.br\/canaldana\/wp-json\/wp\/v2\/users\/3"}],"replies":[{"embeddable":true,"href":"https:\/\/dana.com.br\/canaldana\/wp-json\/wp\/v2\/comments?post=36067"}],"version-history":[{"count":0,"href":"https:\/\/dana.com.br\/canaldana\/wp-json\/wp\/v2\/posts\/36067\/revisions"}],"wp:attachment":[{"href":"https:\/\/dana.com.br\/canaldana\/wp-json\/wp\/v2\/media?parent=36067"}],"wp:term":[{"taxonomy":"category","embeddable":true,"href":"https:\/\/dana.com.br\/canaldana\/wp-json\/wp\/v2\/categories?post=36067"},{"taxonomy":"post_tag","embeddable":true,"href":"https:\/\/dana.com.br\/canaldana\/wp-json\/wp\/v2\/tags?post=36067"}],"curies":[{"name":"wp","href":"https:\/\/api.w.org\/{rel}","templated":true}]}}