{"id":36065,"date":"2019-07-29T08:29:36","date_gmt":"2019-07-29T11:29:36","guid":{"rendered":"https:\/\/dana.com.br\/canaldana\/?p=36065"},"modified":"2019-07-29T08:29:36","modified_gmt":"2019-07-29T11:29:36","slug":"porsche-faz-novo-recall-no-panamera","status":"publish","type":"post","link":"https:\/\/dana.com.br\/canaldana\/2019\/07\/29\/porsche-faz-novo-recall-no-panamera\/","title":{"rendered":"Porsche faz novo recall no Panamera"},"content":{"rendered":"<p><em>Jornal do Carro<\/em><\/p>\n<p>&nbsp;<\/p>\n<p>A Porsche convocou mais um recall no Panamera para corrigir um problema no ar-condicionado do sed\u00e3 esportivo. Um defeito pode permitir infiltra\u00e7\u00e3o de umidade no comando do sistema, o que acarreta no mau funcionamento ou pane total no ar-condicionado. No Brasil s\u00e3o 302 unidades afetadas. Elas foram fabricadas entre julho de 2009 e novembro de 2016.<\/p>\n<p>&nbsp;<\/p>\n<p>Em casos extremos, a placa de comando pode entrar em curto-circuito e dar in\u00edcio a um inc\u00eandio. As unidades com problemas foram fabricadas entre 12\/07\/2009 a 13\/09\/2016 com os chassis iniciais WP0AA29, WP0AA2A, WP0AB29, WP0AB2A, WP0AC29, WP0AC2A, WP0AD29, WP0AF29, WP0AF2A, WP0BC29 e WP0ZZZ9.<\/p>\n<p>&nbsp;<\/p>\n<p>O conserto ser\u00e1 feito em duas etapas. A primeira, com in\u00edcio em 31 de julho, a Porsche vai trocar a veda\u00e7\u00e3o do regulador do ventilador do ar-condicionado. A nova junta vai proteger o componente de novas infiltra\u00e7\u00f5es. Um interruptor el\u00e9trico tamb\u00e9m vai cortar a alimenta\u00e7\u00e3o do sistema do ar-condicionado quando o carro for desligado, o que vai eliminar o risco de curtos com o carro estacionado.<\/p>\n<p>&nbsp;<\/p>\n<p>Na segunda etapa, prevista para outubro, a Porsche vai trocar o ventilador inteiro por uma pe\u00e7a mais moderna. A marca vai entrar em contato com os propriet\u00e1rios por e-mail ou telefone, mas os donos poder\u00e3o agendar diretamente o servi\u00e7o em qualquer concession\u00e1ria da marca.<\/p>\n<p>&nbsp;<\/p>\n<p><strong>Mais recall<\/strong><\/p>\n<p>&nbsp;<\/p>\n<p>Esse \u00e9 o terceiro recall envolvendo o Panamera convocado apenas em 2019. A primeira chamada, em abril, foi para consertar um problema no sistema de dire\u00e7\u00e3o el\u00e9trica. A segunda, em maio, consertou um defeito na solda das placas do sistema de Gateway, que controla fun\u00e7\u00f5es de conforto como dire\u00e7\u00e3o el\u00e9trica e sistema multim\u00eddia. (Jornal do Carro)<\/p>\n","protected":false},"excerpt":{"rendered":"<p>Jornal do Carro &nbsp; A Porsche convocou mais um recall no Panamera para corrigir um problema no ar-condicionado do sed\u00e3 esportivo. Um defeito pode permitir infiltra\u00e7\u00e3o de umidade no comando do sistema, o que acarreta no mau funcionamento ou pane total no ar-condicionado. No Brasil s\u00e3o 302 unidades afetadas. Elas foram fabricadas entre julho de\u2026 <a class=\"readmore\" href=\"https:\/\/dana.com.br\/canaldana\/2019\/07\/29\/porsche-faz-novo-recall-no-panamera\/\">Leia mais \u00bb<\/a><\/p>\n","protected":false},"author":3,"featured_media":0,"comment_status":"closed","ping_status":"closed","sticky":false,"template":"","format":"standard","meta":{"_acf_changed":false,"footnotes":""},"categories":[81],"tags":[],"class_list":["post-36065","post","type-post","status-publish","format-standard","hentry","category-recall"],"acf":[],"yoast_head":"<!-- This site is optimized with the Yoast SEO plugin v27.3 - https:\/\/yoast.com\/product\/yoast-seo-wordpress\/ -->\n<title>Porsche faz novo recall no Panamera - Canal Dana<\/title>\n<meta name=\"robots\" content=\"index, follow, max-snippet:-1, max-image-preview:large, max-video-preview:-1\" \/>\n<link rel=\"canonical\" href=\"https:\/\/dana.com.br\/canaldana\/2019\/07\/29\/porsche-faz-novo-recall-no-panamera\/\" \/>\n<meta property=\"og:locale\" content=\"pt_BR\" \/>\n<meta property=\"og:type\" content=\"article\" \/>\n<meta property=\"og:title\" content=\"Porsche faz novo recall no Panamera - Canal Dana\" \/>\n<meta property=\"og:description\" content=\"Jornal do Carro &nbsp; A Porsche convocou mais um recall no Panamera para corrigir um problema no ar-condicionado do sed\u00e3 esportivo. Um defeito pode permitir infiltra\u00e7\u00e3o de umidade no comando do sistema, o que acarreta no mau funcionamento ou pane total no ar-condicionado. No Brasil s\u00e3o 302 unidades afetadas. Elas foram fabricadas entre julho de\u2026 Leia mais \u00bb\" \/>\n<meta property=\"og:url\" content=\"https:\/\/dana.com.br\/canaldana\/2019\/07\/29\/porsche-faz-novo-recall-no-panamera\/\" \/>\n<meta property=\"og:site_name\" content=\"Canal Dana\" \/>\n<meta property=\"article:published_time\" content=\"2019-07-29T11:29:36+00:00\" \/>\n<meta name=\"author\" content=\"Canal Dana\" \/>\n<meta name=\"twitter:card\" content=\"summary_large_image\" \/>\n<meta name=\"twitter:label1\" content=\"Escrito por\" \/>\n\t<meta name=\"twitter:data1\" content=\"Canal Dana\" \/>\n\t<meta name=\"twitter:label2\" content=\"Est. tempo de leitura\" \/>\n\t<meta name=\"twitter:data2\" content=\"2 minutos\" \/>\n<script type=\"application\/ld+json\" class=\"yoast-schema-graph\">{\"@context\":\"https:\\\/\\\/schema.org\",\"@graph\":[{\"@type\":\"Article\",\"@id\":\"https:\\\/\\\/dana.com.br\\\/canaldana\\\/2019\\\/07\\\/29\\\/porsche-faz-novo-recall-no-panamera\\\/#article\",\"isPartOf\":{\"@id\":\"https:\\\/\\\/dana.com.br\\\/canaldana\\\/2019\\\/07\\\/29\\\/porsche-faz-novo-recall-no-panamera\\\/\"},\"author\":{\"name\":\"Canal Dana\",\"@id\":\"https:\\\/\\\/dana.com.br\\\/canaldana\\\/#\\\/schema\\\/person\\\/3c21f22f56fcf3bc46b94bc60ea4fef6\"},\"headline\":\"Porsche faz novo recall no Panamera\",\"datePublished\":\"2019-07-29T11:29:36+00:00\",\"mainEntityOfPage\":{\"@id\":\"https:\\\/\\\/dana.com.br\\\/canaldana\\\/2019\\\/07\\\/29\\\/porsche-faz-novo-recall-no-panamera\\\/\"},\"wordCount\":310,\"articleSection\":[\"Recall\"],\"inLanguage\":\"pt-BR\"},{\"@type\":\"WebPage\",\"@id\":\"https:\\\/\\\/dana.com.br\\\/canaldana\\\/2019\\\/07\\\/29\\\/porsche-faz-novo-recall-no-panamera\\\/\",\"url\":\"https:\\\/\\\/dana.com.br\\\/canaldana\\\/2019\\\/07\\\/29\\\/porsche-faz-novo-recall-no-panamera\\\/\",\"name\":\"Porsche faz novo recall no Panamera - Canal Dana\",\"isPartOf\":{\"@id\":\"https:\\\/\\\/dana.com.br\\\/canaldana\\\/#website\"},\"datePublished\":\"2019-07-29T11:29:36+00:00\",\"author\":{\"@id\":\"https:\\\/\\\/dana.com.br\\\/canaldana\\\/#\\\/schema\\\/person\\\/3c21f22f56fcf3bc46b94bc60ea4fef6\"},\"breadcrumb\":{\"@id\":\"https:\\\/\\\/dana.com.br\\\/canaldana\\\/2019\\\/07\\\/29\\\/porsche-faz-novo-recall-no-panamera\\\/#breadcrumb\"},\"inLanguage\":\"pt-BR\",\"potentialAction\":[{\"@type\":\"ReadAction\",\"target\":[\"https:\\\/\\\/dana.com.br\\\/canaldana\\\/2019\\\/07\\\/29\\\/porsche-faz-novo-recall-no-panamera\\\/\"]}]},{\"@type\":\"BreadcrumbList\",\"@id\":\"https:\\\/\\\/dana.com.br\\\/canaldana\\\/2019\\\/07\\\/29\\\/porsche-faz-novo-recall-no-panamera\\\/#breadcrumb\",\"itemListElement\":[{\"@type\":\"ListItem\",\"position\":1,\"name\":\"Home\",\"item\":\"https:\\\/\\\/dana.com.br\\\/canaldana\\\/\"},{\"@type\":\"ListItem\",\"position\":2,\"name\":\"Recall\",\"item\":\"https:\\\/\\\/dana.com.br\\\/canaldana\\\/recall\\\/\"},{\"@type\":\"ListItem\",\"position\":3,\"name\":\"Porsche faz novo recall no Panamera\"}]},{\"@type\":\"WebSite\",\"@id\":\"https:\\\/\\\/dana.com.br\\\/canaldana\\\/#website\",\"url\":\"https:\\\/\\\/dana.com.br\\\/canaldana\\\/\",\"name\":\"Canal Dana\",\"description\":\"Informativo com as principais not\u00edcias da ind\u00fastria automotiva\",\"potentialAction\":[{\"@type\":\"SearchAction\",\"target\":{\"@type\":\"EntryPoint\",\"urlTemplate\":\"https:\\\/\\\/dana.com.br\\\/canaldana\\\/?s={search_term_string}\"},\"query-input\":{\"@type\":\"PropertyValueSpecification\",\"valueRequired\":true,\"valueName\":\"search_term_string\"}}],\"inLanguage\":\"pt-BR\"},{\"@type\":\"Person\",\"@id\":\"https:\\\/\\\/dana.com.br\\\/canaldana\\\/#\\\/schema\\\/person\\\/3c21f22f56fcf3bc46b94bc60ea4fef6\",\"name\":\"Canal Dana\",\"image\":{\"@type\":\"ImageObject\",\"inLanguage\":\"pt-BR\",\"@id\":\"https:\\\/\\\/secure.gravatar.com\\\/avatar\\\/420aaf9278582877d9018637c6817617705899d2858d7572ef0fe59a6b6454b4?s=96&d=mm&r=g\",\"url\":\"https:\\\/\\\/secure.gravatar.com\\\/avatar\\\/420aaf9278582877d9018637c6817617705899d2858d7572ef0fe59a6b6454b4?s=96&d=mm&r=g\",\"contentUrl\":\"https:\\\/\\\/secure.gravatar.com\\\/avatar\\\/420aaf9278582877d9018637c6817617705899d2858d7572ef0fe59a6b6454b4?s=96&d=mm&r=g\",\"caption\":\"Canal Dana\"},\"url\":\"https:\\\/\\\/dana.com.br\\\/canaldana\\\/author\\\/cdeditor\\\/\"}]}<\/script>\n<!-- \/ Yoast SEO plugin. -->","yoast_head_json":{"title":"Porsche faz novo recall no Panamera - Canal Dana","robots":{"index":"index","follow":"follow","max-snippet":"max-snippet:-1","max-image-preview":"max-image-preview:large","max-video-preview":"max-video-preview:-1"},"canonical":"https:\/\/dana.com.br\/canaldana\/2019\/07\/29\/porsche-faz-novo-recall-no-panamera\/","og_locale":"pt_BR","og_type":"article","og_title":"Porsche faz novo recall no Panamera - Canal Dana","og_description":"Jornal do Carro &nbsp; A Porsche convocou mais um recall no Panamera para corrigir um problema no ar-condicionado do sed\u00e3 esportivo. Um defeito pode permitir infiltra\u00e7\u00e3o de umidade no comando do sistema, o que acarreta no mau funcionamento ou pane total no ar-condicionado. No Brasil s\u00e3o 302 unidades afetadas. Elas foram fabricadas entre julho de\u2026 Leia mais \u00bb","og_url":"https:\/\/dana.com.br\/canaldana\/2019\/07\/29\/porsche-faz-novo-recall-no-panamera\/","og_site_name":"Canal Dana","article_published_time":"2019-07-29T11:29:36+00:00","author":"Canal Dana","twitter_card":"summary_large_image","twitter_misc":{"Escrito por":"Canal Dana","Est. tempo de leitura":"2 minutos"},"schema":{"@context":"https:\/\/schema.org","@graph":[{"@type":"Article","@id":"https:\/\/dana.com.br\/canaldana\/2019\/07\/29\/porsche-faz-novo-recall-no-panamera\/#article","isPartOf":{"@id":"https:\/\/dana.com.br\/canaldana\/2019\/07\/29\/porsche-faz-novo-recall-no-panamera\/"},"author":{"name":"Canal Dana","@id":"https:\/\/dana.com.br\/canaldana\/#\/schema\/person\/3c21f22f56fcf3bc46b94bc60ea4fef6"},"headline":"Porsche faz novo recall no Panamera","datePublished":"2019-07-29T11:29:36+00:00","mainEntityOfPage":{"@id":"https:\/\/dana.com.br\/canaldana\/2019\/07\/29\/porsche-faz-novo-recall-no-panamera\/"},"wordCount":310,"articleSection":["Recall"],"inLanguage":"pt-BR"},{"@type":"WebPage","@id":"https:\/\/dana.com.br\/canaldana\/2019\/07\/29\/porsche-faz-novo-recall-no-panamera\/","url":"https:\/\/dana.com.br\/canaldana\/2019\/07\/29\/porsche-faz-novo-recall-no-panamera\/","name":"Porsche faz novo recall no Panamera - Canal Dana","isPartOf":{"@id":"https:\/\/dana.com.br\/canaldana\/#website"},"datePublished":"2019-07-29T11:29:36+00:00","author":{"@id":"https:\/\/dana.com.br\/canaldana\/#\/schema\/person\/3c21f22f56fcf3bc46b94bc60ea4fef6"},"breadcrumb":{"@id":"https:\/\/dana.com.br\/canaldana\/2019\/07\/29\/porsche-faz-novo-recall-no-panamera\/#breadcrumb"},"inLanguage":"pt-BR","potentialAction":[{"@type":"ReadAction","target":["https:\/\/dana.com.br\/canaldana\/2019\/07\/29\/porsche-faz-novo-recall-no-panamera\/"]}]},{"@type":"BreadcrumbList","@id":"https:\/\/dana.com.br\/canaldana\/2019\/07\/29\/porsche-faz-novo-recall-no-panamera\/#breadcrumb","itemListElement":[{"@type":"ListItem","position":1,"name":"Home","item":"https:\/\/dana.com.br\/canaldana\/"},{"@type":"ListItem","position":2,"name":"Recall","item":"https:\/\/dana.com.br\/canaldana\/recall\/"},{"@type":"ListItem","position":3,"name":"Porsche faz novo recall no Panamera"}]},{"@type":"WebSite","@id":"https:\/\/dana.com.br\/canaldana\/#website","url":"https:\/\/dana.com.br\/canaldana\/","name":"Canal Dana","description":"Informativo com as principais not\u00edcias da ind\u00fastria automotiva","potentialAction":[{"@type":"SearchAction","target":{"@type":"EntryPoint","urlTemplate":"https:\/\/dana.com.br\/canaldana\/?s={search_term_string}"},"query-input":{"@type":"PropertyValueSpecification","valueRequired":true,"valueName":"search_term_string"}}],"inLanguage":"pt-BR"},{"@type":"Person","@id":"https:\/\/dana.com.br\/canaldana\/#\/schema\/person\/3c21f22f56fcf3bc46b94bc60ea4fef6","name":"Canal Dana","image":{"@type":"ImageObject","inLanguage":"pt-BR","@id":"https:\/\/secure.gravatar.com\/avatar\/420aaf9278582877d9018637c6817617705899d2858d7572ef0fe59a6b6454b4?s=96&d=mm&r=g","url":"https:\/\/secure.gravatar.com\/avatar\/420aaf9278582877d9018637c6817617705899d2858d7572ef0fe59a6b6454b4?s=96&d=mm&r=g","contentUrl":"https:\/\/secure.gravatar.com\/avatar\/420aaf9278582877d9018637c6817617705899d2858d7572ef0fe59a6b6454b4?s=96&d=mm&r=g","caption":"Canal Dana"},"url":"https:\/\/dana.com.br\/canaldana\/author\/cdeditor\/"}]}},"_links":{"self":[{"href":"https:\/\/dana.com.br\/canaldana\/wp-json\/wp\/v2\/posts\/36065","targetHints":{"allow":["GET"]}}],"collection":[{"href":"https:\/\/dana.com.br\/canaldana\/wp-json\/wp\/v2\/posts"}],"about":[{"href":"https:\/\/dana.com.br\/canaldana\/wp-json\/wp\/v2\/types\/post"}],"author":[{"embeddable":true,"href":"https:\/\/dana.com.br\/canaldana\/wp-json\/wp\/v2\/users\/3"}],"replies":[{"embeddable":true,"href":"https:\/\/dana.com.br\/canaldana\/wp-json\/wp\/v2\/comments?post=36065"}],"version-history":[{"count":0,"href":"https:\/\/dana.com.br\/canaldana\/wp-json\/wp\/v2\/posts\/36065\/revisions"}],"wp:attachment":[{"href":"https:\/\/dana.com.br\/canaldana\/wp-json\/wp\/v2\/media?parent=36065"}],"wp:term":[{"taxonomy":"category","embeddable":true,"href":"https:\/\/dana.com.br\/canaldana\/wp-json\/wp\/v2\/categories?post=36065"},{"taxonomy":"post_tag","embeddable":true,"href":"https:\/\/dana.com.br\/canaldana\/wp-json\/wp\/v2\/tags?post=36065"}],"curies":[{"name":"wp","href":"https:\/\/api.w.org\/{rel}","templated":true}]}}