{"id":36057,"date":"2019-07-26T09:11:36","date_gmt":"2019-07-26T12:11:36","guid":{"rendered":"https:\/\/dana.com.br\/canaldana\/?p=36057"},"modified":"2019-07-26T09:11:36","modified_gmt":"2019-07-26T12:11:36","slug":"com-o-fim-da-ford-caminhoes-cummins-busca-novos-negocios","status":"publish","type":"post","link":"https:\/\/dana.com.br\/canaldana\/2019\/07\/26\/com-o-fim-da-ford-caminhoes-cummins-busca-novos-negocios\/","title":{"rendered":"Com o fim da Ford Caminh\u00f5es, Cummins busca novos neg\u00f3cios"},"content":{"rendered":"<p><em>AutoInd\u00fastria <\/em><\/p>\n<p>&nbsp;<\/p>\n<p>Com quase 1\/3 da sua produ\u00e7\u00e3o de motores diesel destinado \u00e0 Ford Caminh\u00f5es, a Cummins adotou estrat\u00e9gia de ampliar neg\u00f3cios em outros \u00e1reas e tamb\u00e9m suas exporta\u00e7\u00f5es para n\u00e3o perder receita este ano em fun\u00e7\u00e3o da decis\u00e3o da montadora de encerrar suas atividades no Pa\u00eds.<\/p>\n<p>&nbsp;<\/p>\n<p>O presidente da Cummins Brasil e vice-presidente da Cummins Inc., Luiz Pasquotto, admite que haver\u00e1 queda de quase 20% na produ\u00e7\u00e3o de motores diesel \u2013 de 42 mil para 34 mil unidades \u2013 mas espera faturamento similar ao do ano passado agora em 2019.<\/p>\n<p>&nbsp;<\/p>\n<p>\u201cEstamos reacomodando nossos neg\u00f3cios\u201d, diz o executivo. \u201cA MAN, por exemplo, absorveu parte da produ\u00e7\u00e3o de motores. Al\u00e9m disso, estamos ampliando vendas para outros segmentos automotivos, como o fora de estrada, assim como em outras \u00e1reas, como a de geradores de energia. Sem contar que passamos a exportar mais pe\u00e7as, como blocos e cabe\u00e7otes, para outras unidades da Cummins no mundo\u201d.<\/p>\n<p>&nbsp;<\/p>\n<p>Pasquotto pondera que no mercado interno de caminh\u00f5es outros fabricantes v\u00e3o acabar absorvendo as vendas que deixar\u00e3o de ser feitas pela Ford. \u201cA not\u00edcia sobre a decis\u00e3o da Ford Caminh\u00f5es de suspender produ\u00e7\u00e3o em S\u00e3o Bernardo do Campo (SP) foi impactante, mas n\u00e3o \u00e9 o fim do mundo\u201d, fez quest\u00e3o de frizer o\u00a0 presidente da Cummins.<\/p>\n<p>&nbsp;<\/p>\n<p>Durante apresenta\u00e7\u00e3o nesta quinta-feira, 25, do novo grupo gerador B3.3 e missionado em Guarulhos (SP), o executivo deixou claro que a empresa n\u00e3o pretende abandonar o diesel. \u201cEsse combust\u00edvel ainda tem muito potencial. Nosso papel \u00e9 melhorar a efici\u00eancia energ\u00e9tica visto que com a introdu\u00e7\u00e3o do Euro 6 as emiss\u00f5es ser\u00e3o ainda mais reduzidas\u201d.<\/p>\n<p>&nbsp;<\/p>\n<p>A decis\u00e3o de \u201cn\u00e3o abandonar o diesel\u201d \u00e9 uma estrat\u00e9gia mundial e local da companhia. Segundo Pasquotto, haver\u00e1 espa\u00e7o para a eletrifica\u00e7\u00e3o, o motor diesel e tamb\u00e9m as solu\u00e7\u00f5es h\u00edbridas, com nichos espec\u00edficos para cada um. (AutoInd\u00fastria\/Alzira Rodrigues)<\/p>\n","protected":false},"excerpt":{"rendered":"<p>AutoInd\u00fastria &nbsp; Com quase 1\/3 da sua produ\u00e7\u00e3o de motores diesel destinado \u00e0 Ford Caminh\u00f5es, a Cummins adotou estrat\u00e9gia de ampliar neg\u00f3cios em outros \u00e1reas e tamb\u00e9m suas exporta\u00e7\u00f5es para n\u00e3o perder receita este ano em fun\u00e7\u00e3o da decis\u00e3o da montadora de encerrar suas atividades no Pa\u00eds. &nbsp; O presidente da Cummins Brasil e vice-presidente\u2026 <a class=\"readmore\" href=\"https:\/\/dana.com.br\/canaldana\/2019\/07\/26\/com-o-fim-da-ford-caminhoes-cummins-busca-novos-negocios\/\">Leia mais \u00bb<\/a><\/p>\n","protected":false},"author":3,"featured_media":0,"comment_status":"closed","ping_status":"closed","sticky":false,"template":"","format":"standard","meta":{"_acf_changed":false,"footnotes":""},"categories":[61],"tags":[],"class_list":["post-36057","post","type-post","status-publish","format-standard","hentry","category-destaques"],"acf":[],"yoast_head":"<!-- This site is optimized with the Yoast SEO plugin v27.3 - https:\/\/yoast.com\/product\/yoast-seo-wordpress\/ -->\n<title>Com o fim da Ford Caminh\u00f5es, Cummins busca novos neg\u00f3cios - Canal Dana<\/title>\n<meta name=\"robots\" content=\"index, follow, max-snippet:-1, max-image-preview:large, max-video-preview:-1\" \/>\n<link rel=\"canonical\" href=\"https:\/\/dana.com.br\/canaldana\/2019\/07\/26\/com-o-fim-da-ford-caminhoes-cummins-busca-novos-negocios\/\" \/>\n<meta property=\"og:locale\" content=\"pt_BR\" \/>\n<meta property=\"og:type\" content=\"article\" \/>\n<meta property=\"og:title\" content=\"Com o fim da Ford Caminh\u00f5es, Cummins busca novos neg\u00f3cios - Canal Dana\" \/>\n<meta property=\"og:description\" content=\"AutoInd\u00fastria &nbsp; Com quase 1\/3 da sua produ\u00e7\u00e3o de motores diesel destinado \u00e0 Ford Caminh\u00f5es, a Cummins adotou estrat\u00e9gia de ampliar neg\u00f3cios em outros \u00e1reas e tamb\u00e9m suas exporta\u00e7\u00f5es para n\u00e3o perder receita este ano em fun\u00e7\u00e3o da decis\u00e3o da montadora de encerrar suas atividades no Pa\u00eds. &nbsp; O presidente da Cummins Brasil e vice-presidente\u2026 Leia mais \u00bb\" \/>\n<meta property=\"og:url\" content=\"https:\/\/dana.com.br\/canaldana\/2019\/07\/26\/com-o-fim-da-ford-caminhoes-cummins-busca-novos-negocios\/\" \/>\n<meta property=\"og:site_name\" content=\"Canal Dana\" \/>\n<meta property=\"article:published_time\" content=\"2019-07-26T12:11:36+00:00\" \/>\n<meta name=\"author\" content=\"Canal Dana\" \/>\n<meta name=\"twitter:card\" content=\"summary_large_image\" \/>\n<meta name=\"twitter:label1\" content=\"Escrito por\" \/>\n\t<meta name=\"twitter:data1\" content=\"Canal Dana\" \/>\n\t<meta name=\"twitter:label2\" content=\"Est. tempo de leitura\" \/>\n\t<meta name=\"twitter:data2\" content=\"2 minutos\" \/>\n<script type=\"application\/ld+json\" class=\"yoast-schema-graph\">{\"@context\":\"https:\\\/\\\/schema.org\",\"@graph\":[{\"@type\":\"Article\",\"@id\":\"https:\\\/\\\/dana.com.br\\\/canaldana\\\/2019\\\/07\\\/26\\\/com-o-fim-da-ford-caminhoes-cummins-busca-novos-negocios\\\/#article\",\"isPartOf\":{\"@id\":\"https:\\\/\\\/dana.com.br\\\/canaldana\\\/2019\\\/07\\\/26\\\/com-o-fim-da-ford-caminhoes-cummins-busca-novos-negocios\\\/\"},\"author\":{\"name\":\"Canal Dana\",\"@id\":\"https:\\\/\\\/dana.com.br\\\/canaldana\\\/#\\\/schema\\\/person\\\/3c21f22f56fcf3bc46b94bc60ea4fef6\"},\"headline\":\"Com o fim da Ford Caminh\u00f5es, Cummins busca novos neg\u00f3cios\",\"datePublished\":\"2019-07-26T12:11:36+00:00\",\"mainEntityOfPage\":{\"@id\":\"https:\\\/\\\/dana.com.br\\\/canaldana\\\/2019\\\/07\\\/26\\\/com-o-fim-da-ford-caminhoes-cummins-busca-novos-negocios\\\/\"},\"wordCount\":350,\"articleSection\":[\"Destaques\"],\"inLanguage\":\"pt-BR\"},{\"@type\":\"WebPage\",\"@id\":\"https:\\\/\\\/dana.com.br\\\/canaldana\\\/2019\\\/07\\\/26\\\/com-o-fim-da-ford-caminhoes-cummins-busca-novos-negocios\\\/\",\"url\":\"https:\\\/\\\/dana.com.br\\\/canaldana\\\/2019\\\/07\\\/26\\\/com-o-fim-da-ford-caminhoes-cummins-busca-novos-negocios\\\/\",\"name\":\"Com o fim da Ford Caminh\u00f5es, Cummins busca novos neg\u00f3cios - Canal Dana\",\"isPartOf\":{\"@id\":\"https:\\\/\\\/dana.com.br\\\/canaldana\\\/#website\"},\"datePublished\":\"2019-07-26T12:11:36+00:00\",\"author\":{\"@id\":\"https:\\\/\\\/dana.com.br\\\/canaldana\\\/#\\\/schema\\\/person\\\/3c21f22f56fcf3bc46b94bc60ea4fef6\"},\"breadcrumb\":{\"@id\":\"https:\\\/\\\/dana.com.br\\\/canaldana\\\/2019\\\/07\\\/26\\\/com-o-fim-da-ford-caminhoes-cummins-busca-novos-negocios\\\/#breadcrumb\"},\"inLanguage\":\"pt-BR\",\"potentialAction\":[{\"@type\":\"ReadAction\",\"target\":[\"https:\\\/\\\/dana.com.br\\\/canaldana\\\/2019\\\/07\\\/26\\\/com-o-fim-da-ford-caminhoes-cummins-busca-novos-negocios\\\/\"]}]},{\"@type\":\"BreadcrumbList\",\"@id\":\"https:\\\/\\\/dana.com.br\\\/canaldana\\\/2019\\\/07\\\/26\\\/com-o-fim-da-ford-caminhoes-cummins-busca-novos-negocios\\\/#breadcrumb\",\"itemListElement\":[{\"@type\":\"ListItem\",\"position\":1,\"name\":\"Home\",\"item\":\"https:\\\/\\\/dana.com.br\\\/canaldana\\\/\"},{\"@type\":\"ListItem\",\"position\":2,\"name\":\"Destaques\",\"item\":\"https:\\\/\\\/dana.com.br\\\/canaldana\\\/destaques\\\/\"},{\"@type\":\"ListItem\",\"position\":3,\"name\":\"Com o fim da Ford Caminh\u00f5es, Cummins busca novos neg\u00f3cios\"}]},{\"@type\":\"WebSite\",\"@id\":\"https:\\\/\\\/dana.com.br\\\/canaldana\\\/#website\",\"url\":\"https:\\\/\\\/dana.com.br\\\/canaldana\\\/\",\"name\":\"Canal Dana\",\"description\":\"Informativo com as principais not\u00edcias da ind\u00fastria automotiva\",\"potentialAction\":[{\"@type\":\"SearchAction\",\"target\":{\"@type\":\"EntryPoint\",\"urlTemplate\":\"https:\\\/\\\/dana.com.br\\\/canaldana\\\/?s={search_term_string}\"},\"query-input\":{\"@type\":\"PropertyValueSpecification\",\"valueRequired\":true,\"valueName\":\"search_term_string\"}}],\"inLanguage\":\"pt-BR\"},{\"@type\":\"Person\",\"@id\":\"https:\\\/\\\/dana.com.br\\\/canaldana\\\/#\\\/schema\\\/person\\\/3c21f22f56fcf3bc46b94bc60ea4fef6\",\"name\":\"Canal Dana\",\"image\":{\"@type\":\"ImageObject\",\"inLanguage\":\"pt-BR\",\"@id\":\"https:\\\/\\\/secure.gravatar.com\\\/avatar\\\/420aaf9278582877d9018637c6817617705899d2858d7572ef0fe59a6b6454b4?s=96&d=mm&r=g\",\"url\":\"https:\\\/\\\/secure.gravatar.com\\\/avatar\\\/420aaf9278582877d9018637c6817617705899d2858d7572ef0fe59a6b6454b4?s=96&d=mm&r=g\",\"contentUrl\":\"https:\\\/\\\/secure.gravatar.com\\\/avatar\\\/420aaf9278582877d9018637c6817617705899d2858d7572ef0fe59a6b6454b4?s=96&d=mm&r=g\",\"caption\":\"Canal Dana\"},\"url\":\"https:\\\/\\\/dana.com.br\\\/canaldana\\\/author\\\/cdeditor\\\/\"}]}<\/script>\n<!-- \/ Yoast SEO plugin. -->","yoast_head_json":{"title":"Com o fim da Ford Caminh\u00f5es, Cummins busca novos neg\u00f3cios - Canal Dana","robots":{"index":"index","follow":"follow","max-snippet":"max-snippet:-1","max-image-preview":"max-image-preview:large","max-video-preview":"max-video-preview:-1"},"canonical":"https:\/\/dana.com.br\/canaldana\/2019\/07\/26\/com-o-fim-da-ford-caminhoes-cummins-busca-novos-negocios\/","og_locale":"pt_BR","og_type":"article","og_title":"Com o fim da Ford Caminh\u00f5es, Cummins busca novos neg\u00f3cios - Canal Dana","og_description":"AutoInd\u00fastria &nbsp; Com quase 1\/3 da sua produ\u00e7\u00e3o de motores diesel destinado \u00e0 Ford Caminh\u00f5es, a Cummins adotou estrat\u00e9gia de ampliar neg\u00f3cios em outros \u00e1reas e tamb\u00e9m suas exporta\u00e7\u00f5es para n\u00e3o perder receita este ano em fun\u00e7\u00e3o da decis\u00e3o da montadora de encerrar suas atividades no Pa\u00eds. &nbsp; O presidente da Cummins Brasil e vice-presidente\u2026 Leia mais \u00bb","og_url":"https:\/\/dana.com.br\/canaldana\/2019\/07\/26\/com-o-fim-da-ford-caminhoes-cummins-busca-novos-negocios\/","og_site_name":"Canal Dana","article_published_time":"2019-07-26T12:11:36+00:00","author":"Canal Dana","twitter_card":"summary_large_image","twitter_misc":{"Escrito por":"Canal Dana","Est. tempo de leitura":"2 minutos"},"schema":{"@context":"https:\/\/schema.org","@graph":[{"@type":"Article","@id":"https:\/\/dana.com.br\/canaldana\/2019\/07\/26\/com-o-fim-da-ford-caminhoes-cummins-busca-novos-negocios\/#article","isPartOf":{"@id":"https:\/\/dana.com.br\/canaldana\/2019\/07\/26\/com-o-fim-da-ford-caminhoes-cummins-busca-novos-negocios\/"},"author":{"name":"Canal Dana","@id":"https:\/\/dana.com.br\/canaldana\/#\/schema\/person\/3c21f22f56fcf3bc46b94bc60ea4fef6"},"headline":"Com o fim da Ford Caminh\u00f5es, Cummins busca novos neg\u00f3cios","datePublished":"2019-07-26T12:11:36+00:00","mainEntityOfPage":{"@id":"https:\/\/dana.com.br\/canaldana\/2019\/07\/26\/com-o-fim-da-ford-caminhoes-cummins-busca-novos-negocios\/"},"wordCount":350,"articleSection":["Destaques"],"inLanguage":"pt-BR"},{"@type":"WebPage","@id":"https:\/\/dana.com.br\/canaldana\/2019\/07\/26\/com-o-fim-da-ford-caminhoes-cummins-busca-novos-negocios\/","url":"https:\/\/dana.com.br\/canaldana\/2019\/07\/26\/com-o-fim-da-ford-caminhoes-cummins-busca-novos-negocios\/","name":"Com o fim da Ford Caminh\u00f5es, Cummins busca novos neg\u00f3cios - Canal Dana","isPartOf":{"@id":"https:\/\/dana.com.br\/canaldana\/#website"},"datePublished":"2019-07-26T12:11:36+00:00","author":{"@id":"https:\/\/dana.com.br\/canaldana\/#\/schema\/person\/3c21f22f56fcf3bc46b94bc60ea4fef6"},"breadcrumb":{"@id":"https:\/\/dana.com.br\/canaldana\/2019\/07\/26\/com-o-fim-da-ford-caminhoes-cummins-busca-novos-negocios\/#breadcrumb"},"inLanguage":"pt-BR","potentialAction":[{"@type":"ReadAction","target":["https:\/\/dana.com.br\/canaldana\/2019\/07\/26\/com-o-fim-da-ford-caminhoes-cummins-busca-novos-negocios\/"]}]},{"@type":"BreadcrumbList","@id":"https:\/\/dana.com.br\/canaldana\/2019\/07\/26\/com-o-fim-da-ford-caminhoes-cummins-busca-novos-negocios\/#breadcrumb","itemListElement":[{"@type":"ListItem","position":1,"name":"Home","item":"https:\/\/dana.com.br\/canaldana\/"},{"@type":"ListItem","position":2,"name":"Destaques","item":"https:\/\/dana.com.br\/canaldana\/destaques\/"},{"@type":"ListItem","position":3,"name":"Com o fim da Ford Caminh\u00f5es, Cummins busca novos neg\u00f3cios"}]},{"@type":"WebSite","@id":"https:\/\/dana.com.br\/canaldana\/#website","url":"https:\/\/dana.com.br\/canaldana\/","name":"Canal Dana","description":"Informativo com as principais not\u00edcias da ind\u00fastria automotiva","potentialAction":[{"@type":"SearchAction","target":{"@type":"EntryPoint","urlTemplate":"https:\/\/dana.com.br\/canaldana\/?s={search_term_string}"},"query-input":{"@type":"PropertyValueSpecification","valueRequired":true,"valueName":"search_term_string"}}],"inLanguage":"pt-BR"},{"@type":"Person","@id":"https:\/\/dana.com.br\/canaldana\/#\/schema\/person\/3c21f22f56fcf3bc46b94bc60ea4fef6","name":"Canal Dana","image":{"@type":"ImageObject","inLanguage":"pt-BR","@id":"https:\/\/secure.gravatar.com\/avatar\/420aaf9278582877d9018637c6817617705899d2858d7572ef0fe59a6b6454b4?s=96&d=mm&r=g","url":"https:\/\/secure.gravatar.com\/avatar\/420aaf9278582877d9018637c6817617705899d2858d7572ef0fe59a6b6454b4?s=96&d=mm&r=g","contentUrl":"https:\/\/secure.gravatar.com\/avatar\/420aaf9278582877d9018637c6817617705899d2858d7572ef0fe59a6b6454b4?s=96&d=mm&r=g","caption":"Canal Dana"},"url":"https:\/\/dana.com.br\/canaldana\/author\/cdeditor\/"}]}},"_links":{"self":[{"href":"https:\/\/dana.com.br\/canaldana\/wp-json\/wp\/v2\/posts\/36057","targetHints":{"allow":["GET"]}}],"collection":[{"href":"https:\/\/dana.com.br\/canaldana\/wp-json\/wp\/v2\/posts"}],"about":[{"href":"https:\/\/dana.com.br\/canaldana\/wp-json\/wp\/v2\/types\/post"}],"author":[{"embeddable":true,"href":"https:\/\/dana.com.br\/canaldana\/wp-json\/wp\/v2\/users\/3"}],"replies":[{"embeddable":true,"href":"https:\/\/dana.com.br\/canaldana\/wp-json\/wp\/v2\/comments?post=36057"}],"version-history":[{"count":0,"href":"https:\/\/dana.com.br\/canaldana\/wp-json\/wp\/v2\/posts\/36057\/revisions"}],"wp:attachment":[{"href":"https:\/\/dana.com.br\/canaldana\/wp-json\/wp\/v2\/media?parent=36057"}],"wp:term":[{"taxonomy":"category","embeddable":true,"href":"https:\/\/dana.com.br\/canaldana\/wp-json\/wp\/v2\/categories?post=36057"},{"taxonomy":"post_tag","embeddable":true,"href":"https:\/\/dana.com.br\/canaldana\/wp-json\/wp\/v2\/tags?post=36057"}],"curies":[{"name":"wp","href":"https:\/\/api.w.org\/{rel}","templated":true}]}}