{"id":36053,"date":"2019-07-26T09:10:43","date_gmt":"2019-07-26T12:10:43","guid":{"rendered":"https:\/\/dana.com.br\/canaldana\/?p=36053"},"modified":"2019-07-26T09:10:43","modified_gmt":"2019-07-26T12:10:43","slug":"apos-uniao-europeia-mercosul-deve-assinar-acordo-com-efta-este-ano","status":"publish","type":"post","link":"https:\/\/dana.com.br\/canaldana\/2019\/07\/26\/apos-uniao-europeia-mercosul-deve-assinar-acordo-com-efta-este-ano\/","title":{"rendered":"Ap\u00f3s Uni\u00e3o Europeia, Mercosul deve assinar acordo com EFTA este ano"},"content":{"rendered":"<p><em>DCI<\/em><\/p>\n<p>&nbsp;<\/p>\n<p>Ap\u00f3s fechar acordo com a Uni\u00e3o Europeia (UE), o pr\u00f3ximo tratado de com\u00e9rcio do Mercosul (Brasil, Argentina, Paraguai, Uruguai) a sair do papel dever\u00e1 ser com a Associa\u00e7\u00e3o Europeia de Livre Com\u00e9rcio (EFTA), formada hoje pela Isl\u00e2ndia, Liechtenstein, Noruega e Su\u00ed\u00e7a.<\/p>\n<p>&nbsp;<\/p>\n<p>Foi o que informou ontem o subsecret\u00e1rio de Investimentos Estrangeiros do Minist\u00e9rio da Economia, Renato Baumann \u201c\u00c9 poss\u00edvel que o acordo com a EFTA seja firmado ainda este ano. Com o Canad\u00e1, isso tamb\u00e9m pode acontecer, eventualmente. J\u00e1 no pr\u00f3ximo ano, podemos pensar em mais um par de pa\u00edses\u201d, informou Baumann. Ele esteve presente em evento na capital paulista, organizado pela C\u00e2mara Espanhola e Euroc\u00e2maras. Na lista de acordos que podem ser firmados, est\u00e3o ainda a Cor\u00e9ia do Sul, Jap\u00e3o, Estados Unidos e o automotivo com o M\u00e9xico.<\/p>\n<p>&nbsp;<\/p>\n<p>Durante a atividade de ontem, Baumann apresentou mecanismos que o Minist\u00e9rio da Economia v\u00eam utilizando para reduzir a burocracia aos investidores e, ao mesmo tempo, cobrar deles responsabilidade social e ambiental.<\/p>\n<p>&nbsp;<\/p>\n<p>O objetivo \u00e9 facilitar e acelerar o processo de abertura do Pa\u00eds, colocando-o em conformidade com as boas pr\u00e1ticas internacionais. Uma das ferramentas \u00e9 o Ombudsman de Investimentos Diretos (OID), uma janela \u00fanica que permite aos investidores consultar a legisla\u00e7\u00e3o e os procedimentos administrativos para implementar um projeto no Pa\u00eds.<\/p>\n<p>&nbsp;<\/p>\n<p>Al\u00e9m disso, o investidor que j\u00e1 tem neg\u00f3cios no Brasil poder\u00e1 emitir um questionamento ao governo para tentar resolver um problema que esteja prejudicando o seu projeto. O site j\u00e1 est\u00e1 dispon\u00edvel na internet e \u00e9 resultado de um apoio que o governo brasileiro vem recebendo do Banco Mundial h\u00e1 um ano e meio. At\u00e9 o momento, a OID j\u00e1 recebeu oito questionamentos que versam sobre diversos temas, como d\u00favidas para instala\u00e7\u00e3o de empresas de energia solar; orienta\u00e7\u00e3o sobre financiamento interno, ex-tarif\u00e1rios, entre outros.<\/p>\n<p>&nbsp;<\/p>\n<p>A outra ferramenta \u00e9 o Ponto de Contato Nacional (PCN), resultado de uma ades\u00e3o do Brasil \u00e0s diretrizes para as multinacionais da Organiza\u00e7\u00e3o para Coopera\u00e7\u00e3o e Desenvolvimento (OCDE), em 1997. O PCN \u00e9 um grupo interministerial que est\u00e1, hoje, situado no Minist\u00e9rio da Economia.<\/p>\n<p>&nbsp;<\/p>\n<p>Apesar de existir h\u00e1 alguns anos, a pouca divulga\u00e7\u00e3o dificultou o uso da ferramenta. Com ela, tanto a popula\u00e7\u00e3o, como organiza\u00e7\u00f5es sindicais e ONGs poder\u00e3o acionar o mecanismo para denunciar as empresas multinacionais que estiverem desrespeitando, de alguma forma, a legisla\u00e7\u00e3o e normas trabalhistas, ambientais, relacionadas aos direitos humanos, \u00e0 corrup\u00e7\u00e3o e \u00e0s regras de concorr\u00eancia.<\/p>\n<p>&nbsp;<\/p>\n<p>Na avalia\u00e7\u00e3o de Baumann, o consumidor, com destaque para o europeu, por exemplo, tem se preocupado, cada vez mais, em comprar produtos de empresas que tenham responsabilidade social e ambiental. Por fim, ele informou que h\u00e1 muitos investidores interessados no Brasil, a despeito da desacelera\u00e7\u00e3o na economia. A perspectiva \u00e9 que, aprovadas as reformas, especialmente a da Previd\u00eancia Social, as expectativas fiquem mais positivas para os investimentos. (DCI\/Paula Salati)<\/p>\n","protected":false},"excerpt":{"rendered":"<p>DCI &nbsp; Ap\u00f3s fechar acordo com a Uni\u00e3o Europeia (UE), o pr\u00f3ximo tratado de com\u00e9rcio do Mercosul (Brasil, Argentina, Paraguai, Uruguai) a sair do papel dever\u00e1 ser com a Associa\u00e7\u00e3o Europeia de Livre Com\u00e9rcio (EFTA), formada hoje pela Isl\u00e2ndia, Liechtenstein, Noruega e Su\u00ed\u00e7a. &nbsp; Foi o que informou ontem o subsecret\u00e1rio de Investimentos Estrangeiros do\u2026 <a class=\"readmore\" href=\"https:\/\/dana.com.br\/canaldana\/2019\/07\/26\/apos-uniao-europeia-mercosul-deve-assinar-acordo-com-efta-este-ano\/\">Leia mais \u00bb<\/a><\/p>\n","protected":false},"author":3,"featured_media":0,"comment_status":"closed","ping_status":"closed","sticky":false,"template":"","format":"standard","meta":{"_acf_changed":false,"footnotes":""},"categories":[61],"tags":[],"class_list":["post-36053","post","type-post","status-publish","format-standard","hentry","category-destaques"],"acf":[],"yoast_head":"<!-- This site is optimized with the Yoast SEO plugin v27.3 - https:\/\/yoast.com\/product\/yoast-seo-wordpress\/ -->\n<title>Ap\u00f3s Uni\u00e3o Europeia, Mercosul deve assinar acordo com EFTA este ano - Canal Dana<\/title>\n<meta name=\"robots\" content=\"index, follow, max-snippet:-1, max-image-preview:large, max-video-preview:-1\" \/>\n<link rel=\"canonical\" href=\"https:\/\/dana.com.br\/canaldana\/2019\/07\/26\/apos-uniao-europeia-mercosul-deve-assinar-acordo-com-efta-este-ano\/\" \/>\n<meta property=\"og:locale\" content=\"pt_BR\" \/>\n<meta property=\"og:type\" content=\"article\" \/>\n<meta property=\"og:title\" content=\"Ap\u00f3s Uni\u00e3o Europeia, Mercosul deve assinar acordo com EFTA este ano - Canal Dana\" \/>\n<meta property=\"og:description\" content=\"DCI &nbsp; Ap\u00f3s fechar acordo com a Uni\u00e3o Europeia (UE), o pr\u00f3ximo tratado de com\u00e9rcio do Mercosul (Brasil, Argentina, Paraguai, Uruguai) a sair do papel dever\u00e1 ser com a Associa\u00e7\u00e3o Europeia de Livre Com\u00e9rcio (EFTA), formada hoje pela Isl\u00e2ndia, Liechtenstein, Noruega e Su\u00ed\u00e7a. &nbsp; Foi o que informou ontem o subsecret\u00e1rio de Investimentos Estrangeiros do\u2026 Leia mais \u00bb\" \/>\n<meta property=\"og:url\" content=\"https:\/\/dana.com.br\/canaldana\/2019\/07\/26\/apos-uniao-europeia-mercosul-deve-assinar-acordo-com-efta-este-ano\/\" \/>\n<meta property=\"og:site_name\" content=\"Canal Dana\" \/>\n<meta property=\"article:published_time\" content=\"2019-07-26T12:10:43+00:00\" \/>\n<meta name=\"author\" content=\"Canal Dana\" \/>\n<meta name=\"twitter:card\" content=\"summary_large_image\" \/>\n<meta name=\"twitter:label1\" content=\"Escrito por\" \/>\n\t<meta name=\"twitter:data1\" content=\"Canal Dana\" \/>\n\t<meta name=\"twitter:label2\" content=\"Est. tempo de leitura\" \/>\n\t<meta name=\"twitter:data2\" content=\"3 minutos\" \/>\n<script type=\"application\/ld+json\" class=\"yoast-schema-graph\">{\"@context\":\"https:\\\/\\\/schema.org\",\"@graph\":[{\"@type\":\"Article\",\"@id\":\"https:\\\/\\\/dana.com.br\\\/canaldana\\\/2019\\\/07\\\/26\\\/apos-uniao-europeia-mercosul-deve-assinar-acordo-com-efta-este-ano\\\/#article\",\"isPartOf\":{\"@id\":\"https:\\\/\\\/dana.com.br\\\/canaldana\\\/2019\\\/07\\\/26\\\/apos-uniao-europeia-mercosul-deve-assinar-acordo-com-efta-este-ano\\\/\"},\"author\":{\"name\":\"Canal Dana\",\"@id\":\"https:\\\/\\\/dana.com.br\\\/canaldana\\\/#\\\/schema\\\/person\\\/3c21f22f56fcf3bc46b94bc60ea4fef6\"},\"headline\":\"Ap\u00f3s Uni\u00e3o Europeia, Mercosul deve assinar acordo com EFTA este ano\",\"datePublished\":\"2019-07-26T12:10:43+00:00\",\"mainEntityOfPage\":{\"@id\":\"https:\\\/\\\/dana.com.br\\\/canaldana\\\/2019\\\/07\\\/26\\\/apos-uniao-europeia-mercosul-deve-assinar-acordo-com-efta-este-ano\\\/\"},\"wordCount\":524,\"articleSection\":[\"Destaques\"],\"inLanguage\":\"pt-BR\"},{\"@type\":\"WebPage\",\"@id\":\"https:\\\/\\\/dana.com.br\\\/canaldana\\\/2019\\\/07\\\/26\\\/apos-uniao-europeia-mercosul-deve-assinar-acordo-com-efta-este-ano\\\/\",\"url\":\"https:\\\/\\\/dana.com.br\\\/canaldana\\\/2019\\\/07\\\/26\\\/apos-uniao-europeia-mercosul-deve-assinar-acordo-com-efta-este-ano\\\/\",\"name\":\"Ap\u00f3s Uni\u00e3o Europeia, Mercosul deve assinar acordo com EFTA este ano - Canal Dana\",\"isPartOf\":{\"@id\":\"https:\\\/\\\/dana.com.br\\\/canaldana\\\/#website\"},\"datePublished\":\"2019-07-26T12:10:43+00:00\",\"author\":{\"@id\":\"https:\\\/\\\/dana.com.br\\\/canaldana\\\/#\\\/schema\\\/person\\\/3c21f22f56fcf3bc46b94bc60ea4fef6\"},\"breadcrumb\":{\"@id\":\"https:\\\/\\\/dana.com.br\\\/canaldana\\\/2019\\\/07\\\/26\\\/apos-uniao-europeia-mercosul-deve-assinar-acordo-com-efta-este-ano\\\/#breadcrumb\"},\"inLanguage\":\"pt-BR\",\"potentialAction\":[{\"@type\":\"ReadAction\",\"target\":[\"https:\\\/\\\/dana.com.br\\\/canaldana\\\/2019\\\/07\\\/26\\\/apos-uniao-europeia-mercosul-deve-assinar-acordo-com-efta-este-ano\\\/\"]}]},{\"@type\":\"BreadcrumbList\",\"@id\":\"https:\\\/\\\/dana.com.br\\\/canaldana\\\/2019\\\/07\\\/26\\\/apos-uniao-europeia-mercosul-deve-assinar-acordo-com-efta-este-ano\\\/#breadcrumb\",\"itemListElement\":[{\"@type\":\"ListItem\",\"position\":1,\"name\":\"Home\",\"item\":\"https:\\\/\\\/dana.com.br\\\/canaldana\\\/\"},{\"@type\":\"ListItem\",\"position\":2,\"name\":\"Destaques\",\"item\":\"https:\\\/\\\/dana.com.br\\\/canaldana\\\/destaques\\\/\"},{\"@type\":\"ListItem\",\"position\":3,\"name\":\"Ap\u00f3s Uni\u00e3o Europeia, Mercosul deve assinar acordo com EFTA este ano\"}]},{\"@type\":\"WebSite\",\"@id\":\"https:\\\/\\\/dana.com.br\\\/canaldana\\\/#website\",\"url\":\"https:\\\/\\\/dana.com.br\\\/canaldana\\\/\",\"name\":\"Canal Dana\",\"description\":\"Informativo com as principais not\u00edcias da ind\u00fastria automotiva\",\"potentialAction\":[{\"@type\":\"SearchAction\",\"target\":{\"@type\":\"EntryPoint\",\"urlTemplate\":\"https:\\\/\\\/dana.com.br\\\/canaldana\\\/?s={search_term_string}\"},\"query-input\":{\"@type\":\"PropertyValueSpecification\",\"valueRequired\":true,\"valueName\":\"search_term_string\"}}],\"inLanguage\":\"pt-BR\"},{\"@type\":\"Person\",\"@id\":\"https:\\\/\\\/dana.com.br\\\/canaldana\\\/#\\\/schema\\\/person\\\/3c21f22f56fcf3bc46b94bc60ea4fef6\",\"name\":\"Canal Dana\",\"image\":{\"@type\":\"ImageObject\",\"inLanguage\":\"pt-BR\",\"@id\":\"https:\\\/\\\/secure.gravatar.com\\\/avatar\\\/420aaf9278582877d9018637c6817617705899d2858d7572ef0fe59a6b6454b4?s=96&d=mm&r=g\",\"url\":\"https:\\\/\\\/secure.gravatar.com\\\/avatar\\\/420aaf9278582877d9018637c6817617705899d2858d7572ef0fe59a6b6454b4?s=96&d=mm&r=g\",\"contentUrl\":\"https:\\\/\\\/secure.gravatar.com\\\/avatar\\\/420aaf9278582877d9018637c6817617705899d2858d7572ef0fe59a6b6454b4?s=96&d=mm&r=g\",\"caption\":\"Canal Dana\"},\"url\":\"https:\\\/\\\/dana.com.br\\\/canaldana\\\/author\\\/cdeditor\\\/\"}]}<\/script>\n<!-- \/ Yoast SEO plugin. -->","yoast_head_json":{"title":"Ap\u00f3s Uni\u00e3o Europeia, Mercosul deve assinar acordo com EFTA este ano - Canal Dana","robots":{"index":"index","follow":"follow","max-snippet":"max-snippet:-1","max-image-preview":"max-image-preview:large","max-video-preview":"max-video-preview:-1"},"canonical":"https:\/\/dana.com.br\/canaldana\/2019\/07\/26\/apos-uniao-europeia-mercosul-deve-assinar-acordo-com-efta-este-ano\/","og_locale":"pt_BR","og_type":"article","og_title":"Ap\u00f3s Uni\u00e3o Europeia, Mercosul deve assinar acordo com EFTA este ano - Canal Dana","og_description":"DCI &nbsp; Ap\u00f3s fechar acordo com a Uni\u00e3o Europeia (UE), o pr\u00f3ximo tratado de com\u00e9rcio do Mercosul (Brasil, Argentina, Paraguai, Uruguai) a sair do papel dever\u00e1 ser com a Associa\u00e7\u00e3o Europeia de Livre Com\u00e9rcio (EFTA), formada hoje pela Isl\u00e2ndia, Liechtenstein, Noruega e Su\u00ed\u00e7a. &nbsp; Foi o que informou ontem o subsecret\u00e1rio de Investimentos Estrangeiros do\u2026 Leia mais \u00bb","og_url":"https:\/\/dana.com.br\/canaldana\/2019\/07\/26\/apos-uniao-europeia-mercosul-deve-assinar-acordo-com-efta-este-ano\/","og_site_name":"Canal Dana","article_published_time":"2019-07-26T12:10:43+00:00","author":"Canal Dana","twitter_card":"summary_large_image","twitter_misc":{"Escrito por":"Canal Dana","Est. tempo de leitura":"3 minutos"},"schema":{"@context":"https:\/\/schema.org","@graph":[{"@type":"Article","@id":"https:\/\/dana.com.br\/canaldana\/2019\/07\/26\/apos-uniao-europeia-mercosul-deve-assinar-acordo-com-efta-este-ano\/#article","isPartOf":{"@id":"https:\/\/dana.com.br\/canaldana\/2019\/07\/26\/apos-uniao-europeia-mercosul-deve-assinar-acordo-com-efta-este-ano\/"},"author":{"name":"Canal Dana","@id":"https:\/\/dana.com.br\/canaldana\/#\/schema\/person\/3c21f22f56fcf3bc46b94bc60ea4fef6"},"headline":"Ap\u00f3s Uni\u00e3o Europeia, Mercosul deve assinar acordo com EFTA este ano","datePublished":"2019-07-26T12:10:43+00:00","mainEntityOfPage":{"@id":"https:\/\/dana.com.br\/canaldana\/2019\/07\/26\/apos-uniao-europeia-mercosul-deve-assinar-acordo-com-efta-este-ano\/"},"wordCount":524,"articleSection":["Destaques"],"inLanguage":"pt-BR"},{"@type":"WebPage","@id":"https:\/\/dana.com.br\/canaldana\/2019\/07\/26\/apos-uniao-europeia-mercosul-deve-assinar-acordo-com-efta-este-ano\/","url":"https:\/\/dana.com.br\/canaldana\/2019\/07\/26\/apos-uniao-europeia-mercosul-deve-assinar-acordo-com-efta-este-ano\/","name":"Ap\u00f3s Uni\u00e3o Europeia, Mercosul deve assinar acordo com EFTA este ano - Canal Dana","isPartOf":{"@id":"https:\/\/dana.com.br\/canaldana\/#website"},"datePublished":"2019-07-26T12:10:43+00:00","author":{"@id":"https:\/\/dana.com.br\/canaldana\/#\/schema\/person\/3c21f22f56fcf3bc46b94bc60ea4fef6"},"breadcrumb":{"@id":"https:\/\/dana.com.br\/canaldana\/2019\/07\/26\/apos-uniao-europeia-mercosul-deve-assinar-acordo-com-efta-este-ano\/#breadcrumb"},"inLanguage":"pt-BR","potentialAction":[{"@type":"ReadAction","target":["https:\/\/dana.com.br\/canaldana\/2019\/07\/26\/apos-uniao-europeia-mercosul-deve-assinar-acordo-com-efta-este-ano\/"]}]},{"@type":"BreadcrumbList","@id":"https:\/\/dana.com.br\/canaldana\/2019\/07\/26\/apos-uniao-europeia-mercosul-deve-assinar-acordo-com-efta-este-ano\/#breadcrumb","itemListElement":[{"@type":"ListItem","position":1,"name":"Home","item":"https:\/\/dana.com.br\/canaldana\/"},{"@type":"ListItem","position":2,"name":"Destaques","item":"https:\/\/dana.com.br\/canaldana\/destaques\/"},{"@type":"ListItem","position":3,"name":"Ap\u00f3s Uni\u00e3o Europeia, Mercosul deve assinar acordo com EFTA este ano"}]},{"@type":"WebSite","@id":"https:\/\/dana.com.br\/canaldana\/#website","url":"https:\/\/dana.com.br\/canaldana\/","name":"Canal Dana","description":"Informativo com as principais not\u00edcias da ind\u00fastria automotiva","potentialAction":[{"@type":"SearchAction","target":{"@type":"EntryPoint","urlTemplate":"https:\/\/dana.com.br\/canaldana\/?s={search_term_string}"},"query-input":{"@type":"PropertyValueSpecification","valueRequired":true,"valueName":"search_term_string"}}],"inLanguage":"pt-BR"},{"@type":"Person","@id":"https:\/\/dana.com.br\/canaldana\/#\/schema\/person\/3c21f22f56fcf3bc46b94bc60ea4fef6","name":"Canal Dana","image":{"@type":"ImageObject","inLanguage":"pt-BR","@id":"https:\/\/secure.gravatar.com\/avatar\/420aaf9278582877d9018637c6817617705899d2858d7572ef0fe59a6b6454b4?s=96&d=mm&r=g","url":"https:\/\/secure.gravatar.com\/avatar\/420aaf9278582877d9018637c6817617705899d2858d7572ef0fe59a6b6454b4?s=96&d=mm&r=g","contentUrl":"https:\/\/secure.gravatar.com\/avatar\/420aaf9278582877d9018637c6817617705899d2858d7572ef0fe59a6b6454b4?s=96&d=mm&r=g","caption":"Canal Dana"},"url":"https:\/\/dana.com.br\/canaldana\/author\/cdeditor\/"}]}},"_links":{"self":[{"href":"https:\/\/dana.com.br\/canaldana\/wp-json\/wp\/v2\/posts\/36053","targetHints":{"allow":["GET"]}}],"collection":[{"href":"https:\/\/dana.com.br\/canaldana\/wp-json\/wp\/v2\/posts"}],"about":[{"href":"https:\/\/dana.com.br\/canaldana\/wp-json\/wp\/v2\/types\/post"}],"author":[{"embeddable":true,"href":"https:\/\/dana.com.br\/canaldana\/wp-json\/wp\/v2\/users\/3"}],"replies":[{"embeddable":true,"href":"https:\/\/dana.com.br\/canaldana\/wp-json\/wp\/v2\/comments?post=36053"}],"version-history":[{"count":0,"href":"https:\/\/dana.com.br\/canaldana\/wp-json\/wp\/v2\/posts\/36053\/revisions"}],"wp:attachment":[{"href":"https:\/\/dana.com.br\/canaldana\/wp-json\/wp\/v2\/media?parent=36053"}],"wp:term":[{"taxonomy":"category","embeddable":true,"href":"https:\/\/dana.com.br\/canaldana\/wp-json\/wp\/v2\/categories?post=36053"},{"taxonomy":"post_tag","embeddable":true,"href":"https:\/\/dana.com.br\/canaldana\/wp-json\/wp\/v2\/tags?post=36053"}],"curies":[{"name":"wp","href":"https:\/\/api.w.org\/{rel}","templated":true}]}}