{"id":36025,"date":"2019-07-25T08:14:17","date_gmt":"2019-07-25T11:14:17","guid":{"rendered":"https:\/\/dana.com.br\/canaldana\/?p=36025"},"modified":"2019-07-25T08:14:17","modified_gmt":"2019-07-25T11:14:17","slug":"john-deere-vai-ampliar-duas-fabricas-no-rio-grande-do-sul","status":"publish","type":"post","link":"https:\/\/dana.com.br\/canaldana\/2019\/07\/25\/john-deere-vai-ampliar-duas-fabricas-no-rio-grande-do-sul\/","title":{"rendered":"John Deere vai ampliar duas f\u00e1bricas no Rio Grande do Sul"},"content":{"rendered":"<p><em>Jornal do Com\u00e9rcio-RS<\/em><\/p>\n<p>&nbsp;<\/p>\n<p>A fabricante norte-americana de m\u00e1quinas agr\u00edcolas John Deere revelou que est\u00e1 em fase final de estudos para amplia\u00e7\u00e3o de duas de suas unidades no Rio Grande do Sul. As f\u00e1bricas de Horizontina, na Regi\u00e3o Noroeste, e de Montenegro, no Vale do Ca\u00ed, est\u00e3o inclu\u00eddas na fase final da formata\u00e7\u00e3o do Factory Master Plan da multinacional, que \u00e9 o plano que orienta os novos produtos que a fabricante lan\u00e7ar\u00e1 nos pr\u00f3ximos cinco anos, de acordo com o presidente da multinacional no Brasil, Paulo Herrmann, ga\u00facho de S\u00e3o Louren\u00e7o do Sul, que ontem falou a empres\u00e1rios em evento na Federasul.<\/p>\n<p>&nbsp;<\/p>\n<p>Apesar de a empresa n\u00e3o revelar o valor do investimento, segundo a assessoria de comunica\u00e7\u00e3o do deputado estadual Ernani Polo (PP), que \u00e9 natural da Regi\u00e3o Noroeste, a empresa teria sinalizado ao parlamentar que o valor em Horizontina dever\u00e1 ficar pr\u00f3ximo de R$ 100 milh\u00f5es. Na cidade, atuam quase 2 mil funcion\u00e1rios, e l\u00e1 s\u00e3o produzidos tr\u00eas modelos de plantadeira e sete de colheitadeira. A amplia\u00e7\u00e3o, que ser\u00e1 90% voltada para o mercado interno e o restante para exporta\u00e7\u00f5es, agora depende apenas de um acordo com o governo do Estado para a constru\u00e7\u00e3o de um novo acesso \u00e0 f\u00e1brica, diz Herrmann. A John Deere negocia uma compensa\u00e7\u00e3o tribut\u00e1ria para assumir os custos da obra, de 10 quil\u00f4metros.<\/p>\n<p>&nbsp;<\/p>\n<p>&#8220;Hoje, s\u00e3o cerca de 200 caminh\u00f5es carregando mat\u00e9ria-prima e equipamentos que precisam cruzar a cidade para chegar at\u00e9 a f\u00e1brica&#8221;, explica Herrmann.<\/p>\n<p>&nbsp;<\/p>\n<p>De acordo com o vice-prefeito de Horizontina, Jones Jehn da Cunha, a empresa j\u00e1 adquiriu uma nova \u00e1rea no distrito industrial da cidade para as \u00e1reas de log\u00edstica, expedi\u00e7\u00e3o e recebimento de mat\u00e9rias-primas. Al\u00e9m disso, diz Cunha, a empresa dever\u00e1 erguer na cidade o Museu da Soja, com investimento de cerca de R$ 20 milh\u00f5es, onde antigamente funcionava a f\u00e1brica da SLC, adquirida pela multinacional.<\/p>\n<p>&nbsp;<\/p>\n<p>No caso da unidade de Montenegro, o projeto de amplia\u00e7\u00e3o da unidade de tratores deve trazer uma resposta \u00e0 investida da concorrente AGCO. A multinacional est\u00e1 trazendo ao Brasil a produ\u00e7\u00e3o de uma nova marca, a Fendt, de tratores de alta pot\u00eancia, tamb\u00e9m fabricados no Rio Grande do Sul. H\u00e1 dois anos, a John Deere ultrapassou a AGCO como maior fabricante de tratores do Brasil.<\/p>\n<p>&nbsp;<\/p>\n<p>&#8220;Toda vez que eu vejo um competidor trazendo novas tecnologias ao mercado e apostando nele, \u00e9 o est\u00edmulo que eu preciso para fazer o mesmo&#8221;, comenta Herrmann, dando a entender que a resposta ao ingresso da Fendt no Brasil vir\u00e1 por Montenegro.<\/p>\n<p>&nbsp;<\/p>\n<p>Brasil vive &#8216;alinhamento de astros&#8217; no agroneg\u00f3cio, arma Paulo Herrmann Os investimentos no agroneg\u00f3cio brasileiro, destacou o presidente da John Deere no Brasil, Paulo Herrmann, se justificam pelo que ele define como um &#8220;grande alinhamento de astros&#8221; que muito favorece o cen\u00e1rio para a produ\u00e7\u00e3o de gr\u00e3os no Pa\u00eds. O executivo lista, por exemplo, a guerra comercial entre Estados Unidos e China, o avan\u00e7o da peste su\u00edna africana na \u00c1sia como um todo (o que vai demandar mais frangos e su\u00ednos brasileiros, e, consequentemente, mais gr\u00e3os para alimentar o plantel) e a quebra da safra norte-americana de gr\u00e3os. Com tudo isso, Herrmann avalia que o setor se fortalecer\u00e1 substancialmente.<\/p>\n<p>&nbsp;<\/p>\n<p>&#8220;Com esse alinhamento de astros a nosso favor, estimamos que as vendas de m\u00e1quinas agr\u00edcolas no Brasil devem crescer entre 5% e 8%. E a John Deere dever\u00e1 crescer acima dessa m\u00e9dia&#8221;, resume, lembrando que esses mesmos fatores devem ser um est\u00edmulo aos neg\u00f3cios na Expointer.<\/p>\n<p>&nbsp;<\/p>\n<p>Apesar de n\u00e3o revelar o faturamento da empresa no Brasil por quest\u00f5es estrat\u00e9gias, Herrmann diz apenas que globalmente a companhia registrou US$ 35 bilh\u00f5es no ano passado e que o Brasil \u00e9 o segundo maior mercado (atr\u00e1s apenas do norte-americano). O executivo aponta para 2020 proje\u00e7\u00f5es que trar\u00e3o ao Brasil novos e importantes n\u00fameros.<\/p>\n<p>&nbsp;<\/p>\n<p>&#8220;A safra de soja deve crescer 7% por aqui, nos tornando o maior produtor do mundo pela primeira vez. Milho deve crescer 3%, e ultrapassar as 100 milh\u00f5es de toneladas&#8221;, lista o executivo. (Jornal do Com\u00e9rcio-RS\/Thiago Copetti)<\/p>\n","protected":false},"excerpt":{"rendered":"<p>Jornal do Com\u00e9rcio-RS &nbsp; A fabricante norte-americana de m\u00e1quinas agr\u00edcolas John Deere revelou que est\u00e1 em fase final de estudos para amplia\u00e7\u00e3o de duas de suas unidades no Rio Grande do Sul. As f\u00e1bricas de Horizontina, na Regi\u00e3o Noroeste, e de Montenegro, no Vale do Ca\u00ed, est\u00e3o inclu\u00eddas na fase final da formata\u00e7\u00e3o do Factory\u2026 <a class=\"readmore\" href=\"https:\/\/dana.com.br\/canaldana\/2019\/07\/25\/john-deere-vai-ampliar-duas-fabricas-no-rio-grande-do-sul\/\">Leia mais \u00bb<\/a><\/p>\n","protected":false},"author":3,"featured_media":0,"comment_status":"closed","ping_status":"closed","sticky":false,"template":"","format":"standard","meta":{"_acf_changed":false,"footnotes":""},"categories":[61],"tags":[],"class_list":["post-36025","post","type-post","status-publish","format-standard","hentry","category-destaques"],"acf":[],"yoast_head":"<!-- This site is optimized with the Yoast SEO plugin v27.3 - https:\/\/yoast.com\/product\/yoast-seo-wordpress\/ -->\n<title>John Deere vai ampliar duas f\u00e1bricas no Rio Grande do Sul - Canal Dana<\/title>\n<meta name=\"robots\" content=\"index, follow, max-snippet:-1, max-image-preview:large, max-video-preview:-1\" \/>\n<link rel=\"canonical\" href=\"https:\/\/dana.com.br\/canaldana\/2019\/07\/25\/john-deere-vai-ampliar-duas-fabricas-no-rio-grande-do-sul\/\" \/>\n<meta property=\"og:locale\" content=\"pt_BR\" \/>\n<meta property=\"og:type\" content=\"article\" \/>\n<meta property=\"og:title\" content=\"John Deere vai ampliar duas f\u00e1bricas no Rio Grande do Sul - Canal Dana\" \/>\n<meta property=\"og:description\" content=\"Jornal do Com\u00e9rcio-RS &nbsp; A fabricante norte-americana de m\u00e1quinas agr\u00edcolas John Deere revelou que est\u00e1 em fase final de estudos para amplia\u00e7\u00e3o de duas de suas unidades no Rio Grande do Sul. As f\u00e1bricas de Horizontina, na Regi\u00e3o Noroeste, e de Montenegro, no Vale do Ca\u00ed, est\u00e3o inclu\u00eddas na fase final da formata\u00e7\u00e3o do Factory\u2026 Leia mais \u00bb\" \/>\n<meta property=\"og:url\" content=\"https:\/\/dana.com.br\/canaldana\/2019\/07\/25\/john-deere-vai-ampliar-duas-fabricas-no-rio-grande-do-sul\/\" \/>\n<meta property=\"og:site_name\" content=\"Canal Dana\" \/>\n<meta property=\"article:published_time\" content=\"2019-07-25T11:14:17+00:00\" \/>\n<meta name=\"author\" content=\"Canal Dana\" \/>\n<meta name=\"twitter:card\" content=\"summary_large_image\" \/>\n<meta name=\"twitter:label1\" content=\"Escrito por\" \/>\n\t<meta name=\"twitter:data1\" content=\"Canal Dana\" \/>\n\t<meta name=\"twitter:label2\" content=\"Est. tempo de leitura\" \/>\n\t<meta name=\"twitter:data2\" content=\"4 minutos\" \/>\n<script type=\"application\/ld+json\" class=\"yoast-schema-graph\">{\"@context\":\"https:\\\/\\\/schema.org\",\"@graph\":[{\"@type\":\"Article\",\"@id\":\"https:\\\/\\\/dana.com.br\\\/canaldana\\\/2019\\\/07\\\/25\\\/john-deere-vai-ampliar-duas-fabricas-no-rio-grande-do-sul\\\/#article\",\"isPartOf\":{\"@id\":\"https:\\\/\\\/dana.com.br\\\/canaldana\\\/2019\\\/07\\\/25\\\/john-deere-vai-ampliar-duas-fabricas-no-rio-grande-do-sul\\\/\"},\"author\":{\"name\":\"Canal Dana\",\"@id\":\"https:\\\/\\\/dana.com.br\\\/canaldana\\\/#\\\/schema\\\/person\\\/3c21f22f56fcf3bc46b94bc60ea4fef6\"},\"headline\":\"John Deere vai ampliar duas f\u00e1bricas no Rio Grande do Sul\",\"datePublished\":\"2019-07-25T11:14:17+00:00\",\"mainEntityOfPage\":{\"@id\":\"https:\\\/\\\/dana.com.br\\\/canaldana\\\/2019\\\/07\\\/25\\\/john-deere-vai-ampliar-duas-fabricas-no-rio-grande-do-sul\\\/\"},\"wordCount\":733,\"articleSection\":[\"Destaques\"],\"inLanguage\":\"pt-BR\"},{\"@type\":\"WebPage\",\"@id\":\"https:\\\/\\\/dana.com.br\\\/canaldana\\\/2019\\\/07\\\/25\\\/john-deere-vai-ampliar-duas-fabricas-no-rio-grande-do-sul\\\/\",\"url\":\"https:\\\/\\\/dana.com.br\\\/canaldana\\\/2019\\\/07\\\/25\\\/john-deere-vai-ampliar-duas-fabricas-no-rio-grande-do-sul\\\/\",\"name\":\"John Deere vai ampliar duas f\u00e1bricas no Rio Grande do Sul - Canal Dana\",\"isPartOf\":{\"@id\":\"https:\\\/\\\/dana.com.br\\\/canaldana\\\/#website\"},\"datePublished\":\"2019-07-25T11:14:17+00:00\",\"author\":{\"@id\":\"https:\\\/\\\/dana.com.br\\\/canaldana\\\/#\\\/schema\\\/person\\\/3c21f22f56fcf3bc46b94bc60ea4fef6\"},\"breadcrumb\":{\"@id\":\"https:\\\/\\\/dana.com.br\\\/canaldana\\\/2019\\\/07\\\/25\\\/john-deere-vai-ampliar-duas-fabricas-no-rio-grande-do-sul\\\/#breadcrumb\"},\"inLanguage\":\"pt-BR\",\"potentialAction\":[{\"@type\":\"ReadAction\",\"target\":[\"https:\\\/\\\/dana.com.br\\\/canaldana\\\/2019\\\/07\\\/25\\\/john-deere-vai-ampliar-duas-fabricas-no-rio-grande-do-sul\\\/\"]}]},{\"@type\":\"BreadcrumbList\",\"@id\":\"https:\\\/\\\/dana.com.br\\\/canaldana\\\/2019\\\/07\\\/25\\\/john-deere-vai-ampliar-duas-fabricas-no-rio-grande-do-sul\\\/#breadcrumb\",\"itemListElement\":[{\"@type\":\"ListItem\",\"position\":1,\"name\":\"Home\",\"item\":\"https:\\\/\\\/dana.com.br\\\/canaldana\\\/\"},{\"@type\":\"ListItem\",\"position\":2,\"name\":\"Destaques\",\"item\":\"https:\\\/\\\/dana.com.br\\\/canaldana\\\/destaques\\\/\"},{\"@type\":\"ListItem\",\"position\":3,\"name\":\"John Deere vai ampliar duas f\u00e1bricas no Rio Grande do Sul\"}]},{\"@type\":\"WebSite\",\"@id\":\"https:\\\/\\\/dana.com.br\\\/canaldana\\\/#website\",\"url\":\"https:\\\/\\\/dana.com.br\\\/canaldana\\\/\",\"name\":\"Canal Dana\",\"description\":\"Informativo com as principais not\u00edcias da ind\u00fastria automotiva\",\"potentialAction\":[{\"@type\":\"SearchAction\",\"target\":{\"@type\":\"EntryPoint\",\"urlTemplate\":\"https:\\\/\\\/dana.com.br\\\/canaldana\\\/?s={search_term_string}\"},\"query-input\":{\"@type\":\"PropertyValueSpecification\",\"valueRequired\":true,\"valueName\":\"search_term_string\"}}],\"inLanguage\":\"pt-BR\"},{\"@type\":\"Person\",\"@id\":\"https:\\\/\\\/dana.com.br\\\/canaldana\\\/#\\\/schema\\\/person\\\/3c21f22f56fcf3bc46b94bc60ea4fef6\",\"name\":\"Canal Dana\",\"image\":{\"@type\":\"ImageObject\",\"inLanguage\":\"pt-BR\",\"@id\":\"https:\\\/\\\/secure.gravatar.com\\\/avatar\\\/420aaf9278582877d9018637c6817617705899d2858d7572ef0fe59a6b6454b4?s=96&d=mm&r=g\",\"url\":\"https:\\\/\\\/secure.gravatar.com\\\/avatar\\\/420aaf9278582877d9018637c6817617705899d2858d7572ef0fe59a6b6454b4?s=96&d=mm&r=g\",\"contentUrl\":\"https:\\\/\\\/secure.gravatar.com\\\/avatar\\\/420aaf9278582877d9018637c6817617705899d2858d7572ef0fe59a6b6454b4?s=96&d=mm&r=g\",\"caption\":\"Canal Dana\"},\"url\":\"https:\\\/\\\/dana.com.br\\\/canaldana\\\/author\\\/cdeditor\\\/\"}]}<\/script>\n<!-- \/ Yoast SEO plugin. -->","yoast_head_json":{"title":"John Deere vai ampliar duas f\u00e1bricas no Rio Grande do Sul - Canal Dana","robots":{"index":"index","follow":"follow","max-snippet":"max-snippet:-1","max-image-preview":"max-image-preview:large","max-video-preview":"max-video-preview:-1"},"canonical":"https:\/\/dana.com.br\/canaldana\/2019\/07\/25\/john-deere-vai-ampliar-duas-fabricas-no-rio-grande-do-sul\/","og_locale":"pt_BR","og_type":"article","og_title":"John Deere vai ampliar duas f\u00e1bricas no Rio Grande do Sul - Canal Dana","og_description":"Jornal do Com\u00e9rcio-RS &nbsp; A fabricante norte-americana de m\u00e1quinas agr\u00edcolas John Deere revelou que est\u00e1 em fase final de estudos para amplia\u00e7\u00e3o de duas de suas unidades no Rio Grande do Sul. As f\u00e1bricas de Horizontina, na Regi\u00e3o Noroeste, e de Montenegro, no Vale do Ca\u00ed, est\u00e3o inclu\u00eddas na fase final da formata\u00e7\u00e3o do Factory\u2026 Leia mais \u00bb","og_url":"https:\/\/dana.com.br\/canaldana\/2019\/07\/25\/john-deere-vai-ampliar-duas-fabricas-no-rio-grande-do-sul\/","og_site_name":"Canal Dana","article_published_time":"2019-07-25T11:14:17+00:00","author":"Canal Dana","twitter_card":"summary_large_image","twitter_misc":{"Escrito por":"Canal Dana","Est. tempo de leitura":"4 minutos"},"schema":{"@context":"https:\/\/schema.org","@graph":[{"@type":"Article","@id":"https:\/\/dana.com.br\/canaldana\/2019\/07\/25\/john-deere-vai-ampliar-duas-fabricas-no-rio-grande-do-sul\/#article","isPartOf":{"@id":"https:\/\/dana.com.br\/canaldana\/2019\/07\/25\/john-deere-vai-ampliar-duas-fabricas-no-rio-grande-do-sul\/"},"author":{"name":"Canal Dana","@id":"https:\/\/dana.com.br\/canaldana\/#\/schema\/person\/3c21f22f56fcf3bc46b94bc60ea4fef6"},"headline":"John Deere vai ampliar duas f\u00e1bricas no Rio Grande do Sul","datePublished":"2019-07-25T11:14:17+00:00","mainEntityOfPage":{"@id":"https:\/\/dana.com.br\/canaldana\/2019\/07\/25\/john-deere-vai-ampliar-duas-fabricas-no-rio-grande-do-sul\/"},"wordCount":733,"articleSection":["Destaques"],"inLanguage":"pt-BR"},{"@type":"WebPage","@id":"https:\/\/dana.com.br\/canaldana\/2019\/07\/25\/john-deere-vai-ampliar-duas-fabricas-no-rio-grande-do-sul\/","url":"https:\/\/dana.com.br\/canaldana\/2019\/07\/25\/john-deere-vai-ampliar-duas-fabricas-no-rio-grande-do-sul\/","name":"John Deere vai ampliar duas f\u00e1bricas no Rio Grande do Sul - Canal Dana","isPartOf":{"@id":"https:\/\/dana.com.br\/canaldana\/#website"},"datePublished":"2019-07-25T11:14:17+00:00","author":{"@id":"https:\/\/dana.com.br\/canaldana\/#\/schema\/person\/3c21f22f56fcf3bc46b94bc60ea4fef6"},"breadcrumb":{"@id":"https:\/\/dana.com.br\/canaldana\/2019\/07\/25\/john-deere-vai-ampliar-duas-fabricas-no-rio-grande-do-sul\/#breadcrumb"},"inLanguage":"pt-BR","potentialAction":[{"@type":"ReadAction","target":["https:\/\/dana.com.br\/canaldana\/2019\/07\/25\/john-deere-vai-ampliar-duas-fabricas-no-rio-grande-do-sul\/"]}]},{"@type":"BreadcrumbList","@id":"https:\/\/dana.com.br\/canaldana\/2019\/07\/25\/john-deere-vai-ampliar-duas-fabricas-no-rio-grande-do-sul\/#breadcrumb","itemListElement":[{"@type":"ListItem","position":1,"name":"Home","item":"https:\/\/dana.com.br\/canaldana\/"},{"@type":"ListItem","position":2,"name":"Destaques","item":"https:\/\/dana.com.br\/canaldana\/destaques\/"},{"@type":"ListItem","position":3,"name":"John Deere vai ampliar duas f\u00e1bricas no Rio Grande do Sul"}]},{"@type":"WebSite","@id":"https:\/\/dana.com.br\/canaldana\/#website","url":"https:\/\/dana.com.br\/canaldana\/","name":"Canal Dana","description":"Informativo com as principais not\u00edcias da ind\u00fastria automotiva","potentialAction":[{"@type":"SearchAction","target":{"@type":"EntryPoint","urlTemplate":"https:\/\/dana.com.br\/canaldana\/?s={search_term_string}"},"query-input":{"@type":"PropertyValueSpecification","valueRequired":true,"valueName":"search_term_string"}}],"inLanguage":"pt-BR"},{"@type":"Person","@id":"https:\/\/dana.com.br\/canaldana\/#\/schema\/person\/3c21f22f56fcf3bc46b94bc60ea4fef6","name":"Canal Dana","image":{"@type":"ImageObject","inLanguage":"pt-BR","@id":"https:\/\/secure.gravatar.com\/avatar\/420aaf9278582877d9018637c6817617705899d2858d7572ef0fe59a6b6454b4?s=96&d=mm&r=g","url":"https:\/\/secure.gravatar.com\/avatar\/420aaf9278582877d9018637c6817617705899d2858d7572ef0fe59a6b6454b4?s=96&d=mm&r=g","contentUrl":"https:\/\/secure.gravatar.com\/avatar\/420aaf9278582877d9018637c6817617705899d2858d7572ef0fe59a6b6454b4?s=96&d=mm&r=g","caption":"Canal Dana"},"url":"https:\/\/dana.com.br\/canaldana\/author\/cdeditor\/"}]}},"_links":{"self":[{"href":"https:\/\/dana.com.br\/canaldana\/wp-json\/wp\/v2\/posts\/36025","targetHints":{"allow":["GET"]}}],"collection":[{"href":"https:\/\/dana.com.br\/canaldana\/wp-json\/wp\/v2\/posts"}],"about":[{"href":"https:\/\/dana.com.br\/canaldana\/wp-json\/wp\/v2\/types\/post"}],"author":[{"embeddable":true,"href":"https:\/\/dana.com.br\/canaldana\/wp-json\/wp\/v2\/users\/3"}],"replies":[{"embeddable":true,"href":"https:\/\/dana.com.br\/canaldana\/wp-json\/wp\/v2\/comments?post=36025"}],"version-history":[{"count":0,"href":"https:\/\/dana.com.br\/canaldana\/wp-json\/wp\/v2\/posts\/36025\/revisions"}],"wp:attachment":[{"href":"https:\/\/dana.com.br\/canaldana\/wp-json\/wp\/v2\/media?parent=36025"}],"wp:term":[{"taxonomy":"category","embeddable":true,"href":"https:\/\/dana.com.br\/canaldana\/wp-json\/wp\/v2\/categories?post=36025"},{"taxonomy":"post_tag","embeddable":true,"href":"https:\/\/dana.com.br\/canaldana\/wp-json\/wp\/v2\/tags?post=36025"}],"curies":[{"name":"wp","href":"https:\/\/api.w.org\/{rel}","templated":true}]}}