{"id":36021,"date":"2019-07-25T08:13:24","date_gmt":"2019-07-25T11:13:24","guid":{"rendered":"https:\/\/dana.com.br\/canaldana\/?p=36021"},"modified":"2019-07-25T08:13:24","modified_gmt":"2019-07-25T11:13:24","slug":"lucro-liquido-mundial-da-psa-cresce-24-do-primeiro-semestre","status":"publish","type":"post","link":"https:\/\/dana.com.br\/canaldana\/2019\/07\/25\/lucro-liquido-mundial-da-psa-cresce-24-do-primeiro-semestre\/","title":{"rendered":"Lucro l\u00edquido mundial da PSA cresce 24% do primeiro semestre"},"content":{"rendered":"<p><em>AutoInd\u00fastria<\/em><\/p>\n<p>&nbsp;<\/p>\n<p>\u201cEstamos prontos para a eletrifica\u00e7\u00e3o e para enfrentar os pr\u00f3ximos desafios tecnol\u00f3gicos.\u201d A frase \u00e9 de Carlos Tavares, CEO do Grupo PSA, ao fazer o balan\u00e7o do primeiro semestre do conglomerado que re\u00fane cinco marcas de ve\u00edculos, al\u00e9m de opera\u00e7\u00f5es financeiras e da divis\u00e3o de autope\u00e7as.<\/p>\n<p>&nbsp;<\/p>\n<p>A confian\u00e7a do executivo, que h\u00e1 cerca de seis anos iniciou o processo de recupera\u00e7\u00e3o da empresa que ent\u00e3o vivia delicad\u00edssimo quadro financeiro, est\u00e1 amparada pelos bons resultados colhidos no ano passado e novamente nos primeiros seis meses de 2019.<\/p>\n<p>&nbsp;<\/p>\n<p>O grupo apresentou, de janeiro a junho, forte incremento de 11% no lucro operacional &#8211; chegou a \u20ac 3,34 bilh\u00f5es &#8211; e margem operacional recorde de 8,7%. J\u00e1 o lucro l\u00edquido subiu ainda mais: bateu em \u20ac 1,83 bilh\u00e3o, 24% acima do montante alcan\u00e7ado no mesmo per\u00edodo do ano passado.<\/p>\n<p>&nbsp;<\/p>\n<p>Em entrevista coletiva, Philippe de Rovira, vice-presidente financeiro, interpretou que os resultados provam a sustentabilidade do desempenho do grupo, \u201capesar da fraqueza dos mercados globais\u201d. No acumulado at\u00e9 junho, o Grupo PSA vendeu pouco mais de 1,9 milh\u00e3o de ve\u00edculos em todo o mundo, quase 13% a menos do que o registrado no primeiro semestre de 2018.<\/p>\n<p>&nbsp;<\/p>\n<p>A baixa nas vendas reflete, em especial, o encolhimento de tr\u00eas dos quatro maiores polos consumidores globais de ve\u00edculos das v\u00e1rias marcas do conglomerado franc\u00eas. A exce\u00e7\u00e3o foi justamente o maior mercado da montadora, a Europa, que respondeu por 1,68 milh\u00e3o de ve\u00edculos em 2019, praticamente o mesmo volume dos primeiros seis meses de 2018.<\/p>\n<p>&nbsp;<\/p>\n<p>Com o encolhimento das vendas de ve\u00edculos, a receita total do grupo tamb\u00e9m recuou, mas apenas 0,7%, para \u20ac 38,3 bilh\u00f5es. S\u00f3 a divis\u00e3o automotiva respondeu oir quase \u20ac 30,4 bilh\u00f5es, 1,1% a menos do que no ano anterior.<\/p>\n<p>&nbsp;<\/p>\n<p>A PSA estima que a demanda mundial de ve\u00edculos est\u00e1 desacelerando. Prev\u00ea queda de 1% na Europa e contra\u00e7\u00e3o de 7% na China em 2019. O mercado chin\u00eas, inclusive, teve impacto negativo \u20ac 302 milh\u00f5es de euros da receita do grupo no primeiro semestre, com recuo das vendas de mais 61% no per\u00edodo.<\/p>\n<p>&nbsp;<\/p>\n<p><strong>Europeia<\/strong><\/p>\n<p>&nbsp;<\/p>\n<p>O board da empresa decidiu propor aos acionistas transformar a Peugeot S.A. em uma empresa europeia na pr\u00f3xima assembleia de acionistas no ano que vem. Esta estrutura de neg\u00f3cios, usada por um n\u00famero crescente de empresas, \u00e9 reconhecida em todos os pa\u00edses da Uni\u00e3o Europeia.<\/p>\n<p>&nbsp;<\/p>\n<p>A mudan\u00e7a, afirma a empresa, n\u00e3o teria impacto na governan\u00e7a, opera\u00e7\u00f5es, organiza\u00e7\u00e3o ou local de listagem da Peugeot S.A., mas permitiria ao grupo alinhar sua estrutura legal com a sua situa\u00e7\u00e3o econ\u00f4mica e social. N\u00e3o reduziria tamb\u00e9m os direitos atuais dos acionistas ou alteraria a localiza\u00e7\u00e3o da matriz ou de sua administra\u00e7\u00e3o centralizada na Fran\u00e7a. (AutoInd\u00fastria)<\/p>\n","protected":false},"excerpt":{"rendered":"<p>AutoInd\u00fastria &nbsp; \u201cEstamos prontos para a eletrifica\u00e7\u00e3o e para enfrentar os pr\u00f3ximos desafios tecnol\u00f3gicos.\u201d A frase \u00e9 de Carlos Tavares, CEO do Grupo PSA, ao fazer o balan\u00e7o do primeiro semestre do conglomerado que re\u00fane cinco marcas de ve\u00edculos, al\u00e9m de opera\u00e7\u00f5es financeiras e da divis\u00e3o de autope\u00e7as. &nbsp; A confian\u00e7a do executivo, que h\u00e1\u2026 <a class=\"readmore\" href=\"https:\/\/dana.com.br\/canaldana\/2019\/07\/25\/lucro-liquido-mundial-da-psa-cresce-24-do-primeiro-semestre\/\">Leia mais \u00bb<\/a><\/p>\n","protected":false},"author":3,"featured_media":0,"comment_status":"closed","ping_status":"closed","sticky":false,"template":"","format":"standard","meta":{"_acf_changed":false,"footnotes":""},"categories":[61],"tags":[],"class_list":["post-36021","post","type-post","status-publish","format-standard","hentry","category-destaques"],"acf":[],"yoast_head":"<!-- This site is optimized with the Yoast SEO plugin v27.3 - https:\/\/yoast.com\/product\/yoast-seo-wordpress\/ -->\n<title>Lucro l\u00edquido mundial da PSA cresce 24% do primeiro semestre - Canal Dana<\/title>\n<meta name=\"robots\" content=\"index, follow, max-snippet:-1, max-image-preview:large, max-video-preview:-1\" \/>\n<link rel=\"canonical\" href=\"https:\/\/dana.com.br\/canaldana\/2019\/07\/25\/lucro-liquido-mundial-da-psa-cresce-24-do-primeiro-semestre\/\" \/>\n<meta property=\"og:locale\" content=\"pt_BR\" \/>\n<meta property=\"og:type\" content=\"article\" \/>\n<meta property=\"og:title\" content=\"Lucro l\u00edquido mundial da PSA cresce 24% do primeiro semestre - Canal Dana\" \/>\n<meta property=\"og:description\" content=\"AutoInd\u00fastria &nbsp; \u201cEstamos prontos para a eletrifica\u00e7\u00e3o e para enfrentar os pr\u00f3ximos desafios tecnol\u00f3gicos.\u201d A frase \u00e9 de Carlos Tavares, CEO do Grupo PSA, ao fazer o balan\u00e7o do primeiro semestre do conglomerado que re\u00fane cinco marcas de ve\u00edculos, al\u00e9m de opera\u00e7\u00f5es financeiras e da divis\u00e3o de autope\u00e7as. &nbsp; A confian\u00e7a do executivo, que h\u00e1\u2026 Leia mais \u00bb\" \/>\n<meta property=\"og:url\" content=\"https:\/\/dana.com.br\/canaldana\/2019\/07\/25\/lucro-liquido-mundial-da-psa-cresce-24-do-primeiro-semestre\/\" \/>\n<meta property=\"og:site_name\" content=\"Canal Dana\" \/>\n<meta property=\"article:published_time\" content=\"2019-07-25T11:13:24+00:00\" \/>\n<meta name=\"author\" content=\"Canal Dana\" \/>\n<meta name=\"twitter:card\" content=\"summary_large_image\" \/>\n<meta name=\"twitter:label1\" content=\"Escrito por\" \/>\n\t<meta name=\"twitter:data1\" content=\"Canal Dana\" \/>\n\t<meta name=\"twitter:label2\" content=\"Est. tempo de leitura\" \/>\n\t<meta name=\"twitter:data2\" content=\"2 minutos\" \/>\n<script type=\"application\/ld+json\" class=\"yoast-schema-graph\">{\"@context\":\"https:\\\/\\\/schema.org\",\"@graph\":[{\"@type\":\"Article\",\"@id\":\"https:\\\/\\\/dana.com.br\\\/canaldana\\\/2019\\\/07\\\/25\\\/lucro-liquido-mundial-da-psa-cresce-24-do-primeiro-semestre\\\/#article\",\"isPartOf\":{\"@id\":\"https:\\\/\\\/dana.com.br\\\/canaldana\\\/2019\\\/07\\\/25\\\/lucro-liquido-mundial-da-psa-cresce-24-do-primeiro-semestre\\\/\"},\"author\":{\"name\":\"Canal Dana\",\"@id\":\"https:\\\/\\\/dana.com.br\\\/canaldana\\\/#\\\/schema\\\/person\\\/3c21f22f56fcf3bc46b94bc60ea4fef6\"},\"headline\":\"Lucro l\u00edquido mundial da PSA cresce 24% do primeiro semestre\",\"datePublished\":\"2019-07-25T11:13:24+00:00\",\"mainEntityOfPage\":{\"@id\":\"https:\\\/\\\/dana.com.br\\\/canaldana\\\/2019\\\/07\\\/25\\\/lucro-liquido-mundial-da-psa-cresce-24-do-primeiro-semestre\\\/\"},\"wordCount\":494,\"articleSection\":[\"Destaques\"],\"inLanguage\":\"pt-BR\"},{\"@type\":\"WebPage\",\"@id\":\"https:\\\/\\\/dana.com.br\\\/canaldana\\\/2019\\\/07\\\/25\\\/lucro-liquido-mundial-da-psa-cresce-24-do-primeiro-semestre\\\/\",\"url\":\"https:\\\/\\\/dana.com.br\\\/canaldana\\\/2019\\\/07\\\/25\\\/lucro-liquido-mundial-da-psa-cresce-24-do-primeiro-semestre\\\/\",\"name\":\"Lucro l\u00edquido mundial da PSA cresce 24% do primeiro semestre - Canal Dana\",\"isPartOf\":{\"@id\":\"https:\\\/\\\/dana.com.br\\\/canaldana\\\/#website\"},\"datePublished\":\"2019-07-25T11:13:24+00:00\",\"author\":{\"@id\":\"https:\\\/\\\/dana.com.br\\\/canaldana\\\/#\\\/schema\\\/person\\\/3c21f22f56fcf3bc46b94bc60ea4fef6\"},\"breadcrumb\":{\"@id\":\"https:\\\/\\\/dana.com.br\\\/canaldana\\\/2019\\\/07\\\/25\\\/lucro-liquido-mundial-da-psa-cresce-24-do-primeiro-semestre\\\/#breadcrumb\"},\"inLanguage\":\"pt-BR\",\"potentialAction\":[{\"@type\":\"ReadAction\",\"target\":[\"https:\\\/\\\/dana.com.br\\\/canaldana\\\/2019\\\/07\\\/25\\\/lucro-liquido-mundial-da-psa-cresce-24-do-primeiro-semestre\\\/\"]}]},{\"@type\":\"BreadcrumbList\",\"@id\":\"https:\\\/\\\/dana.com.br\\\/canaldana\\\/2019\\\/07\\\/25\\\/lucro-liquido-mundial-da-psa-cresce-24-do-primeiro-semestre\\\/#breadcrumb\",\"itemListElement\":[{\"@type\":\"ListItem\",\"position\":1,\"name\":\"Home\",\"item\":\"https:\\\/\\\/dana.com.br\\\/canaldana\\\/\"},{\"@type\":\"ListItem\",\"position\":2,\"name\":\"Destaques\",\"item\":\"https:\\\/\\\/dana.com.br\\\/canaldana\\\/destaques\\\/\"},{\"@type\":\"ListItem\",\"position\":3,\"name\":\"Lucro l\u00edquido mundial da PSA cresce 24% do primeiro semestre\"}]},{\"@type\":\"WebSite\",\"@id\":\"https:\\\/\\\/dana.com.br\\\/canaldana\\\/#website\",\"url\":\"https:\\\/\\\/dana.com.br\\\/canaldana\\\/\",\"name\":\"Canal Dana\",\"description\":\"Informativo com as principais not\u00edcias da ind\u00fastria automotiva\",\"potentialAction\":[{\"@type\":\"SearchAction\",\"target\":{\"@type\":\"EntryPoint\",\"urlTemplate\":\"https:\\\/\\\/dana.com.br\\\/canaldana\\\/?s={search_term_string}\"},\"query-input\":{\"@type\":\"PropertyValueSpecification\",\"valueRequired\":true,\"valueName\":\"search_term_string\"}}],\"inLanguage\":\"pt-BR\"},{\"@type\":\"Person\",\"@id\":\"https:\\\/\\\/dana.com.br\\\/canaldana\\\/#\\\/schema\\\/person\\\/3c21f22f56fcf3bc46b94bc60ea4fef6\",\"name\":\"Canal Dana\",\"image\":{\"@type\":\"ImageObject\",\"inLanguage\":\"pt-BR\",\"@id\":\"https:\\\/\\\/secure.gravatar.com\\\/avatar\\\/420aaf9278582877d9018637c6817617705899d2858d7572ef0fe59a6b6454b4?s=96&d=mm&r=g\",\"url\":\"https:\\\/\\\/secure.gravatar.com\\\/avatar\\\/420aaf9278582877d9018637c6817617705899d2858d7572ef0fe59a6b6454b4?s=96&d=mm&r=g\",\"contentUrl\":\"https:\\\/\\\/secure.gravatar.com\\\/avatar\\\/420aaf9278582877d9018637c6817617705899d2858d7572ef0fe59a6b6454b4?s=96&d=mm&r=g\",\"caption\":\"Canal Dana\"},\"url\":\"https:\\\/\\\/dana.com.br\\\/canaldana\\\/author\\\/cdeditor\\\/\"}]}<\/script>\n<!-- \/ Yoast SEO plugin. -->","yoast_head_json":{"title":"Lucro l\u00edquido mundial da PSA cresce 24% do primeiro semestre - Canal Dana","robots":{"index":"index","follow":"follow","max-snippet":"max-snippet:-1","max-image-preview":"max-image-preview:large","max-video-preview":"max-video-preview:-1"},"canonical":"https:\/\/dana.com.br\/canaldana\/2019\/07\/25\/lucro-liquido-mundial-da-psa-cresce-24-do-primeiro-semestre\/","og_locale":"pt_BR","og_type":"article","og_title":"Lucro l\u00edquido mundial da PSA cresce 24% do primeiro semestre - Canal Dana","og_description":"AutoInd\u00fastria &nbsp; \u201cEstamos prontos para a eletrifica\u00e7\u00e3o e para enfrentar os pr\u00f3ximos desafios tecnol\u00f3gicos.\u201d A frase \u00e9 de Carlos Tavares, CEO do Grupo PSA, ao fazer o balan\u00e7o do primeiro semestre do conglomerado que re\u00fane cinco marcas de ve\u00edculos, al\u00e9m de opera\u00e7\u00f5es financeiras e da divis\u00e3o de autope\u00e7as. &nbsp; A confian\u00e7a do executivo, que h\u00e1\u2026 Leia mais \u00bb","og_url":"https:\/\/dana.com.br\/canaldana\/2019\/07\/25\/lucro-liquido-mundial-da-psa-cresce-24-do-primeiro-semestre\/","og_site_name":"Canal Dana","article_published_time":"2019-07-25T11:13:24+00:00","author":"Canal Dana","twitter_card":"summary_large_image","twitter_misc":{"Escrito por":"Canal Dana","Est. tempo de leitura":"2 minutos"},"schema":{"@context":"https:\/\/schema.org","@graph":[{"@type":"Article","@id":"https:\/\/dana.com.br\/canaldana\/2019\/07\/25\/lucro-liquido-mundial-da-psa-cresce-24-do-primeiro-semestre\/#article","isPartOf":{"@id":"https:\/\/dana.com.br\/canaldana\/2019\/07\/25\/lucro-liquido-mundial-da-psa-cresce-24-do-primeiro-semestre\/"},"author":{"name":"Canal Dana","@id":"https:\/\/dana.com.br\/canaldana\/#\/schema\/person\/3c21f22f56fcf3bc46b94bc60ea4fef6"},"headline":"Lucro l\u00edquido mundial da PSA cresce 24% do primeiro semestre","datePublished":"2019-07-25T11:13:24+00:00","mainEntityOfPage":{"@id":"https:\/\/dana.com.br\/canaldana\/2019\/07\/25\/lucro-liquido-mundial-da-psa-cresce-24-do-primeiro-semestre\/"},"wordCount":494,"articleSection":["Destaques"],"inLanguage":"pt-BR"},{"@type":"WebPage","@id":"https:\/\/dana.com.br\/canaldana\/2019\/07\/25\/lucro-liquido-mundial-da-psa-cresce-24-do-primeiro-semestre\/","url":"https:\/\/dana.com.br\/canaldana\/2019\/07\/25\/lucro-liquido-mundial-da-psa-cresce-24-do-primeiro-semestre\/","name":"Lucro l\u00edquido mundial da PSA cresce 24% do primeiro semestre - Canal Dana","isPartOf":{"@id":"https:\/\/dana.com.br\/canaldana\/#website"},"datePublished":"2019-07-25T11:13:24+00:00","author":{"@id":"https:\/\/dana.com.br\/canaldana\/#\/schema\/person\/3c21f22f56fcf3bc46b94bc60ea4fef6"},"breadcrumb":{"@id":"https:\/\/dana.com.br\/canaldana\/2019\/07\/25\/lucro-liquido-mundial-da-psa-cresce-24-do-primeiro-semestre\/#breadcrumb"},"inLanguage":"pt-BR","potentialAction":[{"@type":"ReadAction","target":["https:\/\/dana.com.br\/canaldana\/2019\/07\/25\/lucro-liquido-mundial-da-psa-cresce-24-do-primeiro-semestre\/"]}]},{"@type":"BreadcrumbList","@id":"https:\/\/dana.com.br\/canaldana\/2019\/07\/25\/lucro-liquido-mundial-da-psa-cresce-24-do-primeiro-semestre\/#breadcrumb","itemListElement":[{"@type":"ListItem","position":1,"name":"Home","item":"https:\/\/dana.com.br\/canaldana\/"},{"@type":"ListItem","position":2,"name":"Destaques","item":"https:\/\/dana.com.br\/canaldana\/destaques\/"},{"@type":"ListItem","position":3,"name":"Lucro l\u00edquido mundial da PSA cresce 24% do primeiro semestre"}]},{"@type":"WebSite","@id":"https:\/\/dana.com.br\/canaldana\/#website","url":"https:\/\/dana.com.br\/canaldana\/","name":"Canal Dana","description":"Informativo com as principais not\u00edcias da ind\u00fastria automotiva","potentialAction":[{"@type":"SearchAction","target":{"@type":"EntryPoint","urlTemplate":"https:\/\/dana.com.br\/canaldana\/?s={search_term_string}"},"query-input":{"@type":"PropertyValueSpecification","valueRequired":true,"valueName":"search_term_string"}}],"inLanguage":"pt-BR"},{"@type":"Person","@id":"https:\/\/dana.com.br\/canaldana\/#\/schema\/person\/3c21f22f56fcf3bc46b94bc60ea4fef6","name":"Canal Dana","image":{"@type":"ImageObject","inLanguage":"pt-BR","@id":"https:\/\/secure.gravatar.com\/avatar\/420aaf9278582877d9018637c6817617705899d2858d7572ef0fe59a6b6454b4?s=96&d=mm&r=g","url":"https:\/\/secure.gravatar.com\/avatar\/420aaf9278582877d9018637c6817617705899d2858d7572ef0fe59a6b6454b4?s=96&d=mm&r=g","contentUrl":"https:\/\/secure.gravatar.com\/avatar\/420aaf9278582877d9018637c6817617705899d2858d7572ef0fe59a6b6454b4?s=96&d=mm&r=g","caption":"Canal Dana"},"url":"https:\/\/dana.com.br\/canaldana\/author\/cdeditor\/"}]}},"_links":{"self":[{"href":"https:\/\/dana.com.br\/canaldana\/wp-json\/wp\/v2\/posts\/36021","targetHints":{"allow":["GET"]}}],"collection":[{"href":"https:\/\/dana.com.br\/canaldana\/wp-json\/wp\/v2\/posts"}],"about":[{"href":"https:\/\/dana.com.br\/canaldana\/wp-json\/wp\/v2\/types\/post"}],"author":[{"embeddable":true,"href":"https:\/\/dana.com.br\/canaldana\/wp-json\/wp\/v2\/users\/3"}],"replies":[{"embeddable":true,"href":"https:\/\/dana.com.br\/canaldana\/wp-json\/wp\/v2\/comments?post=36021"}],"version-history":[{"count":0,"href":"https:\/\/dana.com.br\/canaldana\/wp-json\/wp\/v2\/posts\/36021\/revisions"}],"wp:attachment":[{"href":"https:\/\/dana.com.br\/canaldana\/wp-json\/wp\/v2\/media?parent=36021"}],"wp:term":[{"taxonomy":"category","embeddable":true,"href":"https:\/\/dana.com.br\/canaldana\/wp-json\/wp\/v2\/categories?post=36021"},{"taxonomy":"post_tag","embeddable":true,"href":"https:\/\/dana.com.br\/canaldana\/wp-json\/wp\/v2\/tags?post=36021"}],"curies":[{"name":"wp","href":"https:\/\/api.w.org\/{rel}","templated":true}]}}