{"id":36005,"date":"2019-07-25T08:09:59","date_gmt":"2019-07-25T11:09:59","guid":{"rendered":"https:\/\/dana.com.br\/canaldana\/?p=36005"},"modified":"2019-07-25T08:09:59","modified_gmt":"2019-07-25T11:09:59","slug":"vazamento-no-polo-automotivo-em-goiana-causa-paralisacao-temporaria-e-funcionarios-recebem-atendimento-medico","status":"publish","type":"post","link":"https:\/\/dana.com.br\/canaldana\/2019\/07\/25\/vazamento-no-polo-automotivo-em-goiana-causa-paralisacao-temporaria-e-funcionarios-recebem-atendimento-medico\/","title":{"rendered":"Vazamento no polo automotivo em Goiana causa paralisa\u00e7\u00e3o tempor\u00e1ria e funcion\u00e1rios recebem atendimento m\u00e9dico"},"content":{"rendered":"<p><em>Portal G1 PE<\/em><\/p>\n<p>&nbsp;<\/p>\n<p>Um vazamento de uma subst\u00e2ncia vol\u00e1til provocou uma paralisa\u00e7\u00e3o nas atividades da Lear, que integra o parque de fornecedores do Polo Automotivo Jeep, em Goiana, no Grande Recife, na manh\u00e3 desta quarta-feira (24). Devido ao ocorrido, alguns funcion\u00e1rios receberam atendimento m\u00e9dico.<\/p>\n<p>&nbsp;<\/p>\n<p>A subst\u00e2ncia qu\u00edmica que vazou n\u00e3o foi informada. Algumas pessoas chegaram a desmaiar e outras foram orientadas a usar m\u00e1scaras, segundo funcion\u00e1rios.<\/p>\n<p>&nbsp;<\/p>\n<p>\u201cQuando eu cheguei, \u00e0s 8h, j\u00e1 tinha acontecido. Algumas pessoas desmaiaram, mas foram atendidas na hora. N\u00e3o teve correria, mas precisaram evacuar o local para conter o vazamento\u201d, disse ao G1 um trabalhador da empresa que n\u00e3o quis se identificar.<\/p>\n<p>&nbsp;<\/p>\n<p>Em nota, a Lear afirmou que o vazamento ocorreu durante o processo produtivo do setor de espumas.<\/p>\n<p>&nbsp;<\/p>\n<p>&#8220;Os alarmes de detec\u00e7\u00e3o e seguran\u00e7a do sistema foram acionados e a planta foi prontamente evacuada. No momento do incidente, cerca de 500 colaboradores estavam na planta. Desse total, 37 receberam atendimento m\u00e9dico imediato no ambulat\u00f3rio local por apresentar sintomas leves como irrita\u00e7\u00e3o nas vias a\u00e9reas superiores. Nenhum caso mais grave foi registrado&#8221;, declarou no texto.<\/p>\n<p>&nbsp;<\/p>\n<p>Ainda na nota, a Lear informou que a opera\u00e7\u00e3o no local foi retomada no final da manh\u00e3, depois de inspe\u00e7\u00e3o e valida\u00e7\u00e3o pela equipe local de seguran\u00e7a e pelo Corpo de Bombeiros. Tamb\u00e9m no texto, a empresa afirmou que &#8220;refor\u00e7a seu compromisso com a sa\u00fade e seguran\u00e7a de seus colaboradores, por isso acompanhar\u00e1 de perto as investiga\u00e7\u00f5es sobre as causas do incidente&#8221;.<\/p>\n<p>&nbsp;<\/p>\n<p>O Polo Automotivo Jeep pertence \u00e0 Fiat Chrysler Automobiles (FCA), que divulgou nota sobre o ocorrido no parque de fornecedores.<\/p>\n<p>&nbsp;<\/p>\n<p>&#8220;A Lear (&#8230;) possui instala\u00e7\u00f5es industriais pr\u00f3prias. Conforme protocolo de seguran\u00e7a, a \u00e1rea industrial foi evacuada. A produ\u00e7\u00e3o j\u00e1 foi retomada. Todos os demais fornecedores e a planta Jeep operam normalmente&#8221;, afirmou no texto. (Portal G1 PE)<\/p>\n","protected":false},"excerpt":{"rendered":"<p>Portal G1 PE &nbsp; Um vazamento de uma subst\u00e2ncia vol\u00e1til provocou uma paralisa\u00e7\u00e3o nas atividades da Lear, que integra o parque de fornecedores do Polo Automotivo Jeep, em Goiana, no Grande Recife, na manh\u00e3 desta quarta-feira (24). Devido ao ocorrido, alguns funcion\u00e1rios receberam atendimento m\u00e9dico. &nbsp; A subst\u00e2ncia qu\u00edmica que vazou n\u00e3o foi informada. Algumas\u2026 <a class=\"readmore\" href=\"https:\/\/dana.com.br\/canaldana\/2019\/07\/25\/vazamento-no-polo-automotivo-em-goiana-causa-paralisacao-temporaria-e-funcionarios-recebem-atendimento-medico\/\">Leia mais \u00bb<\/a><\/p>\n","protected":false},"author":3,"featured_media":0,"comment_status":"closed","ping_status":"closed","sticky":false,"template":"","format":"standard","meta":{"_acf_changed":false,"footnotes":""},"categories":[94],"tags":[],"class_list":["post-36005","post","type-post","status-publish","format-standard","hentry","category-seguranca"],"acf":[],"yoast_head":"<!-- This site is optimized with the Yoast SEO plugin v27.3 - https:\/\/yoast.com\/product\/yoast-seo-wordpress\/ -->\n<title>Vazamento no polo automotivo em Goiana causa paralisa\u00e7\u00e3o tempor\u00e1ria e funcion\u00e1rios recebem atendimento m\u00e9dico - Canal Dana<\/title>\n<meta name=\"robots\" content=\"index, follow, max-snippet:-1, max-image-preview:large, max-video-preview:-1\" \/>\n<link rel=\"canonical\" href=\"https:\/\/dana.com.br\/canaldana\/2019\/07\/25\/vazamento-no-polo-automotivo-em-goiana-causa-paralisacao-temporaria-e-funcionarios-recebem-atendimento-medico\/\" \/>\n<meta property=\"og:locale\" content=\"pt_BR\" \/>\n<meta property=\"og:type\" content=\"article\" \/>\n<meta property=\"og:title\" content=\"Vazamento no polo automotivo em Goiana causa paralisa\u00e7\u00e3o tempor\u00e1ria e funcion\u00e1rios recebem atendimento m\u00e9dico - Canal Dana\" \/>\n<meta property=\"og:description\" content=\"Portal G1 PE &nbsp; Um vazamento de uma subst\u00e2ncia vol\u00e1til provocou uma paralisa\u00e7\u00e3o nas atividades da Lear, que integra o parque de fornecedores do Polo Automotivo Jeep, em Goiana, no Grande Recife, na manh\u00e3 desta quarta-feira (24). Devido ao ocorrido, alguns funcion\u00e1rios receberam atendimento m\u00e9dico. &nbsp; A subst\u00e2ncia qu\u00edmica que vazou n\u00e3o foi informada. Algumas\u2026 Leia mais \u00bb\" \/>\n<meta property=\"og:url\" content=\"https:\/\/dana.com.br\/canaldana\/2019\/07\/25\/vazamento-no-polo-automotivo-em-goiana-causa-paralisacao-temporaria-e-funcionarios-recebem-atendimento-medico\/\" \/>\n<meta property=\"og:site_name\" content=\"Canal Dana\" \/>\n<meta property=\"article:published_time\" content=\"2019-07-25T11:09:59+00:00\" \/>\n<meta name=\"author\" content=\"Canal Dana\" \/>\n<meta name=\"twitter:card\" content=\"summary_large_image\" \/>\n<meta name=\"twitter:label1\" content=\"Escrito por\" \/>\n\t<meta name=\"twitter:data1\" content=\"Canal Dana\" \/>\n\t<meta name=\"twitter:label2\" content=\"Est. tempo de leitura\" \/>\n\t<meta name=\"twitter:data2\" content=\"2 minutos\" \/>\n<script type=\"application\/ld+json\" class=\"yoast-schema-graph\">{\"@context\":\"https:\\\/\\\/schema.org\",\"@graph\":[{\"@type\":\"Article\",\"@id\":\"https:\\\/\\\/dana.com.br\\\/canaldana\\\/2019\\\/07\\\/25\\\/vazamento-no-polo-automotivo-em-goiana-causa-paralisacao-temporaria-e-funcionarios-recebem-atendimento-medico\\\/#article\",\"isPartOf\":{\"@id\":\"https:\\\/\\\/dana.com.br\\\/canaldana\\\/2019\\\/07\\\/25\\\/vazamento-no-polo-automotivo-em-goiana-causa-paralisacao-temporaria-e-funcionarios-recebem-atendimento-medico\\\/\"},\"author\":{\"name\":\"Canal Dana\",\"@id\":\"https:\\\/\\\/dana.com.br\\\/canaldana\\\/#\\\/schema\\\/person\\\/3c21f22f56fcf3bc46b94bc60ea4fef6\"},\"headline\":\"Vazamento no polo automotivo em Goiana causa paralisa\u00e7\u00e3o tempor\u00e1ria e funcion\u00e1rios recebem atendimento m\u00e9dico\",\"datePublished\":\"2019-07-25T11:09:59+00:00\",\"mainEntityOfPage\":{\"@id\":\"https:\\\/\\\/dana.com.br\\\/canaldana\\\/2019\\\/07\\\/25\\\/vazamento-no-polo-automotivo-em-goiana-causa-paralisacao-temporaria-e-funcionarios-recebem-atendimento-medico\\\/\"},\"wordCount\":350,\"articleSection\":[\"Seguran\u00e7a\"],\"inLanguage\":\"pt-BR\"},{\"@type\":\"WebPage\",\"@id\":\"https:\\\/\\\/dana.com.br\\\/canaldana\\\/2019\\\/07\\\/25\\\/vazamento-no-polo-automotivo-em-goiana-causa-paralisacao-temporaria-e-funcionarios-recebem-atendimento-medico\\\/\",\"url\":\"https:\\\/\\\/dana.com.br\\\/canaldana\\\/2019\\\/07\\\/25\\\/vazamento-no-polo-automotivo-em-goiana-causa-paralisacao-temporaria-e-funcionarios-recebem-atendimento-medico\\\/\",\"name\":\"Vazamento no polo automotivo em Goiana causa paralisa\u00e7\u00e3o tempor\u00e1ria e funcion\u00e1rios recebem atendimento m\u00e9dico - Canal Dana\",\"isPartOf\":{\"@id\":\"https:\\\/\\\/dana.com.br\\\/canaldana\\\/#website\"},\"datePublished\":\"2019-07-25T11:09:59+00:00\",\"author\":{\"@id\":\"https:\\\/\\\/dana.com.br\\\/canaldana\\\/#\\\/schema\\\/person\\\/3c21f22f56fcf3bc46b94bc60ea4fef6\"},\"breadcrumb\":{\"@id\":\"https:\\\/\\\/dana.com.br\\\/canaldana\\\/2019\\\/07\\\/25\\\/vazamento-no-polo-automotivo-em-goiana-causa-paralisacao-temporaria-e-funcionarios-recebem-atendimento-medico\\\/#breadcrumb\"},\"inLanguage\":\"pt-BR\",\"potentialAction\":[{\"@type\":\"ReadAction\",\"target\":[\"https:\\\/\\\/dana.com.br\\\/canaldana\\\/2019\\\/07\\\/25\\\/vazamento-no-polo-automotivo-em-goiana-causa-paralisacao-temporaria-e-funcionarios-recebem-atendimento-medico\\\/\"]}]},{\"@type\":\"BreadcrumbList\",\"@id\":\"https:\\\/\\\/dana.com.br\\\/canaldana\\\/2019\\\/07\\\/25\\\/vazamento-no-polo-automotivo-em-goiana-causa-paralisacao-temporaria-e-funcionarios-recebem-atendimento-medico\\\/#breadcrumb\",\"itemListElement\":[{\"@type\":\"ListItem\",\"position\":1,\"name\":\"Home\",\"item\":\"https:\\\/\\\/dana.com.br\\\/canaldana\\\/\"},{\"@type\":\"ListItem\",\"position\":2,\"name\":\"Seguran\u00e7a\",\"item\":\"https:\\\/\\\/dana.com.br\\\/canaldana\\\/seguranca\\\/\"},{\"@type\":\"ListItem\",\"position\":3,\"name\":\"Vazamento no polo automotivo em Goiana causa paralisa\u00e7\u00e3o tempor\u00e1ria e funcion\u00e1rios recebem atendimento m\u00e9dico\"}]},{\"@type\":\"WebSite\",\"@id\":\"https:\\\/\\\/dana.com.br\\\/canaldana\\\/#website\",\"url\":\"https:\\\/\\\/dana.com.br\\\/canaldana\\\/\",\"name\":\"Canal Dana\",\"description\":\"Informativo com as principais not\u00edcias da ind\u00fastria automotiva\",\"potentialAction\":[{\"@type\":\"SearchAction\",\"target\":{\"@type\":\"EntryPoint\",\"urlTemplate\":\"https:\\\/\\\/dana.com.br\\\/canaldana\\\/?s={search_term_string}\"},\"query-input\":{\"@type\":\"PropertyValueSpecification\",\"valueRequired\":true,\"valueName\":\"search_term_string\"}}],\"inLanguage\":\"pt-BR\"},{\"@type\":\"Person\",\"@id\":\"https:\\\/\\\/dana.com.br\\\/canaldana\\\/#\\\/schema\\\/person\\\/3c21f22f56fcf3bc46b94bc60ea4fef6\",\"name\":\"Canal Dana\",\"image\":{\"@type\":\"ImageObject\",\"inLanguage\":\"pt-BR\",\"@id\":\"https:\\\/\\\/secure.gravatar.com\\\/avatar\\\/420aaf9278582877d9018637c6817617705899d2858d7572ef0fe59a6b6454b4?s=96&d=mm&r=g\",\"url\":\"https:\\\/\\\/secure.gravatar.com\\\/avatar\\\/420aaf9278582877d9018637c6817617705899d2858d7572ef0fe59a6b6454b4?s=96&d=mm&r=g\",\"contentUrl\":\"https:\\\/\\\/secure.gravatar.com\\\/avatar\\\/420aaf9278582877d9018637c6817617705899d2858d7572ef0fe59a6b6454b4?s=96&d=mm&r=g\",\"caption\":\"Canal Dana\"},\"url\":\"https:\\\/\\\/dana.com.br\\\/canaldana\\\/author\\\/cdeditor\\\/\"}]}<\/script>\n<!-- \/ Yoast SEO plugin. -->","yoast_head_json":{"title":"Vazamento no polo automotivo em Goiana causa paralisa\u00e7\u00e3o tempor\u00e1ria e funcion\u00e1rios recebem atendimento m\u00e9dico - Canal Dana","robots":{"index":"index","follow":"follow","max-snippet":"max-snippet:-1","max-image-preview":"max-image-preview:large","max-video-preview":"max-video-preview:-1"},"canonical":"https:\/\/dana.com.br\/canaldana\/2019\/07\/25\/vazamento-no-polo-automotivo-em-goiana-causa-paralisacao-temporaria-e-funcionarios-recebem-atendimento-medico\/","og_locale":"pt_BR","og_type":"article","og_title":"Vazamento no polo automotivo em Goiana causa paralisa\u00e7\u00e3o tempor\u00e1ria e funcion\u00e1rios recebem atendimento m\u00e9dico - Canal Dana","og_description":"Portal G1 PE &nbsp; Um vazamento de uma subst\u00e2ncia vol\u00e1til provocou uma paralisa\u00e7\u00e3o nas atividades da Lear, que integra o parque de fornecedores do Polo Automotivo Jeep, em Goiana, no Grande Recife, na manh\u00e3 desta quarta-feira (24). Devido ao ocorrido, alguns funcion\u00e1rios receberam atendimento m\u00e9dico. &nbsp; A subst\u00e2ncia qu\u00edmica que vazou n\u00e3o foi informada. Algumas\u2026 Leia mais \u00bb","og_url":"https:\/\/dana.com.br\/canaldana\/2019\/07\/25\/vazamento-no-polo-automotivo-em-goiana-causa-paralisacao-temporaria-e-funcionarios-recebem-atendimento-medico\/","og_site_name":"Canal Dana","article_published_time":"2019-07-25T11:09:59+00:00","author":"Canal Dana","twitter_card":"summary_large_image","twitter_misc":{"Escrito por":"Canal Dana","Est. tempo de leitura":"2 minutos"},"schema":{"@context":"https:\/\/schema.org","@graph":[{"@type":"Article","@id":"https:\/\/dana.com.br\/canaldana\/2019\/07\/25\/vazamento-no-polo-automotivo-em-goiana-causa-paralisacao-temporaria-e-funcionarios-recebem-atendimento-medico\/#article","isPartOf":{"@id":"https:\/\/dana.com.br\/canaldana\/2019\/07\/25\/vazamento-no-polo-automotivo-em-goiana-causa-paralisacao-temporaria-e-funcionarios-recebem-atendimento-medico\/"},"author":{"name":"Canal Dana","@id":"https:\/\/dana.com.br\/canaldana\/#\/schema\/person\/3c21f22f56fcf3bc46b94bc60ea4fef6"},"headline":"Vazamento no polo automotivo em Goiana causa paralisa\u00e7\u00e3o tempor\u00e1ria e funcion\u00e1rios recebem atendimento m\u00e9dico","datePublished":"2019-07-25T11:09:59+00:00","mainEntityOfPage":{"@id":"https:\/\/dana.com.br\/canaldana\/2019\/07\/25\/vazamento-no-polo-automotivo-em-goiana-causa-paralisacao-temporaria-e-funcionarios-recebem-atendimento-medico\/"},"wordCount":350,"articleSection":["Seguran\u00e7a"],"inLanguage":"pt-BR"},{"@type":"WebPage","@id":"https:\/\/dana.com.br\/canaldana\/2019\/07\/25\/vazamento-no-polo-automotivo-em-goiana-causa-paralisacao-temporaria-e-funcionarios-recebem-atendimento-medico\/","url":"https:\/\/dana.com.br\/canaldana\/2019\/07\/25\/vazamento-no-polo-automotivo-em-goiana-causa-paralisacao-temporaria-e-funcionarios-recebem-atendimento-medico\/","name":"Vazamento no polo automotivo em Goiana causa paralisa\u00e7\u00e3o tempor\u00e1ria e funcion\u00e1rios recebem atendimento m\u00e9dico - Canal Dana","isPartOf":{"@id":"https:\/\/dana.com.br\/canaldana\/#website"},"datePublished":"2019-07-25T11:09:59+00:00","author":{"@id":"https:\/\/dana.com.br\/canaldana\/#\/schema\/person\/3c21f22f56fcf3bc46b94bc60ea4fef6"},"breadcrumb":{"@id":"https:\/\/dana.com.br\/canaldana\/2019\/07\/25\/vazamento-no-polo-automotivo-em-goiana-causa-paralisacao-temporaria-e-funcionarios-recebem-atendimento-medico\/#breadcrumb"},"inLanguage":"pt-BR","potentialAction":[{"@type":"ReadAction","target":["https:\/\/dana.com.br\/canaldana\/2019\/07\/25\/vazamento-no-polo-automotivo-em-goiana-causa-paralisacao-temporaria-e-funcionarios-recebem-atendimento-medico\/"]}]},{"@type":"BreadcrumbList","@id":"https:\/\/dana.com.br\/canaldana\/2019\/07\/25\/vazamento-no-polo-automotivo-em-goiana-causa-paralisacao-temporaria-e-funcionarios-recebem-atendimento-medico\/#breadcrumb","itemListElement":[{"@type":"ListItem","position":1,"name":"Home","item":"https:\/\/dana.com.br\/canaldana\/"},{"@type":"ListItem","position":2,"name":"Seguran\u00e7a","item":"https:\/\/dana.com.br\/canaldana\/seguranca\/"},{"@type":"ListItem","position":3,"name":"Vazamento no polo automotivo em Goiana causa paralisa\u00e7\u00e3o tempor\u00e1ria e funcion\u00e1rios recebem atendimento m\u00e9dico"}]},{"@type":"WebSite","@id":"https:\/\/dana.com.br\/canaldana\/#website","url":"https:\/\/dana.com.br\/canaldana\/","name":"Canal Dana","description":"Informativo com as principais not\u00edcias da ind\u00fastria automotiva","potentialAction":[{"@type":"SearchAction","target":{"@type":"EntryPoint","urlTemplate":"https:\/\/dana.com.br\/canaldana\/?s={search_term_string}"},"query-input":{"@type":"PropertyValueSpecification","valueRequired":true,"valueName":"search_term_string"}}],"inLanguage":"pt-BR"},{"@type":"Person","@id":"https:\/\/dana.com.br\/canaldana\/#\/schema\/person\/3c21f22f56fcf3bc46b94bc60ea4fef6","name":"Canal Dana","image":{"@type":"ImageObject","inLanguage":"pt-BR","@id":"https:\/\/secure.gravatar.com\/avatar\/420aaf9278582877d9018637c6817617705899d2858d7572ef0fe59a6b6454b4?s=96&d=mm&r=g","url":"https:\/\/secure.gravatar.com\/avatar\/420aaf9278582877d9018637c6817617705899d2858d7572ef0fe59a6b6454b4?s=96&d=mm&r=g","contentUrl":"https:\/\/secure.gravatar.com\/avatar\/420aaf9278582877d9018637c6817617705899d2858d7572ef0fe59a6b6454b4?s=96&d=mm&r=g","caption":"Canal Dana"},"url":"https:\/\/dana.com.br\/canaldana\/author\/cdeditor\/"}]}},"_links":{"self":[{"href":"https:\/\/dana.com.br\/canaldana\/wp-json\/wp\/v2\/posts\/36005","targetHints":{"allow":["GET"]}}],"collection":[{"href":"https:\/\/dana.com.br\/canaldana\/wp-json\/wp\/v2\/posts"}],"about":[{"href":"https:\/\/dana.com.br\/canaldana\/wp-json\/wp\/v2\/types\/post"}],"author":[{"embeddable":true,"href":"https:\/\/dana.com.br\/canaldana\/wp-json\/wp\/v2\/users\/3"}],"replies":[{"embeddable":true,"href":"https:\/\/dana.com.br\/canaldana\/wp-json\/wp\/v2\/comments?post=36005"}],"version-history":[{"count":0,"href":"https:\/\/dana.com.br\/canaldana\/wp-json\/wp\/v2\/posts\/36005\/revisions"}],"wp:attachment":[{"href":"https:\/\/dana.com.br\/canaldana\/wp-json\/wp\/v2\/media?parent=36005"}],"wp:term":[{"taxonomy":"category","embeddable":true,"href":"https:\/\/dana.com.br\/canaldana\/wp-json\/wp\/v2\/categories?post=36005"},{"taxonomy":"post_tag","embeddable":true,"href":"https:\/\/dana.com.br\/canaldana\/wp-json\/wp\/v2\/tags?post=36005"}],"curies":[{"name":"wp","href":"https:\/\/api.w.org\/{rel}","templated":true}]}}