{"id":35913,"date":"2019-07-22T09:18:27","date_gmt":"2019-07-22T12:18:27","guid":{"rendered":"https:\/\/dana.com.br\/canaldana\/?p=35913"},"modified":"2019-07-22T09:18:27","modified_gmt":"2019-07-22T12:18:27","slug":"sao-paulo-perde-maior-numero-de-fabricas-da-decada","status":"publish","type":"post","link":"https:\/\/dana.com.br\/canaldana\/2019\/07\/22\/sao-paulo-perde-maior-numero-de-fabricas-da-decada\/","title":{"rendered":"S\u00e3o Paulo perde maior n\u00famero de f\u00e1bricas da d\u00e9cada"},"content":{"rendered":"<p><em>O Estado de S. Paulo <\/em><\/p>\n<p>&nbsp;<\/p>\n<p>De janeiro a maio, o Estado de S\u00e3o Paulo perdeu 2,3 mil ind\u00fastrias de transforma\u00e7\u00e3o e extrativistas. \u00c9 o maior n\u00famero da \u00faltima d\u00e9cada, e 12% acima do ano passado. Na outra ponta, 4,4 mil f\u00e1bricas foram abertas, o que n\u00e3o se refletiu em melhores n\u00fameros para a \u00e1rea, que viu o PIB encolher 14,4% de 2014 a 2018. Para analistas, a queda do PIB do setor mesmo com a abertura de f\u00e1bricas mostra que houve encolhimento da produ\u00e7\u00e3o.<\/p>\n<p>&nbsp;<\/p>\n<p>Crise. Maior polo industrial do Pa\u00eds, Estado de S\u00e3o Paulo viu 2.325 f\u00e1bricas fecharem as portas entre janeiro e maio. Com a recupera\u00e7\u00e3o lenta da economia, o setor produtivo tem encolhido: enquanto o PIB brasileiro caiu 4,2% entre 2014 e 2018, o da ind\u00fastria recuou 14,4%<\/p>\n<p>&nbsp;<\/p>\n<p>O Estado de S\u00e3o Paulo, maior polo industrial do Pa\u00eds, registrou o fechamento de 2.325 ind\u00fastrias de transforma\u00e7\u00e3o e extrativas nos primeiros cinco meses do ano. O n\u00famero \u00e9 o mais alto para o per\u00edodo na \u00faltima d\u00e9cada e 12% maior que o do ano passado, segundo a Junta Comercial.<\/p>\n<p>&nbsp;<\/p>\n<p>O dado indica que a fraca recupera\u00e7\u00e3o da economia brasileira ap\u00f3s a recess\u00e3o de 2014 a 2016 continua levando ao encolhimento do setor produtivo, deixando um rastro de f\u00e1bricas desativadas e desempregados.<\/p>\n<p>&nbsp;<\/p>\n<p>Entre 2014 e 2018, o Produto Interno Bruto (PIB) brasileiro acumulou queda de 4,2%, enquanto o da ind\u00fastria de transforma\u00e7\u00e3o em todo o Pa\u00eds caiu 14,4%. \u201cSignifica que a produ\u00e7\u00e3o caiu bastante e obviamente teve impacto nas empresas, com fechamento de f\u00e1bricas e demiss\u00f5es\u201d, diz o economista Jos\u00e9 Roberto Mendon\u00e7a de Barros, da MB Associados.<\/p>\n<p>&nbsp;<\/p>\n<p>Em paralelo, foram abertas de janeiro a maio 4.491 ind\u00fastrias em S\u00e3o Paulo. Tradicionalmente h\u00e1 mais abertura do que baixa de f\u00e1bricas, mas isso nem sempre \u00e9 um indicador positivo. Para Mendon\u00e7a de Barros, independentemente dos n\u00fameros de novas ind\u00fastrias, a queda do PIB industrial mostra que houve encolhimento da produ\u00e7\u00e3o e, provavelmente, foram fechadas empresas grandes e m\u00e9dias e abertas unidades de menor porte.<\/p>\n<p>&nbsp;<\/p>\n<p>O presidente do Sindicato da Ind\u00fastria de Cal\u00e7ados de Ja\u00fa, Caetano Bianco Neto, afirma que, nos \u00faltimos anos, v\u00e1rias empresas consideradas de grande porte para a atividade, com 300 a 400 funcion\u00e1rios, encerraram atividades. \u201cQuando fecha uma grande, muitas vezes surgem outras tr\u00eas ou quatro micro e pequenas fabricantes, algumas inclusive abertas por ex-funcion\u00e1rios, mas com pouca m\u00e3o de obra\u201d, diz Bianco Neto.<\/p>\n<p>&nbsp;<\/p>\n<p>O polo cal\u00e7adista de Ja\u00fa, refer\u00eancia nacional na produ\u00e7\u00e3o de cal\u00e7ados femininos, j\u00e1 empregou 12 mil trabalhadores em meados dos anos 2000. Hoje tem 5 mil funcion\u00e1rios, diz Bianco Neto. Recentemente, ele e dirigentes da ind\u00fastria de cal\u00e7ados das vizinhas Franca e Birigui entregaram ao governador Jo\u00e3o Doria (PSDB) um plano de recupera\u00e7\u00e3o do setor.<\/p>\n<p>&nbsp;<\/p>\n<p>No grupo das que fecharam as portas, h\u00e1 ind\u00fastrias nacionais e multinacionais. Algumas transferiram filiais para outras unidades da mesma companhia para cortar custos e outras acabaram com a produ\u00e7\u00e3o, deixando um contingente de desempregados, parte deles sem receber sal\u00e1rios e indeniza\u00e7\u00f5es.<\/p>\n<p>&nbsp;<\/p>\n<p>A ind\u00fastria de autope\u00e7as Indebr\u00e1s, na zona oeste de S\u00e3o Paulo, deixou de operar em abril e colocou na rua 150 funcion\u00e1rios. Com sal\u00e1rios atrasados e sem verbas rescis\u00f3rias, eles ficaram acampados em frente \u00e0 f\u00e1brica por 48 dias. Ap\u00f3s acordo na Justi\u00e7a do Trabalho, a empresa prop\u00f4s fazer o pagamento em 18 parcelas mensais.<\/p>\n<p>&nbsp;<\/p>\n<p>\u201cO receio \u00e9 que a empresa pague as primeiras parcelas e depois suspenda o pagamento, como j\u00e1 ocorreu em acordos anteriores fechados por outras empresas\u201d, diz o diretor do Sindicato dos Metal\u00fargicos de S\u00e3o Paulo, \u00c9rlon Souza.<\/p>\n<p>&nbsp;<\/p>\n<p><strong>Conjuntura dif\u00edcil<\/strong><\/p>\n<p>&nbsp;<\/p>\n<p>A situa\u00e7\u00e3o da ind\u00fastria paulista se repete em todo o Pa\u00eds. Al\u00e9m do encerramento das atividades de empresas de pequeno porte, grandes grupos fecharam unidades consideradas menos produtivas e concentraram a produ\u00e7\u00e3o em outras mais modernas, quase sempre sem levar a m\u00e3o de obra.<\/p>\n<p>&nbsp;<\/p>\n<p>A fabricante de pneus Pirelli anunciou em maio o fechamento da unidade de Gravata\u00ed (RS) e a demiss\u00e3o dos 900 funcion\u00e1rios. A produ\u00e7\u00e3o de pneus de motos ser\u00e1 unificada \u00e0 de pneus para carros em Campinas (SP) onde ser\u00e3o geradas 300 vagas ao longo de tr\u00eas anos. A empresa alega necessidade de reestrutura\u00e7\u00e3o \u201ctendo em vista o cen\u00e1rio conjuntural dif\u00edcil do Pa\u00eds\u201d.<\/p>\n<p>&nbsp;<\/p>\n<p>Entre as empresas que fecharam f\u00e1bricas este ano est\u00e3o PepsiCo\/Quaker (RS), PepsiCo\/Mabel (MS), Kimberly-Clark (RS), Nestl\u00e9 (RS), Malwee (SC), Brit\u00e2nia (BA) e Paquet\u00e1 (BA). No ABC paulista, a autope\u00e7a Dura informou em janeiro que fecharia a f\u00e1brica em maio e demitiria 250 funcion\u00e1rios. Ap\u00f3s greve e negocia\u00e7\u00f5es envolvendo a prefeitura de Rio Grande da Serra e o Sindicato dos Metal\u00fargicos do ABC, a medida foi adiada.<\/p>\n<p>&nbsp;<\/p>\n<p>Donos abandonam f\u00e1brica sem comunicar funcion\u00e1rios Jos\u00e9 Marques da Silva, 22 anos de casa; Ademir Francisco Santos, 18 anos; C\u00e9lio Flor\u00eancio Nogueira, 13 anos; Nelson Franco de Oliveira, 12 anos; e Jos\u00e9 Maria da Silva, 4,5 anos, chegaram ao trabalho no dia 28 de janeiro, ocuparam os postos e ligaram as m\u00e1quinas, com outros 45 funcion\u00e1rios da Lustres Projeto, na zona sul de S\u00e3o Paulo. Ap\u00f3s duas horas, descobriram que os donos tinham abandonado o neg\u00f3cio, deixando equipamentos e ve\u00edculos no local.<\/p>\n<p>&nbsp;<\/p>\n<p>Passados mais de cinco meses, suas carteiras de trabalho continuam assinadas, o que os impede de sacar o FGTS, de receber sal\u00e1rio-desemprego e de conseguir outro emprego.<\/p>\n<p>&nbsp;<\/p>\n<p>\u201cApareceu um servi\u00e7o em uma metal\u00fargica no bairro da Lapa, mas, quando viram a carteira, Justi\u00e7a demorada. \u201cTivemos duas audi\u00eancias e a terceira, marcada para 3 de julho, foi remarcada para setembro. Fomos abandonados h\u00e1 cinco meses e teremos de esperar mais dois meses sem ter certeza de que v\u00e3o nos atender\u201d. Jos\u00e9 Marques da Silva FUNCION\u00c1RIO H\u00c1 22 ANOS<\/p>\n<p>&nbsp;<\/p>\n<p>n\u00e3o quiseram contratar porque n\u00e3o foi dada baixa\u201d, afirma Santos, de 59 anos. Ele era torneiro repuxador e levantava todos os dias \u00e0s 3h40 para chegar ao trabalho \u00e0s 6h30, pois mora em Francisco Morato. Hoje, sem sal\u00e1rio, diz estar \u201ccom o nome sujo\u201d por d\u00edvidas com o cart\u00e3o de cr\u00e9dito.<\/p>\n<p>&nbsp;<\/p>\n<p>Oliveira, de 55 anos, aguarda a libera\u00e7\u00e3o do FGTS para voltar com a fam\u00edlia para o Piau\u00ed, de onde saiu em 1985 em busca de trabalho. \u201cMinha inten\u00e7\u00e3o era ficar, mas agora S\u00e3o Paulo est\u00e1 t\u00e3o ruim quanto o Piau\u00ed; a diferen\u00e7a \u00e9 que l\u00e1 o aluguel \u00e9 mais barato\u201d, diz o ex-motorista. Casado e pai de duas meninas, de 4 e 11 anos, ele aproveitou o tempo parado para aprender um novo of\u00edcio que vai exercer no Piau\u00ed: afia\u00e7\u00e3o de alicates de unha.<\/p>\n<p>&nbsp;<\/p>\n<p>\u00c9 fazendo bicos, assim como a mulher, que presta servi\u00e7os de manicure em casa, que tem conseguido pagar o aluguel, de R$ 800 mensais, e comprar alimentos. Ele vendeu o Corsa 1998, mas diz que a reserva financeira est\u00e1 no fim. \u201cA gente est\u00e1 amarrado aqui h\u00e1 cinco meses; se demorar muito para liberar a carteira, s\u00f3 Deus sabe o que acontecer\u00e1.\u201d<\/p>\n<p>&nbsp;<\/p>\n<p>Segundo o Sindicato dos Metal\u00fargicos de S\u00e3o Paulo, a tradicional f\u00e1brica de lustres e lumin\u00e1rias, aberta h\u00e1 40 anos, foi vendida em 2017 e, desde ent\u00e3o, a situa\u00e7\u00e3o s\u00f3 piorou. \u201cJ\u00e1 n\u00e3o depositavam o FGTS havia dois anos e os novos donos continuaram a n\u00e3o depositar\u201d, relata Silva, de 44 anos, o mais antigo funcion\u00e1rio do grupo. Subencarregado de expedi\u00e7\u00e3o, ele vive com dois filhos, de 5 e 11 anos, e a mulher, que trabalha como auxiliar administrativa e banca os gastos da fam\u00edlia.<\/p>\n<p>&nbsp;<\/p>\n<p>Um grupo de 27 trabalhadores entrou na Justi\u00e7a por meio do sindicato para conseguir a baixa da carteira e pelo menos receber o FGTS e o sal\u00e1rio-desemprego. \u201cJ\u00e1 tivemos duas audi\u00eancias e a terceira, marcada para 3 de julho, foi remarcada para 2 de setembro\u201d, diz Silva. \u201cFomos abandonados h\u00e1 cinco meses e ainda teremos de esperar mais dois, sem ter certeza de que os ju\u00edzes v\u00e3o nos atender\u201d.<\/p>\n<p>&nbsp;<\/p>\n<p>O faxineiro Jos\u00e9 Maria, de 55 anos, mora sozinho na comunidade de Heli\u00f3polis e aceita bicos como pedreiro, encanador, eletricista \u201cou qualquer outra coisa\u201d, mas diz que est\u00e1 dif\u00edcil conseguir servi\u00e7o. Ele tamb\u00e9m veio do Piau\u00ed h\u00e1 30 anos e sempre trabalhou na \u00e1rea de limpeza. \u201cEssa \u00e9 a situa\u00e7\u00e3o mais dif\u00edcil que j\u00e1 passei na vida.\u201d Ele ajuda nos estudos do filho, de 21 anos, que quer \u201cver formado\u201d.<\/p>\n<p>&nbsp;<\/p>\n<p>\u201cTenho enviado curr\u00edculos, mas sem carteira liberada ningu\u00e9m aceita\u201d, diz Nogueira, soldador, de 57 anos. Renan de Aquino, empregado por 11 anos, conseguiu a baixa na carteira e recebe sal\u00e1rio-desemprego. O dono da Projeto n\u00e3o foi localizado. (O Estado de S. Paulo\/Cleide Silva)<\/p>\n","protected":false},"excerpt":{"rendered":"<p>O Estado de S. Paulo &nbsp; De janeiro a maio, o Estado de S\u00e3o Paulo perdeu 2,3 mil ind\u00fastrias de transforma\u00e7\u00e3o e extrativistas. \u00c9 o maior n\u00famero da \u00faltima d\u00e9cada, e 12% acima do ano passado. Na outra ponta, 4,4 mil f\u00e1bricas foram abertas, o que n\u00e3o se refletiu em melhores n\u00fameros para a \u00e1rea,\u2026 <a class=\"readmore\" href=\"https:\/\/dana.com.br\/canaldana\/2019\/07\/22\/sao-paulo-perde-maior-numero-de-fabricas-da-decada\/\">Leia mais \u00bb<\/a><\/p>\n","protected":false},"author":3,"featured_media":0,"comment_status":"closed","ping_status":"closed","sticky":false,"template":"","format":"standard","meta":{"_acf_changed":false,"footnotes":""},"categories":[79],"tags":[],"class_list":["post-35913","post","type-post","status-publish","format-standard","hentry","category-mercado"],"acf":[],"yoast_head":"<!-- This site is optimized with the Yoast SEO plugin v27.3 - https:\/\/yoast.com\/product\/yoast-seo-wordpress\/ -->\n<title>S\u00e3o Paulo perde maior n\u00famero de f\u00e1bricas da d\u00e9cada - Canal Dana<\/title>\n<meta name=\"robots\" content=\"index, follow, max-snippet:-1, max-image-preview:large, max-video-preview:-1\" \/>\n<link rel=\"canonical\" href=\"https:\/\/dana.com.br\/canaldana\/2019\/07\/22\/sao-paulo-perde-maior-numero-de-fabricas-da-decada\/\" \/>\n<meta property=\"og:locale\" content=\"pt_BR\" \/>\n<meta property=\"og:type\" content=\"article\" \/>\n<meta property=\"og:title\" content=\"S\u00e3o Paulo perde maior n\u00famero de f\u00e1bricas da d\u00e9cada - Canal Dana\" \/>\n<meta property=\"og:description\" content=\"O Estado de S. Paulo &nbsp; De janeiro a maio, o Estado de S\u00e3o Paulo perdeu 2,3 mil ind\u00fastrias de transforma\u00e7\u00e3o e extrativistas. \u00c9 o maior n\u00famero da \u00faltima d\u00e9cada, e 12% acima do ano passado. Na outra ponta, 4,4 mil f\u00e1bricas foram abertas, o que n\u00e3o se refletiu em melhores n\u00fameros para a \u00e1rea,\u2026 Leia mais \u00bb\" \/>\n<meta property=\"og:url\" content=\"https:\/\/dana.com.br\/canaldana\/2019\/07\/22\/sao-paulo-perde-maior-numero-de-fabricas-da-decada\/\" \/>\n<meta property=\"og:site_name\" content=\"Canal Dana\" \/>\n<meta property=\"article:published_time\" content=\"2019-07-22T12:18:27+00:00\" \/>\n<meta name=\"author\" content=\"Canal Dana\" \/>\n<meta name=\"twitter:card\" content=\"summary_large_image\" \/>\n<meta name=\"twitter:label1\" content=\"Escrito por\" \/>\n\t<meta name=\"twitter:data1\" content=\"Canal Dana\" \/>\n\t<meta name=\"twitter:label2\" content=\"Est. tempo de leitura\" \/>\n\t<meta name=\"twitter:data2\" content=\"8 minutos\" \/>\n<script type=\"application\/ld+json\" class=\"yoast-schema-graph\">{\"@context\":\"https:\\\/\\\/schema.org\",\"@graph\":[{\"@type\":\"Article\",\"@id\":\"https:\\\/\\\/dana.com.br\\\/canaldana\\\/2019\\\/07\\\/22\\\/sao-paulo-perde-maior-numero-de-fabricas-da-decada\\\/#article\",\"isPartOf\":{\"@id\":\"https:\\\/\\\/dana.com.br\\\/canaldana\\\/2019\\\/07\\\/22\\\/sao-paulo-perde-maior-numero-de-fabricas-da-decada\\\/\"},\"author\":{\"name\":\"Canal Dana\",\"@id\":\"https:\\\/\\\/dana.com.br\\\/canaldana\\\/#\\\/schema\\\/person\\\/3c21f22f56fcf3bc46b94bc60ea4fef6\"},\"headline\":\"S\u00e3o Paulo perde maior n\u00famero de f\u00e1bricas da d\u00e9cada\",\"datePublished\":\"2019-07-22T12:18:27+00:00\",\"mainEntityOfPage\":{\"@id\":\"https:\\\/\\\/dana.com.br\\\/canaldana\\\/2019\\\/07\\\/22\\\/sao-paulo-perde-maior-numero-de-fabricas-da-decada\\\/\"},\"wordCount\":1518,\"articleSection\":[\"Mercado\"],\"inLanguage\":\"pt-BR\"},{\"@type\":\"WebPage\",\"@id\":\"https:\\\/\\\/dana.com.br\\\/canaldana\\\/2019\\\/07\\\/22\\\/sao-paulo-perde-maior-numero-de-fabricas-da-decada\\\/\",\"url\":\"https:\\\/\\\/dana.com.br\\\/canaldana\\\/2019\\\/07\\\/22\\\/sao-paulo-perde-maior-numero-de-fabricas-da-decada\\\/\",\"name\":\"S\u00e3o Paulo perde maior n\u00famero de f\u00e1bricas da d\u00e9cada - Canal Dana\",\"isPartOf\":{\"@id\":\"https:\\\/\\\/dana.com.br\\\/canaldana\\\/#website\"},\"datePublished\":\"2019-07-22T12:18:27+00:00\",\"author\":{\"@id\":\"https:\\\/\\\/dana.com.br\\\/canaldana\\\/#\\\/schema\\\/person\\\/3c21f22f56fcf3bc46b94bc60ea4fef6\"},\"breadcrumb\":{\"@id\":\"https:\\\/\\\/dana.com.br\\\/canaldana\\\/2019\\\/07\\\/22\\\/sao-paulo-perde-maior-numero-de-fabricas-da-decada\\\/#breadcrumb\"},\"inLanguage\":\"pt-BR\",\"potentialAction\":[{\"@type\":\"ReadAction\",\"target\":[\"https:\\\/\\\/dana.com.br\\\/canaldana\\\/2019\\\/07\\\/22\\\/sao-paulo-perde-maior-numero-de-fabricas-da-decada\\\/\"]}]},{\"@type\":\"BreadcrumbList\",\"@id\":\"https:\\\/\\\/dana.com.br\\\/canaldana\\\/2019\\\/07\\\/22\\\/sao-paulo-perde-maior-numero-de-fabricas-da-decada\\\/#breadcrumb\",\"itemListElement\":[{\"@type\":\"ListItem\",\"position\":1,\"name\":\"Home\",\"item\":\"https:\\\/\\\/dana.com.br\\\/canaldana\\\/\"},{\"@type\":\"ListItem\",\"position\":2,\"name\":\"Mercado\",\"item\":\"https:\\\/\\\/dana.com.br\\\/canaldana\\\/mercado\\\/\"},{\"@type\":\"ListItem\",\"position\":3,\"name\":\"S\u00e3o Paulo perde maior n\u00famero de f\u00e1bricas da d\u00e9cada\"}]},{\"@type\":\"WebSite\",\"@id\":\"https:\\\/\\\/dana.com.br\\\/canaldana\\\/#website\",\"url\":\"https:\\\/\\\/dana.com.br\\\/canaldana\\\/\",\"name\":\"Canal Dana\",\"description\":\"Informativo com as principais not\u00edcias da ind\u00fastria automotiva\",\"potentialAction\":[{\"@type\":\"SearchAction\",\"target\":{\"@type\":\"EntryPoint\",\"urlTemplate\":\"https:\\\/\\\/dana.com.br\\\/canaldana\\\/?s={search_term_string}\"},\"query-input\":{\"@type\":\"PropertyValueSpecification\",\"valueRequired\":true,\"valueName\":\"search_term_string\"}}],\"inLanguage\":\"pt-BR\"},{\"@type\":\"Person\",\"@id\":\"https:\\\/\\\/dana.com.br\\\/canaldana\\\/#\\\/schema\\\/person\\\/3c21f22f56fcf3bc46b94bc60ea4fef6\",\"name\":\"Canal Dana\",\"image\":{\"@type\":\"ImageObject\",\"inLanguage\":\"pt-BR\",\"@id\":\"https:\\\/\\\/secure.gravatar.com\\\/avatar\\\/420aaf9278582877d9018637c6817617705899d2858d7572ef0fe59a6b6454b4?s=96&d=mm&r=g\",\"url\":\"https:\\\/\\\/secure.gravatar.com\\\/avatar\\\/420aaf9278582877d9018637c6817617705899d2858d7572ef0fe59a6b6454b4?s=96&d=mm&r=g\",\"contentUrl\":\"https:\\\/\\\/secure.gravatar.com\\\/avatar\\\/420aaf9278582877d9018637c6817617705899d2858d7572ef0fe59a6b6454b4?s=96&d=mm&r=g\",\"caption\":\"Canal Dana\"},\"url\":\"https:\\\/\\\/dana.com.br\\\/canaldana\\\/author\\\/cdeditor\\\/\"}]}<\/script>\n<!-- \/ Yoast SEO plugin. -->","yoast_head_json":{"title":"S\u00e3o Paulo perde maior n\u00famero de f\u00e1bricas da d\u00e9cada - Canal Dana","robots":{"index":"index","follow":"follow","max-snippet":"max-snippet:-1","max-image-preview":"max-image-preview:large","max-video-preview":"max-video-preview:-1"},"canonical":"https:\/\/dana.com.br\/canaldana\/2019\/07\/22\/sao-paulo-perde-maior-numero-de-fabricas-da-decada\/","og_locale":"pt_BR","og_type":"article","og_title":"S\u00e3o Paulo perde maior n\u00famero de f\u00e1bricas da d\u00e9cada - Canal Dana","og_description":"O Estado de S. Paulo &nbsp; De janeiro a maio, o Estado de S\u00e3o Paulo perdeu 2,3 mil ind\u00fastrias de transforma\u00e7\u00e3o e extrativistas. \u00c9 o maior n\u00famero da \u00faltima d\u00e9cada, e 12% acima do ano passado. Na outra ponta, 4,4 mil f\u00e1bricas foram abertas, o que n\u00e3o se refletiu em melhores n\u00fameros para a \u00e1rea,\u2026 Leia mais \u00bb","og_url":"https:\/\/dana.com.br\/canaldana\/2019\/07\/22\/sao-paulo-perde-maior-numero-de-fabricas-da-decada\/","og_site_name":"Canal Dana","article_published_time":"2019-07-22T12:18:27+00:00","author":"Canal Dana","twitter_card":"summary_large_image","twitter_misc":{"Escrito por":"Canal Dana","Est. tempo de leitura":"8 minutos"},"schema":{"@context":"https:\/\/schema.org","@graph":[{"@type":"Article","@id":"https:\/\/dana.com.br\/canaldana\/2019\/07\/22\/sao-paulo-perde-maior-numero-de-fabricas-da-decada\/#article","isPartOf":{"@id":"https:\/\/dana.com.br\/canaldana\/2019\/07\/22\/sao-paulo-perde-maior-numero-de-fabricas-da-decada\/"},"author":{"name":"Canal Dana","@id":"https:\/\/dana.com.br\/canaldana\/#\/schema\/person\/3c21f22f56fcf3bc46b94bc60ea4fef6"},"headline":"S\u00e3o Paulo perde maior n\u00famero de f\u00e1bricas da d\u00e9cada","datePublished":"2019-07-22T12:18:27+00:00","mainEntityOfPage":{"@id":"https:\/\/dana.com.br\/canaldana\/2019\/07\/22\/sao-paulo-perde-maior-numero-de-fabricas-da-decada\/"},"wordCount":1518,"articleSection":["Mercado"],"inLanguage":"pt-BR"},{"@type":"WebPage","@id":"https:\/\/dana.com.br\/canaldana\/2019\/07\/22\/sao-paulo-perde-maior-numero-de-fabricas-da-decada\/","url":"https:\/\/dana.com.br\/canaldana\/2019\/07\/22\/sao-paulo-perde-maior-numero-de-fabricas-da-decada\/","name":"S\u00e3o Paulo perde maior n\u00famero de f\u00e1bricas da d\u00e9cada - Canal Dana","isPartOf":{"@id":"https:\/\/dana.com.br\/canaldana\/#website"},"datePublished":"2019-07-22T12:18:27+00:00","author":{"@id":"https:\/\/dana.com.br\/canaldana\/#\/schema\/person\/3c21f22f56fcf3bc46b94bc60ea4fef6"},"breadcrumb":{"@id":"https:\/\/dana.com.br\/canaldana\/2019\/07\/22\/sao-paulo-perde-maior-numero-de-fabricas-da-decada\/#breadcrumb"},"inLanguage":"pt-BR","potentialAction":[{"@type":"ReadAction","target":["https:\/\/dana.com.br\/canaldana\/2019\/07\/22\/sao-paulo-perde-maior-numero-de-fabricas-da-decada\/"]}]},{"@type":"BreadcrumbList","@id":"https:\/\/dana.com.br\/canaldana\/2019\/07\/22\/sao-paulo-perde-maior-numero-de-fabricas-da-decada\/#breadcrumb","itemListElement":[{"@type":"ListItem","position":1,"name":"Home","item":"https:\/\/dana.com.br\/canaldana\/"},{"@type":"ListItem","position":2,"name":"Mercado","item":"https:\/\/dana.com.br\/canaldana\/mercado\/"},{"@type":"ListItem","position":3,"name":"S\u00e3o Paulo perde maior n\u00famero de f\u00e1bricas da d\u00e9cada"}]},{"@type":"WebSite","@id":"https:\/\/dana.com.br\/canaldana\/#website","url":"https:\/\/dana.com.br\/canaldana\/","name":"Canal Dana","description":"Informativo com as principais not\u00edcias da ind\u00fastria automotiva","potentialAction":[{"@type":"SearchAction","target":{"@type":"EntryPoint","urlTemplate":"https:\/\/dana.com.br\/canaldana\/?s={search_term_string}"},"query-input":{"@type":"PropertyValueSpecification","valueRequired":true,"valueName":"search_term_string"}}],"inLanguage":"pt-BR"},{"@type":"Person","@id":"https:\/\/dana.com.br\/canaldana\/#\/schema\/person\/3c21f22f56fcf3bc46b94bc60ea4fef6","name":"Canal Dana","image":{"@type":"ImageObject","inLanguage":"pt-BR","@id":"https:\/\/secure.gravatar.com\/avatar\/420aaf9278582877d9018637c6817617705899d2858d7572ef0fe59a6b6454b4?s=96&d=mm&r=g","url":"https:\/\/secure.gravatar.com\/avatar\/420aaf9278582877d9018637c6817617705899d2858d7572ef0fe59a6b6454b4?s=96&d=mm&r=g","contentUrl":"https:\/\/secure.gravatar.com\/avatar\/420aaf9278582877d9018637c6817617705899d2858d7572ef0fe59a6b6454b4?s=96&d=mm&r=g","caption":"Canal Dana"},"url":"https:\/\/dana.com.br\/canaldana\/author\/cdeditor\/"}]}},"_links":{"self":[{"href":"https:\/\/dana.com.br\/canaldana\/wp-json\/wp\/v2\/posts\/35913","targetHints":{"allow":["GET"]}}],"collection":[{"href":"https:\/\/dana.com.br\/canaldana\/wp-json\/wp\/v2\/posts"}],"about":[{"href":"https:\/\/dana.com.br\/canaldana\/wp-json\/wp\/v2\/types\/post"}],"author":[{"embeddable":true,"href":"https:\/\/dana.com.br\/canaldana\/wp-json\/wp\/v2\/users\/3"}],"replies":[{"embeddable":true,"href":"https:\/\/dana.com.br\/canaldana\/wp-json\/wp\/v2\/comments?post=35913"}],"version-history":[{"count":0,"href":"https:\/\/dana.com.br\/canaldana\/wp-json\/wp\/v2\/posts\/35913\/revisions"}],"wp:attachment":[{"href":"https:\/\/dana.com.br\/canaldana\/wp-json\/wp\/v2\/media?parent=35913"}],"wp:term":[{"taxonomy":"category","embeddable":true,"href":"https:\/\/dana.com.br\/canaldana\/wp-json\/wp\/v2\/categories?post=35913"},{"taxonomy":"post_tag","embeddable":true,"href":"https:\/\/dana.com.br\/canaldana\/wp-json\/wp\/v2\/tags?post=35913"}],"curies":[{"name":"wp","href":"https:\/\/api.w.org\/{rel}","templated":true}]}}