{"id":35907,"date":"2019-07-22T09:16:45","date_gmt":"2019-07-22T12:16:45","guid":{"rendered":"https:\/\/dana.com.br\/canaldana\/?p=35907"},"modified":"2019-07-22T09:16:45","modified_gmt":"2019-07-22T12:16:45","slug":"bmw-e-tencent-se-unem-por-carro-autonomo","status":"publish","type":"post","link":"https:\/\/dana.com.br\/canaldana\/2019\/07\/22\/bmw-e-tencent-se-unem-por-carro-autonomo\/","title":{"rendered":"BMW e Tencent se unem por carro aut\u00f4nomo"},"content":{"rendered":"<p><em>O Estado de S. Paulo\/Ag\u00eancias Internacionais<\/em><\/p>\n<p>&nbsp;<\/p>\n<p>A montadora alem\u00e3 BMW e a gigante chinesa de tecnologia Tencent est\u00e3o se unindo para lan\u00e7ar um centro de computa\u00e7\u00e3o na China que ajudar\u00e1 a desenvolver carros aut\u00f4nomos no maior mercado automotivo do mundo, disseram as empresas ontem, por meio de nota. Segundo o comunicado, as opera\u00e7\u00f5es do centro devem come\u00e7ar at\u00e9 o fim de 2019.<\/p>\n<p>&nbsp;<\/p>\n<p>O centro de computa\u00e7\u00e3o fornecer\u00e1 aos carros capacidades de processamento de dados para ajud\u00e1-los a dirigir de forma parcialmente aut\u00f4noma e, eventualmente, totalmente aut\u00f4noma. No primeiro caso, \u00e9 necess\u00e1ria a presen\u00e7a de um engenheiro no banco do motorista para assumir o comando em caso de incidentes n\u00e3o esperados.<\/p>\n<p>&nbsp;<\/p>\n<p>As duas empresas n\u00e3o divulgaram o valor do investimento no projeto. Fontes familiarizadas com o acordo disseram que o centro ser\u00e1 constru\u00eddo em Tianjin, cidade portu\u00e1ria localizada no nordeste chin\u00eas<\/p>\n<p>&nbsp;<\/p>\n<p>O centro \u201capoiar\u00e1 o desenvolvimento e inova\u00e7\u00e3o de dire\u00e7\u00e3o aut\u00f4noma da BMW na China\u201d, disse Jochen Goller, chefe das opera\u00e7\u00f5es da empresa no pa\u00eds, em um comunicado. \u201cA BMW pode, portanto, desenvolver solu\u00e7\u00f5es de dire\u00e7\u00e3o aut\u00f4noma que se ajustem melhor \u00e0s condi\u00e7\u00f5es espec\u00edficas de dire\u00e7\u00e3o na China\u201d, disse.<\/p>\n<p>&nbsp;<\/p>\n<p>Desenvolver solu\u00e7\u00f5es que se adaptem \u00e0s estradas de cada pa\u00eds \u00e9 um dos maiores desafios da ind\u00fastria de carros aut\u00f4nomos, uma vez que os sistemas precisar\u00e3o aprender regras de tr\u00e2nsito e costumes espec\u00edficos, bem como lidar com diferentes tipos de sinaliza\u00e7\u00e3o e at\u00e9 de condi\u00e7\u00f5es nas estradas.<\/p>\n<p>&nbsp;<\/p>\n<p>No comunicado, a montadora alem\u00e3 disse que, al\u00e9m de fornecer a infraestrutura necess\u00e1ria para o desenvolvimento e a fabrica\u00e7\u00e3o de carros aut\u00f4nomos, o novo centro de computa\u00e7\u00e3o ajudar\u00e1 a alavancar diversas \u00e1reas da Tencent, como a de computa\u00e7\u00e3o em nuvem e de an\u00e1lise de dados (big data).<\/p>\n<p>&nbsp;<\/p>\n<p>Vale lembrar que a Tencent \u00e9 hoje a maior empresa privada chinesa, avaliada em US$ 437 bilh\u00f5es, segundo a cota\u00e7\u00e3o de suas a\u00e7\u00f5es no final do preg\u00e3o de ontem na bolsa de valores de Hong Kong.<\/p>\n<p>&nbsp;<\/p>\n<p>A companhia \u00e9 dona de servi\u00e7os como o WeChat, misto de WhatsApp e plataforma de meios de pagamento com mais de 1 bilh\u00e3o de usu\u00e1rios na China. Tamb\u00e9m \u00e9 dona da Riot Games, respons\u00e1vel pelo jogo online League of Legends, bastante popular no Ocidente. (O Estado de S. Paulo\/Ag\u00eancias Internacionais)<\/p>\n","protected":false},"excerpt":{"rendered":"<p>O Estado de S. Paulo\/Ag\u00eancias Internacionais &nbsp; A montadora alem\u00e3 BMW e a gigante chinesa de tecnologia Tencent est\u00e3o se unindo para lan\u00e7ar um centro de computa\u00e7\u00e3o na China que ajudar\u00e1 a desenvolver carros aut\u00f4nomos no maior mercado automotivo do mundo, disseram as empresas ontem, por meio de nota. Segundo o comunicado, as opera\u00e7\u00f5es do\u2026 <a class=\"readmore\" href=\"https:\/\/dana.com.br\/canaldana\/2019\/07\/22\/bmw-e-tencent-se-unem-por-carro-autonomo\/\">Leia mais \u00bb<\/a><\/p>\n","protected":false},"author":3,"featured_media":0,"comment_status":"closed","ping_status":"closed","sticky":false,"template":"","format":"standard","meta":{"_acf_changed":false,"footnotes":""},"categories":[79],"tags":[],"class_list":["post-35907","post","type-post","status-publish","format-standard","hentry","category-mercado"],"acf":[],"yoast_head":"<!-- This site is optimized with the Yoast SEO plugin v27.3 - https:\/\/yoast.com\/product\/yoast-seo-wordpress\/ -->\n<title>BMW e Tencent se unem por carro aut\u00f4nomo - Canal Dana<\/title>\n<meta name=\"robots\" content=\"index, follow, max-snippet:-1, max-image-preview:large, max-video-preview:-1\" \/>\n<link rel=\"canonical\" href=\"https:\/\/dana.com.br\/canaldana\/2019\/07\/22\/bmw-e-tencent-se-unem-por-carro-autonomo\/\" \/>\n<meta property=\"og:locale\" content=\"pt_BR\" \/>\n<meta property=\"og:type\" content=\"article\" \/>\n<meta property=\"og:title\" content=\"BMW e Tencent se unem por carro aut\u00f4nomo - Canal Dana\" \/>\n<meta property=\"og:description\" content=\"O Estado de S. Paulo\/Ag\u00eancias Internacionais &nbsp; A montadora alem\u00e3 BMW e a gigante chinesa de tecnologia Tencent est\u00e3o se unindo para lan\u00e7ar um centro de computa\u00e7\u00e3o na China que ajudar\u00e1 a desenvolver carros aut\u00f4nomos no maior mercado automotivo do mundo, disseram as empresas ontem, por meio de nota. Segundo o comunicado, as opera\u00e7\u00f5es do\u2026 Leia mais \u00bb\" \/>\n<meta property=\"og:url\" content=\"https:\/\/dana.com.br\/canaldana\/2019\/07\/22\/bmw-e-tencent-se-unem-por-carro-autonomo\/\" \/>\n<meta property=\"og:site_name\" content=\"Canal Dana\" \/>\n<meta property=\"article:published_time\" content=\"2019-07-22T12:16:45+00:00\" \/>\n<meta name=\"author\" content=\"Canal Dana\" \/>\n<meta name=\"twitter:card\" content=\"summary_large_image\" \/>\n<meta name=\"twitter:label1\" content=\"Escrito por\" \/>\n\t<meta name=\"twitter:data1\" content=\"Canal Dana\" \/>\n\t<meta name=\"twitter:label2\" content=\"Est. tempo de leitura\" \/>\n\t<meta name=\"twitter:data2\" content=\"2 minutos\" \/>\n<script type=\"application\/ld+json\" class=\"yoast-schema-graph\">{\"@context\":\"https:\\\/\\\/schema.org\",\"@graph\":[{\"@type\":\"Article\",\"@id\":\"https:\\\/\\\/dana.com.br\\\/canaldana\\\/2019\\\/07\\\/22\\\/bmw-e-tencent-se-unem-por-carro-autonomo\\\/#article\",\"isPartOf\":{\"@id\":\"https:\\\/\\\/dana.com.br\\\/canaldana\\\/2019\\\/07\\\/22\\\/bmw-e-tencent-se-unem-por-carro-autonomo\\\/\"},\"author\":{\"name\":\"Canal Dana\",\"@id\":\"https:\\\/\\\/dana.com.br\\\/canaldana\\\/#\\\/schema\\\/person\\\/3c21f22f56fcf3bc46b94bc60ea4fef6\"},\"headline\":\"BMW e Tencent se unem por carro aut\u00f4nomo\",\"datePublished\":\"2019-07-22T12:16:45+00:00\",\"mainEntityOfPage\":{\"@id\":\"https:\\\/\\\/dana.com.br\\\/canaldana\\\/2019\\\/07\\\/22\\\/bmw-e-tencent-se-unem-por-carro-autonomo\\\/\"},\"wordCount\":434,\"articleSection\":[\"Mercado\"],\"inLanguage\":\"pt-BR\"},{\"@type\":\"WebPage\",\"@id\":\"https:\\\/\\\/dana.com.br\\\/canaldana\\\/2019\\\/07\\\/22\\\/bmw-e-tencent-se-unem-por-carro-autonomo\\\/\",\"url\":\"https:\\\/\\\/dana.com.br\\\/canaldana\\\/2019\\\/07\\\/22\\\/bmw-e-tencent-se-unem-por-carro-autonomo\\\/\",\"name\":\"BMW e Tencent se unem por carro aut\u00f4nomo - Canal Dana\",\"isPartOf\":{\"@id\":\"https:\\\/\\\/dana.com.br\\\/canaldana\\\/#website\"},\"datePublished\":\"2019-07-22T12:16:45+00:00\",\"author\":{\"@id\":\"https:\\\/\\\/dana.com.br\\\/canaldana\\\/#\\\/schema\\\/person\\\/3c21f22f56fcf3bc46b94bc60ea4fef6\"},\"breadcrumb\":{\"@id\":\"https:\\\/\\\/dana.com.br\\\/canaldana\\\/2019\\\/07\\\/22\\\/bmw-e-tencent-se-unem-por-carro-autonomo\\\/#breadcrumb\"},\"inLanguage\":\"pt-BR\",\"potentialAction\":[{\"@type\":\"ReadAction\",\"target\":[\"https:\\\/\\\/dana.com.br\\\/canaldana\\\/2019\\\/07\\\/22\\\/bmw-e-tencent-se-unem-por-carro-autonomo\\\/\"]}]},{\"@type\":\"BreadcrumbList\",\"@id\":\"https:\\\/\\\/dana.com.br\\\/canaldana\\\/2019\\\/07\\\/22\\\/bmw-e-tencent-se-unem-por-carro-autonomo\\\/#breadcrumb\",\"itemListElement\":[{\"@type\":\"ListItem\",\"position\":1,\"name\":\"Home\",\"item\":\"https:\\\/\\\/dana.com.br\\\/canaldana\\\/\"},{\"@type\":\"ListItem\",\"position\":2,\"name\":\"Mercado\",\"item\":\"https:\\\/\\\/dana.com.br\\\/canaldana\\\/mercado\\\/\"},{\"@type\":\"ListItem\",\"position\":3,\"name\":\"BMW e Tencent se unem por carro aut\u00f4nomo\"}]},{\"@type\":\"WebSite\",\"@id\":\"https:\\\/\\\/dana.com.br\\\/canaldana\\\/#website\",\"url\":\"https:\\\/\\\/dana.com.br\\\/canaldana\\\/\",\"name\":\"Canal Dana\",\"description\":\"Informativo com as principais not\u00edcias da ind\u00fastria automotiva\",\"potentialAction\":[{\"@type\":\"SearchAction\",\"target\":{\"@type\":\"EntryPoint\",\"urlTemplate\":\"https:\\\/\\\/dana.com.br\\\/canaldana\\\/?s={search_term_string}\"},\"query-input\":{\"@type\":\"PropertyValueSpecification\",\"valueRequired\":true,\"valueName\":\"search_term_string\"}}],\"inLanguage\":\"pt-BR\"},{\"@type\":\"Person\",\"@id\":\"https:\\\/\\\/dana.com.br\\\/canaldana\\\/#\\\/schema\\\/person\\\/3c21f22f56fcf3bc46b94bc60ea4fef6\",\"name\":\"Canal Dana\",\"image\":{\"@type\":\"ImageObject\",\"inLanguage\":\"pt-BR\",\"@id\":\"https:\\\/\\\/secure.gravatar.com\\\/avatar\\\/420aaf9278582877d9018637c6817617705899d2858d7572ef0fe59a6b6454b4?s=96&d=mm&r=g\",\"url\":\"https:\\\/\\\/secure.gravatar.com\\\/avatar\\\/420aaf9278582877d9018637c6817617705899d2858d7572ef0fe59a6b6454b4?s=96&d=mm&r=g\",\"contentUrl\":\"https:\\\/\\\/secure.gravatar.com\\\/avatar\\\/420aaf9278582877d9018637c6817617705899d2858d7572ef0fe59a6b6454b4?s=96&d=mm&r=g\",\"caption\":\"Canal Dana\"},\"url\":\"https:\\\/\\\/dana.com.br\\\/canaldana\\\/author\\\/cdeditor\\\/\"}]}<\/script>\n<!-- \/ Yoast SEO plugin. -->","yoast_head_json":{"title":"BMW e Tencent se unem por carro aut\u00f4nomo - Canal Dana","robots":{"index":"index","follow":"follow","max-snippet":"max-snippet:-1","max-image-preview":"max-image-preview:large","max-video-preview":"max-video-preview:-1"},"canonical":"https:\/\/dana.com.br\/canaldana\/2019\/07\/22\/bmw-e-tencent-se-unem-por-carro-autonomo\/","og_locale":"pt_BR","og_type":"article","og_title":"BMW e Tencent se unem por carro aut\u00f4nomo - Canal Dana","og_description":"O Estado de S. Paulo\/Ag\u00eancias Internacionais &nbsp; A montadora alem\u00e3 BMW e a gigante chinesa de tecnologia Tencent est\u00e3o se unindo para lan\u00e7ar um centro de computa\u00e7\u00e3o na China que ajudar\u00e1 a desenvolver carros aut\u00f4nomos no maior mercado automotivo do mundo, disseram as empresas ontem, por meio de nota. Segundo o comunicado, as opera\u00e7\u00f5es do\u2026 Leia mais \u00bb","og_url":"https:\/\/dana.com.br\/canaldana\/2019\/07\/22\/bmw-e-tencent-se-unem-por-carro-autonomo\/","og_site_name":"Canal Dana","article_published_time":"2019-07-22T12:16:45+00:00","author":"Canal Dana","twitter_card":"summary_large_image","twitter_misc":{"Escrito por":"Canal Dana","Est. tempo de leitura":"2 minutos"},"schema":{"@context":"https:\/\/schema.org","@graph":[{"@type":"Article","@id":"https:\/\/dana.com.br\/canaldana\/2019\/07\/22\/bmw-e-tencent-se-unem-por-carro-autonomo\/#article","isPartOf":{"@id":"https:\/\/dana.com.br\/canaldana\/2019\/07\/22\/bmw-e-tencent-se-unem-por-carro-autonomo\/"},"author":{"name":"Canal Dana","@id":"https:\/\/dana.com.br\/canaldana\/#\/schema\/person\/3c21f22f56fcf3bc46b94bc60ea4fef6"},"headline":"BMW e Tencent se unem por carro aut\u00f4nomo","datePublished":"2019-07-22T12:16:45+00:00","mainEntityOfPage":{"@id":"https:\/\/dana.com.br\/canaldana\/2019\/07\/22\/bmw-e-tencent-se-unem-por-carro-autonomo\/"},"wordCount":434,"articleSection":["Mercado"],"inLanguage":"pt-BR"},{"@type":"WebPage","@id":"https:\/\/dana.com.br\/canaldana\/2019\/07\/22\/bmw-e-tencent-se-unem-por-carro-autonomo\/","url":"https:\/\/dana.com.br\/canaldana\/2019\/07\/22\/bmw-e-tencent-se-unem-por-carro-autonomo\/","name":"BMW e Tencent se unem por carro aut\u00f4nomo - Canal Dana","isPartOf":{"@id":"https:\/\/dana.com.br\/canaldana\/#website"},"datePublished":"2019-07-22T12:16:45+00:00","author":{"@id":"https:\/\/dana.com.br\/canaldana\/#\/schema\/person\/3c21f22f56fcf3bc46b94bc60ea4fef6"},"breadcrumb":{"@id":"https:\/\/dana.com.br\/canaldana\/2019\/07\/22\/bmw-e-tencent-se-unem-por-carro-autonomo\/#breadcrumb"},"inLanguage":"pt-BR","potentialAction":[{"@type":"ReadAction","target":["https:\/\/dana.com.br\/canaldana\/2019\/07\/22\/bmw-e-tencent-se-unem-por-carro-autonomo\/"]}]},{"@type":"BreadcrumbList","@id":"https:\/\/dana.com.br\/canaldana\/2019\/07\/22\/bmw-e-tencent-se-unem-por-carro-autonomo\/#breadcrumb","itemListElement":[{"@type":"ListItem","position":1,"name":"Home","item":"https:\/\/dana.com.br\/canaldana\/"},{"@type":"ListItem","position":2,"name":"Mercado","item":"https:\/\/dana.com.br\/canaldana\/mercado\/"},{"@type":"ListItem","position":3,"name":"BMW e Tencent se unem por carro aut\u00f4nomo"}]},{"@type":"WebSite","@id":"https:\/\/dana.com.br\/canaldana\/#website","url":"https:\/\/dana.com.br\/canaldana\/","name":"Canal Dana","description":"Informativo com as principais not\u00edcias da ind\u00fastria automotiva","potentialAction":[{"@type":"SearchAction","target":{"@type":"EntryPoint","urlTemplate":"https:\/\/dana.com.br\/canaldana\/?s={search_term_string}"},"query-input":{"@type":"PropertyValueSpecification","valueRequired":true,"valueName":"search_term_string"}}],"inLanguage":"pt-BR"},{"@type":"Person","@id":"https:\/\/dana.com.br\/canaldana\/#\/schema\/person\/3c21f22f56fcf3bc46b94bc60ea4fef6","name":"Canal Dana","image":{"@type":"ImageObject","inLanguage":"pt-BR","@id":"https:\/\/secure.gravatar.com\/avatar\/420aaf9278582877d9018637c6817617705899d2858d7572ef0fe59a6b6454b4?s=96&d=mm&r=g","url":"https:\/\/secure.gravatar.com\/avatar\/420aaf9278582877d9018637c6817617705899d2858d7572ef0fe59a6b6454b4?s=96&d=mm&r=g","contentUrl":"https:\/\/secure.gravatar.com\/avatar\/420aaf9278582877d9018637c6817617705899d2858d7572ef0fe59a6b6454b4?s=96&d=mm&r=g","caption":"Canal Dana"},"url":"https:\/\/dana.com.br\/canaldana\/author\/cdeditor\/"}]}},"_links":{"self":[{"href":"https:\/\/dana.com.br\/canaldana\/wp-json\/wp\/v2\/posts\/35907","targetHints":{"allow":["GET"]}}],"collection":[{"href":"https:\/\/dana.com.br\/canaldana\/wp-json\/wp\/v2\/posts"}],"about":[{"href":"https:\/\/dana.com.br\/canaldana\/wp-json\/wp\/v2\/types\/post"}],"author":[{"embeddable":true,"href":"https:\/\/dana.com.br\/canaldana\/wp-json\/wp\/v2\/users\/3"}],"replies":[{"embeddable":true,"href":"https:\/\/dana.com.br\/canaldana\/wp-json\/wp\/v2\/comments?post=35907"}],"version-history":[{"count":0,"href":"https:\/\/dana.com.br\/canaldana\/wp-json\/wp\/v2\/posts\/35907\/revisions"}],"wp:attachment":[{"href":"https:\/\/dana.com.br\/canaldana\/wp-json\/wp\/v2\/media?parent=35907"}],"wp:term":[{"taxonomy":"category","embeddable":true,"href":"https:\/\/dana.com.br\/canaldana\/wp-json\/wp\/v2\/categories?post=35907"},{"taxonomy":"post_tag","embeddable":true,"href":"https:\/\/dana.com.br\/canaldana\/wp-json\/wp\/v2\/tags?post=35907"}],"curies":[{"name":"wp","href":"https:\/\/api.w.org\/{rel}","templated":true}]}}