{"id":35875,"date":"2019-07-19T09:14:50","date_gmt":"2019-07-19T12:14:50","guid":{"rendered":"https:\/\/dana.com.br\/canaldana\/?p=35875"},"modified":"2019-07-19T09:14:50","modified_gmt":"2019-07-19T12:14:50","slug":"carlos-ghosn-vai-a-justica-contra-nissan-e-mitsubishi","status":"publish","type":"post","link":"https:\/\/dana.com.br\/canaldana\/2019\/07\/19\/carlos-ghosn-vai-a-justica-contra-nissan-e-mitsubishi\/","title":{"rendered":"Carlos Ghosn vai \u00e0 Justi\u00e7a contra Nissan e Mitsubishi"},"content":{"rendered":"<p><em>Portal G1\/France Presse<\/em><\/p>\n<p>&nbsp;<\/p>\n<p>O ex-presidente da alian\u00e7a Renault-Nissan-Mitsubishi, Carlos Ghosn, entrou com uma a\u00e7\u00e3o contra as montadoras japonesas do grupo perante a Justi\u00e7a da Holanda, segundo um porta-voz do brasileiro.<\/p>\n<p>&nbsp;<\/p>\n<p>Preso no Jap\u00e3o sob suspeita de fraude financeira quando estava \u00e0 frente dessas montadoras, Ghosn acusa a Nissan e a Mitsubishi de viola\u00e7\u00e3o abusiva de seu contrato.<\/p>\n<p>&nbsp;<\/p>\n<p>A a\u00e7\u00e3o foi aberta na Holanda porque o pa\u00eds \u00e9 sede da NMBV, empresa subsidi\u00e1ria que foi aberta em 2017 para explorar as sinergias entre as duas montadoras e que foi dissolvida em mar\u00e7o \u00faltimo.<\/p>\n<p>&nbsp;<\/p>\n<p>Ghosn pede uma indeniza\u00e7\u00e3o de 15 milh\u00f5es de euros (US$ 16,8 milh\u00f5es).<\/p>\n<p>&nbsp;<\/p>\n<p>Em janeiro, a Nissan e a Mitsubishi disseram que Ghosn recebeu, como administrador da NMBV, &#8220;uma remunera\u00e7\u00e3o total de 7.822.206,12 euros&#8221;.<\/p>\n<p>&nbsp;<\/p>\n<p>Segundo a Nissan, que quer recuperar o montante indevidamente recebido, Ghosn fez um contrato por conta pr\u00f3pria em 2018, &#8220;sem discutir com os outros membros do conselho de administra\u00e7\u00e3o da NMBV&#8221;, no caso os presidentes da Nissan, Hiroto Saikawa, e da Mitsubishi Motors, Osamu Masuko. (Portal G1\/France Presse)<\/p>\n","protected":false},"excerpt":{"rendered":"<p>Portal G1\/France Presse &nbsp; O ex-presidente da alian\u00e7a Renault-Nissan-Mitsubishi, Carlos Ghosn, entrou com uma a\u00e7\u00e3o contra as montadoras japonesas do grupo perante a Justi\u00e7a da Holanda, segundo um porta-voz do brasileiro. &nbsp; Preso no Jap\u00e3o sob suspeita de fraude financeira quando estava \u00e0 frente dessas montadoras, Ghosn acusa a Nissan e a Mitsubishi de viola\u00e7\u00e3o\u2026 <a class=\"readmore\" href=\"https:\/\/dana.com.br\/canaldana\/2019\/07\/19\/carlos-ghosn-vai-a-justica-contra-nissan-e-mitsubishi\/\">Leia mais \u00bb<\/a><\/p>\n","protected":false},"author":3,"featured_media":0,"comment_status":"closed","ping_status":"closed","sticky":false,"template":"","format":"standard","meta":{"_acf_changed":false,"footnotes":""},"categories":[79],"tags":[],"class_list":["post-35875","post","type-post","status-publish","format-standard","hentry","category-mercado"],"acf":[],"yoast_head":"<!-- This site is optimized with the Yoast SEO plugin v27.3 - https:\/\/yoast.com\/product\/yoast-seo-wordpress\/ -->\n<title>Carlos Ghosn vai \u00e0 Justi\u00e7a contra Nissan e Mitsubishi - Canal Dana<\/title>\n<meta name=\"robots\" content=\"index, follow, max-snippet:-1, max-image-preview:large, max-video-preview:-1\" \/>\n<link rel=\"canonical\" href=\"https:\/\/dana.com.br\/canaldana\/2019\/07\/19\/carlos-ghosn-vai-a-justica-contra-nissan-e-mitsubishi\/\" \/>\n<meta property=\"og:locale\" content=\"pt_BR\" \/>\n<meta property=\"og:type\" content=\"article\" \/>\n<meta property=\"og:title\" content=\"Carlos Ghosn vai \u00e0 Justi\u00e7a contra Nissan e Mitsubishi - Canal Dana\" \/>\n<meta property=\"og:description\" content=\"Portal G1\/France Presse &nbsp; O ex-presidente da alian\u00e7a Renault-Nissan-Mitsubishi, Carlos Ghosn, entrou com uma a\u00e7\u00e3o contra as montadoras japonesas do grupo perante a Justi\u00e7a da Holanda, segundo um porta-voz do brasileiro. &nbsp; Preso no Jap\u00e3o sob suspeita de fraude financeira quando estava \u00e0 frente dessas montadoras, Ghosn acusa a Nissan e a Mitsubishi de viola\u00e7\u00e3o\u2026 Leia mais \u00bb\" \/>\n<meta property=\"og:url\" content=\"https:\/\/dana.com.br\/canaldana\/2019\/07\/19\/carlos-ghosn-vai-a-justica-contra-nissan-e-mitsubishi\/\" \/>\n<meta property=\"og:site_name\" content=\"Canal Dana\" \/>\n<meta property=\"article:published_time\" content=\"2019-07-19T12:14:50+00:00\" \/>\n<meta name=\"author\" content=\"Canal Dana\" \/>\n<meta name=\"twitter:card\" content=\"summary_large_image\" \/>\n<meta name=\"twitter:label1\" content=\"Escrito por\" \/>\n\t<meta name=\"twitter:data1\" content=\"Canal Dana\" \/>\n\t<meta name=\"twitter:label2\" content=\"Est. tempo de leitura\" \/>\n\t<meta name=\"twitter:data2\" content=\"1 minuto\" \/>\n<script type=\"application\/ld+json\" class=\"yoast-schema-graph\">{\"@context\":\"https:\\\/\\\/schema.org\",\"@graph\":[{\"@type\":\"Article\",\"@id\":\"https:\\\/\\\/dana.com.br\\\/canaldana\\\/2019\\\/07\\\/19\\\/carlos-ghosn-vai-a-justica-contra-nissan-e-mitsubishi\\\/#article\",\"isPartOf\":{\"@id\":\"https:\\\/\\\/dana.com.br\\\/canaldana\\\/2019\\\/07\\\/19\\\/carlos-ghosn-vai-a-justica-contra-nissan-e-mitsubishi\\\/\"},\"author\":{\"name\":\"Canal Dana\",\"@id\":\"https:\\\/\\\/dana.com.br\\\/canaldana\\\/#\\\/schema\\\/person\\\/3c21f22f56fcf3bc46b94bc60ea4fef6\"},\"headline\":\"Carlos Ghosn vai \u00e0 Justi\u00e7a contra Nissan e Mitsubishi\",\"datePublished\":\"2019-07-19T12:14:50+00:00\",\"mainEntityOfPage\":{\"@id\":\"https:\\\/\\\/dana.com.br\\\/canaldana\\\/2019\\\/07\\\/19\\\/carlos-ghosn-vai-a-justica-contra-nissan-e-mitsubishi\\\/\"},\"wordCount\":198,\"articleSection\":[\"Mercado\"],\"inLanguage\":\"pt-BR\"},{\"@type\":\"WebPage\",\"@id\":\"https:\\\/\\\/dana.com.br\\\/canaldana\\\/2019\\\/07\\\/19\\\/carlos-ghosn-vai-a-justica-contra-nissan-e-mitsubishi\\\/\",\"url\":\"https:\\\/\\\/dana.com.br\\\/canaldana\\\/2019\\\/07\\\/19\\\/carlos-ghosn-vai-a-justica-contra-nissan-e-mitsubishi\\\/\",\"name\":\"Carlos Ghosn vai \u00e0 Justi\u00e7a contra Nissan e Mitsubishi - Canal Dana\",\"isPartOf\":{\"@id\":\"https:\\\/\\\/dana.com.br\\\/canaldana\\\/#website\"},\"datePublished\":\"2019-07-19T12:14:50+00:00\",\"author\":{\"@id\":\"https:\\\/\\\/dana.com.br\\\/canaldana\\\/#\\\/schema\\\/person\\\/3c21f22f56fcf3bc46b94bc60ea4fef6\"},\"breadcrumb\":{\"@id\":\"https:\\\/\\\/dana.com.br\\\/canaldana\\\/2019\\\/07\\\/19\\\/carlos-ghosn-vai-a-justica-contra-nissan-e-mitsubishi\\\/#breadcrumb\"},\"inLanguage\":\"pt-BR\",\"potentialAction\":[{\"@type\":\"ReadAction\",\"target\":[\"https:\\\/\\\/dana.com.br\\\/canaldana\\\/2019\\\/07\\\/19\\\/carlos-ghosn-vai-a-justica-contra-nissan-e-mitsubishi\\\/\"]}]},{\"@type\":\"BreadcrumbList\",\"@id\":\"https:\\\/\\\/dana.com.br\\\/canaldana\\\/2019\\\/07\\\/19\\\/carlos-ghosn-vai-a-justica-contra-nissan-e-mitsubishi\\\/#breadcrumb\",\"itemListElement\":[{\"@type\":\"ListItem\",\"position\":1,\"name\":\"Home\",\"item\":\"https:\\\/\\\/dana.com.br\\\/canaldana\\\/\"},{\"@type\":\"ListItem\",\"position\":2,\"name\":\"Mercado\",\"item\":\"https:\\\/\\\/dana.com.br\\\/canaldana\\\/mercado\\\/\"},{\"@type\":\"ListItem\",\"position\":3,\"name\":\"Carlos Ghosn vai \u00e0 Justi\u00e7a contra Nissan e Mitsubishi\"}]},{\"@type\":\"WebSite\",\"@id\":\"https:\\\/\\\/dana.com.br\\\/canaldana\\\/#website\",\"url\":\"https:\\\/\\\/dana.com.br\\\/canaldana\\\/\",\"name\":\"Canal Dana\",\"description\":\"Informativo com as principais not\u00edcias da ind\u00fastria automotiva\",\"potentialAction\":[{\"@type\":\"SearchAction\",\"target\":{\"@type\":\"EntryPoint\",\"urlTemplate\":\"https:\\\/\\\/dana.com.br\\\/canaldana\\\/?s={search_term_string}\"},\"query-input\":{\"@type\":\"PropertyValueSpecification\",\"valueRequired\":true,\"valueName\":\"search_term_string\"}}],\"inLanguage\":\"pt-BR\"},{\"@type\":\"Person\",\"@id\":\"https:\\\/\\\/dana.com.br\\\/canaldana\\\/#\\\/schema\\\/person\\\/3c21f22f56fcf3bc46b94bc60ea4fef6\",\"name\":\"Canal Dana\",\"image\":{\"@type\":\"ImageObject\",\"inLanguage\":\"pt-BR\",\"@id\":\"https:\\\/\\\/secure.gravatar.com\\\/avatar\\\/420aaf9278582877d9018637c6817617705899d2858d7572ef0fe59a6b6454b4?s=96&d=mm&r=g\",\"url\":\"https:\\\/\\\/secure.gravatar.com\\\/avatar\\\/420aaf9278582877d9018637c6817617705899d2858d7572ef0fe59a6b6454b4?s=96&d=mm&r=g\",\"contentUrl\":\"https:\\\/\\\/secure.gravatar.com\\\/avatar\\\/420aaf9278582877d9018637c6817617705899d2858d7572ef0fe59a6b6454b4?s=96&d=mm&r=g\",\"caption\":\"Canal Dana\"},\"url\":\"https:\\\/\\\/dana.com.br\\\/canaldana\\\/author\\\/cdeditor\\\/\"}]}<\/script>\n<!-- \/ Yoast SEO plugin. -->","yoast_head_json":{"title":"Carlos Ghosn vai \u00e0 Justi\u00e7a contra Nissan e Mitsubishi - Canal Dana","robots":{"index":"index","follow":"follow","max-snippet":"max-snippet:-1","max-image-preview":"max-image-preview:large","max-video-preview":"max-video-preview:-1"},"canonical":"https:\/\/dana.com.br\/canaldana\/2019\/07\/19\/carlos-ghosn-vai-a-justica-contra-nissan-e-mitsubishi\/","og_locale":"pt_BR","og_type":"article","og_title":"Carlos Ghosn vai \u00e0 Justi\u00e7a contra Nissan e Mitsubishi - Canal Dana","og_description":"Portal G1\/France Presse &nbsp; O ex-presidente da alian\u00e7a Renault-Nissan-Mitsubishi, Carlos Ghosn, entrou com uma a\u00e7\u00e3o contra as montadoras japonesas do grupo perante a Justi\u00e7a da Holanda, segundo um porta-voz do brasileiro. &nbsp; Preso no Jap\u00e3o sob suspeita de fraude financeira quando estava \u00e0 frente dessas montadoras, Ghosn acusa a Nissan e a Mitsubishi de viola\u00e7\u00e3o\u2026 Leia mais \u00bb","og_url":"https:\/\/dana.com.br\/canaldana\/2019\/07\/19\/carlos-ghosn-vai-a-justica-contra-nissan-e-mitsubishi\/","og_site_name":"Canal Dana","article_published_time":"2019-07-19T12:14:50+00:00","author":"Canal Dana","twitter_card":"summary_large_image","twitter_misc":{"Escrito por":"Canal Dana","Est. tempo de leitura":"1 minuto"},"schema":{"@context":"https:\/\/schema.org","@graph":[{"@type":"Article","@id":"https:\/\/dana.com.br\/canaldana\/2019\/07\/19\/carlos-ghosn-vai-a-justica-contra-nissan-e-mitsubishi\/#article","isPartOf":{"@id":"https:\/\/dana.com.br\/canaldana\/2019\/07\/19\/carlos-ghosn-vai-a-justica-contra-nissan-e-mitsubishi\/"},"author":{"name":"Canal Dana","@id":"https:\/\/dana.com.br\/canaldana\/#\/schema\/person\/3c21f22f56fcf3bc46b94bc60ea4fef6"},"headline":"Carlos Ghosn vai \u00e0 Justi\u00e7a contra Nissan e Mitsubishi","datePublished":"2019-07-19T12:14:50+00:00","mainEntityOfPage":{"@id":"https:\/\/dana.com.br\/canaldana\/2019\/07\/19\/carlos-ghosn-vai-a-justica-contra-nissan-e-mitsubishi\/"},"wordCount":198,"articleSection":["Mercado"],"inLanguage":"pt-BR"},{"@type":"WebPage","@id":"https:\/\/dana.com.br\/canaldana\/2019\/07\/19\/carlos-ghosn-vai-a-justica-contra-nissan-e-mitsubishi\/","url":"https:\/\/dana.com.br\/canaldana\/2019\/07\/19\/carlos-ghosn-vai-a-justica-contra-nissan-e-mitsubishi\/","name":"Carlos Ghosn vai \u00e0 Justi\u00e7a contra Nissan e Mitsubishi - Canal Dana","isPartOf":{"@id":"https:\/\/dana.com.br\/canaldana\/#website"},"datePublished":"2019-07-19T12:14:50+00:00","author":{"@id":"https:\/\/dana.com.br\/canaldana\/#\/schema\/person\/3c21f22f56fcf3bc46b94bc60ea4fef6"},"breadcrumb":{"@id":"https:\/\/dana.com.br\/canaldana\/2019\/07\/19\/carlos-ghosn-vai-a-justica-contra-nissan-e-mitsubishi\/#breadcrumb"},"inLanguage":"pt-BR","potentialAction":[{"@type":"ReadAction","target":["https:\/\/dana.com.br\/canaldana\/2019\/07\/19\/carlos-ghosn-vai-a-justica-contra-nissan-e-mitsubishi\/"]}]},{"@type":"BreadcrumbList","@id":"https:\/\/dana.com.br\/canaldana\/2019\/07\/19\/carlos-ghosn-vai-a-justica-contra-nissan-e-mitsubishi\/#breadcrumb","itemListElement":[{"@type":"ListItem","position":1,"name":"Home","item":"https:\/\/dana.com.br\/canaldana\/"},{"@type":"ListItem","position":2,"name":"Mercado","item":"https:\/\/dana.com.br\/canaldana\/mercado\/"},{"@type":"ListItem","position":3,"name":"Carlos Ghosn vai \u00e0 Justi\u00e7a contra Nissan e Mitsubishi"}]},{"@type":"WebSite","@id":"https:\/\/dana.com.br\/canaldana\/#website","url":"https:\/\/dana.com.br\/canaldana\/","name":"Canal Dana","description":"Informativo com as principais not\u00edcias da ind\u00fastria automotiva","potentialAction":[{"@type":"SearchAction","target":{"@type":"EntryPoint","urlTemplate":"https:\/\/dana.com.br\/canaldana\/?s={search_term_string}"},"query-input":{"@type":"PropertyValueSpecification","valueRequired":true,"valueName":"search_term_string"}}],"inLanguage":"pt-BR"},{"@type":"Person","@id":"https:\/\/dana.com.br\/canaldana\/#\/schema\/person\/3c21f22f56fcf3bc46b94bc60ea4fef6","name":"Canal Dana","image":{"@type":"ImageObject","inLanguage":"pt-BR","@id":"https:\/\/secure.gravatar.com\/avatar\/420aaf9278582877d9018637c6817617705899d2858d7572ef0fe59a6b6454b4?s=96&d=mm&r=g","url":"https:\/\/secure.gravatar.com\/avatar\/420aaf9278582877d9018637c6817617705899d2858d7572ef0fe59a6b6454b4?s=96&d=mm&r=g","contentUrl":"https:\/\/secure.gravatar.com\/avatar\/420aaf9278582877d9018637c6817617705899d2858d7572ef0fe59a6b6454b4?s=96&d=mm&r=g","caption":"Canal Dana"},"url":"https:\/\/dana.com.br\/canaldana\/author\/cdeditor\/"}]}},"_links":{"self":[{"href":"https:\/\/dana.com.br\/canaldana\/wp-json\/wp\/v2\/posts\/35875","targetHints":{"allow":["GET"]}}],"collection":[{"href":"https:\/\/dana.com.br\/canaldana\/wp-json\/wp\/v2\/posts"}],"about":[{"href":"https:\/\/dana.com.br\/canaldana\/wp-json\/wp\/v2\/types\/post"}],"author":[{"embeddable":true,"href":"https:\/\/dana.com.br\/canaldana\/wp-json\/wp\/v2\/users\/3"}],"replies":[{"embeddable":true,"href":"https:\/\/dana.com.br\/canaldana\/wp-json\/wp\/v2\/comments?post=35875"}],"version-history":[{"count":0,"href":"https:\/\/dana.com.br\/canaldana\/wp-json\/wp\/v2\/posts\/35875\/revisions"}],"wp:attachment":[{"href":"https:\/\/dana.com.br\/canaldana\/wp-json\/wp\/v2\/media?parent=35875"}],"wp:term":[{"taxonomy":"category","embeddable":true,"href":"https:\/\/dana.com.br\/canaldana\/wp-json\/wp\/v2\/categories?post=35875"},{"taxonomy":"post_tag","embeddable":true,"href":"https:\/\/dana.com.br\/canaldana\/wp-json\/wp\/v2\/tags?post=35875"}],"curies":[{"name":"wp","href":"https:\/\/api.w.org\/{rel}","templated":true}]}}