{"id":35785,"date":"2019-07-16T08:14:30","date_gmt":"2019-07-16T11:14:30","guid":{"rendered":"https:\/\/dana.com.br\/canaldana\/?p=35785"},"modified":"2019-07-16T08:14:30","modified_gmt":"2019-07-16T11:14:30","slug":"onibus-100-eletrico-da-byd-comeca-a-ser-testado-em-salvador-diz-prefeitura","status":"publish","type":"post","link":"https:\/\/dana.com.br\/canaldana\/2019\/07\/16\/onibus-100-eletrico-da-byd-comeca-a-ser-testado-em-salvador-diz-prefeitura\/","title":{"rendered":"\u00d4nibus 100% el\u00e9trico da BYD come\u00e7a a ser testado em Salvador, diz prefeitura"},"content":{"rendered":"<p><em>Di\u00e1rio do Transporte<\/em><\/p>\n<p>&nbsp;<\/p>\n<p>A prefeitura de Salvador (BA) informou que a partir desta ter\u00e7a-feira, 16 de julho de 2019, em parceria com as empresas de \u00f4nibus come\u00e7a a testar um \u00f4nibus 100% el\u00e9trico, fabricado pela chinesa BYD, em Campinas (SP), em linhas municipais.\u00a0 A tarifa ser\u00e1 a mesma de todo o sistema.<\/p>\n<p>&nbsp;<\/p>\n<p>Por meio de nota divulgada nesta segunda-feira, 15, o principal objetivo da Secretaria Municipal de Mobilidade (Semob) \u00e9 verificar a adequa\u00e7\u00e3o do ve\u00edculo \u00e0s condi\u00e7\u00f5es do dia a dia do transporte coletivo e as caracter\u00edsticas geogr\u00e1ficas da cidade.<\/p>\n<p>&nbsp;<\/p>\n<p>A administra\u00e7\u00e3o ainda diz que, dependendo dos resultados, poder\u00e1 considerar \u00f4nibus el\u00e9tricos para linhas comuns e para o sistema planejado de corredores de maior demanda e velocidade BRT \u2013 Bus Rapid Transit.<\/p>\n<p>&nbsp;<\/p>\n<p>Segundo o secret\u00e1rio de mobilidade urbana, F\u00e1bio Mota, as cidades devem pensar em modelos de \u00f4nibus mais sustent\u00e1veis que podem trazer ganhos de qualidade dos servi\u00e7os e de vida.<\/p>\n<p>&nbsp;<\/p>\n<p>\u201cN\u00f3s estamos testando as quest\u00f5es da autonomia e da log\u00edstica do carregamento, assim como a funcionalidade do ve\u00edculo. O \u00f4nibus el\u00e9trico \u00e9 uma tecnologia limpa. \u00c9 evidente que, entre ele e o normal, o el\u00e9trico leva todas essas vantagens por ser um aliado do meio ambiente\u201d \u2013 diz, segundo a nota.<\/p>\n<p>&nbsp;<\/p>\n<p>O \u00f4nibus \u00e9 100% el\u00e9trico n\u00e3o emitindo nenhum tipo de poluente atmosf\u00e9rico na opera\u00e7\u00e3o e com n\u00edvel baixo de ru\u00eddo. Cada ve\u00edculo possui dois motores, sendo um em cada conjunto de roda, freio ABS, pot\u00eancia de 400 cavalos e consegue operar 250km, em m\u00e9dia, com a bateria completa, que leva at\u00e9 quatro horas para ser recarregada.<\/p>\n<p>&nbsp;<\/p>\n<p>O modelo possui piso baixo, sistema de ajoelhamento e suspens\u00e3o pneum\u00e1tica integral. A capacidade \u00e9 para 77 passageiros, sendo 51 em p\u00e9 e 26 sentados.<\/p>\n<p>&nbsp;<\/p>\n<p>A prefeitura n\u00e3o informou na nota as linhas por onde o \u00f4nibus el\u00e9trico vai circular.<\/p>\n<p>&nbsp;<\/p>\n<p>A BYD possui \u00f4nibus em opera\u00e7\u00e3o ou in\u00edcio de trabalhos em cidades como Campinas (SP), S\u00e3o Paulo (SP), Bras\u00edlia (DF), Volta Redonda (RJ), Bauru (SP), Santos (SP), entre outras. (Di\u00e1rio do Transporte\/Adamo Bazani)<\/p>\n","protected":false},"excerpt":{"rendered":"<p>Di\u00e1rio do Transporte &nbsp; A prefeitura de Salvador (BA) informou que a partir desta ter\u00e7a-feira, 16 de julho de 2019, em parceria com as empresas de \u00f4nibus come\u00e7a a testar um \u00f4nibus 100% el\u00e9trico, fabricado pela chinesa BYD, em Campinas (SP), em linhas municipais.\u00a0 A tarifa ser\u00e1 a mesma de todo o sistema. &nbsp; Por\u2026 <a class=\"readmore\" href=\"https:\/\/dana.com.br\/canaldana\/2019\/07\/16\/onibus-100-eletrico-da-byd-comeca-a-ser-testado-em-salvador-diz-prefeitura\/\">Leia mais \u00bb<\/a><\/p>\n","protected":false},"author":3,"featured_media":0,"comment_status":"closed","ping_status":"closed","sticky":false,"template":"","format":"standard","meta":{"_acf_changed":false,"footnotes":""},"categories":[110],"tags":[],"class_list":["post-35785","post","type-post","status-publish","format-standard","hentry","category-eletricos"],"acf":[],"yoast_head":"<!-- This site is optimized with the Yoast SEO plugin v27.3 - https:\/\/yoast.com\/product\/yoast-seo-wordpress\/ -->\n<title>\u00d4nibus 100% el\u00e9trico da BYD come\u00e7a a ser testado em Salvador, diz prefeitura - Canal Dana<\/title>\n<meta name=\"robots\" content=\"index, follow, max-snippet:-1, max-image-preview:large, max-video-preview:-1\" \/>\n<link rel=\"canonical\" href=\"https:\/\/dana.com.br\/canaldana\/2019\/07\/16\/onibus-100-eletrico-da-byd-comeca-a-ser-testado-em-salvador-diz-prefeitura\/\" \/>\n<meta property=\"og:locale\" content=\"pt_BR\" \/>\n<meta property=\"og:type\" content=\"article\" \/>\n<meta property=\"og:title\" content=\"\u00d4nibus 100% el\u00e9trico da BYD come\u00e7a a ser testado em Salvador, diz prefeitura - Canal Dana\" \/>\n<meta property=\"og:description\" content=\"Di\u00e1rio do Transporte &nbsp; A prefeitura de Salvador (BA) informou que a partir desta ter\u00e7a-feira, 16 de julho de 2019, em parceria com as empresas de \u00f4nibus come\u00e7a a testar um \u00f4nibus 100% el\u00e9trico, fabricado pela chinesa BYD, em Campinas (SP), em linhas municipais.\u00a0 A tarifa ser\u00e1 a mesma de todo o sistema. &nbsp; Por\u2026 Leia mais \u00bb\" \/>\n<meta property=\"og:url\" content=\"https:\/\/dana.com.br\/canaldana\/2019\/07\/16\/onibus-100-eletrico-da-byd-comeca-a-ser-testado-em-salvador-diz-prefeitura\/\" \/>\n<meta property=\"og:site_name\" content=\"Canal Dana\" \/>\n<meta property=\"article:published_time\" content=\"2019-07-16T11:14:30+00:00\" \/>\n<meta name=\"author\" content=\"Canal Dana\" \/>\n<meta name=\"twitter:card\" content=\"summary_large_image\" \/>\n<meta name=\"twitter:label1\" content=\"Escrito por\" \/>\n\t<meta name=\"twitter:data1\" content=\"Canal Dana\" \/>\n\t<meta name=\"twitter:label2\" content=\"Est. tempo de leitura\" \/>\n\t<meta name=\"twitter:data2\" content=\"2 minutos\" \/>\n<script type=\"application\/ld+json\" class=\"yoast-schema-graph\">{\"@context\":\"https:\\\/\\\/schema.org\",\"@graph\":[{\"@type\":\"Article\",\"@id\":\"https:\\\/\\\/dana.com.br\\\/canaldana\\\/2019\\\/07\\\/16\\\/onibus-100-eletrico-da-byd-comeca-a-ser-testado-em-salvador-diz-prefeitura\\\/#article\",\"isPartOf\":{\"@id\":\"https:\\\/\\\/dana.com.br\\\/canaldana\\\/2019\\\/07\\\/16\\\/onibus-100-eletrico-da-byd-comeca-a-ser-testado-em-salvador-diz-prefeitura\\\/\"},\"author\":{\"name\":\"Canal Dana\",\"@id\":\"https:\\\/\\\/dana.com.br\\\/canaldana\\\/#\\\/schema\\\/person\\\/3c21f22f56fcf3bc46b94bc60ea4fef6\"},\"headline\":\"\u00d4nibus 100% el\u00e9trico da BYD come\u00e7a a ser testado em Salvador, diz prefeitura\",\"datePublished\":\"2019-07-16T11:14:30+00:00\",\"mainEntityOfPage\":{\"@id\":\"https:\\\/\\\/dana.com.br\\\/canaldana\\\/2019\\\/07\\\/16\\\/onibus-100-eletrico-da-byd-comeca-a-ser-testado-em-salvador-diz-prefeitura\\\/\"},\"wordCount\":378,\"articleSection\":[\"El\u00e9tricos\"],\"inLanguage\":\"pt-BR\"},{\"@type\":\"WebPage\",\"@id\":\"https:\\\/\\\/dana.com.br\\\/canaldana\\\/2019\\\/07\\\/16\\\/onibus-100-eletrico-da-byd-comeca-a-ser-testado-em-salvador-diz-prefeitura\\\/\",\"url\":\"https:\\\/\\\/dana.com.br\\\/canaldana\\\/2019\\\/07\\\/16\\\/onibus-100-eletrico-da-byd-comeca-a-ser-testado-em-salvador-diz-prefeitura\\\/\",\"name\":\"\u00d4nibus 100% el\u00e9trico da BYD come\u00e7a a ser testado em Salvador, diz prefeitura - Canal Dana\",\"isPartOf\":{\"@id\":\"https:\\\/\\\/dana.com.br\\\/canaldana\\\/#website\"},\"datePublished\":\"2019-07-16T11:14:30+00:00\",\"author\":{\"@id\":\"https:\\\/\\\/dana.com.br\\\/canaldana\\\/#\\\/schema\\\/person\\\/3c21f22f56fcf3bc46b94bc60ea4fef6\"},\"breadcrumb\":{\"@id\":\"https:\\\/\\\/dana.com.br\\\/canaldana\\\/2019\\\/07\\\/16\\\/onibus-100-eletrico-da-byd-comeca-a-ser-testado-em-salvador-diz-prefeitura\\\/#breadcrumb\"},\"inLanguage\":\"pt-BR\",\"potentialAction\":[{\"@type\":\"ReadAction\",\"target\":[\"https:\\\/\\\/dana.com.br\\\/canaldana\\\/2019\\\/07\\\/16\\\/onibus-100-eletrico-da-byd-comeca-a-ser-testado-em-salvador-diz-prefeitura\\\/\"]}]},{\"@type\":\"BreadcrumbList\",\"@id\":\"https:\\\/\\\/dana.com.br\\\/canaldana\\\/2019\\\/07\\\/16\\\/onibus-100-eletrico-da-byd-comeca-a-ser-testado-em-salvador-diz-prefeitura\\\/#breadcrumb\",\"itemListElement\":[{\"@type\":\"ListItem\",\"position\":1,\"name\":\"Home\",\"item\":\"https:\\\/\\\/dana.com.br\\\/canaldana\\\/\"},{\"@type\":\"ListItem\",\"position\":2,\"name\":\"El\u00e9tricos\",\"item\":\"https:\\\/\\\/dana.com.br\\\/canaldana\\\/eletricos\\\/\"},{\"@type\":\"ListItem\",\"position\":3,\"name\":\"\u00d4nibus 100% el\u00e9trico da BYD come\u00e7a a ser testado em Salvador, diz prefeitura\"}]},{\"@type\":\"WebSite\",\"@id\":\"https:\\\/\\\/dana.com.br\\\/canaldana\\\/#website\",\"url\":\"https:\\\/\\\/dana.com.br\\\/canaldana\\\/\",\"name\":\"Canal Dana\",\"description\":\"Informativo com as principais not\u00edcias da ind\u00fastria automotiva\",\"potentialAction\":[{\"@type\":\"SearchAction\",\"target\":{\"@type\":\"EntryPoint\",\"urlTemplate\":\"https:\\\/\\\/dana.com.br\\\/canaldana\\\/?s={search_term_string}\"},\"query-input\":{\"@type\":\"PropertyValueSpecification\",\"valueRequired\":true,\"valueName\":\"search_term_string\"}}],\"inLanguage\":\"pt-BR\"},{\"@type\":\"Person\",\"@id\":\"https:\\\/\\\/dana.com.br\\\/canaldana\\\/#\\\/schema\\\/person\\\/3c21f22f56fcf3bc46b94bc60ea4fef6\",\"name\":\"Canal Dana\",\"image\":{\"@type\":\"ImageObject\",\"inLanguage\":\"pt-BR\",\"@id\":\"https:\\\/\\\/secure.gravatar.com\\\/avatar\\\/420aaf9278582877d9018637c6817617705899d2858d7572ef0fe59a6b6454b4?s=96&d=mm&r=g\",\"url\":\"https:\\\/\\\/secure.gravatar.com\\\/avatar\\\/420aaf9278582877d9018637c6817617705899d2858d7572ef0fe59a6b6454b4?s=96&d=mm&r=g\",\"contentUrl\":\"https:\\\/\\\/secure.gravatar.com\\\/avatar\\\/420aaf9278582877d9018637c6817617705899d2858d7572ef0fe59a6b6454b4?s=96&d=mm&r=g\",\"caption\":\"Canal Dana\"},\"url\":\"https:\\\/\\\/dana.com.br\\\/canaldana\\\/author\\\/cdeditor\\\/\"}]}<\/script>\n<!-- \/ Yoast SEO plugin. -->","yoast_head_json":{"title":"\u00d4nibus 100% el\u00e9trico da BYD come\u00e7a a ser testado em Salvador, diz prefeitura - Canal Dana","robots":{"index":"index","follow":"follow","max-snippet":"max-snippet:-1","max-image-preview":"max-image-preview:large","max-video-preview":"max-video-preview:-1"},"canonical":"https:\/\/dana.com.br\/canaldana\/2019\/07\/16\/onibus-100-eletrico-da-byd-comeca-a-ser-testado-em-salvador-diz-prefeitura\/","og_locale":"pt_BR","og_type":"article","og_title":"\u00d4nibus 100% el\u00e9trico da BYD come\u00e7a a ser testado em Salvador, diz prefeitura - Canal Dana","og_description":"Di\u00e1rio do Transporte &nbsp; A prefeitura de Salvador (BA) informou que a partir desta ter\u00e7a-feira, 16 de julho de 2019, em parceria com as empresas de \u00f4nibus come\u00e7a a testar um \u00f4nibus 100% el\u00e9trico, fabricado pela chinesa BYD, em Campinas (SP), em linhas municipais.\u00a0 A tarifa ser\u00e1 a mesma de todo o sistema. &nbsp; Por\u2026 Leia mais \u00bb","og_url":"https:\/\/dana.com.br\/canaldana\/2019\/07\/16\/onibus-100-eletrico-da-byd-comeca-a-ser-testado-em-salvador-diz-prefeitura\/","og_site_name":"Canal Dana","article_published_time":"2019-07-16T11:14:30+00:00","author":"Canal Dana","twitter_card":"summary_large_image","twitter_misc":{"Escrito por":"Canal Dana","Est. tempo de leitura":"2 minutos"},"schema":{"@context":"https:\/\/schema.org","@graph":[{"@type":"Article","@id":"https:\/\/dana.com.br\/canaldana\/2019\/07\/16\/onibus-100-eletrico-da-byd-comeca-a-ser-testado-em-salvador-diz-prefeitura\/#article","isPartOf":{"@id":"https:\/\/dana.com.br\/canaldana\/2019\/07\/16\/onibus-100-eletrico-da-byd-comeca-a-ser-testado-em-salvador-diz-prefeitura\/"},"author":{"name":"Canal Dana","@id":"https:\/\/dana.com.br\/canaldana\/#\/schema\/person\/3c21f22f56fcf3bc46b94bc60ea4fef6"},"headline":"\u00d4nibus 100% el\u00e9trico da BYD come\u00e7a a ser testado em Salvador, diz prefeitura","datePublished":"2019-07-16T11:14:30+00:00","mainEntityOfPage":{"@id":"https:\/\/dana.com.br\/canaldana\/2019\/07\/16\/onibus-100-eletrico-da-byd-comeca-a-ser-testado-em-salvador-diz-prefeitura\/"},"wordCount":378,"articleSection":["El\u00e9tricos"],"inLanguage":"pt-BR"},{"@type":"WebPage","@id":"https:\/\/dana.com.br\/canaldana\/2019\/07\/16\/onibus-100-eletrico-da-byd-comeca-a-ser-testado-em-salvador-diz-prefeitura\/","url":"https:\/\/dana.com.br\/canaldana\/2019\/07\/16\/onibus-100-eletrico-da-byd-comeca-a-ser-testado-em-salvador-diz-prefeitura\/","name":"\u00d4nibus 100% el\u00e9trico da BYD come\u00e7a a ser testado em Salvador, diz prefeitura - Canal Dana","isPartOf":{"@id":"https:\/\/dana.com.br\/canaldana\/#website"},"datePublished":"2019-07-16T11:14:30+00:00","author":{"@id":"https:\/\/dana.com.br\/canaldana\/#\/schema\/person\/3c21f22f56fcf3bc46b94bc60ea4fef6"},"breadcrumb":{"@id":"https:\/\/dana.com.br\/canaldana\/2019\/07\/16\/onibus-100-eletrico-da-byd-comeca-a-ser-testado-em-salvador-diz-prefeitura\/#breadcrumb"},"inLanguage":"pt-BR","potentialAction":[{"@type":"ReadAction","target":["https:\/\/dana.com.br\/canaldana\/2019\/07\/16\/onibus-100-eletrico-da-byd-comeca-a-ser-testado-em-salvador-diz-prefeitura\/"]}]},{"@type":"BreadcrumbList","@id":"https:\/\/dana.com.br\/canaldana\/2019\/07\/16\/onibus-100-eletrico-da-byd-comeca-a-ser-testado-em-salvador-diz-prefeitura\/#breadcrumb","itemListElement":[{"@type":"ListItem","position":1,"name":"Home","item":"https:\/\/dana.com.br\/canaldana\/"},{"@type":"ListItem","position":2,"name":"El\u00e9tricos","item":"https:\/\/dana.com.br\/canaldana\/eletricos\/"},{"@type":"ListItem","position":3,"name":"\u00d4nibus 100% el\u00e9trico da BYD come\u00e7a a ser testado em Salvador, diz prefeitura"}]},{"@type":"WebSite","@id":"https:\/\/dana.com.br\/canaldana\/#website","url":"https:\/\/dana.com.br\/canaldana\/","name":"Canal Dana","description":"Informativo com as principais not\u00edcias da ind\u00fastria automotiva","potentialAction":[{"@type":"SearchAction","target":{"@type":"EntryPoint","urlTemplate":"https:\/\/dana.com.br\/canaldana\/?s={search_term_string}"},"query-input":{"@type":"PropertyValueSpecification","valueRequired":true,"valueName":"search_term_string"}}],"inLanguage":"pt-BR"},{"@type":"Person","@id":"https:\/\/dana.com.br\/canaldana\/#\/schema\/person\/3c21f22f56fcf3bc46b94bc60ea4fef6","name":"Canal Dana","image":{"@type":"ImageObject","inLanguage":"pt-BR","@id":"https:\/\/secure.gravatar.com\/avatar\/420aaf9278582877d9018637c6817617705899d2858d7572ef0fe59a6b6454b4?s=96&d=mm&r=g","url":"https:\/\/secure.gravatar.com\/avatar\/420aaf9278582877d9018637c6817617705899d2858d7572ef0fe59a6b6454b4?s=96&d=mm&r=g","contentUrl":"https:\/\/secure.gravatar.com\/avatar\/420aaf9278582877d9018637c6817617705899d2858d7572ef0fe59a6b6454b4?s=96&d=mm&r=g","caption":"Canal Dana"},"url":"https:\/\/dana.com.br\/canaldana\/author\/cdeditor\/"}]}},"_links":{"self":[{"href":"https:\/\/dana.com.br\/canaldana\/wp-json\/wp\/v2\/posts\/35785","targetHints":{"allow":["GET"]}}],"collection":[{"href":"https:\/\/dana.com.br\/canaldana\/wp-json\/wp\/v2\/posts"}],"about":[{"href":"https:\/\/dana.com.br\/canaldana\/wp-json\/wp\/v2\/types\/post"}],"author":[{"embeddable":true,"href":"https:\/\/dana.com.br\/canaldana\/wp-json\/wp\/v2\/users\/3"}],"replies":[{"embeddable":true,"href":"https:\/\/dana.com.br\/canaldana\/wp-json\/wp\/v2\/comments?post=35785"}],"version-history":[{"count":0,"href":"https:\/\/dana.com.br\/canaldana\/wp-json\/wp\/v2\/posts\/35785\/revisions"}],"wp:attachment":[{"href":"https:\/\/dana.com.br\/canaldana\/wp-json\/wp\/v2\/media?parent=35785"}],"wp:term":[{"taxonomy":"category","embeddable":true,"href":"https:\/\/dana.com.br\/canaldana\/wp-json\/wp\/v2\/categories?post=35785"},{"taxonomy":"post_tag","embeddable":true,"href":"https:\/\/dana.com.br\/canaldana\/wp-json\/wp\/v2\/tags?post=35785"}],"curies":[{"name":"wp","href":"https:\/\/api.w.org\/{rel}","templated":true}]}}