{"id":35783,"date":"2019-07-16T08:13:57","date_gmt":"2019-07-16T11:13:57","guid":{"rendered":"https:\/\/dana.com.br\/canaldana\/?p=35783"},"modified":"2019-07-16T08:13:57","modified_gmt":"2019-07-16T11:13:57","slug":"aplicativo-do-transporte-publico-de-sao-bernardo-do-campo-e-destaque-no-premio-rei-2019","status":"publish","type":"post","link":"https:\/\/dana.com.br\/canaldana\/2019\/07\/16\/aplicativo-do-transporte-publico-de-sao-bernardo-do-campo-e-destaque-no-premio-rei-2019\/","title":{"rendered":"Aplicativo do transporte p\u00fablico de S\u00e3o Bernardo do Campo \u00e9 destaque no Pr\u00eamio Rei 2019"},"content":{"rendered":"<p><em>Di\u00e1rio do Transporte<\/em><\/p>\n<p>&nbsp;<\/p>\n<p>O aplicativo \u201cPartiuSBC\u201d, desenvolvido pela operadora de transportes SBCTrans, de S\u00e3o Bernardo do Campo, no ABC Paulista, foi um dos destaques da edi\u00e7\u00e3o 2019 do Pr\u00eamio REI, promovido pela Automotive Business.<\/p>\n<p>&nbsp;<\/p>\n<p>O Pr\u00eamio REI \u2013 Reconhecimento \u00e0 Excel\u00eancia e Inova\u00e7\u00e3o, elege as iniciativas mais importantes no setor automotivo e para a mobilidade no pa\u00eds.<\/p>\n<p>&nbsp;<\/p>\n<p>Desenvolvido e lan\u00e7ado no segundo semestre de 2017 pela SBCTrans, o aplicativo informa em tempo real, com dados atualizados a cada 15 segundos, a localiza\u00e7\u00e3o dos coletivos, as linhas, itiner\u00e1rios e a previs\u00e3o de passagem pelos pontos de cada uma dessas linhas.<\/p>\n<p>&nbsp;<\/p>\n<p>A ferramenta pode ser baixada e utilizada gratuitamente, em celulares dos sistemas Android e iOS,<\/p>\n<p>&nbsp;<\/p>\n<p>Segundo a diretora executiva da SBCTrans, Milena Braga, a indica\u00e7\u00e3o do \u201cPartiu SBC\u201d como finalista do Pr\u00eamio REI 2019 refor\u00e7a a import\u00e2ncia de se utilizar as mais modernas tecnologias para oferecer um servi\u00e7o de transporte cada vez mais eficiente, c\u00f4modo e seguro para o passageiro.<\/p>\n<p>&nbsp;<\/p>\n<p>\u201cEle representa um importante benef\u00edcio para toda a popula\u00e7\u00e3o e demonstra que um servi\u00e7o de elevado padr\u00e3o de qualidade pode transformar a percep\u00e7\u00e3o do usu\u00e1rio sobre o transporte p\u00fablico e permitir que se programe, facilitando a sua vida\u201d, disse Milena, em nota.<\/p>\n<p>&nbsp;<\/p>\n<p>A cerim\u00f4nia de entrega da 9\u00aa edi\u00e7\u00e3o do Pr\u00eamio REI foi realizada em uma sala de cinema no Shopping Cidade Jardim, em S\u00e3o Paulo.<\/p>\n<p>&nbsp;<\/p>\n<p><strong>Como funciona <\/strong><\/p>\n<p>&nbsp;<\/p>\n<p>O aplicativo PartiuSBC mostra previs\u00e3o de chegada do \u00f4nibus, os hor\u00e1rios de sa\u00edda dos ve\u00edculos nos terminais, as linhas que passam pelos pontos mais pr\u00f3ximos e, ao selecionar um local de origem e um de destino, explica como chegar de \u00f4nibus informando inclusive a necessidade de baldea\u00e7\u00e3o.<\/p>\n<p>&nbsp;<\/p>\n<p>Para baixar o aplicativo, \u00e9 preciso acessar as lojas da Google Play e Apple Store. (Di\u00e1rio do Transporte\/Jessica Marques)<\/p>\n","protected":false},"excerpt":{"rendered":"<p>Di\u00e1rio do Transporte &nbsp; O aplicativo \u201cPartiuSBC\u201d, desenvolvido pela operadora de transportes SBCTrans, de S\u00e3o Bernardo do Campo, no ABC Paulista, foi um dos destaques da edi\u00e7\u00e3o 2019 do Pr\u00eamio REI, promovido pela Automotive Business. &nbsp; O Pr\u00eamio REI \u2013 Reconhecimento \u00e0 Excel\u00eancia e Inova\u00e7\u00e3o, elege as iniciativas mais importantes no setor automotivo e para\u2026 <a class=\"readmore\" href=\"https:\/\/dana.com.br\/canaldana\/2019\/07\/16\/aplicativo-do-transporte-publico-de-sao-bernardo-do-campo-e-destaque-no-premio-rei-2019\/\">Leia mais \u00bb<\/a><\/p>\n","protected":false},"author":3,"featured_media":0,"comment_status":"closed","ping_status":"closed","sticky":false,"template":"","format":"standard","meta":{"_acf_changed":false,"footnotes":""},"categories":[74],"tags":[],"class_list":["post-35783","post","type-post","status-publish","format-standard","hentry","category-premios"],"acf":[],"yoast_head":"<!-- This site is optimized with the Yoast SEO plugin v27.3 - https:\/\/yoast.com\/product\/yoast-seo-wordpress\/ -->\n<title>Aplicativo do transporte p\u00fablico de S\u00e3o Bernardo do Campo \u00e9 destaque no Pr\u00eamio Rei 2019 - Canal Dana<\/title>\n<meta name=\"robots\" content=\"index, follow, max-snippet:-1, max-image-preview:large, max-video-preview:-1\" \/>\n<link rel=\"canonical\" href=\"https:\/\/dana.com.br\/canaldana\/2019\/07\/16\/aplicativo-do-transporte-publico-de-sao-bernardo-do-campo-e-destaque-no-premio-rei-2019\/\" \/>\n<meta property=\"og:locale\" content=\"pt_BR\" \/>\n<meta property=\"og:type\" content=\"article\" \/>\n<meta property=\"og:title\" content=\"Aplicativo do transporte p\u00fablico de S\u00e3o Bernardo do Campo \u00e9 destaque no Pr\u00eamio Rei 2019 - Canal Dana\" \/>\n<meta property=\"og:description\" content=\"Di\u00e1rio do Transporte &nbsp; O aplicativo \u201cPartiuSBC\u201d, desenvolvido pela operadora de transportes SBCTrans, de S\u00e3o Bernardo do Campo, no ABC Paulista, foi um dos destaques da edi\u00e7\u00e3o 2019 do Pr\u00eamio REI, promovido pela Automotive Business. &nbsp; O Pr\u00eamio REI \u2013 Reconhecimento \u00e0 Excel\u00eancia e Inova\u00e7\u00e3o, elege as iniciativas mais importantes no setor automotivo e para\u2026 Leia mais \u00bb\" \/>\n<meta property=\"og:url\" content=\"https:\/\/dana.com.br\/canaldana\/2019\/07\/16\/aplicativo-do-transporte-publico-de-sao-bernardo-do-campo-e-destaque-no-premio-rei-2019\/\" \/>\n<meta property=\"og:site_name\" content=\"Canal Dana\" \/>\n<meta property=\"article:published_time\" content=\"2019-07-16T11:13:57+00:00\" \/>\n<meta name=\"author\" content=\"Canal Dana\" \/>\n<meta name=\"twitter:card\" content=\"summary_large_image\" \/>\n<meta name=\"twitter:label1\" content=\"Escrito por\" \/>\n\t<meta name=\"twitter:data1\" content=\"Canal Dana\" \/>\n\t<meta name=\"twitter:label2\" content=\"Est. tempo de leitura\" \/>\n\t<meta name=\"twitter:data2\" content=\"2 minutos\" \/>\n<script type=\"application\/ld+json\" class=\"yoast-schema-graph\">{\"@context\":\"https:\\\/\\\/schema.org\",\"@graph\":[{\"@type\":\"Article\",\"@id\":\"https:\\\/\\\/dana.com.br\\\/canaldana\\\/2019\\\/07\\\/16\\\/aplicativo-do-transporte-publico-de-sao-bernardo-do-campo-e-destaque-no-premio-rei-2019\\\/#article\",\"isPartOf\":{\"@id\":\"https:\\\/\\\/dana.com.br\\\/canaldana\\\/2019\\\/07\\\/16\\\/aplicativo-do-transporte-publico-de-sao-bernardo-do-campo-e-destaque-no-premio-rei-2019\\\/\"},\"author\":{\"name\":\"Canal Dana\",\"@id\":\"https:\\\/\\\/dana.com.br\\\/canaldana\\\/#\\\/schema\\\/person\\\/3c21f22f56fcf3bc46b94bc60ea4fef6\"},\"headline\":\"Aplicativo do transporte p\u00fablico de S\u00e3o Bernardo do Campo \u00e9 destaque no Pr\u00eamio Rei 2019\",\"datePublished\":\"2019-07-16T11:13:57+00:00\",\"mainEntityOfPage\":{\"@id\":\"https:\\\/\\\/dana.com.br\\\/canaldana\\\/2019\\\/07\\\/16\\\/aplicativo-do-transporte-publico-de-sao-bernardo-do-campo-e-destaque-no-premio-rei-2019\\\/\"},\"wordCount\":348,\"articleSection\":[\"Pr\u00eamios\"],\"inLanguage\":\"pt-BR\"},{\"@type\":\"WebPage\",\"@id\":\"https:\\\/\\\/dana.com.br\\\/canaldana\\\/2019\\\/07\\\/16\\\/aplicativo-do-transporte-publico-de-sao-bernardo-do-campo-e-destaque-no-premio-rei-2019\\\/\",\"url\":\"https:\\\/\\\/dana.com.br\\\/canaldana\\\/2019\\\/07\\\/16\\\/aplicativo-do-transporte-publico-de-sao-bernardo-do-campo-e-destaque-no-premio-rei-2019\\\/\",\"name\":\"Aplicativo do transporte p\u00fablico de S\u00e3o Bernardo do Campo \u00e9 destaque no Pr\u00eamio Rei 2019 - Canal Dana\",\"isPartOf\":{\"@id\":\"https:\\\/\\\/dana.com.br\\\/canaldana\\\/#website\"},\"datePublished\":\"2019-07-16T11:13:57+00:00\",\"author\":{\"@id\":\"https:\\\/\\\/dana.com.br\\\/canaldana\\\/#\\\/schema\\\/person\\\/3c21f22f56fcf3bc46b94bc60ea4fef6\"},\"breadcrumb\":{\"@id\":\"https:\\\/\\\/dana.com.br\\\/canaldana\\\/2019\\\/07\\\/16\\\/aplicativo-do-transporte-publico-de-sao-bernardo-do-campo-e-destaque-no-premio-rei-2019\\\/#breadcrumb\"},\"inLanguage\":\"pt-BR\",\"potentialAction\":[{\"@type\":\"ReadAction\",\"target\":[\"https:\\\/\\\/dana.com.br\\\/canaldana\\\/2019\\\/07\\\/16\\\/aplicativo-do-transporte-publico-de-sao-bernardo-do-campo-e-destaque-no-premio-rei-2019\\\/\"]}]},{\"@type\":\"BreadcrumbList\",\"@id\":\"https:\\\/\\\/dana.com.br\\\/canaldana\\\/2019\\\/07\\\/16\\\/aplicativo-do-transporte-publico-de-sao-bernardo-do-campo-e-destaque-no-premio-rei-2019\\\/#breadcrumb\",\"itemListElement\":[{\"@type\":\"ListItem\",\"position\":1,\"name\":\"Home\",\"item\":\"https:\\\/\\\/dana.com.br\\\/canaldana\\\/\"},{\"@type\":\"ListItem\",\"position\":2,\"name\":\"Pr\u00eamios\",\"item\":\"https:\\\/\\\/dana.com.br\\\/canaldana\\\/premios\\\/\"},{\"@type\":\"ListItem\",\"position\":3,\"name\":\"Aplicativo do transporte p\u00fablico de S\u00e3o Bernardo do Campo \u00e9 destaque no Pr\u00eamio Rei 2019\"}]},{\"@type\":\"WebSite\",\"@id\":\"https:\\\/\\\/dana.com.br\\\/canaldana\\\/#website\",\"url\":\"https:\\\/\\\/dana.com.br\\\/canaldana\\\/\",\"name\":\"Canal Dana\",\"description\":\"Informativo com as principais not\u00edcias da ind\u00fastria automotiva\",\"potentialAction\":[{\"@type\":\"SearchAction\",\"target\":{\"@type\":\"EntryPoint\",\"urlTemplate\":\"https:\\\/\\\/dana.com.br\\\/canaldana\\\/?s={search_term_string}\"},\"query-input\":{\"@type\":\"PropertyValueSpecification\",\"valueRequired\":true,\"valueName\":\"search_term_string\"}}],\"inLanguage\":\"pt-BR\"},{\"@type\":\"Person\",\"@id\":\"https:\\\/\\\/dana.com.br\\\/canaldana\\\/#\\\/schema\\\/person\\\/3c21f22f56fcf3bc46b94bc60ea4fef6\",\"name\":\"Canal Dana\",\"image\":{\"@type\":\"ImageObject\",\"inLanguage\":\"pt-BR\",\"@id\":\"https:\\\/\\\/secure.gravatar.com\\\/avatar\\\/420aaf9278582877d9018637c6817617705899d2858d7572ef0fe59a6b6454b4?s=96&d=mm&r=g\",\"url\":\"https:\\\/\\\/secure.gravatar.com\\\/avatar\\\/420aaf9278582877d9018637c6817617705899d2858d7572ef0fe59a6b6454b4?s=96&d=mm&r=g\",\"contentUrl\":\"https:\\\/\\\/secure.gravatar.com\\\/avatar\\\/420aaf9278582877d9018637c6817617705899d2858d7572ef0fe59a6b6454b4?s=96&d=mm&r=g\",\"caption\":\"Canal Dana\"},\"url\":\"https:\\\/\\\/dana.com.br\\\/canaldana\\\/author\\\/cdeditor\\\/\"}]}<\/script>\n<!-- \/ Yoast SEO plugin. -->","yoast_head_json":{"title":"Aplicativo do transporte p\u00fablico de S\u00e3o Bernardo do Campo \u00e9 destaque no Pr\u00eamio Rei 2019 - Canal Dana","robots":{"index":"index","follow":"follow","max-snippet":"max-snippet:-1","max-image-preview":"max-image-preview:large","max-video-preview":"max-video-preview:-1"},"canonical":"https:\/\/dana.com.br\/canaldana\/2019\/07\/16\/aplicativo-do-transporte-publico-de-sao-bernardo-do-campo-e-destaque-no-premio-rei-2019\/","og_locale":"pt_BR","og_type":"article","og_title":"Aplicativo do transporte p\u00fablico de S\u00e3o Bernardo do Campo \u00e9 destaque no Pr\u00eamio Rei 2019 - Canal Dana","og_description":"Di\u00e1rio do Transporte &nbsp; O aplicativo \u201cPartiuSBC\u201d, desenvolvido pela operadora de transportes SBCTrans, de S\u00e3o Bernardo do Campo, no ABC Paulista, foi um dos destaques da edi\u00e7\u00e3o 2019 do Pr\u00eamio REI, promovido pela Automotive Business. &nbsp; O Pr\u00eamio REI \u2013 Reconhecimento \u00e0 Excel\u00eancia e Inova\u00e7\u00e3o, elege as iniciativas mais importantes no setor automotivo e para\u2026 Leia mais \u00bb","og_url":"https:\/\/dana.com.br\/canaldana\/2019\/07\/16\/aplicativo-do-transporte-publico-de-sao-bernardo-do-campo-e-destaque-no-premio-rei-2019\/","og_site_name":"Canal Dana","article_published_time":"2019-07-16T11:13:57+00:00","author":"Canal Dana","twitter_card":"summary_large_image","twitter_misc":{"Escrito por":"Canal Dana","Est. tempo de leitura":"2 minutos"},"schema":{"@context":"https:\/\/schema.org","@graph":[{"@type":"Article","@id":"https:\/\/dana.com.br\/canaldana\/2019\/07\/16\/aplicativo-do-transporte-publico-de-sao-bernardo-do-campo-e-destaque-no-premio-rei-2019\/#article","isPartOf":{"@id":"https:\/\/dana.com.br\/canaldana\/2019\/07\/16\/aplicativo-do-transporte-publico-de-sao-bernardo-do-campo-e-destaque-no-premio-rei-2019\/"},"author":{"name":"Canal Dana","@id":"https:\/\/dana.com.br\/canaldana\/#\/schema\/person\/3c21f22f56fcf3bc46b94bc60ea4fef6"},"headline":"Aplicativo do transporte p\u00fablico de S\u00e3o Bernardo do Campo \u00e9 destaque no Pr\u00eamio Rei 2019","datePublished":"2019-07-16T11:13:57+00:00","mainEntityOfPage":{"@id":"https:\/\/dana.com.br\/canaldana\/2019\/07\/16\/aplicativo-do-transporte-publico-de-sao-bernardo-do-campo-e-destaque-no-premio-rei-2019\/"},"wordCount":348,"articleSection":["Pr\u00eamios"],"inLanguage":"pt-BR"},{"@type":"WebPage","@id":"https:\/\/dana.com.br\/canaldana\/2019\/07\/16\/aplicativo-do-transporte-publico-de-sao-bernardo-do-campo-e-destaque-no-premio-rei-2019\/","url":"https:\/\/dana.com.br\/canaldana\/2019\/07\/16\/aplicativo-do-transporte-publico-de-sao-bernardo-do-campo-e-destaque-no-premio-rei-2019\/","name":"Aplicativo do transporte p\u00fablico de S\u00e3o Bernardo do Campo \u00e9 destaque no Pr\u00eamio Rei 2019 - Canal Dana","isPartOf":{"@id":"https:\/\/dana.com.br\/canaldana\/#website"},"datePublished":"2019-07-16T11:13:57+00:00","author":{"@id":"https:\/\/dana.com.br\/canaldana\/#\/schema\/person\/3c21f22f56fcf3bc46b94bc60ea4fef6"},"breadcrumb":{"@id":"https:\/\/dana.com.br\/canaldana\/2019\/07\/16\/aplicativo-do-transporte-publico-de-sao-bernardo-do-campo-e-destaque-no-premio-rei-2019\/#breadcrumb"},"inLanguage":"pt-BR","potentialAction":[{"@type":"ReadAction","target":["https:\/\/dana.com.br\/canaldana\/2019\/07\/16\/aplicativo-do-transporte-publico-de-sao-bernardo-do-campo-e-destaque-no-premio-rei-2019\/"]}]},{"@type":"BreadcrumbList","@id":"https:\/\/dana.com.br\/canaldana\/2019\/07\/16\/aplicativo-do-transporte-publico-de-sao-bernardo-do-campo-e-destaque-no-premio-rei-2019\/#breadcrumb","itemListElement":[{"@type":"ListItem","position":1,"name":"Home","item":"https:\/\/dana.com.br\/canaldana\/"},{"@type":"ListItem","position":2,"name":"Pr\u00eamios","item":"https:\/\/dana.com.br\/canaldana\/premios\/"},{"@type":"ListItem","position":3,"name":"Aplicativo do transporte p\u00fablico de S\u00e3o Bernardo do Campo \u00e9 destaque no Pr\u00eamio Rei 2019"}]},{"@type":"WebSite","@id":"https:\/\/dana.com.br\/canaldana\/#website","url":"https:\/\/dana.com.br\/canaldana\/","name":"Canal Dana","description":"Informativo com as principais not\u00edcias da ind\u00fastria automotiva","potentialAction":[{"@type":"SearchAction","target":{"@type":"EntryPoint","urlTemplate":"https:\/\/dana.com.br\/canaldana\/?s={search_term_string}"},"query-input":{"@type":"PropertyValueSpecification","valueRequired":true,"valueName":"search_term_string"}}],"inLanguage":"pt-BR"},{"@type":"Person","@id":"https:\/\/dana.com.br\/canaldana\/#\/schema\/person\/3c21f22f56fcf3bc46b94bc60ea4fef6","name":"Canal Dana","image":{"@type":"ImageObject","inLanguage":"pt-BR","@id":"https:\/\/secure.gravatar.com\/avatar\/420aaf9278582877d9018637c6817617705899d2858d7572ef0fe59a6b6454b4?s=96&d=mm&r=g","url":"https:\/\/secure.gravatar.com\/avatar\/420aaf9278582877d9018637c6817617705899d2858d7572ef0fe59a6b6454b4?s=96&d=mm&r=g","contentUrl":"https:\/\/secure.gravatar.com\/avatar\/420aaf9278582877d9018637c6817617705899d2858d7572ef0fe59a6b6454b4?s=96&d=mm&r=g","caption":"Canal Dana"},"url":"https:\/\/dana.com.br\/canaldana\/author\/cdeditor\/"}]}},"_links":{"self":[{"href":"https:\/\/dana.com.br\/canaldana\/wp-json\/wp\/v2\/posts\/35783","targetHints":{"allow":["GET"]}}],"collection":[{"href":"https:\/\/dana.com.br\/canaldana\/wp-json\/wp\/v2\/posts"}],"about":[{"href":"https:\/\/dana.com.br\/canaldana\/wp-json\/wp\/v2\/types\/post"}],"author":[{"embeddable":true,"href":"https:\/\/dana.com.br\/canaldana\/wp-json\/wp\/v2\/users\/3"}],"replies":[{"embeddable":true,"href":"https:\/\/dana.com.br\/canaldana\/wp-json\/wp\/v2\/comments?post=35783"}],"version-history":[{"count":0,"href":"https:\/\/dana.com.br\/canaldana\/wp-json\/wp\/v2\/posts\/35783\/revisions"}],"wp:attachment":[{"href":"https:\/\/dana.com.br\/canaldana\/wp-json\/wp\/v2\/media?parent=35783"}],"wp:term":[{"taxonomy":"category","embeddable":true,"href":"https:\/\/dana.com.br\/canaldana\/wp-json\/wp\/v2\/categories?post=35783"},{"taxonomy":"post_tag","embeddable":true,"href":"https:\/\/dana.com.br\/canaldana\/wp-json\/wp\/v2\/tags?post=35783"}],"curies":[{"name":"wp","href":"https:\/\/api.w.org\/{rel}","templated":true}]}}