{"id":35781,"date":"2019-07-16T08:13:23","date_gmt":"2019-07-16T11:13:23","guid":{"rendered":"https:\/\/dana.com.br\/canaldana\/?p=35781"},"modified":"2019-07-16T08:13:23","modified_gmt":"2019-07-16T11:13:23","slug":"enquanto-a-economia-respira","status":"publish","type":"post","link":"https:\/\/dana.com.br\/canaldana\/2019\/07\/16\/enquanto-a-economia-respira\/","title":{"rendered":"Enquanto a economia respira"},"content":{"rendered":"<p><em>O Estado de S. Paulo<\/em><\/p>\n<p>&nbsp;<\/p>\n<p>O Brasil respira, reage e poder\u00e1 melhorar: \u00e9 esta a leitura mais animadora do resultado de maio \u2013 aumento mensal de 0,54% \u2013 do \u00cdndice de Atividade Econ\u00f4mica do Banco Central (IBC-Br). A novidade chama a aten\u00e7\u00e3o, num cen\u00e1rio dominado por m\u00e1s not\u00edcias da produ\u00e7\u00e3o industrial, do consumo e do mercado de emprego, ilustradas por filas de trabalhadores em busca de vagas. Depois de quatro meses em queda, o indicador do BC apresentou a primeira alta no governo do presidente Jair Bolsonaro. Analistas do mercado haviam previsto a rea\u00e7\u00e3o, um repique depois do n\u00edvel muito baixo atingido em abril. Mesmo com esse repique, no entanto, o IBC-Br continuou abaixo do patamar, j\u00e1 muito modesto, de dezembro do ano passado.<\/p>\n<p>&nbsp;<\/p>\n<p>Embora impreciso, o indicador do BC, calculado e revisto a cada m\u00eas, \u00e9 considerado uma pr\u00e9via do Produto Interno Bruto (PIB), divulgado trimestralmente pelo Instituto Brasileiro de Geografia e Estat\u00edstica (IBGE). Serve basicamente para apontar a tend\u00eancia do PIB.<\/p>\n<p>&nbsp;<\/p>\n<p>A indica\u00e7\u00e3o, por enquanto, \u00e9 de expans\u00e3o muito modesta. Apesar do aumento mensal de 0,54%, a m\u00e9dia do trimestre m\u00f3vel encerrado em maio foi 0,99% inferior \u00e0 dos tr\u00eas meses at\u00e9 fevereiro. A compara\u00e7\u00e3o com a atividade de um ano antes mostrou avan\u00e7o de 4,40%. Mas isso se explica pelos danos<\/p>\n<p>&nbsp;<\/p>\n<p>decorrentes do bloqueio de rodovias no fim de maio de 2018. A base, portanto, \u00e9 muito baixa. O confronto dos cinco primeiros meses deste ano com os do ano passado mostra um ganho de 0,94%. Em 12 meses houve aumento de 1,31%, dificilmente sustent\u00e1vel at\u00e9 dezembro, segundo as proje\u00e7\u00f5es correntes.<\/p>\n<p>&nbsp;<\/p>\n<p>O IBC-Br, com base informativa mais estreita que a do PIB, \u00e9 publicado sem detalhes sobre o desempenho de cada setor. Os dados setoriais de maio calculados pelo IBGE e conhecidos at\u00e9 agora s\u00e3o muito fracos. A produ\u00e7\u00e3o industrial foi 0,2% menor que a de abril, o volume de servi\u00e7os ficou estagnado, com varia\u00e7\u00e3o zero, e o varejo ampliado (com inclus\u00e3o de ve\u00edculos, seus componentes e material de constru\u00e7\u00e3o) cresceu 0,2%. N\u00e3o sa\u00edram dados da evolu\u00e7\u00e3o da agropecu\u00e1ria nem dos investimentos em m\u00e1quinas, equipamentos e obras.<\/p>\n<p>&nbsp;<\/p>\n<p>Com base em n\u00fameros conhecidos e nas expectativas setoriais, economistas do mercado financeiro e das grandes consultorias projetam, como mediana, expans\u00e3o de apenas 0,81% para o PIB em 2019. Esse n\u00famero foi divulgado ontem pelo BC, como parte do boletim Focus, baseado em pesquisa semanal. A proje\u00e7\u00e3o diminuiu pela 20.\u00aa semana consecutiva. Tamb\u00e9m o crescimento estimado para 2020 foi reduzido, desta vez de 2,20% para 2,10%.<\/p>\n<p>&nbsp;<\/p>\n<p>O governo tamb\u00e9m tem baixado sua expectativa. O avan\u00e7o econ\u00f4mico em 2019 foi inicialmente estimado em 2,5% pelo Minist\u00e9rio da Economia. A estimativa passou na primeira revis\u00e3o para 1,60% e caiu na semana passada para 0,81%, empatando com a mediana dos c\u00e1lculos do mercado. Para o pr\u00f3ximo ano a proje\u00e7\u00e3o oficial recuou de 2,5% para 2,2%.<\/p>\n<p>&nbsp;<\/p>\n<p>Se os n\u00fameros projetados para este ano estiverem certos, o crescimento da economia brasileira ser\u00e1 o menor desde 2017, quando o Pa\u00eds saiu da recess\u00e3o. O PIB cresceu 1,1% naquele ano e esse resultado se repetiu em 2018, quando a atividade j\u00e1 come\u00e7ou a se enfraquecer. A paralisa\u00e7\u00e3o do transporte rodovi\u00e1rio em maio, com efeitos imediatos e no m\u00eas seguinte, foi apenas um dos entraves \u00e0 expans\u00e3o dos neg\u00f3cios e do emprego. A incerteza quanto \u00e0 economia permaneceu depois da elei\u00e7\u00e3o presidencial, embora empres\u00e1rios tenham expressado a expectativa de melhoras.<\/p>\n<p>&nbsp;<\/p>\n<p>A inseguran\u00e7a continuou nos primeiros meses do novo governo e o desemprego permaneceu acima de 12% da for\u00e7a de trabalho. H\u00e1 quem fale em retomada do investimento empresarial depois de aprovada a reforma da Previd\u00eancia.<\/p>\n<p>&nbsp;<\/p>\n<p>Falta explicar por que um industrial investir\u00e1, se a sua empresa ainda operar com ampla ociosidade. At\u00e9 agora, nenhum est\u00edmulo r\u00e1pido foi decidido pelo governo. Enquanto nada se faz, milh\u00f5es de desempregados sobrevivem com enorme dificuldade. Isso parece pouco importar ao presidente Bolsonaro e \u00e0 sua equipe. (O Estado de S. Paulo)<\/p>\n","protected":false},"excerpt":{"rendered":"<p>O Estado de S. Paulo &nbsp; O Brasil respira, reage e poder\u00e1 melhorar: \u00e9 esta a leitura mais animadora do resultado de maio \u2013 aumento mensal de 0,54% \u2013 do \u00cdndice de Atividade Econ\u00f4mica do Banco Central (IBC-Br). A novidade chama a aten\u00e7\u00e3o, num cen\u00e1rio dominado por m\u00e1s not\u00edcias da produ\u00e7\u00e3o industrial, do consumo e\u2026 <a class=\"readmore\" href=\"https:\/\/dana.com.br\/canaldana\/2019\/07\/16\/enquanto-a-economia-respira\/\">Leia mais \u00bb<\/a><\/p>\n","protected":false},"author":3,"featured_media":0,"comment_status":"closed","ping_status":"closed","sticky":false,"template":"","format":"standard","meta":{"_acf_changed":false,"footnotes":""},"categories":[100],"tags":[],"class_list":["post-35781","post","type-post","status-publish","format-standard","hentry","category-artigo"],"acf":[],"yoast_head":"<!-- This site is optimized with the Yoast SEO plugin v27.3 - https:\/\/yoast.com\/product\/yoast-seo-wordpress\/ -->\n<title>Enquanto a economia respira - Canal Dana<\/title>\n<meta name=\"robots\" content=\"index, follow, max-snippet:-1, max-image-preview:large, max-video-preview:-1\" \/>\n<link rel=\"canonical\" href=\"https:\/\/dana.com.br\/canaldana\/2019\/07\/16\/enquanto-a-economia-respira\/\" \/>\n<meta property=\"og:locale\" content=\"pt_BR\" \/>\n<meta property=\"og:type\" content=\"article\" \/>\n<meta property=\"og:title\" content=\"Enquanto a economia respira - Canal Dana\" \/>\n<meta property=\"og:description\" content=\"O Estado de S. Paulo &nbsp; O Brasil respira, reage e poder\u00e1 melhorar: \u00e9 esta a leitura mais animadora do resultado de maio \u2013 aumento mensal de 0,54% \u2013 do \u00cdndice de Atividade Econ\u00f4mica do Banco Central (IBC-Br). A novidade chama a aten\u00e7\u00e3o, num cen\u00e1rio dominado por m\u00e1s not\u00edcias da produ\u00e7\u00e3o industrial, do consumo e\u2026 Leia mais \u00bb\" \/>\n<meta property=\"og:url\" content=\"https:\/\/dana.com.br\/canaldana\/2019\/07\/16\/enquanto-a-economia-respira\/\" \/>\n<meta property=\"og:site_name\" content=\"Canal Dana\" \/>\n<meta property=\"article:published_time\" content=\"2019-07-16T11:13:23+00:00\" \/>\n<meta name=\"author\" content=\"Canal Dana\" \/>\n<meta name=\"twitter:card\" content=\"summary_large_image\" \/>\n<meta name=\"twitter:label1\" content=\"Escrito por\" \/>\n\t<meta name=\"twitter:data1\" content=\"Canal Dana\" \/>\n\t<meta name=\"twitter:label2\" content=\"Est. tempo de leitura\" \/>\n\t<meta name=\"twitter:data2\" content=\"3 minutos\" \/>\n<script type=\"application\/ld+json\" class=\"yoast-schema-graph\">{\"@context\":\"https:\\\/\\\/schema.org\",\"@graph\":[{\"@type\":\"Article\",\"@id\":\"https:\\\/\\\/dana.com.br\\\/canaldana\\\/2019\\\/07\\\/16\\\/enquanto-a-economia-respira\\\/#article\",\"isPartOf\":{\"@id\":\"https:\\\/\\\/dana.com.br\\\/canaldana\\\/2019\\\/07\\\/16\\\/enquanto-a-economia-respira\\\/\"},\"author\":{\"name\":\"Canal Dana\",\"@id\":\"https:\\\/\\\/dana.com.br\\\/canaldana\\\/#\\\/schema\\\/person\\\/3c21f22f56fcf3bc46b94bc60ea4fef6\"},\"headline\":\"Enquanto a economia respira\",\"datePublished\":\"2019-07-16T11:13:23+00:00\",\"mainEntityOfPage\":{\"@id\":\"https:\\\/\\\/dana.com.br\\\/canaldana\\\/2019\\\/07\\\/16\\\/enquanto-a-economia-respira\\\/\"},\"wordCount\":689,\"articleSection\":[\"Artigo\"],\"inLanguage\":\"pt-BR\"},{\"@type\":\"WebPage\",\"@id\":\"https:\\\/\\\/dana.com.br\\\/canaldana\\\/2019\\\/07\\\/16\\\/enquanto-a-economia-respira\\\/\",\"url\":\"https:\\\/\\\/dana.com.br\\\/canaldana\\\/2019\\\/07\\\/16\\\/enquanto-a-economia-respira\\\/\",\"name\":\"Enquanto a economia respira - Canal Dana\",\"isPartOf\":{\"@id\":\"https:\\\/\\\/dana.com.br\\\/canaldana\\\/#website\"},\"datePublished\":\"2019-07-16T11:13:23+00:00\",\"author\":{\"@id\":\"https:\\\/\\\/dana.com.br\\\/canaldana\\\/#\\\/schema\\\/person\\\/3c21f22f56fcf3bc46b94bc60ea4fef6\"},\"breadcrumb\":{\"@id\":\"https:\\\/\\\/dana.com.br\\\/canaldana\\\/2019\\\/07\\\/16\\\/enquanto-a-economia-respira\\\/#breadcrumb\"},\"inLanguage\":\"pt-BR\",\"potentialAction\":[{\"@type\":\"ReadAction\",\"target\":[\"https:\\\/\\\/dana.com.br\\\/canaldana\\\/2019\\\/07\\\/16\\\/enquanto-a-economia-respira\\\/\"]}]},{\"@type\":\"BreadcrumbList\",\"@id\":\"https:\\\/\\\/dana.com.br\\\/canaldana\\\/2019\\\/07\\\/16\\\/enquanto-a-economia-respira\\\/#breadcrumb\",\"itemListElement\":[{\"@type\":\"ListItem\",\"position\":1,\"name\":\"Home\",\"item\":\"https:\\\/\\\/dana.com.br\\\/canaldana\\\/\"},{\"@type\":\"ListItem\",\"position\":2,\"name\":\"Artigo\",\"item\":\"https:\\\/\\\/dana.com.br\\\/canaldana\\\/artigo\\\/\"},{\"@type\":\"ListItem\",\"position\":3,\"name\":\"Enquanto a economia respira\"}]},{\"@type\":\"WebSite\",\"@id\":\"https:\\\/\\\/dana.com.br\\\/canaldana\\\/#website\",\"url\":\"https:\\\/\\\/dana.com.br\\\/canaldana\\\/\",\"name\":\"Canal Dana\",\"description\":\"Informativo com as principais not\u00edcias da ind\u00fastria automotiva\",\"potentialAction\":[{\"@type\":\"SearchAction\",\"target\":{\"@type\":\"EntryPoint\",\"urlTemplate\":\"https:\\\/\\\/dana.com.br\\\/canaldana\\\/?s={search_term_string}\"},\"query-input\":{\"@type\":\"PropertyValueSpecification\",\"valueRequired\":true,\"valueName\":\"search_term_string\"}}],\"inLanguage\":\"pt-BR\"},{\"@type\":\"Person\",\"@id\":\"https:\\\/\\\/dana.com.br\\\/canaldana\\\/#\\\/schema\\\/person\\\/3c21f22f56fcf3bc46b94bc60ea4fef6\",\"name\":\"Canal Dana\",\"image\":{\"@type\":\"ImageObject\",\"inLanguage\":\"pt-BR\",\"@id\":\"https:\\\/\\\/secure.gravatar.com\\\/avatar\\\/420aaf9278582877d9018637c6817617705899d2858d7572ef0fe59a6b6454b4?s=96&d=mm&r=g\",\"url\":\"https:\\\/\\\/secure.gravatar.com\\\/avatar\\\/420aaf9278582877d9018637c6817617705899d2858d7572ef0fe59a6b6454b4?s=96&d=mm&r=g\",\"contentUrl\":\"https:\\\/\\\/secure.gravatar.com\\\/avatar\\\/420aaf9278582877d9018637c6817617705899d2858d7572ef0fe59a6b6454b4?s=96&d=mm&r=g\",\"caption\":\"Canal Dana\"},\"url\":\"https:\\\/\\\/dana.com.br\\\/canaldana\\\/author\\\/cdeditor\\\/\"}]}<\/script>\n<!-- \/ Yoast SEO plugin. -->","yoast_head_json":{"title":"Enquanto a economia respira - Canal Dana","robots":{"index":"index","follow":"follow","max-snippet":"max-snippet:-1","max-image-preview":"max-image-preview:large","max-video-preview":"max-video-preview:-1"},"canonical":"https:\/\/dana.com.br\/canaldana\/2019\/07\/16\/enquanto-a-economia-respira\/","og_locale":"pt_BR","og_type":"article","og_title":"Enquanto a economia respira - Canal Dana","og_description":"O Estado de S. Paulo &nbsp; O Brasil respira, reage e poder\u00e1 melhorar: \u00e9 esta a leitura mais animadora do resultado de maio \u2013 aumento mensal de 0,54% \u2013 do \u00cdndice de Atividade Econ\u00f4mica do Banco Central (IBC-Br). A novidade chama a aten\u00e7\u00e3o, num cen\u00e1rio dominado por m\u00e1s not\u00edcias da produ\u00e7\u00e3o industrial, do consumo e\u2026 Leia mais \u00bb","og_url":"https:\/\/dana.com.br\/canaldana\/2019\/07\/16\/enquanto-a-economia-respira\/","og_site_name":"Canal Dana","article_published_time":"2019-07-16T11:13:23+00:00","author":"Canal Dana","twitter_card":"summary_large_image","twitter_misc":{"Escrito por":"Canal Dana","Est. tempo de leitura":"3 minutos"},"schema":{"@context":"https:\/\/schema.org","@graph":[{"@type":"Article","@id":"https:\/\/dana.com.br\/canaldana\/2019\/07\/16\/enquanto-a-economia-respira\/#article","isPartOf":{"@id":"https:\/\/dana.com.br\/canaldana\/2019\/07\/16\/enquanto-a-economia-respira\/"},"author":{"name":"Canal Dana","@id":"https:\/\/dana.com.br\/canaldana\/#\/schema\/person\/3c21f22f56fcf3bc46b94bc60ea4fef6"},"headline":"Enquanto a economia respira","datePublished":"2019-07-16T11:13:23+00:00","mainEntityOfPage":{"@id":"https:\/\/dana.com.br\/canaldana\/2019\/07\/16\/enquanto-a-economia-respira\/"},"wordCount":689,"articleSection":["Artigo"],"inLanguage":"pt-BR"},{"@type":"WebPage","@id":"https:\/\/dana.com.br\/canaldana\/2019\/07\/16\/enquanto-a-economia-respira\/","url":"https:\/\/dana.com.br\/canaldana\/2019\/07\/16\/enquanto-a-economia-respira\/","name":"Enquanto a economia respira - Canal Dana","isPartOf":{"@id":"https:\/\/dana.com.br\/canaldana\/#website"},"datePublished":"2019-07-16T11:13:23+00:00","author":{"@id":"https:\/\/dana.com.br\/canaldana\/#\/schema\/person\/3c21f22f56fcf3bc46b94bc60ea4fef6"},"breadcrumb":{"@id":"https:\/\/dana.com.br\/canaldana\/2019\/07\/16\/enquanto-a-economia-respira\/#breadcrumb"},"inLanguage":"pt-BR","potentialAction":[{"@type":"ReadAction","target":["https:\/\/dana.com.br\/canaldana\/2019\/07\/16\/enquanto-a-economia-respira\/"]}]},{"@type":"BreadcrumbList","@id":"https:\/\/dana.com.br\/canaldana\/2019\/07\/16\/enquanto-a-economia-respira\/#breadcrumb","itemListElement":[{"@type":"ListItem","position":1,"name":"Home","item":"https:\/\/dana.com.br\/canaldana\/"},{"@type":"ListItem","position":2,"name":"Artigo","item":"https:\/\/dana.com.br\/canaldana\/artigo\/"},{"@type":"ListItem","position":3,"name":"Enquanto a economia respira"}]},{"@type":"WebSite","@id":"https:\/\/dana.com.br\/canaldana\/#website","url":"https:\/\/dana.com.br\/canaldana\/","name":"Canal Dana","description":"Informativo com as principais not\u00edcias da ind\u00fastria automotiva","potentialAction":[{"@type":"SearchAction","target":{"@type":"EntryPoint","urlTemplate":"https:\/\/dana.com.br\/canaldana\/?s={search_term_string}"},"query-input":{"@type":"PropertyValueSpecification","valueRequired":true,"valueName":"search_term_string"}}],"inLanguage":"pt-BR"},{"@type":"Person","@id":"https:\/\/dana.com.br\/canaldana\/#\/schema\/person\/3c21f22f56fcf3bc46b94bc60ea4fef6","name":"Canal Dana","image":{"@type":"ImageObject","inLanguage":"pt-BR","@id":"https:\/\/secure.gravatar.com\/avatar\/420aaf9278582877d9018637c6817617705899d2858d7572ef0fe59a6b6454b4?s=96&d=mm&r=g","url":"https:\/\/secure.gravatar.com\/avatar\/420aaf9278582877d9018637c6817617705899d2858d7572ef0fe59a6b6454b4?s=96&d=mm&r=g","contentUrl":"https:\/\/secure.gravatar.com\/avatar\/420aaf9278582877d9018637c6817617705899d2858d7572ef0fe59a6b6454b4?s=96&d=mm&r=g","caption":"Canal Dana"},"url":"https:\/\/dana.com.br\/canaldana\/author\/cdeditor\/"}]}},"_links":{"self":[{"href":"https:\/\/dana.com.br\/canaldana\/wp-json\/wp\/v2\/posts\/35781","targetHints":{"allow":["GET"]}}],"collection":[{"href":"https:\/\/dana.com.br\/canaldana\/wp-json\/wp\/v2\/posts"}],"about":[{"href":"https:\/\/dana.com.br\/canaldana\/wp-json\/wp\/v2\/types\/post"}],"author":[{"embeddable":true,"href":"https:\/\/dana.com.br\/canaldana\/wp-json\/wp\/v2\/users\/3"}],"replies":[{"embeddable":true,"href":"https:\/\/dana.com.br\/canaldana\/wp-json\/wp\/v2\/comments?post=35781"}],"version-history":[{"count":0,"href":"https:\/\/dana.com.br\/canaldana\/wp-json\/wp\/v2\/posts\/35781\/revisions"}],"wp:attachment":[{"href":"https:\/\/dana.com.br\/canaldana\/wp-json\/wp\/v2\/media?parent=35781"}],"wp:term":[{"taxonomy":"category","embeddable":true,"href":"https:\/\/dana.com.br\/canaldana\/wp-json\/wp\/v2\/categories?post=35781"},{"taxonomy":"post_tag","embeddable":true,"href":"https:\/\/dana.com.br\/canaldana\/wp-json\/wp\/v2\/tags?post=35781"}],"curies":[{"name":"wp","href":"https:\/\/api.w.org\/{rel}","templated":true}]}}