{"id":35752,"date":"2019-07-15T08:13:37","date_gmt":"2019-07-15T11:13:37","guid":{"rendered":"https:\/\/dana.com.br\/canaldana\/?p=35752"},"modified":"2019-07-15T08:13:37","modified_gmt":"2019-07-15T11:13:37","slug":"novas-diretrizes-trarao-mais-eficiencia-para-o-recall-no-brasil","status":"publish","type":"post","link":"https:\/\/dana.com.br\/canaldana\/2019\/07\/15\/novas-diretrizes-trarao-mais-eficiencia-para-o-recall-no-brasil\/","title":{"rendered":"Novas diretrizes trar\u00e3o mais efici\u00eancia para o recall no Brasil"},"content":{"rendered":"<p><em>O Estado de S. Paulo <\/em><\/p>\n<p>&nbsp;<\/p>\n<p>O Minist\u00e9rio da Justi\u00e7a e Seguran\u00e7a P\u00fablica publicou, no \u00faltimo dia 2 de julho, duas portarias no Di\u00e1rio Oficial da Uni\u00e3o, atualizando a regulamenta\u00e7\u00e3o das campanhas de chamamento, a fim de dar efici\u00eancia aos recalls no Brasil e, por consequ\u00eancia, \u00e0 prote\u00e7\u00e3o da vida e \u00e0 preserva\u00e7\u00e3o da sa\u00fade e da seguran\u00e7a dos consumidores.<\/p>\n<p>&nbsp;<\/p>\n<p>De acordo com os novos textos, as empresas ter\u00e3o que manter em seus sites, em local vis\u00edvel e de f\u00e1cil acesso, a informa\u00e7\u00e3o sobre o recall dos produtos pelo prazo m\u00ednimo de cinco anos. Al\u00e9m disso, dever\u00e3o comunicar a Secretaria Nacional do Consumidor (Senacon) assim que iniciarem suas averigua\u00e7\u00f5es e identificarem defeitos, hip\u00f3teses em que tamb\u00e9m assumir\u00e3o a responsabilidade pela elabora\u00e7\u00e3o de estrat\u00e9gias para induzir o consumidor a atender \u00e0s campanhas de chamamento de recall.<\/p>\n<p>&nbsp;<\/p>\n<p>Especialmente por ser o que mais realiza esse tipo de campanha e pelo risco envolvido em seu produto, o setor automotivo recebeu aten\u00e7\u00e3o especial do ministro da Justi\u00e7a e Seguran\u00e7a P\u00fablica, S\u00e9rgio Moro, que, em conjunto com o Minist\u00e9rio da Infraestrutura, instituiu o Servi\u00e7o Nacional de Notifica\u00e7\u00e3o de Recall de Ve\u00edculos.<\/p>\n<p>&nbsp;<\/p>\n<p>Por meio desse servi\u00e7o, caber\u00e1 ao Departamento Nacional de Tr\u00e2nsito (Denatran) comunicar diretamente o consumidor sobre o aviso de risco do ve\u00edculo e, caso a campanha de chamamento de recall n\u00e3o seja atendida no prazo de um ano, a informa\u00e7\u00e3o constar\u00e1 no documento de propriedade do ve\u00edculo.<\/p>\n<p>&nbsp;<\/p>\n<p>A Ag\u00eancia Nacional de Vigil\u00e2ncia Sanit\u00e1ria (Anvisa) tamb\u00e9m assinou acordo de coopera\u00e7\u00e3o t\u00e9cnica com a Senacon, no intuito de promover a\u00e7\u00f5es conjuntas de prote\u00e7\u00e3o e defesa do consumidor, referentes ao mercado de medicamentos e cong\u00eaneres, notadamente relativas \u00e0 periculosidade ou \u00e0 nocividade de produtos e servi\u00e7os.<\/p>\n<p>&nbsp;<\/p>\n<p>As novas regras tendem a gerar os referidos efeitos pretendidos pelo Governo Federal, tornando, assim, as campanhas de chamamento de recall mais eficientes no Brasil, bem como mais seguros os produtos e servi\u00e7os colocados em nosso mercado de consumo. Mais do que isso, tais diretrizes consistem em medidas pr\u00e1ticas, de f\u00e1cil implementa\u00e7\u00e3o e fiscaliza\u00e7\u00e3o, que realmente parecem justificar a empolga\u00e7\u00e3o do seu an\u00fancio e renovam as nossas esperan\u00e7as de um pa\u00eds melhor. (O Estado de S. Paulo\/Gustavo Milar\u00e9 Almeida &#8211; advogado, mestre e doutor em Direito pela Universidade de S\u00e3o Paulo (USP) e s\u00f3cio de Meirelles Milar\u00e9 Advogados e Jo\u00e3o Pedro Alves Pinto Gustavo Milar\u00e9 Almeida &#8211; Jo\u00e3o Pedro Alves Pinto advogado associado de Meirelles Milar\u00e9 Advogados)<\/p>\n","protected":false},"excerpt":{"rendered":"<p>O Estado de S. Paulo &nbsp; O Minist\u00e9rio da Justi\u00e7a e Seguran\u00e7a P\u00fablica publicou, no \u00faltimo dia 2 de julho, duas portarias no Di\u00e1rio Oficial da Uni\u00e3o, atualizando a regulamenta\u00e7\u00e3o das campanhas de chamamento, a fim de dar efici\u00eancia aos recalls no Brasil e, por consequ\u00eancia, \u00e0 prote\u00e7\u00e3o da vida e \u00e0 preserva\u00e7\u00e3o da sa\u00fade\u2026 <a class=\"readmore\" href=\"https:\/\/dana.com.br\/canaldana\/2019\/07\/15\/novas-diretrizes-trarao-mais-eficiencia-para-o-recall-no-brasil\/\">Leia mais \u00bb<\/a><\/p>\n","protected":false},"author":3,"featured_media":0,"comment_status":"closed","ping_status":"closed","sticky":false,"template":"","format":"standard","meta":{"_acf_changed":false,"footnotes":""},"categories":[100],"tags":[],"class_list":["post-35752","post","type-post","status-publish","format-standard","hentry","category-artigo"],"acf":[],"yoast_head":"<!-- This site is optimized with the Yoast SEO plugin v27.3 - https:\/\/yoast.com\/product\/yoast-seo-wordpress\/ -->\n<title>Novas diretrizes trar\u00e3o mais efici\u00eancia para o recall no Brasil - Canal Dana<\/title>\n<meta name=\"robots\" content=\"index, follow, max-snippet:-1, max-image-preview:large, max-video-preview:-1\" \/>\n<link rel=\"canonical\" href=\"https:\/\/dana.com.br\/canaldana\/2019\/07\/15\/novas-diretrizes-trarao-mais-eficiencia-para-o-recall-no-brasil\/\" \/>\n<meta property=\"og:locale\" content=\"pt_BR\" \/>\n<meta property=\"og:type\" content=\"article\" \/>\n<meta property=\"og:title\" content=\"Novas diretrizes trar\u00e3o mais efici\u00eancia para o recall no Brasil - Canal Dana\" \/>\n<meta property=\"og:description\" content=\"O Estado de S. Paulo &nbsp; O Minist\u00e9rio da Justi\u00e7a e Seguran\u00e7a P\u00fablica publicou, no \u00faltimo dia 2 de julho, duas portarias no Di\u00e1rio Oficial da Uni\u00e3o, atualizando a regulamenta\u00e7\u00e3o das campanhas de chamamento, a fim de dar efici\u00eancia aos recalls no Brasil e, por consequ\u00eancia, \u00e0 prote\u00e7\u00e3o da vida e \u00e0 preserva\u00e7\u00e3o da sa\u00fade\u2026 Leia mais \u00bb\" \/>\n<meta property=\"og:url\" content=\"https:\/\/dana.com.br\/canaldana\/2019\/07\/15\/novas-diretrizes-trarao-mais-eficiencia-para-o-recall-no-brasil\/\" \/>\n<meta property=\"og:site_name\" content=\"Canal Dana\" \/>\n<meta property=\"article:published_time\" content=\"2019-07-15T11:13:37+00:00\" \/>\n<meta name=\"author\" content=\"Canal Dana\" \/>\n<meta name=\"twitter:card\" content=\"summary_large_image\" \/>\n<meta name=\"twitter:label1\" content=\"Escrito por\" \/>\n\t<meta name=\"twitter:data1\" content=\"Canal Dana\" \/>\n\t<meta name=\"twitter:label2\" content=\"Est. tempo de leitura\" \/>\n\t<meta name=\"twitter:data2\" content=\"2 minutos\" \/>\n<script type=\"application\/ld+json\" class=\"yoast-schema-graph\">{\"@context\":\"https:\\\/\\\/schema.org\",\"@graph\":[{\"@type\":\"Article\",\"@id\":\"https:\\\/\\\/dana.com.br\\\/canaldana\\\/2019\\\/07\\\/15\\\/novas-diretrizes-trarao-mais-eficiencia-para-o-recall-no-brasil\\\/#article\",\"isPartOf\":{\"@id\":\"https:\\\/\\\/dana.com.br\\\/canaldana\\\/2019\\\/07\\\/15\\\/novas-diretrizes-trarao-mais-eficiencia-para-o-recall-no-brasil\\\/\"},\"author\":{\"name\":\"Canal Dana\",\"@id\":\"https:\\\/\\\/dana.com.br\\\/canaldana\\\/#\\\/schema\\\/person\\\/3c21f22f56fcf3bc46b94bc60ea4fef6\"},\"headline\":\"Novas diretrizes trar\u00e3o mais efici\u00eancia para o recall no Brasil\",\"datePublished\":\"2019-07-15T11:13:37+00:00\",\"mainEntityOfPage\":{\"@id\":\"https:\\\/\\\/dana.com.br\\\/canaldana\\\/2019\\\/07\\\/15\\\/novas-diretrizes-trarao-mais-eficiencia-para-o-recall-no-brasil\\\/\"},\"wordCount\":473,\"articleSection\":[\"Artigo\"],\"inLanguage\":\"pt-BR\"},{\"@type\":\"WebPage\",\"@id\":\"https:\\\/\\\/dana.com.br\\\/canaldana\\\/2019\\\/07\\\/15\\\/novas-diretrizes-trarao-mais-eficiencia-para-o-recall-no-brasil\\\/\",\"url\":\"https:\\\/\\\/dana.com.br\\\/canaldana\\\/2019\\\/07\\\/15\\\/novas-diretrizes-trarao-mais-eficiencia-para-o-recall-no-brasil\\\/\",\"name\":\"Novas diretrizes trar\u00e3o mais efici\u00eancia para o recall no Brasil - Canal Dana\",\"isPartOf\":{\"@id\":\"https:\\\/\\\/dana.com.br\\\/canaldana\\\/#website\"},\"datePublished\":\"2019-07-15T11:13:37+00:00\",\"author\":{\"@id\":\"https:\\\/\\\/dana.com.br\\\/canaldana\\\/#\\\/schema\\\/person\\\/3c21f22f56fcf3bc46b94bc60ea4fef6\"},\"breadcrumb\":{\"@id\":\"https:\\\/\\\/dana.com.br\\\/canaldana\\\/2019\\\/07\\\/15\\\/novas-diretrizes-trarao-mais-eficiencia-para-o-recall-no-brasil\\\/#breadcrumb\"},\"inLanguage\":\"pt-BR\",\"potentialAction\":[{\"@type\":\"ReadAction\",\"target\":[\"https:\\\/\\\/dana.com.br\\\/canaldana\\\/2019\\\/07\\\/15\\\/novas-diretrizes-trarao-mais-eficiencia-para-o-recall-no-brasil\\\/\"]}]},{\"@type\":\"BreadcrumbList\",\"@id\":\"https:\\\/\\\/dana.com.br\\\/canaldana\\\/2019\\\/07\\\/15\\\/novas-diretrizes-trarao-mais-eficiencia-para-o-recall-no-brasil\\\/#breadcrumb\",\"itemListElement\":[{\"@type\":\"ListItem\",\"position\":1,\"name\":\"Home\",\"item\":\"https:\\\/\\\/dana.com.br\\\/canaldana\\\/\"},{\"@type\":\"ListItem\",\"position\":2,\"name\":\"Artigo\",\"item\":\"https:\\\/\\\/dana.com.br\\\/canaldana\\\/artigo\\\/\"},{\"@type\":\"ListItem\",\"position\":3,\"name\":\"Novas diretrizes trar\u00e3o mais efici\u00eancia para o recall no Brasil\"}]},{\"@type\":\"WebSite\",\"@id\":\"https:\\\/\\\/dana.com.br\\\/canaldana\\\/#website\",\"url\":\"https:\\\/\\\/dana.com.br\\\/canaldana\\\/\",\"name\":\"Canal Dana\",\"description\":\"Informativo com as principais not\u00edcias da ind\u00fastria automotiva\",\"potentialAction\":[{\"@type\":\"SearchAction\",\"target\":{\"@type\":\"EntryPoint\",\"urlTemplate\":\"https:\\\/\\\/dana.com.br\\\/canaldana\\\/?s={search_term_string}\"},\"query-input\":{\"@type\":\"PropertyValueSpecification\",\"valueRequired\":true,\"valueName\":\"search_term_string\"}}],\"inLanguage\":\"pt-BR\"},{\"@type\":\"Person\",\"@id\":\"https:\\\/\\\/dana.com.br\\\/canaldana\\\/#\\\/schema\\\/person\\\/3c21f22f56fcf3bc46b94bc60ea4fef6\",\"name\":\"Canal Dana\",\"image\":{\"@type\":\"ImageObject\",\"inLanguage\":\"pt-BR\",\"@id\":\"https:\\\/\\\/secure.gravatar.com\\\/avatar\\\/420aaf9278582877d9018637c6817617705899d2858d7572ef0fe59a6b6454b4?s=96&d=mm&r=g\",\"url\":\"https:\\\/\\\/secure.gravatar.com\\\/avatar\\\/420aaf9278582877d9018637c6817617705899d2858d7572ef0fe59a6b6454b4?s=96&d=mm&r=g\",\"contentUrl\":\"https:\\\/\\\/secure.gravatar.com\\\/avatar\\\/420aaf9278582877d9018637c6817617705899d2858d7572ef0fe59a6b6454b4?s=96&d=mm&r=g\",\"caption\":\"Canal Dana\"},\"url\":\"https:\\\/\\\/dana.com.br\\\/canaldana\\\/author\\\/cdeditor\\\/\"}]}<\/script>\n<!-- \/ Yoast SEO plugin. -->","yoast_head_json":{"title":"Novas diretrizes trar\u00e3o mais efici\u00eancia para o recall no Brasil - Canal Dana","robots":{"index":"index","follow":"follow","max-snippet":"max-snippet:-1","max-image-preview":"max-image-preview:large","max-video-preview":"max-video-preview:-1"},"canonical":"https:\/\/dana.com.br\/canaldana\/2019\/07\/15\/novas-diretrizes-trarao-mais-eficiencia-para-o-recall-no-brasil\/","og_locale":"pt_BR","og_type":"article","og_title":"Novas diretrizes trar\u00e3o mais efici\u00eancia para o recall no Brasil - Canal Dana","og_description":"O Estado de S. Paulo &nbsp; O Minist\u00e9rio da Justi\u00e7a e Seguran\u00e7a P\u00fablica publicou, no \u00faltimo dia 2 de julho, duas portarias no Di\u00e1rio Oficial da Uni\u00e3o, atualizando a regulamenta\u00e7\u00e3o das campanhas de chamamento, a fim de dar efici\u00eancia aos recalls no Brasil e, por consequ\u00eancia, \u00e0 prote\u00e7\u00e3o da vida e \u00e0 preserva\u00e7\u00e3o da sa\u00fade\u2026 Leia mais \u00bb","og_url":"https:\/\/dana.com.br\/canaldana\/2019\/07\/15\/novas-diretrizes-trarao-mais-eficiencia-para-o-recall-no-brasil\/","og_site_name":"Canal Dana","article_published_time":"2019-07-15T11:13:37+00:00","author":"Canal Dana","twitter_card":"summary_large_image","twitter_misc":{"Escrito por":"Canal Dana","Est. tempo de leitura":"2 minutos"},"schema":{"@context":"https:\/\/schema.org","@graph":[{"@type":"Article","@id":"https:\/\/dana.com.br\/canaldana\/2019\/07\/15\/novas-diretrizes-trarao-mais-eficiencia-para-o-recall-no-brasil\/#article","isPartOf":{"@id":"https:\/\/dana.com.br\/canaldana\/2019\/07\/15\/novas-diretrizes-trarao-mais-eficiencia-para-o-recall-no-brasil\/"},"author":{"name":"Canal Dana","@id":"https:\/\/dana.com.br\/canaldana\/#\/schema\/person\/3c21f22f56fcf3bc46b94bc60ea4fef6"},"headline":"Novas diretrizes trar\u00e3o mais efici\u00eancia para o recall no Brasil","datePublished":"2019-07-15T11:13:37+00:00","mainEntityOfPage":{"@id":"https:\/\/dana.com.br\/canaldana\/2019\/07\/15\/novas-diretrizes-trarao-mais-eficiencia-para-o-recall-no-brasil\/"},"wordCount":473,"articleSection":["Artigo"],"inLanguage":"pt-BR"},{"@type":"WebPage","@id":"https:\/\/dana.com.br\/canaldana\/2019\/07\/15\/novas-diretrizes-trarao-mais-eficiencia-para-o-recall-no-brasil\/","url":"https:\/\/dana.com.br\/canaldana\/2019\/07\/15\/novas-diretrizes-trarao-mais-eficiencia-para-o-recall-no-brasil\/","name":"Novas diretrizes trar\u00e3o mais efici\u00eancia para o recall no Brasil - Canal Dana","isPartOf":{"@id":"https:\/\/dana.com.br\/canaldana\/#website"},"datePublished":"2019-07-15T11:13:37+00:00","author":{"@id":"https:\/\/dana.com.br\/canaldana\/#\/schema\/person\/3c21f22f56fcf3bc46b94bc60ea4fef6"},"breadcrumb":{"@id":"https:\/\/dana.com.br\/canaldana\/2019\/07\/15\/novas-diretrizes-trarao-mais-eficiencia-para-o-recall-no-brasil\/#breadcrumb"},"inLanguage":"pt-BR","potentialAction":[{"@type":"ReadAction","target":["https:\/\/dana.com.br\/canaldana\/2019\/07\/15\/novas-diretrizes-trarao-mais-eficiencia-para-o-recall-no-brasil\/"]}]},{"@type":"BreadcrumbList","@id":"https:\/\/dana.com.br\/canaldana\/2019\/07\/15\/novas-diretrizes-trarao-mais-eficiencia-para-o-recall-no-brasil\/#breadcrumb","itemListElement":[{"@type":"ListItem","position":1,"name":"Home","item":"https:\/\/dana.com.br\/canaldana\/"},{"@type":"ListItem","position":2,"name":"Artigo","item":"https:\/\/dana.com.br\/canaldana\/artigo\/"},{"@type":"ListItem","position":3,"name":"Novas diretrizes trar\u00e3o mais efici\u00eancia para o recall no Brasil"}]},{"@type":"WebSite","@id":"https:\/\/dana.com.br\/canaldana\/#website","url":"https:\/\/dana.com.br\/canaldana\/","name":"Canal Dana","description":"Informativo com as principais not\u00edcias da ind\u00fastria automotiva","potentialAction":[{"@type":"SearchAction","target":{"@type":"EntryPoint","urlTemplate":"https:\/\/dana.com.br\/canaldana\/?s={search_term_string}"},"query-input":{"@type":"PropertyValueSpecification","valueRequired":true,"valueName":"search_term_string"}}],"inLanguage":"pt-BR"},{"@type":"Person","@id":"https:\/\/dana.com.br\/canaldana\/#\/schema\/person\/3c21f22f56fcf3bc46b94bc60ea4fef6","name":"Canal Dana","image":{"@type":"ImageObject","inLanguage":"pt-BR","@id":"https:\/\/secure.gravatar.com\/avatar\/420aaf9278582877d9018637c6817617705899d2858d7572ef0fe59a6b6454b4?s=96&d=mm&r=g","url":"https:\/\/secure.gravatar.com\/avatar\/420aaf9278582877d9018637c6817617705899d2858d7572ef0fe59a6b6454b4?s=96&d=mm&r=g","contentUrl":"https:\/\/secure.gravatar.com\/avatar\/420aaf9278582877d9018637c6817617705899d2858d7572ef0fe59a6b6454b4?s=96&d=mm&r=g","caption":"Canal Dana"},"url":"https:\/\/dana.com.br\/canaldana\/author\/cdeditor\/"}]}},"_links":{"self":[{"href":"https:\/\/dana.com.br\/canaldana\/wp-json\/wp\/v2\/posts\/35752","targetHints":{"allow":["GET"]}}],"collection":[{"href":"https:\/\/dana.com.br\/canaldana\/wp-json\/wp\/v2\/posts"}],"about":[{"href":"https:\/\/dana.com.br\/canaldana\/wp-json\/wp\/v2\/types\/post"}],"author":[{"embeddable":true,"href":"https:\/\/dana.com.br\/canaldana\/wp-json\/wp\/v2\/users\/3"}],"replies":[{"embeddable":true,"href":"https:\/\/dana.com.br\/canaldana\/wp-json\/wp\/v2\/comments?post=35752"}],"version-history":[{"count":0,"href":"https:\/\/dana.com.br\/canaldana\/wp-json\/wp\/v2\/posts\/35752\/revisions"}],"wp:attachment":[{"href":"https:\/\/dana.com.br\/canaldana\/wp-json\/wp\/v2\/media?parent=35752"}],"wp:term":[{"taxonomy":"category","embeddable":true,"href":"https:\/\/dana.com.br\/canaldana\/wp-json\/wp\/v2\/categories?post=35752"},{"taxonomy":"post_tag","embeddable":true,"href":"https:\/\/dana.com.br\/canaldana\/wp-json\/wp\/v2\/tags?post=35752"}],"curies":[{"name":"wp","href":"https:\/\/api.w.org\/{rel}","templated":true}]}}