{"id":35706,"date":"2019-07-11T08:47:34","date_gmt":"2019-07-11T11:47:34","guid":{"rendered":"https:\/\/dana.com.br\/canaldana\/?p=35706"},"modified":"2019-07-11T08:47:34","modified_gmt":"2019-07-11T11:47:34","slug":"semestre-acima-das-expectativas-na-industria-de-motos","status":"publish","type":"post","link":"https:\/\/dana.com.br\/canaldana\/2019\/07\/11\/semestre-acima-das-expectativas-na-industria-de-motos\/","title":{"rendered":"Semestre acima das expectativas na ind\u00fastria de motos"},"content":{"rendered":"<p><em>AutoInd\u00fastria <\/em><\/p>\n<p>&nbsp;<\/p>\n<p>O primeiro semestre da ind\u00fastria brasileira de motocicletas ficou acima das proje\u00e7\u00f5es para o ano da Abraciclo, entidade que congrega as fabricantes localizadas no Polo Industrial de Manaus (AM), respons\u00e1veis por 98% da produ\u00e7\u00e3o brasileira.\u00a0 De janeiro a junho, a produ\u00e7\u00e3o esbarrou em 537 mil motos, enquanto as vendas internas no atacado somaram 451 mil unidades, crescimento de, respectivamente, 8,4% e 17,2% sobre os primeiros seis meses do ano passado.<\/p>\n<p>&nbsp;<\/p>\n<p>Mesmo com esses avan\u00e7os, contudo, Marcos Fermaniam, presidente da entidade, opta pela cautela e declarou nesta quarta-feira, 10, que prefere ainda manter as estimativas iniciais da entidade para 2019. A prud\u00eancia para refazer oficialmente as proje\u00e7\u00f5es, segundo o dirigente, se deve sobretudo \u00e0 instabilidade pol\u00edtico-econ\u00f4mica do Pa\u00eds.<\/p>\n<p>&nbsp;<\/p>\n<p>A Abraciclo, assim, ainda espera que o balan\u00e7o no encerramento de dezembro apontar\u00e1 a produ\u00e7\u00e3o de 1,1 milh\u00e3o de unidades, apenas 6,1% a mais do que em 2018, e que as entregas das montadoras para suas redes de concession\u00e1rias aumentem 10,7% e atinjam 1,06 milh\u00e3o de motos.<\/p>\n<p>&nbsp;<\/p>\n<p>Os neg\u00f3cios no varejo tamb\u00e9m est\u00e3o acima da m\u00e9dia projetada pela entidade. Foram emplacadas 530 mil motocicletas de janeiro a junho, evolu\u00e7\u00e3o de 16%. Para o ano, por\u00e9m, a expectativa \u00e9 de quase a metade desse crescimento, da ordem de 8,5%, o quer resultaria em 1,02 milh\u00e3o de unidades licenciadas.<\/p>\n<p>&nbsp;<\/p>\n<p>S\u00f3 em junho foram emplacadas 80 mil motos, 8% acima do resultado do mesmo m\u00eas do ano passado. A m\u00e9dia di\u00e1ria no m\u00eas superou 4,2 mil unidades, o melhor n\u00famero alcan\u00e7ado pelo setor desde junho de 2015, quando foram vendidas mais de 4,8 mil unidades por dia.<\/p>\n<p>&nbsp;<\/p>\n<p>A exemplo do que ocorre com o setor de autom\u00f3veis, em contrapartida, as exporta\u00e7\u00f5es de motocicletas seguem destoando e devem encerrar o ano em forte decr\u00e9scimo. Mas, apesar de as proje\u00e7\u00f5es iniciais contemplarem a estimativa de cerca de 40 mil motos embarcadas ao longo deste ano &#8211; 41% menos do que em 2018 &#8211; o desempenho consolidado no primeiro semestre \u00e9 ainda pior.<\/p>\n<p>&nbsp;<\/p>\n<p>Seguiram para o exterior 20,4 mil unidades no per\u00edodo, 50,3% abaixo do resultado acumulado de janeiro a junho do ano passado. A Argentina continuou como o principal destino da produ\u00e7\u00e3o brasileiras absorveu 10,3 mil unidades, a metade de todas as motos exportadas pelo Brasil. O segundo maior cliente foram os Estados Unidos, com 3,4 mil unidades, seguidos da Col\u00f4mbia, que comprou 2,6 mil motos.<\/p>\n<p>&nbsp;<\/p>\n<p>Apesar de maior mercado das motos nacionais, a Argentina, em grave crise econ\u00f4mica, \u00e9 a grande respons\u00e1vel pelo desempenho sofr\u00edvel das exporta\u00e7\u00f5es. Em 2018, ela comprou 32 mil das 42 mil que foram exportadas. (AutoInd\u00fastria\/George Guimar\u00e3es)<\/p>\n","protected":false},"excerpt":{"rendered":"<p>AutoInd\u00fastria &nbsp; O primeiro semestre da ind\u00fastria brasileira de motocicletas ficou acima das proje\u00e7\u00f5es para o ano da Abraciclo, entidade que congrega as fabricantes localizadas no Polo Industrial de Manaus (AM), respons\u00e1veis por 98% da produ\u00e7\u00e3o brasileira.\u00a0 De janeiro a junho, a produ\u00e7\u00e3o esbarrou em 537 mil motos, enquanto as vendas internas no atacado somaram\u2026 <a class=\"readmore\" href=\"https:\/\/dana.com.br\/canaldana\/2019\/07\/11\/semestre-acima-das-expectativas-na-industria-de-motos\/\">Leia mais \u00bb<\/a><\/p>\n","protected":false},"author":3,"featured_media":0,"comment_status":"closed","ping_status":"closed","sticky":false,"template":"","format":"standard","meta":{"_acf_changed":false,"footnotes":""},"categories":[79],"tags":[],"class_list":["post-35706","post","type-post","status-publish","format-standard","hentry","category-mercado"],"acf":[],"yoast_head":"<!-- This site is optimized with the Yoast SEO plugin v27.3 - https:\/\/yoast.com\/product\/yoast-seo-wordpress\/ -->\n<title>Semestre acima das expectativas na ind\u00fastria de motos - Canal Dana<\/title>\n<meta name=\"robots\" content=\"index, follow, max-snippet:-1, max-image-preview:large, max-video-preview:-1\" \/>\n<link rel=\"canonical\" href=\"https:\/\/dana.com.br\/canaldana\/2019\/07\/11\/semestre-acima-das-expectativas-na-industria-de-motos\/\" \/>\n<meta property=\"og:locale\" content=\"pt_BR\" \/>\n<meta property=\"og:type\" content=\"article\" \/>\n<meta property=\"og:title\" content=\"Semestre acima das expectativas na ind\u00fastria de motos - Canal Dana\" \/>\n<meta property=\"og:description\" content=\"AutoInd\u00fastria &nbsp; O primeiro semestre da ind\u00fastria brasileira de motocicletas ficou acima das proje\u00e7\u00f5es para o ano da Abraciclo, entidade que congrega as fabricantes localizadas no Polo Industrial de Manaus (AM), respons\u00e1veis por 98% da produ\u00e7\u00e3o brasileira.\u00a0 De janeiro a junho, a produ\u00e7\u00e3o esbarrou em 537 mil motos, enquanto as vendas internas no atacado somaram\u2026 Leia mais \u00bb\" \/>\n<meta property=\"og:url\" content=\"https:\/\/dana.com.br\/canaldana\/2019\/07\/11\/semestre-acima-das-expectativas-na-industria-de-motos\/\" \/>\n<meta property=\"og:site_name\" content=\"Canal Dana\" \/>\n<meta property=\"article:published_time\" content=\"2019-07-11T11:47:34+00:00\" \/>\n<meta name=\"author\" content=\"Canal Dana\" \/>\n<meta name=\"twitter:card\" content=\"summary_large_image\" \/>\n<meta name=\"twitter:label1\" content=\"Escrito por\" \/>\n\t<meta name=\"twitter:data1\" content=\"Canal Dana\" \/>\n\t<meta name=\"twitter:label2\" content=\"Est. tempo de leitura\" \/>\n\t<meta name=\"twitter:data2\" content=\"2 minutos\" \/>\n<script type=\"application\/ld+json\" class=\"yoast-schema-graph\">{\"@context\":\"https:\\\/\\\/schema.org\",\"@graph\":[{\"@type\":\"Article\",\"@id\":\"https:\\\/\\\/dana.com.br\\\/canaldana\\\/2019\\\/07\\\/11\\\/semestre-acima-das-expectativas-na-industria-de-motos\\\/#article\",\"isPartOf\":{\"@id\":\"https:\\\/\\\/dana.com.br\\\/canaldana\\\/2019\\\/07\\\/11\\\/semestre-acima-das-expectativas-na-industria-de-motos\\\/\"},\"author\":{\"name\":\"Canal Dana\",\"@id\":\"https:\\\/\\\/dana.com.br\\\/canaldana\\\/#\\\/schema\\\/person\\\/3c21f22f56fcf3bc46b94bc60ea4fef6\"},\"headline\":\"Semestre acima das expectativas na ind\u00fastria de motos\",\"datePublished\":\"2019-07-11T11:47:34+00:00\",\"mainEntityOfPage\":{\"@id\":\"https:\\\/\\\/dana.com.br\\\/canaldana\\\/2019\\\/07\\\/11\\\/semestre-acima-das-expectativas-na-industria-de-motos\\\/\"},\"wordCount\":450,\"articleSection\":[\"Mercado\"],\"inLanguage\":\"pt-BR\"},{\"@type\":\"WebPage\",\"@id\":\"https:\\\/\\\/dana.com.br\\\/canaldana\\\/2019\\\/07\\\/11\\\/semestre-acima-das-expectativas-na-industria-de-motos\\\/\",\"url\":\"https:\\\/\\\/dana.com.br\\\/canaldana\\\/2019\\\/07\\\/11\\\/semestre-acima-das-expectativas-na-industria-de-motos\\\/\",\"name\":\"Semestre acima das expectativas na ind\u00fastria de motos - Canal Dana\",\"isPartOf\":{\"@id\":\"https:\\\/\\\/dana.com.br\\\/canaldana\\\/#website\"},\"datePublished\":\"2019-07-11T11:47:34+00:00\",\"author\":{\"@id\":\"https:\\\/\\\/dana.com.br\\\/canaldana\\\/#\\\/schema\\\/person\\\/3c21f22f56fcf3bc46b94bc60ea4fef6\"},\"breadcrumb\":{\"@id\":\"https:\\\/\\\/dana.com.br\\\/canaldana\\\/2019\\\/07\\\/11\\\/semestre-acima-das-expectativas-na-industria-de-motos\\\/#breadcrumb\"},\"inLanguage\":\"pt-BR\",\"potentialAction\":[{\"@type\":\"ReadAction\",\"target\":[\"https:\\\/\\\/dana.com.br\\\/canaldana\\\/2019\\\/07\\\/11\\\/semestre-acima-das-expectativas-na-industria-de-motos\\\/\"]}]},{\"@type\":\"BreadcrumbList\",\"@id\":\"https:\\\/\\\/dana.com.br\\\/canaldana\\\/2019\\\/07\\\/11\\\/semestre-acima-das-expectativas-na-industria-de-motos\\\/#breadcrumb\",\"itemListElement\":[{\"@type\":\"ListItem\",\"position\":1,\"name\":\"Home\",\"item\":\"https:\\\/\\\/dana.com.br\\\/canaldana\\\/\"},{\"@type\":\"ListItem\",\"position\":2,\"name\":\"Mercado\",\"item\":\"https:\\\/\\\/dana.com.br\\\/canaldana\\\/mercado\\\/\"},{\"@type\":\"ListItem\",\"position\":3,\"name\":\"Semestre acima das expectativas na ind\u00fastria de motos\"}]},{\"@type\":\"WebSite\",\"@id\":\"https:\\\/\\\/dana.com.br\\\/canaldana\\\/#website\",\"url\":\"https:\\\/\\\/dana.com.br\\\/canaldana\\\/\",\"name\":\"Canal Dana\",\"description\":\"Informativo com as principais not\u00edcias da ind\u00fastria automotiva\",\"potentialAction\":[{\"@type\":\"SearchAction\",\"target\":{\"@type\":\"EntryPoint\",\"urlTemplate\":\"https:\\\/\\\/dana.com.br\\\/canaldana\\\/?s={search_term_string}\"},\"query-input\":{\"@type\":\"PropertyValueSpecification\",\"valueRequired\":true,\"valueName\":\"search_term_string\"}}],\"inLanguage\":\"pt-BR\"},{\"@type\":\"Person\",\"@id\":\"https:\\\/\\\/dana.com.br\\\/canaldana\\\/#\\\/schema\\\/person\\\/3c21f22f56fcf3bc46b94bc60ea4fef6\",\"name\":\"Canal Dana\",\"image\":{\"@type\":\"ImageObject\",\"inLanguage\":\"pt-BR\",\"@id\":\"https:\\\/\\\/secure.gravatar.com\\\/avatar\\\/420aaf9278582877d9018637c6817617705899d2858d7572ef0fe59a6b6454b4?s=96&d=mm&r=g\",\"url\":\"https:\\\/\\\/secure.gravatar.com\\\/avatar\\\/420aaf9278582877d9018637c6817617705899d2858d7572ef0fe59a6b6454b4?s=96&d=mm&r=g\",\"contentUrl\":\"https:\\\/\\\/secure.gravatar.com\\\/avatar\\\/420aaf9278582877d9018637c6817617705899d2858d7572ef0fe59a6b6454b4?s=96&d=mm&r=g\",\"caption\":\"Canal Dana\"},\"url\":\"https:\\\/\\\/dana.com.br\\\/canaldana\\\/author\\\/cdeditor\\\/\"}]}<\/script>\n<!-- \/ Yoast SEO plugin. -->","yoast_head_json":{"title":"Semestre acima das expectativas na ind\u00fastria de motos - Canal Dana","robots":{"index":"index","follow":"follow","max-snippet":"max-snippet:-1","max-image-preview":"max-image-preview:large","max-video-preview":"max-video-preview:-1"},"canonical":"https:\/\/dana.com.br\/canaldana\/2019\/07\/11\/semestre-acima-das-expectativas-na-industria-de-motos\/","og_locale":"pt_BR","og_type":"article","og_title":"Semestre acima das expectativas na ind\u00fastria de motos - Canal Dana","og_description":"AutoInd\u00fastria &nbsp; O primeiro semestre da ind\u00fastria brasileira de motocicletas ficou acima das proje\u00e7\u00f5es para o ano da Abraciclo, entidade que congrega as fabricantes localizadas no Polo Industrial de Manaus (AM), respons\u00e1veis por 98% da produ\u00e7\u00e3o brasileira.\u00a0 De janeiro a junho, a produ\u00e7\u00e3o esbarrou em 537 mil motos, enquanto as vendas internas no atacado somaram\u2026 Leia mais \u00bb","og_url":"https:\/\/dana.com.br\/canaldana\/2019\/07\/11\/semestre-acima-das-expectativas-na-industria-de-motos\/","og_site_name":"Canal Dana","article_published_time":"2019-07-11T11:47:34+00:00","author":"Canal Dana","twitter_card":"summary_large_image","twitter_misc":{"Escrito por":"Canal Dana","Est. tempo de leitura":"2 minutos"},"schema":{"@context":"https:\/\/schema.org","@graph":[{"@type":"Article","@id":"https:\/\/dana.com.br\/canaldana\/2019\/07\/11\/semestre-acima-das-expectativas-na-industria-de-motos\/#article","isPartOf":{"@id":"https:\/\/dana.com.br\/canaldana\/2019\/07\/11\/semestre-acima-das-expectativas-na-industria-de-motos\/"},"author":{"name":"Canal Dana","@id":"https:\/\/dana.com.br\/canaldana\/#\/schema\/person\/3c21f22f56fcf3bc46b94bc60ea4fef6"},"headline":"Semestre acima das expectativas na ind\u00fastria de motos","datePublished":"2019-07-11T11:47:34+00:00","mainEntityOfPage":{"@id":"https:\/\/dana.com.br\/canaldana\/2019\/07\/11\/semestre-acima-das-expectativas-na-industria-de-motos\/"},"wordCount":450,"articleSection":["Mercado"],"inLanguage":"pt-BR"},{"@type":"WebPage","@id":"https:\/\/dana.com.br\/canaldana\/2019\/07\/11\/semestre-acima-das-expectativas-na-industria-de-motos\/","url":"https:\/\/dana.com.br\/canaldana\/2019\/07\/11\/semestre-acima-das-expectativas-na-industria-de-motos\/","name":"Semestre acima das expectativas na ind\u00fastria de motos - Canal Dana","isPartOf":{"@id":"https:\/\/dana.com.br\/canaldana\/#website"},"datePublished":"2019-07-11T11:47:34+00:00","author":{"@id":"https:\/\/dana.com.br\/canaldana\/#\/schema\/person\/3c21f22f56fcf3bc46b94bc60ea4fef6"},"breadcrumb":{"@id":"https:\/\/dana.com.br\/canaldana\/2019\/07\/11\/semestre-acima-das-expectativas-na-industria-de-motos\/#breadcrumb"},"inLanguage":"pt-BR","potentialAction":[{"@type":"ReadAction","target":["https:\/\/dana.com.br\/canaldana\/2019\/07\/11\/semestre-acima-das-expectativas-na-industria-de-motos\/"]}]},{"@type":"BreadcrumbList","@id":"https:\/\/dana.com.br\/canaldana\/2019\/07\/11\/semestre-acima-das-expectativas-na-industria-de-motos\/#breadcrumb","itemListElement":[{"@type":"ListItem","position":1,"name":"Home","item":"https:\/\/dana.com.br\/canaldana\/"},{"@type":"ListItem","position":2,"name":"Mercado","item":"https:\/\/dana.com.br\/canaldana\/mercado\/"},{"@type":"ListItem","position":3,"name":"Semestre acima das expectativas na ind\u00fastria de motos"}]},{"@type":"WebSite","@id":"https:\/\/dana.com.br\/canaldana\/#website","url":"https:\/\/dana.com.br\/canaldana\/","name":"Canal Dana","description":"Informativo com as principais not\u00edcias da ind\u00fastria automotiva","potentialAction":[{"@type":"SearchAction","target":{"@type":"EntryPoint","urlTemplate":"https:\/\/dana.com.br\/canaldana\/?s={search_term_string}"},"query-input":{"@type":"PropertyValueSpecification","valueRequired":true,"valueName":"search_term_string"}}],"inLanguage":"pt-BR"},{"@type":"Person","@id":"https:\/\/dana.com.br\/canaldana\/#\/schema\/person\/3c21f22f56fcf3bc46b94bc60ea4fef6","name":"Canal Dana","image":{"@type":"ImageObject","inLanguage":"pt-BR","@id":"https:\/\/secure.gravatar.com\/avatar\/420aaf9278582877d9018637c6817617705899d2858d7572ef0fe59a6b6454b4?s=96&d=mm&r=g","url":"https:\/\/secure.gravatar.com\/avatar\/420aaf9278582877d9018637c6817617705899d2858d7572ef0fe59a6b6454b4?s=96&d=mm&r=g","contentUrl":"https:\/\/secure.gravatar.com\/avatar\/420aaf9278582877d9018637c6817617705899d2858d7572ef0fe59a6b6454b4?s=96&d=mm&r=g","caption":"Canal Dana"},"url":"https:\/\/dana.com.br\/canaldana\/author\/cdeditor\/"}]}},"_links":{"self":[{"href":"https:\/\/dana.com.br\/canaldana\/wp-json\/wp\/v2\/posts\/35706","targetHints":{"allow":["GET"]}}],"collection":[{"href":"https:\/\/dana.com.br\/canaldana\/wp-json\/wp\/v2\/posts"}],"about":[{"href":"https:\/\/dana.com.br\/canaldana\/wp-json\/wp\/v2\/types\/post"}],"author":[{"embeddable":true,"href":"https:\/\/dana.com.br\/canaldana\/wp-json\/wp\/v2\/users\/3"}],"replies":[{"embeddable":true,"href":"https:\/\/dana.com.br\/canaldana\/wp-json\/wp\/v2\/comments?post=35706"}],"version-history":[{"count":0,"href":"https:\/\/dana.com.br\/canaldana\/wp-json\/wp\/v2\/posts\/35706\/revisions"}],"wp:attachment":[{"href":"https:\/\/dana.com.br\/canaldana\/wp-json\/wp\/v2\/media?parent=35706"}],"wp:term":[{"taxonomy":"category","embeddable":true,"href":"https:\/\/dana.com.br\/canaldana\/wp-json\/wp\/v2\/categories?post=35706"},{"taxonomy":"post_tag","embeddable":true,"href":"https:\/\/dana.com.br\/canaldana\/wp-json\/wp\/v2\/tags?post=35706"}],"curies":[{"name":"wp","href":"https:\/\/api.w.org\/{rel}","templated":true}]}}