{"id":35700,"date":"2019-07-11T08:42:45","date_gmt":"2019-07-11T11:42:45","guid":{"rendered":"https:\/\/dana.com.br\/canaldana\/?p=35700"},"modified":"2019-07-11T08:42:45","modified_gmt":"2019-07-11T11:42:45","slug":"jeep-camp-oferece-emocao-e-aventura-em-sao-paulo","status":"publish","type":"post","link":"https:\/\/dana.com.br\/canaldana\/2019\/07\/11\/jeep-camp-oferece-emocao-e-aventura-em-sao-paulo\/","title":{"rendered":"Jeep Camp oferece emo\u00e7\u00e3o e aventura em S\u00e3o Paulo"},"content":{"rendered":"<p><em>Promoview<\/em><\/p>\n<p>&nbsp;<\/p>\n<p>Aberto ao p\u00fablico, evento com circuito off-road, empr\u00e9stimo de bicicletas, parede de escalada, est\u00fadio de tatuagem e food trucks vai at\u00e9 11 de agosto em Mairipor\u00e3.<\/p>\n<p>&nbsp;<\/p>\n<p>Para propiciar uma experi\u00eancia t\u00e3o aut\u00eantica quanto a Jeep, a marca vai realizar o Jeep Experience Camp, no Instituto Mairipor\u00e3 Thomaz Cruz.<\/p>\n<p>&nbsp;<\/p>\n<p>Ponto de encontro para quem gosta de natureza e ve\u00edculos antigos, o amplo espa\u00e7o nos arredores da Capital paulista tamb\u00e9m abrigar\u00e1 um trecho do circuito criado para o Campeonato Brasileiro de Mountain Bike.<\/p>\n<p>&nbsp;<\/p>\n<p>\u00d3timo programa para as f\u00e9rias, com atra\u00e7\u00f5es para toda a fam\u00edlia (at\u00e9 os pets ser\u00e3o bem-vindos), o Jeep Camp promete reunir milhares de pessoas ao longo de v\u00e1rias datas at\u00e9 11 de agosto (detalhes abaixo) \u2013 entre donos de Jeep e admiradores da marca.<\/p>\n<p>&nbsp;<\/p>\n<p>No local, ser\u00e1 poss\u00edvel viver bons momentos, como em test-drives radicais a bordo da nov\u00edssima gera\u00e7\u00e3o do \u00edcone Jeep Wrangler, do Jeep Renegade, SUV mais vendido do Brasil neste ano, e do SUV m\u00e9dio l\u00edder desde 2017, o Jeep Compass.<\/p>\n<p>&nbsp;<\/p>\n<p>Numa desafiadora pista de 5.500 m\u00b2, ser\u00e1 poss\u00edvel superar obst\u00e1culos como Ponte, King, Transposi\u00e7\u00e3o, Disco de Tor\u00e7\u00e3o, Charco, Barro, Pedras, Downhill, Uphill, Valetas, Caixa de Ovos e P\u00eandulo. Tudo sempre ao lado de um instrutor para explicar n\u00e3o s\u00f3 como lidar com cada situa\u00e7\u00e3o, mas tamb\u00e9m como as v\u00e1rias tecnologias do ve\u00edculo ajudam no off-road.<\/p>\n<p>&nbsp;<\/p>\n<p>Nos dias 8 e 9, donos de ve\u00edculos Jeep tamb\u00e9m poder\u00e3o se aventurar com seus pr\u00f3prios SUVs em uma trilha guiada para a Pedra Grande, a 1.418 metros de altitude, com percursos diferentes para modelos com tra\u00e7\u00e3o 4&#215;4 e 4&#215;2.<\/p>\n<p>&nbsp;<\/p>\n<p>Os participantes do evento ter\u00e3o ainda a chance de experimentar alguns dos recursos que fazem do Jeep Compass o ve\u00edculo nacional com maior conte\u00fado de tecnologias aut\u00f4nomas, como o assistente de estacionamento (Park Assist) e o aviso de colis\u00e3o frontal com frenagem autom\u00e1tica (FCW+).<\/p>\n<p>&nbsp;<\/p>\n<p>Al\u00e9m disso, o Jeep Camp, que ter\u00e1 Wi-Fi gratuito, tamb\u00e9m contempla parede de escalada, exposi\u00e7\u00e3o de modelos hist\u00f3ricos da marca, est\u00fadio de tatuagem tempor\u00e1rio Jeep Nation, empr\u00e9stimo de bicicletas, \u00e1rea para crian\u00e7as, loja de produtos pessoais Jeep Gear, exposi\u00e7\u00e3o de acess\u00f3rios originais Mopar e \u00e1rea de alimenta\u00e7\u00e3o com food trucks.<\/p>\n<p>&nbsp;<\/p>\n<p>As inscri\u00e7\u00f5es devem ser feitas com anteced\u00eancia em uma p\u00e1gina do Facebook, que pode ser encontrada nesta p\u00e1gina a seguir, que tamb\u00e9m cont\u00e9m todas as informa\u00e7\u00f5es do evento: <a href=\"https:\/\/www.jeep.com.br\/camp.html\">https:\/\/www.jeep.com.br\/camp.html#<\/a>.<\/p>\n<p>&nbsp;<\/p>\n<p><strong>Servi\u00e7o:<\/strong><\/p>\n<p><strong>\u00a0<\/strong><\/p>\n<p><strong>Endere\u00e7o:<\/strong> Av. Dr. Thomaz Rodrigues da Cruz, 29, Mairipor\u00e3\/SP, 07600-000.<\/p>\n<p><strong>Data:<\/strong> Dias 8, 9, 13, 14, 26, 27, 28 de julho e 2, 3, 4, 9, 10 e 11 de agosto.<\/p>\n<p><strong>Hor\u00e1rio:<\/strong> das 9h \u00e0s 18h.<\/p>\n<p>Inscri\u00e7\u00f5es e mais informa\u00e7\u00f5es no site <a href=\"https:\/\/www.jeep.com.br\/camp.html\" target=\"_blank\" rel=\"noopener\">https:\/\/www.jeep.com.br\/camp.html#<\/a>.<\/p>\n<p>(Promoview)<\/p>\n","protected":false},"excerpt":{"rendered":"<p>Promoview &nbsp; Aberto ao p\u00fablico, evento com circuito off-road, empr\u00e9stimo de bicicletas, parede de escalada, est\u00fadio de tatuagem e food trucks vai at\u00e9 11 de agosto em Mairipor\u00e3. &nbsp; Para propiciar uma experi\u00eancia t\u00e3o aut\u00eantica quanto a Jeep, a marca vai realizar o Jeep Experience Camp, no Instituto Mairipor\u00e3 Thomaz Cruz. &nbsp; Ponto de encontro\u2026 <a class=\"readmore\" href=\"https:\/\/dana.com.br\/canaldana\/2019\/07\/11\/jeep-camp-oferece-emocao-e-aventura-em-sao-paulo\/\">Leia mais \u00bb<\/a><\/p>\n","protected":false},"author":3,"featured_media":0,"comment_status":"closed","ping_status":"closed","sticky":false,"template":"","format":"standard","meta":{"_acf_changed":false,"footnotes":""},"categories":[79],"tags":[],"class_list":["post-35700","post","type-post","status-publish","format-standard","hentry","category-mercado"],"acf":[],"yoast_head":"<!-- This site is optimized with the Yoast SEO plugin v27.3 - https:\/\/yoast.com\/product\/yoast-seo-wordpress\/ -->\n<title>Jeep Camp oferece emo\u00e7\u00e3o e aventura em S\u00e3o Paulo - Canal Dana<\/title>\n<meta name=\"robots\" content=\"index, follow, max-snippet:-1, max-image-preview:large, max-video-preview:-1\" \/>\n<link rel=\"canonical\" href=\"https:\/\/dana.com.br\/canaldana\/2019\/07\/11\/jeep-camp-oferece-emocao-e-aventura-em-sao-paulo\/\" \/>\n<meta property=\"og:locale\" content=\"pt_BR\" \/>\n<meta property=\"og:type\" content=\"article\" \/>\n<meta property=\"og:title\" content=\"Jeep Camp oferece emo\u00e7\u00e3o e aventura em S\u00e3o Paulo - Canal Dana\" \/>\n<meta property=\"og:description\" content=\"Promoview &nbsp; Aberto ao p\u00fablico, evento com circuito off-road, empr\u00e9stimo de bicicletas, parede de escalada, est\u00fadio de tatuagem e food trucks vai at\u00e9 11 de agosto em Mairipor\u00e3. &nbsp; Para propiciar uma experi\u00eancia t\u00e3o aut\u00eantica quanto a Jeep, a marca vai realizar o Jeep Experience Camp, no Instituto Mairipor\u00e3 Thomaz Cruz. &nbsp; Ponto de encontro\u2026 Leia mais \u00bb\" \/>\n<meta property=\"og:url\" content=\"https:\/\/dana.com.br\/canaldana\/2019\/07\/11\/jeep-camp-oferece-emocao-e-aventura-em-sao-paulo\/\" \/>\n<meta property=\"og:site_name\" content=\"Canal Dana\" \/>\n<meta property=\"article:published_time\" content=\"2019-07-11T11:42:45+00:00\" \/>\n<meta name=\"author\" content=\"Canal Dana\" \/>\n<meta name=\"twitter:card\" content=\"summary_large_image\" \/>\n<meta name=\"twitter:label1\" content=\"Escrito por\" \/>\n\t<meta name=\"twitter:data1\" content=\"Canal Dana\" \/>\n\t<meta name=\"twitter:label2\" content=\"Est. tempo de leitura\" \/>\n\t<meta name=\"twitter:data2\" content=\"2 minutos\" \/>\n<script type=\"application\/ld+json\" class=\"yoast-schema-graph\">{\"@context\":\"https:\\\/\\\/schema.org\",\"@graph\":[{\"@type\":\"Article\",\"@id\":\"https:\\\/\\\/dana.com.br\\\/canaldana\\\/2019\\\/07\\\/11\\\/jeep-camp-oferece-emocao-e-aventura-em-sao-paulo\\\/#article\",\"isPartOf\":{\"@id\":\"https:\\\/\\\/dana.com.br\\\/canaldana\\\/2019\\\/07\\\/11\\\/jeep-camp-oferece-emocao-e-aventura-em-sao-paulo\\\/\"},\"author\":{\"name\":\"Canal Dana\",\"@id\":\"https:\\\/\\\/dana.com.br\\\/canaldana\\\/#\\\/schema\\\/person\\\/3c21f22f56fcf3bc46b94bc60ea4fef6\"},\"headline\":\"Jeep Camp oferece emo\u00e7\u00e3o e aventura em S\u00e3o Paulo\",\"datePublished\":\"2019-07-11T11:42:45+00:00\",\"mainEntityOfPage\":{\"@id\":\"https:\\\/\\\/dana.com.br\\\/canaldana\\\/2019\\\/07\\\/11\\\/jeep-camp-oferece-emocao-e-aventura-em-sao-paulo\\\/\"},\"wordCount\":505,\"articleSection\":[\"Mercado\"],\"inLanguage\":\"pt-BR\"},{\"@type\":\"WebPage\",\"@id\":\"https:\\\/\\\/dana.com.br\\\/canaldana\\\/2019\\\/07\\\/11\\\/jeep-camp-oferece-emocao-e-aventura-em-sao-paulo\\\/\",\"url\":\"https:\\\/\\\/dana.com.br\\\/canaldana\\\/2019\\\/07\\\/11\\\/jeep-camp-oferece-emocao-e-aventura-em-sao-paulo\\\/\",\"name\":\"Jeep Camp oferece emo\u00e7\u00e3o e aventura em S\u00e3o Paulo - Canal Dana\",\"isPartOf\":{\"@id\":\"https:\\\/\\\/dana.com.br\\\/canaldana\\\/#website\"},\"datePublished\":\"2019-07-11T11:42:45+00:00\",\"author\":{\"@id\":\"https:\\\/\\\/dana.com.br\\\/canaldana\\\/#\\\/schema\\\/person\\\/3c21f22f56fcf3bc46b94bc60ea4fef6\"},\"breadcrumb\":{\"@id\":\"https:\\\/\\\/dana.com.br\\\/canaldana\\\/2019\\\/07\\\/11\\\/jeep-camp-oferece-emocao-e-aventura-em-sao-paulo\\\/#breadcrumb\"},\"inLanguage\":\"pt-BR\",\"potentialAction\":[{\"@type\":\"ReadAction\",\"target\":[\"https:\\\/\\\/dana.com.br\\\/canaldana\\\/2019\\\/07\\\/11\\\/jeep-camp-oferece-emocao-e-aventura-em-sao-paulo\\\/\"]}]},{\"@type\":\"BreadcrumbList\",\"@id\":\"https:\\\/\\\/dana.com.br\\\/canaldana\\\/2019\\\/07\\\/11\\\/jeep-camp-oferece-emocao-e-aventura-em-sao-paulo\\\/#breadcrumb\",\"itemListElement\":[{\"@type\":\"ListItem\",\"position\":1,\"name\":\"Home\",\"item\":\"https:\\\/\\\/dana.com.br\\\/canaldana\\\/\"},{\"@type\":\"ListItem\",\"position\":2,\"name\":\"Mercado\",\"item\":\"https:\\\/\\\/dana.com.br\\\/canaldana\\\/mercado\\\/\"},{\"@type\":\"ListItem\",\"position\":3,\"name\":\"Jeep Camp oferece emo\u00e7\u00e3o e aventura em S\u00e3o Paulo\"}]},{\"@type\":\"WebSite\",\"@id\":\"https:\\\/\\\/dana.com.br\\\/canaldana\\\/#website\",\"url\":\"https:\\\/\\\/dana.com.br\\\/canaldana\\\/\",\"name\":\"Canal Dana\",\"description\":\"Informativo com as principais not\u00edcias da ind\u00fastria automotiva\",\"potentialAction\":[{\"@type\":\"SearchAction\",\"target\":{\"@type\":\"EntryPoint\",\"urlTemplate\":\"https:\\\/\\\/dana.com.br\\\/canaldana\\\/?s={search_term_string}\"},\"query-input\":{\"@type\":\"PropertyValueSpecification\",\"valueRequired\":true,\"valueName\":\"search_term_string\"}}],\"inLanguage\":\"pt-BR\"},{\"@type\":\"Person\",\"@id\":\"https:\\\/\\\/dana.com.br\\\/canaldana\\\/#\\\/schema\\\/person\\\/3c21f22f56fcf3bc46b94bc60ea4fef6\",\"name\":\"Canal Dana\",\"image\":{\"@type\":\"ImageObject\",\"inLanguage\":\"pt-BR\",\"@id\":\"https:\\\/\\\/secure.gravatar.com\\\/avatar\\\/420aaf9278582877d9018637c6817617705899d2858d7572ef0fe59a6b6454b4?s=96&d=mm&r=g\",\"url\":\"https:\\\/\\\/secure.gravatar.com\\\/avatar\\\/420aaf9278582877d9018637c6817617705899d2858d7572ef0fe59a6b6454b4?s=96&d=mm&r=g\",\"contentUrl\":\"https:\\\/\\\/secure.gravatar.com\\\/avatar\\\/420aaf9278582877d9018637c6817617705899d2858d7572ef0fe59a6b6454b4?s=96&d=mm&r=g\",\"caption\":\"Canal Dana\"},\"url\":\"https:\\\/\\\/dana.com.br\\\/canaldana\\\/author\\\/cdeditor\\\/\"}]}<\/script>\n<!-- \/ Yoast SEO plugin. -->","yoast_head_json":{"title":"Jeep Camp oferece emo\u00e7\u00e3o e aventura em S\u00e3o Paulo - Canal Dana","robots":{"index":"index","follow":"follow","max-snippet":"max-snippet:-1","max-image-preview":"max-image-preview:large","max-video-preview":"max-video-preview:-1"},"canonical":"https:\/\/dana.com.br\/canaldana\/2019\/07\/11\/jeep-camp-oferece-emocao-e-aventura-em-sao-paulo\/","og_locale":"pt_BR","og_type":"article","og_title":"Jeep Camp oferece emo\u00e7\u00e3o e aventura em S\u00e3o Paulo - Canal Dana","og_description":"Promoview &nbsp; Aberto ao p\u00fablico, evento com circuito off-road, empr\u00e9stimo de bicicletas, parede de escalada, est\u00fadio de tatuagem e food trucks vai at\u00e9 11 de agosto em Mairipor\u00e3. &nbsp; Para propiciar uma experi\u00eancia t\u00e3o aut\u00eantica quanto a Jeep, a marca vai realizar o Jeep Experience Camp, no Instituto Mairipor\u00e3 Thomaz Cruz. &nbsp; Ponto de encontro\u2026 Leia mais \u00bb","og_url":"https:\/\/dana.com.br\/canaldana\/2019\/07\/11\/jeep-camp-oferece-emocao-e-aventura-em-sao-paulo\/","og_site_name":"Canal Dana","article_published_time":"2019-07-11T11:42:45+00:00","author":"Canal Dana","twitter_card":"summary_large_image","twitter_misc":{"Escrito por":"Canal Dana","Est. tempo de leitura":"2 minutos"},"schema":{"@context":"https:\/\/schema.org","@graph":[{"@type":"Article","@id":"https:\/\/dana.com.br\/canaldana\/2019\/07\/11\/jeep-camp-oferece-emocao-e-aventura-em-sao-paulo\/#article","isPartOf":{"@id":"https:\/\/dana.com.br\/canaldana\/2019\/07\/11\/jeep-camp-oferece-emocao-e-aventura-em-sao-paulo\/"},"author":{"name":"Canal Dana","@id":"https:\/\/dana.com.br\/canaldana\/#\/schema\/person\/3c21f22f56fcf3bc46b94bc60ea4fef6"},"headline":"Jeep Camp oferece emo\u00e7\u00e3o e aventura em S\u00e3o Paulo","datePublished":"2019-07-11T11:42:45+00:00","mainEntityOfPage":{"@id":"https:\/\/dana.com.br\/canaldana\/2019\/07\/11\/jeep-camp-oferece-emocao-e-aventura-em-sao-paulo\/"},"wordCount":505,"articleSection":["Mercado"],"inLanguage":"pt-BR"},{"@type":"WebPage","@id":"https:\/\/dana.com.br\/canaldana\/2019\/07\/11\/jeep-camp-oferece-emocao-e-aventura-em-sao-paulo\/","url":"https:\/\/dana.com.br\/canaldana\/2019\/07\/11\/jeep-camp-oferece-emocao-e-aventura-em-sao-paulo\/","name":"Jeep Camp oferece emo\u00e7\u00e3o e aventura em S\u00e3o Paulo - Canal Dana","isPartOf":{"@id":"https:\/\/dana.com.br\/canaldana\/#website"},"datePublished":"2019-07-11T11:42:45+00:00","author":{"@id":"https:\/\/dana.com.br\/canaldana\/#\/schema\/person\/3c21f22f56fcf3bc46b94bc60ea4fef6"},"breadcrumb":{"@id":"https:\/\/dana.com.br\/canaldana\/2019\/07\/11\/jeep-camp-oferece-emocao-e-aventura-em-sao-paulo\/#breadcrumb"},"inLanguage":"pt-BR","potentialAction":[{"@type":"ReadAction","target":["https:\/\/dana.com.br\/canaldana\/2019\/07\/11\/jeep-camp-oferece-emocao-e-aventura-em-sao-paulo\/"]}]},{"@type":"BreadcrumbList","@id":"https:\/\/dana.com.br\/canaldana\/2019\/07\/11\/jeep-camp-oferece-emocao-e-aventura-em-sao-paulo\/#breadcrumb","itemListElement":[{"@type":"ListItem","position":1,"name":"Home","item":"https:\/\/dana.com.br\/canaldana\/"},{"@type":"ListItem","position":2,"name":"Mercado","item":"https:\/\/dana.com.br\/canaldana\/mercado\/"},{"@type":"ListItem","position":3,"name":"Jeep Camp oferece emo\u00e7\u00e3o e aventura em S\u00e3o Paulo"}]},{"@type":"WebSite","@id":"https:\/\/dana.com.br\/canaldana\/#website","url":"https:\/\/dana.com.br\/canaldana\/","name":"Canal Dana","description":"Informativo com as principais not\u00edcias da ind\u00fastria automotiva","potentialAction":[{"@type":"SearchAction","target":{"@type":"EntryPoint","urlTemplate":"https:\/\/dana.com.br\/canaldana\/?s={search_term_string}"},"query-input":{"@type":"PropertyValueSpecification","valueRequired":true,"valueName":"search_term_string"}}],"inLanguage":"pt-BR"},{"@type":"Person","@id":"https:\/\/dana.com.br\/canaldana\/#\/schema\/person\/3c21f22f56fcf3bc46b94bc60ea4fef6","name":"Canal Dana","image":{"@type":"ImageObject","inLanguage":"pt-BR","@id":"https:\/\/secure.gravatar.com\/avatar\/420aaf9278582877d9018637c6817617705899d2858d7572ef0fe59a6b6454b4?s=96&d=mm&r=g","url":"https:\/\/secure.gravatar.com\/avatar\/420aaf9278582877d9018637c6817617705899d2858d7572ef0fe59a6b6454b4?s=96&d=mm&r=g","contentUrl":"https:\/\/secure.gravatar.com\/avatar\/420aaf9278582877d9018637c6817617705899d2858d7572ef0fe59a6b6454b4?s=96&d=mm&r=g","caption":"Canal Dana"},"url":"https:\/\/dana.com.br\/canaldana\/author\/cdeditor\/"}]}},"_links":{"self":[{"href":"https:\/\/dana.com.br\/canaldana\/wp-json\/wp\/v2\/posts\/35700","targetHints":{"allow":["GET"]}}],"collection":[{"href":"https:\/\/dana.com.br\/canaldana\/wp-json\/wp\/v2\/posts"}],"about":[{"href":"https:\/\/dana.com.br\/canaldana\/wp-json\/wp\/v2\/types\/post"}],"author":[{"embeddable":true,"href":"https:\/\/dana.com.br\/canaldana\/wp-json\/wp\/v2\/users\/3"}],"replies":[{"embeddable":true,"href":"https:\/\/dana.com.br\/canaldana\/wp-json\/wp\/v2\/comments?post=35700"}],"version-history":[{"count":0,"href":"https:\/\/dana.com.br\/canaldana\/wp-json\/wp\/v2\/posts\/35700\/revisions"}],"wp:attachment":[{"href":"https:\/\/dana.com.br\/canaldana\/wp-json\/wp\/v2\/media?parent=35700"}],"wp:term":[{"taxonomy":"category","embeddable":true,"href":"https:\/\/dana.com.br\/canaldana\/wp-json\/wp\/v2\/categories?post=35700"},{"taxonomy":"post_tag","embeddable":true,"href":"https:\/\/dana.com.br\/canaldana\/wp-json\/wp\/v2\/tags?post=35700"}],"curies":[{"name":"wp","href":"https:\/\/api.w.org\/{rel}","templated":true}]}}