{"id":35632,"date":"2019-07-08T08:26:44","date_gmt":"2019-07-08T11:26:44","guid":{"rendered":"https:\/\/dana.com.br\/canaldana\/?p=35632"},"modified":"2019-07-08T08:26:44","modified_gmt":"2019-07-08T11:26:44","slug":"demanda-por-motos-avanca-16-no-semestre","status":"publish","type":"post","link":"https:\/\/dana.com.br\/canaldana\/2019\/07\/08\/demanda-por-motos-avanca-16-no-semestre\/","title":{"rendered":"Demanda por motos avan\u00e7a 16% no semestre"},"content":{"rendered":"<p><em>AutoInd\u00fastria<\/em><\/p>\n<p>&nbsp;<\/p>\n<p>Com 530,2 mil emplacamentos ao longo do primeiro semestre do ano, o segmento de motocicletas apontou avan\u00e7o de 16% sobre id\u00eantico per\u00edodo de 2018, quando foram comercializadas 530,2 mil unidades.<\/p>\n<p>&nbsp;<\/p>\n<p>Diante do desempenho registrado at\u00e9 agora, a Fenabrave decidiu rever para cima a meta de expans\u00e3o do mercado de motos para 2019. O \u00edndice de alta, estimado em 9,2% em abril, foi revisto esta semana para 10,6%, o que representar\u00e1, se concretizada a nova proje\u00e7\u00e3o, a venda de 1.040.000 de unidades.<\/p>\n<p>&nbsp;<\/p>\n<p>Em junho, foram licenciadas 80.040 motos, 8% a mais do que em igual m\u00eas do ano passado. Houve queda, no entanto, de 18,3% em rela\u00e7\u00e3o a maio, mas essa desacelera\u00e7\u00e3o \u00e9 atribu\u00edda ao menor n\u00famero de dias \u00fateis em junho e tamb\u00e9m \u00e0 falta de produto no mercado.<\/p>\n<p>&nbsp;<\/p>\n<p>\u201cPor causa da falta de componentes, as fabricantes ainda n\u00e3o conseguiram acelerar o ritmo de produ\u00e7\u00e3o, para acompanhar a nova demanda p\u00f3s-crise\u201d, comenta Carlos Porto, vice-presidente da Fenabrave para o segmento de motocicletas. \u201cCom isso, as motos de at\u00e9 250 cilindradas est\u00e3o sentindo mais esse impacto negativo e esse segmento representa 80% das vendas deste segmento\u201d.<\/p>\n<p>&nbsp;<\/p>\n<p>Com rela\u00e7\u00e3o \u00e0 disponibilidade de cr\u00e9dito para o setor, Porto diz que as institui\u00e7\u00f5es financeiras est\u00e3o mais abertas \u00e0 oferta de financiamento do que em 2018. \u201cDe cada dez fichas cadastrais, quatro est\u00e3o sendo aprovadas\u201d, informou. \u00c9 um n\u00famero ainda relativamente baixo, mas no passado a propor\u00e7\u00e3o chegou a ser de duas para cada dez fichas. (AutoInd\u00fastria)<\/p>\n","protected":false},"excerpt":{"rendered":"<p>AutoInd\u00fastria &nbsp; Com 530,2 mil emplacamentos ao longo do primeiro semestre do ano, o segmento de motocicletas apontou avan\u00e7o de 16% sobre id\u00eantico per\u00edodo de 2018, quando foram comercializadas 530,2 mil unidades. &nbsp; Diante do desempenho registrado at\u00e9 agora, a Fenabrave decidiu rever para cima a meta de expans\u00e3o do mercado de motos para 2019.\u2026 <a class=\"readmore\" href=\"https:\/\/dana.com.br\/canaldana\/2019\/07\/08\/demanda-por-motos-avanca-16-no-semestre\/\">Leia mais \u00bb<\/a><\/p>\n","protected":false},"author":3,"featured_media":0,"comment_status":"closed","ping_status":"closed","sticky":false,"template":"","format":"standard","meta":{"_acf_changed":false,"footnotes":""},"categories":[79],"tags":[],"class_list":["post-35632","post","type-post","status-publish","format-standard","hentry","category-mercado"],"acf":[],"yoast_head":"<!-- This site is optimized with the Yoast SEO plugin v27.3 - https:\/\/yoast.com\/product\/yoast-seo-wordpress\/ -->\n<title>Demanda por motos avan\u00e7a 16% no semestre - Canal Dana<\/title>\n<meta name=\"robots\" content=\"index, follow, max-snippet:-1, max-image-preview:large, max-video-preview:-1\" \/>\n<link rel=\"canonical\" href=\"https:\/\/dana.com.br\/canaldana\/2019\/07\/08\/demanda-por-motos-avanca-16-no-semestre\/\" \/>\n<meta property=\"og:locale\" content=\"pt_BR\" \/>\n<meta property=\"og:type\" content=\"article\" \/>\n<meta property=\"og:title\" content=\"Demanda por motos avan\u00e7a 16% no semestre - Canal Dana\" \/>\n<meta property=\"og:description\" content=\"AutoInd\u00fastria &nbsp; Com 530,2 mil emplacamentos ao longo do primeiro semestre do ano, o segmento de motocicletas apontou avan\u00e7o de 16% sobre id\u00eantico per\u00edodo de 2018, quando foram comercializadas 530,2 mil unidades. &nbsp; Diante do desempenho registrado at\u00e9 agora, a Fenabrave decidiu rever para cima a meta de expans\u00e3o do mercado de motos para 2019.\u2026 Leia mais \u00bb\" \/>\n<meta property=\"og:url\" content=\"https:\/\/dana.com.br\/canaldana\/2019\/07\/08\/demanda-por-motos-avanca-16-no-semestre\/\" \/>\n<meta property=\"og:site_name\" content=\"Canal Dana\" \/>\n<meta property=\"article:published_time\" content=\"2019-07-08T11:26:44+00:00\" \/>\n<meta name=\"author\" content=\"Canal Dana\" \/>\n<meta name=\"twitter:card\" content=\"summary_large_image\" \/>\n<meta name=\"twitter:label1\" content=\"Escrito por\" \/>\n\t<meta name=\"twitter:data1\" content=\"Canal Dana\" \/>\n\t<meta name=\"twitter:label2\" content=\"Est. tempo de leitura\" \/>\n\t<meta name=\"twitter:data2\" content=\"1 minuto\" \/>\n<script type=\"application\/ld+json\" class=\"yoast-schema-graph\">{\"@context\":\"https:\\\/\\\/schema.org\",\"@graph\":[{\"@type\":\"Article\",\"@id\":\"https:\\\/\\\/dana.com.br\\\/canaldana\\\/2019\\\/07\\\/08\\\/demanda-por-motos-avanca-16-no-semestre\\\/#article\",\"isPartOf\":{\"@id\":\"https:\\\/\\\/dana.com.br\\\/canaldana\\\/2019\\\/07\\\/08\\\/demanda-por-motos-avanca-16-no-semestre\\\/\"},\"author\":{\"name\":\"Canal Dana\",\"@id\":\"https:\\\/\\\/dana.com.br\\\/canaldana\\\/#\\\/schema\\\/person\\\/3c21f22f56fcf3bc46b94bc60ea4fef6\"},\"headline\":\"Demanda por motos avan\u00e7a 16% no semestre\",\"datePublished\":\"2019-07-08T11:26:44+00:00\",\"mainEntityOfPage\":{\"@id\":\"https:\\\/\\\/dana.com.br\\\/canaldana\\\/2019\\\/07\\\/08\\\/demanda-por-motos-avanca-16-no-semestre\\\/\"},\"wordCount\":260,\"articleSection\":[\"Mercado\"],\"inLanguage\":\"pt-BR\"},{\"@type\":\"WebPage\",\"@id\":\"https:\\\/\\\/dana.com.br\\\/canaldana\\\/2019\\\/07\\\/08\\\/demanda-por-motos-avanca-16-no-semestre\\\/\",\"url\":\"https:\\\/\\\/dana.com.br\\\/canaldana\\\/2019\\\/07\\\/08\\\/demanda-por-motos-avanca-16-no-semestre\\\/\",\"name\":\"Demanda por motos avan\u00e7a 16% no semestre - Canal Dana\",\"isPartOf\":{\"@id\":\"https:\\\/\\\/dana.com.br\\\/canaldana\\\/#website\"},\"datePublished\":\"2019-07-08T11:26:44+00:00\",\"author\":{\"@id\":\"https:\\\/\\\/dana.com.br\\\/canaldana\\\/#\\\/schema\\\/person\\\/3c21f22f56fcf3bc46b94bc60ea4fef6\"},\"breadcrumb\":{\"@id\":\"https:\\\/\\\/dana.com.br\\\/canaldana\\\/2019\\\/07\\\/08\\\/demanda-por-motos-avanca-16-no-semestre\\\/#breadcrumb\"},\"inLanguage\":\"pt-BR\",\"potentialAction\":[{\"@type\":\"ReadAction\",\"target\":[\"https:\\\/\\\/dana.com.br\\\/canaldana\\\/2019\\\/07\\\/08\\\/demanda-por-motos-avanca-16-no-semestre\\\/\"]}]},{\"@type\":\"BreadcrumbList\",\"@id\":\"https:\\\/\\\/dana.com.br\\\/canaldana\\\/2019\\\/07\\\/08\\\/demanda-por-motos-avanca-16-no-semestre\\\/#breadcrumb\",\"itemListElement\":[{\"@type\":\"ListItem\",\"position\":1,\"name\":\"Home\",\"item\":\"https:\\\/\\\/dana.com.br\\\/canaldana\\\/\"},{\"@type\":\"ListItem\",\"position\":2,\"name\":\"Mercado\",\"item\":\"https:\\\/\\\/dana.com.br\\\/canaldana\\\/mercado\\\/\"},{\"@type\":\"ListItem\",\"position\":3,\"name\":\"Demanda por motos avan\u00e7a 16% no semestre\"}]},{\"@type\":\"WebSite\",\"@id\":\"https:\\\/\\\/dana.com.br\\\/canaldana\\\/#website\",\"url\":\"https:\\\/\\\/dana.com.br\\\/canaldana\\\/\",\"name\":\"Canal Dana\",\"description\":\"Informativo com as principais not\u00edcias da ind\u00fastria automotiva\",\"potentialAction\":[{\"@type\":\"SearchAction\",\"target\":{\"@type\":\"EntryPoint\",\"urlTemplate\":\"https:\\\/\\\/dana.com.br\\\/canaldana\\\/?s={search_term_string}\"},\"query-input\":{\"@type\":\"PropertyValueSpecification\",\"valueRequired\":true,\"valueName\":\"search_term_string\"}}],\"inLanguage\":\"pt-BR\"},{\"@type\":\"Person\",\"@id\":\"https:\\\/\\\/dana.com.br\\\/canaldana\\\/#\\\/schema\\\/person\\\/3c21f22f56fcf3bc46b94bc60ea4fef6\",\"name\":\"Canal Dana\",\"image\":{\"@type\":\"ImageObject\",\"inLanguage\":\"pt-BR\",\"@id\":\"https:\\\/\\\/secure.gravatar.com\\\/avatar\\\/420aaf9278582877d9018637c6817617705899d2858d7572ef0fe59a6b6454b4?s=96&d=mm&r=g\",\"url\":\"https:\\\/\\\/secure.gravatar.com\\\/avatar\\\/420aaf9278582877d9018637c6817617705899d2858d7572ef0fe59a6b6454b4?s=96&d=mm&r=g\",\"contentUrl\":\"https:\\\/\\\/secure.gravatar.com\\\/avatar\\\/420aaf9278582877d9018637c6817617705899d2858d7572ef0fe59a6b6454b4?s=96&d=mm&r=g\",\"caption\":\"Canal Dana\"},\"url\":\"https:\\\/\\\/dana.com.br\\\/canaldana\\\/author\\\/cdeditor\\\/\"}]}<\/script>\n<!-- \/ Yoast SEO plugin. -->","yoast_head_json":{"title":"Demanda por motos avan\u00e7a 16% no semestre - Canal Dana","robots":{"index":"index","follow":"follow","max-snippet":"max-snippet:-1","max-image-preview":"max-image-preview:large","max-video-preview":"max-video-preview:-1"},"canonical":"https:\/\/dana.com.br\/canaldana\/2019\/07\/08\/demanda-por-motos-avanca-16-no-semestre\/","og_locale":"pt_BR","og_type":"article","og_title":"Demanda por motos avan\u00e7a 16% no semestre - Canal Dana","og_description":"AutoInd\u00fastria &nbsp; Com 530,2 mil emplacamentos ao longo do primeiro semestre do ano, o segmento de motocicletas apontou avan\u00e7o de 16% sobre id\u00eantico per\u00edodo de 2018, quando foram comercializadas 530,2 mil unidades. &nbsp; Diante do desempenho registrado at\u00e9 agora, a Fenabrave decidiu rever para cima a meta de expans\u00e3o do mercado de motos para 2019.\u2026 Leia mais \u00bb","og_url":"https:\/\/dana.com.br\/canaldana\/2019\/07\/08\/demanda-por-motos-avanca-16-no-semestre\/","og_site_name":"Canal Dana","article_published_time":"2019-07-08T11:26:44+00:00","author":"Canal Dana","twitter_card":"summary_large_image","twitter_misc":{"Escrito por":"Canal Dana","Est. tempo de leitura":"1 minuto"},"schema":{"@context":"https:\/\/schema.org","@graph":[{"@type":"Article","@id":"https:\/\/dana.com.br\/canaldana\/2019\/07\/08\/demanda-por-motos-avanca-16-no-semestre\/#article","isPartOf":{"@id":"https:\/\/dana.com.br\/canaldana\/2019\/07\/08\/demanda-por-motos-avanca-16-no-semestre\/"},"author":{"name":"Canal Dana","@id":"https:\/\/dana.com.br\/canaldana\/#\/schema\/person\/3c21f22f56fcf3bc46b94bc60ea4fef6"},"headline":"Demanda por motos avan\u00e7a 16% no semestre","datePublished":"2019-07-08T11:26:44+00:00","mainEntityOfPage":{"@id":"https:\/\/dana.com.br\/canaldana\/2019\/07\/08\/demanda-por-motos-avanca-16-no-semestre\/"},"wordCount":260,"articleSection":["Mercado"],"inLanguage":"pt-BR"},{"@type":"WebPage","@id":"https:\/\/dana.com.br\/canaldana\/2019\/07\/08\/demanda-por-motos-avanca-16-no-semestre\/","url":"https:\/\/dana.com.br\/canaldana\/2019\/07\/08\/demanda-por-motos-avanca-16-no-semestre\/","name":"Demanda por motos avan\u00e7a 16% no semestre - Canal Dana","isPartOf":{"@id":"https:\/\/dana.com.br\/canaldana\/#website"},"datePublished":"2019-07-08T11:26:44+00:00","author":{"@id":"https:\/\/dana.com.br\/canaldana\/#\/schema\/person\/3c21f22f56fcf3bc46b94bc60ea4fef6"},"breadcrumb":{"@id":"https:\/\/dana.com.br\/canaldana\/2019\/07\/08\/demanda-por-motos-avanca-16-no-semestre\/#breadcrumb"},"inLanguage":"pt-BR","potentialAction":[{"@type":"ReadAction","target":["https:\/\/dana.com.br\/canaldana\/2019\/07\/08\/demanda-por-motos-avanca-16-no-semestre\/"]}]},{"@type":"BreadcrumbList","@id":"https:\/\/dana.com.br\/canaldana\/2019\/07\/08\/demanda-por-motos-avanca-16-no-semestre\/#breadcrumb","itemListElement":[{"@type":"ListItem","position":1,"name":"Home","item":"https:\/\/dana.com.br\/canaldana\/"},{"@type":"ListItem","position":2,"name":"Mercado","item":"https:\/\/dana.com.br\/canaldana\/mercado\/"},{"@type":"ListItem","position":3,"name":"Demanda por motos avan\u00e7a 16% no semestre"}]},{"@type":"WebSite","@id":"https:\/\/dana.com.br\/canaldana\/#website","url":"https:\/\/dana.com.br\/canaldana\/","name":"Canal Dana","description":"Informativo com as principais not\u00edcias da ind\u00fastria automotiva","potentialAction":[{"@type":"SearchAction","target":{"@type":"EntryPoint","urlTemplate":"https:\/\/dana.com.br\/canaldana\/?s={search_term_string}"},"query-input":{"@type":"PropertyValueSpecification","valueRequired":true,"valueName":"search_term_string"}}],"inLanguage":"pt-BR"},{"@type":"Person","@id":"https:\/\/dana.com.br\/canaldana\/#\/schema\/person\/3c21f22f56fcf3bc46b94bc60ea4fef6","name":"Canal Dana","image":{"@type":"ImageObject","inLanguage":"pt-BR","@id":"https:\/\/secure.gravatar.com\/avatar\/420aaf9278582877d9018637c6817617705899d2858d7572ef0fe59a6b6454b4?s=96&d=mm&r=g","url":"https:\/\/secure.gravatar.com\/avatar\/420aaf9278582877d9018637c6817617705899d2858d7572ef0fe59a6b6454b4?s=96&d=mm&r=g","contentUrl":"https:\/\/secure.gravatar.com\/avatar\/420aaf9278582877d9018637c6817617705899d2858d7572ef0fe59a6b6454b4?s=96&d=mm&r=g","caption":"Canal Dana"},"url":"https:\/\/dana.com.br\/canaldana\/author\/cdeditor\/"}]}},"_links":{"self":[{"href":"https:\/\/dana.com.br\/canaldana\/wp-json\/wp\/v2\/posts\/35632","targetHints":{"allow":["GET"]}}],"collection":[{"href":"https:\/\/dana.com.br\/canaldana\/wp-json\/wp\/v2\/posts"}],"about":[{"href":"https:\/\/dana.com.br\/canaldana\/wp-json\/wp\/v2\/types\/post"}],"author":[{"embeddable":true,"href":"https:\/\/dana.com.br\/canaldana\/wp-json\/wp\/v2\/users\/3"}],"replies":[{"embeddable":true,"href":"https:\/\/dana.com.br\/canaldana\/wp-json\/wp\/v2\/comments?post=35632"}],"version-history":[{"count":0,"href":"https:\/\/dana.com.br\/canaldana\/wp-json\/wp\/v2\/posts\/35632\/revisions"}],"wp:attachment":[{"href":"https:\/\/dana.com.br\/canaldana\/wp-json\/wp\/v2\/media?parent=35632"}],"wp:term":[{"taxonomy":"category","embeddable":true,"href":"https:\/\/dana.com.br\/canaldana\/wp-json\/wp\/v2\/categories?post=35632"},{"taxonomy":"post_tag","embeddable":true,"href":"https:\/\/dana.com.br\/canaldana\/wp-json\/wp\/v2\/tags?post=35632"}],"curies":[{"name":"wp","href":"https:\/\/api.w.org\/{rel}","templated":true}]}}