{"id":35630,"date":"2019-07-08T08:26:13","date_gmt":"2019-07-08T11:26:13","guid":{"rendered":"https:\/\/dana.com.br\/canaldana\/?p=35630"},"modified":"2019-07-08T08:26:13","modified_gmt":"2019-07-08T11:26:13","slug":"mais-uma-vez-renault-alcanca-recorde-de-participacao-no-mercado-automotivo-do-brasil","status":"publish","type":"post","link":"https:\/\/dana.com.br\/canaldana\/2019\/07\/08\/mais-uma-vez-renault-alcanca-recorde-de-participacao-no-mercado-automotivo-do-brasil\/","title":{"rendered":"Mais uma vez, Renault alcan\u00e7a recorde de participa\u00e7\u00e3o no mercado automotivo do Brasil"},"content":{"rendered":"<p><em>Meio Norte<\/em><\/p>\n<p>&nbsp;<\/p>\n<p>A Renault fechou o primeiro semestre de 2019 com 9,1% de participa\u00e7\u00e3o de mercado, atingindo um aumento de 0,7 ponto percentual em rela\u00e7\u00e3o ao mesmo per\u00edodo de 2018, mantendo sua trajet\u00f3ria de crescimento no Brasil. Foram 112.824 unidades emplacadas nos primeiros seis meses do ano. Em junho, a montadora teve 10% de participa\u00e7\u00e3o de mercado. A Renault foi a quarta montadora que mais emplacou este ano, posi\u00e7\u00e3o obtida n\u00e3o s\u00f3 no acumulado, como tamb\u00e9m no m\u00eas de junho.<\/p>\n<p>&nbsp;<\/p>\n<p>Os destaques da marca s\u00e3o o Kwid, l\u00edder disparado do segmento de entrada com 54% de participa\u00e7\u00e3o e 7.882 unidades emplacadas em junho, e a Master, tamb\u00e9m l\u00edder na sua categoria com 49,5% de participa\u00e7\u00e3o e 617 unidades vendidas. (Meio Norte)<\/p>\n","protected":false},"excerpt":{"rendered":"<p>Meio Norte &nbsp; A Renault fechou o primeiro semestre de 2019 com 9,1% de participa\u00e7\u00e3o de mercado, atingindo um aumento de 0,7 ponto percentual em rela\u00e7\u00e3o ao mesmo per\u00edodo de 2018, mantendo sua trajet\u00f3ria de crescimento no Brasil. Foram 112.824 unidades emplacadas nos primeiros seis meses do ano. Em junho, a montadora teve 10% de\u2026 <a class=\"readmore\" href=\"https:\/\/dana.com.br\/canaldana\/2019\/07\/08\/mais-uma-vez-renault-alcanca-recorde-de-participacao-no-mercado-automotivo-do-brasil\/\">Leia mais \u00bb<\/a><\/p>\n","protected":false},"author":3,"featured_media":0,"comment_status":"closed","ping_status":"closed","sticky":false,"template":"","format":"standard","meta":{"_acf_changed":false,"footnotes":""},"categories":[79],"tags":[],"class_list":["post-35630","post","type-post","status-publish","format-standard","hentry","category-mercado"],"acf":[],"yoast_head":"<!-- This site is optimized with the Yoast SEO plugin v27.3 - https:\/\/yoast.com\/product\/yoast-seo-wordpress\/ -->\n<title>Mais uma vez, Renault alcan\u00e7a recorde de participa\u00e7\u00e3o no mercado automotivo do Brasil - Canal Dana<\/title>\n<meta name=\"robots\" content=\"index, follow, max-snippet:-1, max-image-preview:large, max-video-preview:-1\" \/>\n<link rel=\"canonical\" href=\"https:\/\/dana.com.br\/canaldana\/2019\/07\/08\/mais-uma-vez-renault-alcanca-recorde-de-participacao-no-mercado-automotivo-do-brasil\/\" \/>\n<meta property=\"og:locale\" content=\"pt_BR\" \/>\n<meta property=\"og:type\" content=\"article\" \/>\n<meta property=\"og:title\" content=\"Mais uma vez, Renault alcan\u00e7a recorde de participa\u00e7\u00e3o no mercado automotivo do Brasil - Canal Dana\" \/>\n<meta property=\"og:description\" content=\"Meio Norte &nbsp; A Renault fechou o primeiro semestre de 2019 com 9,1% de participa\u00e7\u00e3o de mercado, atingindo um aumento de 0,7 ponto percentual em rela\u00e7\u00e3o ao mesmo per\u00edodo de 2018, mantendo sua trajet\u00f3ria de crescimento no Brasil. Foram 112.824 unidades emplacadas nos primeiros seis meses do ano. Em junho, a montadora teve 10% de\u2026 Leia mais \u00bb\" \/>\n<meta property=\"og:url\" content=\"https:\/\/dana.com.br\/canaldana\/2019\/07\/08\/mais-uma-vez-renault-alcanca-recorde-de-participacao-no-mercado-automotivo-do-brasil\/\" \/>\n<meta property=\"og:site_name\" content=\"Canal Dana\" \/>\n<meta property=\"article:published_time\" content=\"2019-07-08T11:26:13+00:00\" \/>\n<meta name=\"author\" content=\"Canal Dana\" \/>\n<meta name=\"twitter:card\" content=\"summary_large_image\" \/>\n<meta name=\"twitter:label1\" content=\"Escrito por\" \/>\n\t<meta name=\"twitter:data1\" content=\"Canal Dana\" \/>\n\t<meta name=\"twitter:label2\" content=\"Est. tempo de leitura\" \/>\n\t<meta name=\"twitter:data2\" content=\"1 minuto\" \/>\n<script type=\"application\/ld+json\" class=\"yoast-schema-graph\">{\"@context\":\"https:\\\/\\\/schema.org\",\"@graph\":[{\"@type\":\"Article\",\"@id\":\"https:\\\/\\\/dana.com.br\\\/canaldana\\\/2019\\\/07\\\/08\\\/mais-uma-vez-renault-alcanca-recorde-de-participacao-no-mercado-automotivo-do-brasil\\\/#article\",\"isPartOf\":{\"@id\":\"https:\\\/\\\/dana.com.br\\\/canaldana\\\/2019\\\/07\\\/08\\\/mais-uma-vez-renault-alcanca-recorde-de-participacao-no-mercado-automotivo-do-brasil\\\/\"},\"author\":{\"name\":\"Canal Dana\",\"@id\":\"https:\\\/\\\/dana.com.br\\\/canaldana\\\/#\\\/schema\\\/person\\\/3c21f22f56fcf3bc46b94bc60ea4fef6\"},\"headline\":\"Mais uma vez, Renault alcan\u00e7a recorde de participa\u00e7\u00e3o no mercado automotivo do Brasil\",\"datePublished\":\"2019-07-08T11:26:13+00:00\",\"mainEntityOfPage\":{\"@id\":\"https:\\\/\\\/dana.com.br\\\/canaldana\\\/2019\\\/07\\\/08\\\/mais-uma-vez-renault-alcanca-recorde-de-participacao-no-mercado-automotivo-do-brasil\\\/\"},\"wordCount\":143,\"articleSection\":[\"Mercado\"],\"inLanguage\":\"pt-BR\"},{\"@type\":\"WebPage\",\"@id\":\"https:\\\/\\\/dana.com.br\\\/canaldana\\\/2019\\\/07\\\/08\\\/mais-uma-vez-renault-alcanca-recorde-de-participacao-no-mercado-automotivo-do-brasil\\\/\",\"url\":\"https:\\\/\\\/dana.com.br\\\/canaldana\\\/2019\\\/07\\\/08\\\/mais-uma-vez-renault-alcanca-recorde-de-participacao-no-mercado-automotivo-do-brasil\\\/\",\"name\":\"Mais uma vez, Renault alcan\u00e7a recorde de participa\u00e7\u00e3o no mercado automotivo do Brasil - Canal Dana\",\"isPartOf\":{\"@id\":\"https:\\\/\\\/dana.com.br\\\/canaldana\\\/#website\"},\"datePublished\":\"2019-07-08T11:26:13+00:00\",\"author\":{\"@id\":\"https:\\\/\\\/dana.com.br\\\/canaldana\\\/#\\\/schema\\\/person\\\/3c21f22f56fcf3bc46b94bc60ea4fef6\"},\"breadcrumb\":{\"@id\":\"https:\\\/\\\/dana.com.br\\\/canaldana\\\/2019\\\/07\\\/08\\\/mais-uma-vez-renault-alcanca-recorde-de-participacao-no-mercado-automotivo-do-brasil\\\/#breadcrumb\"},\"inLanguage\":\"pt-BR\",\"potentialAction\":[{\"@type\":\"ReadAction\",\"target\":[\"https:\\\/\\\/dana.com.br\\\/canaldana\\\/2019\\\/07\\\/08\\\/mais-uma-vez-renault-alcanca-recorde-de-participacao-no-mercado-automotivo-do-brasil\\\/\"]}]},{\"@type\":\"BreadcrumbList\",\"@id\":\"https:\\\/\\\/dana.com.br\\\/canaldana\\\/2019\\\/07\\\/08\\\/mais-uma-vez-renault-alcanca-recorde-de-participacao-no-mercado-automotivo-do-brasil\\\/#breadcrumb\",\"itemListElement\":[{\"@type\":\"ListItem\",\"position\":1,\"name\":\"Home\",\"item\":\"https:\\\/\\\/dana.com.br\\\/canaldana\\\/\"},{\"@type\":\"ListItem\",\"position\":2,\"name\":\"Mercado\",\"item\":\"https:\\\/\\\/dana.com.br\\\/canaldana\\\/mercado\\\/\"},{\"@type\":\"ListItem\",\"position\":3,\"name\":\"Mais uma vez, Renault alcan\u00e7a recorde de participa\u00e7\u00e3o no mercado automotivo do Brasil\"}]},{\"@type\":\"WebSite\",\"@id\":\"https:\\\/\\\/dana.com.br\\\/canaldana\\\/#website\",\"url\":\"https:\\\/\\\/dana.com.br\\\/canaldana\\\/\",\"name\":\"Canal Dana\",\"description\":\"Informativo com as principais not\u00edcias da ind\u00fastria automotiva\",\"potentialAction\":[{\"@type\":\"SearchAction\",\"target\":{\"@type\":\"EntryPoint\",\"urlTemplate\":\"https:\\\/\\\/dana.com.br\\\/canaldana\\\/?s={search_term_string}\"},\"query-input\":{\"@type\":\"PropertyValueSpecification\",\"valueRequired\":true,\"valueName\":\"search_term_string\"}}],\"inLanguage\":\"pt-BR\"},{\"@type\":\"Person\",\"@id\":\"https:\\\/\\\/dana.com.br\\\/canaldana\\\/#\\\/schema\\\/person\\\/3c21f22f56fcf3bc46b94bc60ea4fef6\",\"name\":\"Canal Dana\",\"image\":{\"@type\":\"ImageObject\",\"inLanguage\":\"pt-BR\",\"@id\":\"https:\\\/\\\/secure.gravatar.com\\\/avatar\\\/420aaf9278582877d9018637c6817617705899d2858d7572ef0fe59a6b6454b4?s=96&d=mm&r=g\",\"url\":\"https:\\\/\\\/secure.gravatar.com\\\/avatar\\\/420aaf9278582877d9018637c6817617705899d2858d7572ef0fe59a6b6454b4?s=96&d=mm&r=g\",\"contentUrl\":\"https:\\\/\\\/secure.gravatar.com\\\/avatar\\\/420aaf9278582877d9018637c6817617705899d2858d7572ef0fe59a6b6454b4?s=96&d=mm&r=g\",\"caption\":\"Canal Dana\"},\"url\":\"https:\\\/\\\/dana.com.br\\\/canaldana\\\/author\\\/cdeditor\\\/\"}]}<\/script>\n<!-- \/ Yoast SEO plugin. -->","yoast_head_json":{"title":"Mais uma vez, Renault alcan\u00e7a recorde de participa\u00e7\u00e3o no mercado automotivo do Brasil - Canal Dana","robots":{"index":"index","follow":"follow","max-snippet":"max-snippet:-1","max-image-preview":"max-image-preview:large","max-video-preview":"max-video-preview:-1"},"canonical":"https:\/\/dana.com.br\/canaldana\/2019\/07\/08\/mais-uma-vez-renault-alcanca-recorde-de-participacao-no-mercado-automotivo-do-brasil\/","og_locale":"pt_BR","og_type":"article","og_title":"Mais uma vez, Renault alcan\u00e7a recorde de participa\u00e7\u00e3o no mercado automotivo do Brasil - Canal Dana","og_description":"Meio Norte &nbsp; A Renault fechou o primeiro semestre de 2019 com 9,1% de participa\u00e7\u00e3o de mercado, atingindo um aumento de 0,7 ponto percentual em rela\u00e7\u00e3o ao mesmo per\u00edodo de 2018, mantendo sua trajet\u00f3ria de crescimento no Brasil. Foram 112.824 unidades emplacadas nos primeiros seis meses do ano. Em junho, a montadora teve 10% de\u2026 Leia mais \u00bb","og_url":"https:\/\/dana.com.br\/canaldana\/2019\/07\/08\/mais-uma-vez-renault-alcanca-recorde-de-participacao-no-mercado-automotivo-do-brasil\/","og_site_name":"Canal Dana","article_published_time":"2019-07-08T11:26:13+00:00","author":"Canal Dana","twitter_card":"summary_large_image","twitter_misc":{"Escrito por":"Canal Dana","Est. tempo de leitura":"1 minuto"},"schema":{"@context":"https:\/\/schema.org","@graph":[{"@type":"Article","@id":"https:\/\/dana.com.br\/canaldana\/2019\/07\/08\/mais-uma-vez-renault-alcanca-recorde-de-participacao-no-mercado-automotivo-do-brasil\/#article","isPartOf":{"@id":"https:\/\/dana.com.br\/canaldana\/2019\/07\/08\/mais-uma-vez-renault-alcanca-recorde-de-participacao-no-mercado-automotivo-do-brasil\/"},"author":{"name":"Canal Dana","@id":"https:\/\/dana.com.br\/canaldana\/#\/schema\/person\/3c21f22f56fcf3bc46b94bc60ea4fef6"},"headline":"Mais uma vez, Renault alcan\u00e7a recorde de participa\u00e7\u00e3o no mercado automotivo do Brasil","datePublished":"2019-07-08T11:26:13+00:00","mainEntityOfPage":{"@id":"https:\/\/dana.com.br\/canaldana\/2019\/07\/08\/mais-uma-vez-renault-alcanca-recorde-de-participacao-no-mercado-automotivo-do-brasil\/"},"wordCount":143,"articleSection":["Mercado"],"inLanguage":"pt-BR"},{"@type":"WebPage","@id":"https:\/\/dana.com.br\/canaldana\/2019\/07\/08\/mais-uma-vez-renault-alcanca-recorde-de-participacao-no-mercado-automotivo-do-brasil\/","url":"https:\/\/dana.com.br\/canaldana\/2019\/07\/08\/mais-uma-vez-renault-alcanca-recorde-de-participacao-no-mercado-automotivo-do-brasil\/","name":"Mais uma vez, Renault alcan\u00e7a recorde de participa\u00e7\u00e3o no mercado automotivo do Brasil - Canal Dana","isPartOf":{"@id":"https:\/\/dana.com.br\/canaldana\/#website"},"datePublished":"2019-07-08T11:26:13+00:00","author":{"@id":"https:\/\/dana.com.br\/canaldana\/#\/schema\/person\/3c21f22f56fcf3bc46b94bc60ea4fef6"},"breadcrumb":{"@id":"https:\/\/dana.com.br\/canaldana\/2019\/07\/08\/mais-uma-vez-renault-alcanca-recorde-de-participacao-no-mercado-automotivo-do-brasil\/#breadcrumb"},"inLanguage":"pt-BR","potentialAction":[{"@type":"ReadAction","target":["https:\/\/dana.com.br\/canaldana\/2019\/07\/08\/mais-uma-vez-renault-alcanca-recorde-de-participacao-no-mercado-automotivo-do-brasil\/"]}]},{"@type":"BreadcrumbList","@id":"https:\/\/dana.com.br\/canaldana\/2019\/07\/08\/mais-uma-vez-renault-alcanca-recorde-de-participacao-no-mercado-automotivo-do-brasil\/#breadcrumb","itemListElement":[{"@type":"ListItem","position":1,"name":"Home","item":"https:\/\/dana.com.br\/canaldana\/"},{"@type":"ListItem","position":2,"name":"Mercado","item":"https:\/\/dana.com.br\/canaldana\/mercado\/"},{"@type":"ListItem","position":3,"name":"Mais uma vez, Renault alcan\u00e7a recorde de participa\u00e7\u00e3o no mercado automotivo do Brasil"}]},{"@type":"WebSite","@id":"https:\/\/dana.com.br\/canaldana\/#website","url":"https:\/\/dana.com.br\/canaldana\/","name":"Canal Dana","description":"Informativo com as principais not\u00edcias da ind\u00fastria automotiva","potentialAction":[{"@type":"SearchAction","target":{"@type":"EntryPoint","urlTemplate":"https:\/\/dana.com.br\/canaldana\/?s={search_term_string}"},"query-input":{"@type":"PropertyValueSpecification","valueRequired":true,"valueName":"search_term_string"}}],"inLanguage":"pt-BR"},{"@type":"Person","@id":"https:\/\/dana.com.br\/canaldana\/#\/schema\/person\/3c21f22f56fcf3bc46b94bc60ea4fef6","name":"Canal Dana","image":{"@type":"ImageObject","inLanguage":"pt-BR","@id":"https:\/\/secure.gravatar.com\/avatar\/420aaf9278582877d9018637c6817617705899d2858d7572ef0fe59a6b6454b4?s=96&d=mm&r=g","url":"https:\/\/secure.gravatar.com\/avatar\/420aaf9278582877d9018637c6817617705899d2858d7572ef0fe59a6b6454b4?s=96&d=mm&r=g","contentUrl":"https:\/\/secure.gravatar.com\/avatar\/420aaf9278582877d9018637c6817617705899d2858d7572ef0fe59a6b6454b4?s=96&d=mm&r=g","caption":"Canal Dana"},"url":"https:\/\/dana.com.br\/canaldana\/author\/cdeditor\/"}]}},"_links":{"self":[{"href":"https:\/\/dana.com.br\/canaldana\/wp-json\/wp\/v2\/posts\/35630","targetHints":{"allow":["GET"]}}],"collection":[{"href":"https:\/\/dana.com.br\/canaldana\/wp-json\/wp\/v2\/posts"}],"about":[{"href":"https:\/\/dana.com.br\/canaldana\/wp-json\/wp\/v2\/types\/post"}],"author":[{"embeddable":true,"href":"https:\/\/dana.com.br\/canaldana\/wp-json\/wp\/v2\/users\/3"}],"replies":[{"embeddable":true,"href":"https:\/\/dana.com.br\/canaldana\/wp-json\/wp\/v2\/comments?post=35630"}],"version-history":[{"count":0,"href":"https:\/\/dana.com.br\/canaldana\/wp-json\/wp\/v2\/posts\/35630\/revisions"}],"wp:attachment":[{"href":"https:\/\/dana.com.br\/canaldana\/wp-json\/wp\/v2\/media?parent=35630"}],"wp:term":[{"taxonomy":"category","embeddable":true,"href":"https:\/\/dana.com.br\/canaldana\/wp-json\/wp\/v2\/categories?post=35630"},{"taxonomy":"post_tag","embeddable":true,"href":"https:\/\/dana.com.br\/canaldana\/wp-json\/wp\/v2\/tags?post=35630"}],"curies":[{"name":"wp","href":"https:\/\/api.w.org\/{rel}","templated":true}]}}