{"id":35559,"date":"2019-07-04T08:34:41","date_gmt":"2019-07-04T11:34:41","guid":{"rendered":"https:\/\/dana.com.br\/canaldana\/?p=35559"},"modified":"2019-07-04T08:34:41","modified_gmt":"2019-07-04T11:34:41","slug":"marcopolo-expoe-no-9o-encontro-anual-da-aettusc","status":"publish","type":"post","link":"https:\/\/dana.com.br\/canaldana\/2019\/07\/04\/marcopolo-expoe-no-9o-encontro-anual-da-aettusc\/","title":{"rendered":"Marcopolo exp\u00f5e no 9\u00ba encontro anual da AETTUSC"},"content":{"rendered":"<p><em>ShopTrans<\/em><\/p>\n<p>&nbsp;<\/p>\n<p>A Marcopolo participa, de 5 a 7 de julho, da 9\u00aa edi\u00e7\u00e3o do Encontro das Empresas de Transporte Tur\u00edstico de Santa Catarina, promovido pela Associa\u00e7\u00e3o das Empresas de Transporte Tur\u00edstico e de Fretamento de Santa Catarina \u2013 AETTUSC e o Sindicato das Empresas de Transporte Tur\u00edstico e de Fretamento Eventual e Tur\u00edstico de Santa Catarina \u2013 SINFRETTUSC. O evento, considerado o maior do mercado de \u00f4nibus no segmento de turismo e fretamento de Santa Catarina, ser\u00e1 realizado no Hotel Est\u00e2ncia Ribeir\u00e3o Grande, em Jaragu\u00e1 do Sul.<\/p>\n<p>&nbsp;<\/p>\n<p>O objetivo da fabricante \u00e9 se aproximar ainda mais das empresas operadoras de turismo de Santa Catarina. Segundo Rodrigo Pikussa, diretor do Neg\u00f3cio \u00d4nibus da Marcopolo, a crescente utiliza\u00e7\u00e3o de \u00f4nibus fretados no Pa\u00eds, e as vantagens que o servi\u00e7o proporciona, t\u00eam contribu\u00eddo para a utiliza\u00e7\u00e3o ainda maior de novas tecnologias e sofisticados equipamentos nos \u00f4nibus. \u201cA presen\u00e7a em eventos focados em segmentos de transportes como esse \u00e9 importante porque nos permite estar pr\u00f3ximos aos operadores para apresentar novidades que contribuam para elevar efici\u00eancia de sua opera\u00e7\u00e3o e satisfa\u00e7\u00e3o dos clientes e passageiros\u201d, destaca.<\/p>\n<p>&nbsp;<\/p>\n<p>Os modelos expostos pela Marcopolo s\u00e3o dois rodovi\u00e1rios Paradiso New G7 1800 DD. O primeiro conta com 52 poltronas Leito Master enquanto o segundo tem capacidade para transportar 27 passageiros em poltronas Leito Cama. Os modelos possuem especifica\u00e7\u00f5es que garantem o conforto, sofistica\u00e7\u00e3o e seguran\u00e7a em linhas de turismo nacionais e internacionais. (ShopTrans)<\/p>\n","protected":false},"excerpt":{"rendered":"<p>ShopTrans &nbsp; A Marcopolo participa, de 5 a 7 de julho, da 9\u00aa edi\u00e7\u00e3o do Encontro das Empresas de Transporte Tur\u00edstico de Santa Catarina, promovido pela Associa\u00e7\u00e3o das Empresas de Transporte Tur\u00edstico e de Fretamento de Santa Catarina \u2013 AETTUSC e o Sindicato das Empresas de Transporte Tur\u00edstico e de Fretamento Eventual e Tur\u00edstico de\u2026 <a class=\"readmore\" href=\"https:\/\/dana.com.br\/canaldana\/2019\/07\/04\/marcopolo-expoe-no-9o-encontro-anual-da-aettusc\/\">Leia mais \u00bb<\/a><\/p>\n","protected":false},"author":3,"featured_media":0,"comment_status":"closed","ping_status":"closed","sticky":false,"template":"","format":"standard","meta":{"_acf_changed":false,"footnotes":""},"categories":[82],"tags":[],"class_list":["post-35559","post","type-post","status-publish","format-standard","hentry","category-eventos"],"acf":[],"yoast_head":"<!-- This site is optimized with the Yoast SEO plugin v27.3 - https:\/\/yoast.com\/product\/yoast-seo-wordpress\/ -->\n<title>Marcopolo exp\u00f5e no 9\u00ba encontro anual da AETTUSC - Canal Dana<\/title>\n<meta name=\"robots\" content=\"index, follow, max-snippet:-1, max-image-preview:large, max-video-preview:-1\" \/>\n<link rel=\"canonical\" href=\"https:\/\/dana.com.br\/canaldana\/2019\/07\/04\/marcopolo-expoe-no-9o-encontro-anual-da-aettusc\/\" \/>\n<meta property=\"og:locale\" content=\"pt_BR\" \/>\n<meta property=\"og:type\" content=\"article\" \/>\n<meta property=\"og:title\" content=\"Marcopolo exp\u00f5e no 9\u00ba encontro anual da AETTUSC - Canal Dana\" \/>\n<meta property=\"og:description\" content=\"ShopTrans &nbsp; A Marcopolo participa, de 5 a 7 de julho, da 9\u00aa edi\u00e7\u00e3o do Encontro das Empresas de Transporte Tur\u00edstico de Santa Catarina, promovido pela Associa\u00e7\u00e3o das Empresas de Transporte Tur\u00edstico e de Fretamento de Santa Catarina \u2013 AETTUSC e o Sindicato das Empresas de Transporte Tur\u00edstico e de Fretamento Eventual e Tur\u00edstico de\u2026 Leia mais \u00bb\" \/>\n<meta property=\"og:url\" content=\"https:\/\/dana.com.br\/canaldana\/2019\/07\/04\/marcopolo-expoe-no-9o-encontro-anual-da-aettusc\/\" \/>\n<meta property=\"og:site_name\" content=\"Canal Dana\" \/>\n<meta property=\"article:published_time\" content=\"2019-07-04T11:34:41+00:00\" \/>\n<meta name=\"author\" content=\"Canal Dana\" \/>\n<meta name=\"twitter:card\" content=\"summary_large_image\" \/>\n<meta name=\"twitter:label1\" content=\"Escrito por\" \/>\n\t<meta name=\"twitter:data1\" content=\"Canal Dana\" \/>\n\t<meta name=\"twitter:label2\" content=\"Est. tempo de leitura\" \/>\n\t<meta name=\"twitter:data2\" content=\"1 minuto\" \/>\n<script type=\"application\/ld+json\" class=\"yoast-schema-graph\">{\"@context\":\"https:\\\/\\\/schema.org\",\"@graph\":[{\"@type\":\"Article\",\"@id\":\"https:\\\/\\\/dana.com.br\\\/canaldana\\\/2019\\\/07\\\/04\\\/marcopolo-expoe-no-9o-encontro-anual-da-aettusc\\\/#article\",\"isPartOf\":{\"@id\":\"https:\\\/\\\/dana.com.br\\\/canaldana\\\/2019\\\/07\\\/04\\\/marcopolo-expoe-no-9o-encontro-anual-da-aettusc\\\/\"},\"author\":{\"name\":\"Canal Dana\",\"@id\":\"https:\\\/\\\/dana.com.br\\\/canaldana\\\/#\\\/schema\\\/person\\\/3c21f22f56fcf3bc46b94bc60ea4fef6\"},\"headline\":\"Marcopolo exp\u00f5e no 9\u00ba encontro anual da AETTUSC\",\"datePublished\":\"2019-07-04T11:34:41+00:00\",\"mainEntityOfPage\":{\"@id\":\"https:\\\/\\\/dana.com.br\\\/canaldana\\\/2019\\\/07\\\/04\\\/marcopolo-expoe-no-9o-encontro-anual-da-aettusc\\\/\"},\"wordCount\":260,\"articleSection\":[\"Eventos\"],\"inLanguage\":\"pt-BR\"},{\"@type\":\"WebPage\",\"@id\":\"https:\\\/\\\/dana.com.br\\\/canaldana\\\/2019\\\/07\\\/04\\\/marcopolo-expoe-no-9o-encontro-anual-da-aettusc\\\/\",\"url\":\"https:\\\/\\\/dana.com.br\\\/canaldana\\\/2019\\\/07\\\/04\\\/marcopolo-expoe-no-9o-encontro-anual-da-aettusc\\\/\",\"name\":\"Marcopolo exp\u00f5e no 9\u00ba encontro anual da AETTUSC - Canal Dana\",\"isPartOf\":{\"@id\":\"https:\\\/\\\/dana.com.br\\\/canaldana\\\/#website\"},\"datePublished\":\"2019-07-04T11:34:41+00:00\",\"author\":{\"@id\":\"https:\\\/\\\/dana.com.br\\\/canaldana\\\/#\\\/schema\\\/person\\\/3c21f22f56fcf3bc46b94bc60ea4fef6\"},\"breadcrumb\":{\"@id\":\"https:\\\/\\\/dana.com.br\\\/canaldana\\\/2019\\\/07\\\/04\\\/marcopolo-expoe-no-9o-encontro-anual-da-aettusc\\\/#breadcrumb\"},\"inLanguage\":\"pt-BR\",\"potentialAction\":[{\"@type\":\"ReadAction\",\"target\":[\"https:\\\/\\\/dana.com.br\\\/canaldana\\\/2019\\\/07\\\/04\\\/marcopolo-expoe-no-9o-encontro-anual-da-aettusc\\\/\"]}]},{\"@type\":\"BreadcrumbList\",\"@id\":\"https:\\\/\\\/dana.com.br\\\/canaldana\\\/2019\\\/07\\\/04\\\/marcopolo-expoe-no-9o-encontro-anual-da-aettusc\\\/#breadcrumb\",\"itemListElement\":[{\"@type\":\"ListItem\",\"position\":1,\"name\":\"Home\",\"item\":\"https:\\\/\\\/dana.com.br\\\/canaldana\\\/\"},{\"@type\":\"ListItem\",\"position\":2,\"name\":\"Eventos\",\"item\":\"https:\\\/\\\/dana.com.br\\\/canaldana\\\/eventos\\\/\"},{\"@type\":\"ListItem\",\"position\":3,\"name\":\"Marcopolo exp\u00f5e no 9\u00ba encontro anual da AETTUSC\"}]},{\"@type\":\"WebSite\",\"@id\":\"https:\\\/\\\/dana.com.br\\\/canaldana\\\/#website\",\"url\":\"https:\\\/\\\/dana.com.br\\\/canaldana\\\/\",\"name\":\"Canal Dana\",\"description\":\"Informativo com as principais not\u00edcias da ind\u00fastria automotiva\",\"potentialAction\":[{\"@type\":\"SearchAction\",\"target\":{\"@type\":\"EntryPoint\",\"urlTemplate\":\"https:\\\/\\\/dana.com.br\\\/canaldana\\\/?s={search_term_string}\"},\"query-input\":{\"@type\":\"PropertyValueSpecification\",\"valueRequired\":true,\"valueName\":\"search_term_string\"}}],\"inLanguage\":\"pt-BR\"},{\"@type\":\"Person\",\"@id\":\"https:\\\/\\\/dana.com.br\\\/canaldana\\\/#\\\/schema\\\/person\\\/3c21f22f56fcf3bc46b94bc60ea4fef6\",\"name\":\"Canal Dana\",\"image\":{\"@type\":\"ImageObject\",\"inLanguage\":\"pt-BR\",\"@id\":\"https:\\\/\\\/secure.gravatar.com\\\/avatar\\\/420aaf9278582877d9018637c6817617705899d2858d7572ef0fe59a6b6454b4?s=96&d=mm&r=g\",\"url\":\"https:\\\/\\\/secure.gravatar.com\\\/avatar\\\/420aaf9278582877d9018637c6817617705899d2858d7572ef0fe59a6b6454b4?s=96&d=mm&r=g\",\"contentUrl\":\"https:\\\/\\\/secure.gravatar.com\\\/avatar\\\/420aaf9278582877d9018637c6817617705899d2858d7572ef0fe59a6b6454b4?s=96&d=mm&r=g\",\"caption\":\"Canal Dana\"},\"url\":\"https:\\\/\\\/dana.com.br\\\/canaldana\\\/author\\\/cdeditor\\\/\"}]}<\/script>\n<!-- \/ Yoast SEO plugin. -->","yoast_head_json":{"title":"Marcopolo exp\u00f5e no 9\u00ba encontro anual da AETTUSC - Canal Dana","robots":{"index":"index","follow":"follow","max-snippet":"max-snippet:-1","max-image-preview":"max-image-preview:large","max-video-preview":"max-video-preview:-1"},"canonical":"https:\/\/dana.com.br\/canaldana\/2019\/07\/04\/marcopolo-expoe-no-9o-encontro-anual-da-aettusc\/","og_locale":"pt_BR","og_type":"article","og_title":"Marcopolo exp\u00f5e no 9\u00ba encontro anual da AETTUSC - Canal Dana","og_description":"ShopTrans &nbsp; A Marcopolo participa, de 5 a 7 de julho, da 9\u00aa edi\u00e7\u00e3o do Encontro das Empresas de Transporte Tur\u00edstico de Santa Catarina, promovido pela Associa\u00e7\u00e3o das Empresas de Transporte Tur\u00edstico e de Fretamento de Santa Catarina \u2013 AETTUSC e o Sindicato das Empresas de Transporte Tur\u00edstico e de Fretamento Eventual e Tur\u00edstico de\u2026 Leia mais \u00bb","og_url":"https:\/\/dana.com.br\/canaldana\/2019\/07\/04\/marcopolo-expoe-no-9o-encontro-anual-da-aettusc\/","og_site_name":"Canal Dana","article_published_time":"2019-07-04T11:34:41+00:00","author":"Canal Dana","twitter_card":"summary_large_image","twitter_misc":{"Escrito por":"Canal Dana","Est. tempo de leitura":"1 minuto"},"schema":{"@context":"https:\/\/schema.org","@graph":[{"@type":"Article","@id":"https:\/\/dana.com.br\/canaldana\/2019\/07\/04\/marcopolo-expoe-no-9o-encontro-anual-da-aettusc\/#article","isPartOf":{"@id":"https:\/\/dana.com.br\/canaldana\/2019\/07\/04\/marcopolo-expoe-no-9o-encontro-anual-da-aettusc\/"},"author":{"name":"Canal Dana","@id":"https:\/\/dana.com.br\/canaldana\/#\/schema\/person\/3c21f22f56fcf3bc46b94bc60ea4fef6"},"headline":"Marcopolo exp\u00f5e no 9\u00ba encontro anual da AETTUSC","datePublished":"2019-07-04T11:34:41+00:00","mainEntityOfPage":{"@id":"https:\/\/dana.com.br\/canaldana\/2019\/07\/04\/marcopolo-expoe-no-9o-encontro-anual-da-aettusc\/"},"wordCount":260,"articleSection":["Eventos"],"inLanguage":"pt-BR"},{"@type":"WebPage","@id":"https:\/\/dana.com.br\/canaldana\/2019\/07\/04\/marcopolo-expoe-no-9o-encontro-anual-da-aettusc\/","url":"https:\/\/dana.com.br\/canaldana\/2019\/07\/04\/marcopolo-expoe-no-9o-encontro-anual-da-aettusc\/","name":"Marcopolo exp\u00f5e no 9\u00ba encontro anual da AETTUSC - Canal Dana","isPartOf":{"@id":"https:\/\/dana.com.br\/canaldana\/#website"},"datePublished":"2019-07-04T11:34:41+00:00","author":{"@id":"https:\/\/dana.com.br\/canaldana\/#\/schema\/person\/3c21f22f56fcf3bc46b94bc60ea4fef6"},"breadcrumb":{"@id":"https:\/\/dana.com.br\/canaldana\/2019\/07\/04\/marcopolo-expoe-no-9o-encontro-anual-da-aettusc\/#breadcrumb"},"inLanguage":"pt-BR","potentialAction":[{"@type":"ReadAction","target":["https:\/\/dana.com.br\/canaldana\/2019\/07\/04\/marcopolo-expoe-no-9o-encontro-anual-da-aettusc\/"]}]},{"@type":"BreadcrumbList","@id":"https:\/\/dana.com.br\/canaldana\/2019\/07\/04\/marcopolo-expoe-no-9o-encontro-anual-da-aettusc\/#breadcrumb","itemListElement":[{"@type":"ListItem","position":1,"name":"Home","item":"https:\/\/dana.com.br\/canaldana\/"},{"@type":"ListItem","position":2,"name":"Eventos","item":"https:\/\/dana.com.br\/canaldana\/eventos\/"},{"@type":"ListItem","position":3,"name":"Marcopolo exp\u00f5e no 9\u00ba encontro anual da AETTUSC"}]},{"@type":"WebSite","@id":"https:\/\/dana.com.br\/canaldana\/#website","url":"https:\/\/dana.com.br\/canaldana\/","name":"Canal Dana","description":"Informativo com as principais not\u00edcias da ind\u00fastria automotiva","potentialAction":[{"@type":"SearchAction","target":{"@type":"EntryPoint","urlTemplate":"https:\/\/dana.com.br\/canaldana\/?s={search_term_string}"},"query-input":{"@type":"PropertyValueSpecification","valueRequired":true,"valueName":"search_term_string"}}],"inLanguage":"pt-BR"},{"@type":"Person","@id":"https:\/\/dana.com.br\/canaldana\/#\/schema\/person\/3c21f22f56fcf3bc46b94bc60ea4fef6","name":"Canal Dana","image":{"@type":"ImageObject","inLanguage":"pt-BR","@id":"https:\/\/secure.gravatar.com\/avatar\/420aaf9278582877d9018637c6817617705899d2858d7572ef0fe59a6b6454b4?s=96&d=mm&r=g","url":"https:\/\/secure.gravatar.com\/avatar\/420aaf9278582877d9018637c6817617705899d2858d7572ef0fe59a6b6454b4?s=96&d=mm&r=g","contentUrl":"https:\/\/secure.gravatar.com\/avatar\/420aaf9278582877d9018637c6817617705899d2858d7572ef0fe59a6b6454b4?s=96&d=mm&r=g","caption":"Canal Dana"},"url":"https:\/\/dana.com.br\/canaldana\/author\/cdeditor\/"}]}},"_links":{"self":[{"href":"https:\/\/dana.com.br\/canaldana\/wp-json\/wp\/v2\/posts\/35559","targetHints":{"allow":["GET"]}}],"collection":[{"href":"https:\/\/dana.com.br\/canaldana\/wp-json\/wp\/v2\/posts"}],"about":[{"href":"https:\/\/dana.com.br\/canaldana\/wp-json\/wp\/v2\/types\/post"}],"author":[{"embeddable":true,"href":"https:\/\/dana.com.br\/canaldana\/wp-json\/wp\/v2\/users\/3"}],"replies":[{"embeddable":true,"href":"https:\/\/dana.com.br\/canaldana\/wp-json\/wp\/v2\/comments?post=35559"}],"version-history":[{"count":0,"href":"https:\/\/dana.com.br\/canaldana\/wp-json\/wp\/v2\/posts\/35559\/revisions"}],"wp:attachment":[{"href":"https:\/\/dana.com.br\/canaldana\/wp-json\/wp\/v2\/media?parent=35559"}],"wp:term":[{"taxonomy":"category","embeddable":true,"href":"https:\/\/dana.com.br\/canaldana\/wp-json\/wp\/v2\/categories?post=35559"},{"taxonomy":"post_tag","embeddable":true,"href":"https:\/\/dana.com.br\/canaldana\/wp-json\/wp\/v2\/tags?post=35559"}],"curies":[{"name":"wp","href":"https:\/\/api.w.org\/{rel}","templated":true}]}}