{"id":35519,"date":"2019-07-02T08:13:13","date_gmt":"2019-07-02T11:13:13","guid":{"rendered":"https:\/\/dana.com.br\/canaldana\/?p=35519"},"modified":"2019-07-02T08:13:13","modified_gmt":"2019-07-02T11:13:13","slug":"carro-europeu-pode-ter-taxa-cortada-pela-metade","status":"publish","type":"post","link":"https:\/\/dana.com.br\/canaldana\/2019\/07\/02\/carro-europeu-pode-ter-taxa-cortada-pela-metade\/","title":{"rendered":"Carro europeu pode ter taxa cortada pela metade"},"content":{"rendered":"<p><em>O Estado de S. Paulo <\/em><\/p>\n<p>&nbsp;<\/p>\n<p>O Brasil poder\u00e1 importar carros europeus com imposto de importa\u00e7\u00e3o reduzido pela metade assim que o acordo do Mercosul com a Uni\u00e3o Europeia entrar em vigor. Apesar de os termos preverem um prazo de 15 anos para zerar a taxa, os governos sul-americanos concordaram em baixar imediatamente o porcentual para uma cota de ve\u00edculos, que representa o que os pa\u00edses importaram dos europeus no ano passado.<\/p>\n<p>&nbsp;<\/p>\n<p>Cair\u00e1 de 35% para 17,5% o imposto de importa\u00e7\u00e3o para at\u00e9 50 mil carros por ano, sendo 32 mil para o Brasil. Essa \u00e9 a mesma quantidade importada pelo Brasil no ano passado. &#8220;Ent\u00e3o n\u00e3o ser\u00e1 uma abertura descontrolada. Acreditamos que preservamos o setor automotivo nacional ao mesmo tempo em que conseguimos abrir o mercado\u201d, afirmou o subsecret\u00e1rio de Negocia\u00e7\u00f5es Internacionais da Secretaria de Com\u00e9rcio Exterior, Alexandre Lobo.<\/p>\n<p>&nbsp;<\/p>\n<p>Ve\u00edculos que ultrapassarem a cota continuar\u00e3o pagando 35% por sete anos ap\u00f3s o in\u00edcio o acordo. Depois, as tarifas cair\u00e3o gradualmente chegando a 17,5% em dez anos e a zero em 15 anos. J\u00e1 as autope\u00e7as n\u00e3o ter\u00e3o car\u00eancia e a maior parte delas deve chegar \u00e0 taxa zero nos primeiros dez anos do acordo. (O Estado de S. Paulo\/Lorenna Rodrigues e Eduardo Rodrigues)<\/p>\n","protected":false},"excerpt":{"rendered":"<p>O Estado de S. Paulo &nbsp; O Brasil poder\u00e1 importar carros europeus com imposto de importa\u00e7\u00e3o reduzido pela metade assim que o acordo do Mercosul com a Uni\u00e3o Europeia entrar em vigor. Apesar de os termos preverem um prazo de 15 anos para zerar a taxa, os governos sul-americanos concordaram em baixar imediatamente o porcentual\u2026 <a class=\"readmore\" href=\"https:\/\/dana.com.br\/canaldana\/2019\/07\/02\/carro-europeu-pode-ter-taxa-cortada-pela-metade\/\">Leia mais \u00bb<\/a><\/p>\n","protected":false},"author":3,"featured_media":0,"comment_status":"closed","ping_status":"closed","sticky":false,"template":"","format":"standard","meta":{"_acf_changed":false,"footnotes":""},"categories":[61],"tags":[],"class_list":["post-35519","post","type-post","status-publish","format-standard","hentry","category-destaques"],"acf":[],"yoast_head":"<!-- This site is optimized with the Yoast SEO plugin v27.3 - https:\/\/yoast.com\/product\/yoast-seo-wordpress\/ -->\n<title>Carro europeu pode ter taxa cortada pela metade - Canal Dana<\/title>\n<meta name=\"robots\" content=\"index, follow, max-snippet:-1, max-image-preview:large, max-video-preview:-1\" \/>\n<link rel=\"canonical\" href=\"https:\/\/dana.com.br\/canaldana\/2019\/07\/02\/carro-europeu-pode-ter-taxa-cortada-pela-metade\/\" \/>\n<meta property=\"og:locale\" content=\"pt_BR\" \/>\n<meta property=\"og:type\" content=\"article\" \/>\n<meta property=\"og:title\" content=\"Carro europeu pode ter taxa cortada pela metade - Canal Dana\" \/>\n<meta property=\"og:description\" content=\"O Estado de S. Paulo &nbsp; O Brasil poder\u00e1 importar carros europeus com imposto de importa\u00e7\u00e3o reduzido pela metade assim que o acordo do Mercosul com a Uni\u00e3o Europeia entrar em vigor. Apesar de os termos preverem um prazo de 15 anos para zerar a taxa, os governos sul-americanos concordaram em baixar imediatamente o porcentual\u2026 Leia mais \u00bb\" \/>\n<meta property=\"og:url\" content=\"https:\/\/dana.com.br\/canaldana\/2019\/07\/02\/carro-europeu-pode-ter-taxa-cortada-pela-metade\/\" \/>\n<meta property=\"og:site_name\" content=\"Canal Dana\" \/>\n<meta property=\"article:published_time\" content=\"2019-07-02T11:13:13+00:00\" \/>\n<meta name=\"author\" content=\"Canal Dana\" \/>\n<meta name=\"twitter:card\" content=\"summary_large_image\" \/>\n<meta name=\"twitter:label1\" content=\"Escrito por\" \/>\n\t<meta name=\"twitter:data1\" content=\"Canal Dana\" \/>\n\t<meta name=\"twitter:label2\" content=\"Est. tempo de leitura\" \/>\n\t<meta name=\"twitter:data2\" content=\"1 minuto\" \/>\n<script type=\"application\/ld+json\" class=\"yoast-schema-graph\">{\"@context\":\"https:\\\/\\\/schema.org\",\"@graph\":[{\"@type\":\"Article\",\"@id\":\"https:\\\/\\\/dana.com.br\\\/canaldana\\\/2019\\\/07\\\/02\\\/carro-europeu-pode-ter-taxa-cortada-pela-metade\\\/#article\",\"isPartOf\":{\"@id\":\"https:\\\/\\\/dana.com.br\\\/canaldana\\\/2019\\\/07\\\/02\\\/carro-europeu-pode-ter-taxa-cortada-pela-metade\\\/\"},\"author\":{\"name\":\"Canal Dana\",\"@id\":\"https:\\\/\\\/dana.com.br\\\/canaldana\\\/#\\\/schema\\\/person\\\/3c21f22f56fcf3bc46b94bc60ea4fef6\"},\"headline\":\"Carro europeu pode ter taxa cortada pela metade\",\"datePublished\":\"2019-07-02T11:13:13+00:00\",\"mainEntityOfPage\":{\"@id\":\"https:\\\/\\\/dana.com.br\\\/canaldana\\\/2019\\\/07\\\/02\\\/carro-europeu-pode-ter-taxa-cortada-pela-metade\\\/\"},\"wordCount\":224,\"articleSection\":[\"Destaques\"],\"inLanguage\":\"pt-BR\"},{\"@type\":\"WebPage\",\"@id\":\"https:\\\/\\\/dana.com.br\\\/canaldana\\\/2019\\\/07\\\/02\\\/carro-europeu-pode-ter-taxa-cortada-pela-metade\\\/\",\"url\":\"https:\\\/\\\/dana.com.br\\\/canaldana\\\/2019\\\/07\\\/02\\\/carro-europeu-pode-ter-taxa-cortada-pela-metade\\\/\",\"name\":\"Carro europeu pode ter taxa cortada pela metade - Canal Dana\",\"isPartOf\":{\"@id\":\"https:\\\/\\\/dana.com.br\\\/canaldana\\\/#website\"},\"datePublished\":\"2019-07-02T11:13:13+00:00\",\"author\":{\"@id\":\"https:\\\/\\\/dana.com.br\\\/canaldana\\\/#\\\/schema\\\/person\\\/3c21f22f56fcf3bc46b94bc60ea4fef6\"},\"breadcrumb\":{\"@id\":\"https:\\\/\\\/dana.com.br\\\/canaldana\\\/2019\\\/07\\\/02\\\/carro-europeu-pode-ter-taxa-cortada-pela-metade\\\/#breadcrumb\"},\"inLanguage\":\"pt-BR\",\"potentialAction\":[{\"@type\":\"ReadAction\",\"target\":[\"https:\\\/\\\/dana.com.br\\\/canaldana\\\/2019\\\/07\\\/02\\\/carro-europeu-pode-ter-taxa-cortada-pela-metade\\\/\"]}]},{\"@type\":\"BreadcrumbList\",\"@id\":\"https:\\\/\\\/dana.com.br\\\/canaldana\\\/2019\\\/07\\\/02\\\/carro-europeu-pode-ter-taxa-cortada-pela-metade\\\/#breadcrumb\",\"itemListElement\":[{\"@type\":\"ListItem\",\"position\":1,\"name\":\"Home\",\"item\":\"https:\\\/\\\/dana.com.br\\\/canaldana\\\/\"},{\"@type\":\"ListItem\",\"position\":2,\"name\":\"Destaques\",\"item\":\"https:\\\/\\\/dana.com.br\\\/canaldana\\\/destaques\\\/\"},{\"@type\":\"ListItem\",\"position\":3,\"name\":\"Carro europeu pode ter taxa cortada pela metade\"}]},{\"@type\":\"WebSite\",\"@id\":\"https:\\\/\\\/dana.com.br\\\/canaldana\\\/#website\",\"url\":\"https:\\\/\\\/dana.com.br\\\/canaldana\\\/\",\"name\":\"Canal Dana\",\"description\":\"Informativo com as principais not\u00edcias da ind\u00fastria automotiva\",\"potentialAction\":[{\"@type\":\"SearchAction\",\"target\":{\"@type\":\"EntryPoint\",\"urlTemplate\":\"https:\\\/\\\/dana.com.br\\\/canaldana\\\/?s={search_term_string}\"},\"query-input\":{\"@type\":\"PropertyValueSpecification\",\"valueRequired\":true,\"valueName\":\"search_term_string\"}}],\"inLanguage\":\"pt-BR\"},{\"@type\":\"Person\",\"@id\":\"https:\\\/\\\/dana.com.br\\\/canaldana\\\/#\\\/schema\\\/person\\\/3c21f22f56fcf3bc46b94bc60ea4fef6\",\"name\":\"Canal Dana\",\"image\":{\"@type\":\"ImageObject\",\"inLanguage\":\"pt-BR\",\"@id\":\"https:\\\/\\\/secure.gravatar.com\\\/avatar\\\/420aaf9278582877d9018637c6817617705899d2858d7572ef0fe59a6b6454b4?s=96&d=mm&r=g\",\"url\":\"https:\\\/\\\/secure.gravatar.com\\\/avatar\\\/420aaf9278582877d9018637c6817617705899d2858d7572ef0fe59a6b6454b4?s=96&d=mm&r=g\",\"contentUrl\":\"https:\\\/\\\/secure.gravatar.com\\\/avatar\\\/420aaf9278582877d9018637c6817617705899d2858d7572ef0fe59a6b6454b4?s=96&d=mm&r=g\",\"caption\":\"Canal Dana\"},\"url\":\"https:\\\/\\\/dana.com.br\\\/canaldana\\\/author\\\/cdeditor\\\/\"}]}<\/script>\n<!-- \/ Yoast SEO plugin. -->","yoast_head_json":{"title":"Carro europeu pode ter taxa cortada pela metade - Canal Dana","robots":{"index":"index","follow":"follow","max-snippet":"max-snippet:-1","max-image-preview":"max-image-preview:large","max-video-preview":"max-video-preview:-1"},"canonical":"https:\/\/dana.com.br\/canaldana\/2019\/07\/02\/carro-europeu-pode-ter-taxa-cortada-pela-metade\/","og_locale":"pt_BR","og_type":"article","og_title":"Carro europeu pode ter taxa cortada pela metade - Canal Dana","og_description":"O Estado de S. Paulo &nbsp; O Brasil poder\u00e1 importar carros europeus com imposto de importa\u00e7\u00e3o reduzido pela metade assim que o acordo do Mercosul com a Uni\u00e3o Europeia entrar em vigor. Apesar de os termos preverem um prazo de 15 anos para zerar a taxa, os governos sul-americanos concordaram em baixar imediatamente o porcentual\u2026 Leia mais \u00bb","og_url":"https:\/\/dana.com.br\/canaldana\/2019\/07\/02\/carro-europeu-pode-ter-taxa-cortada-pela-metade\/","og_site_name":"Canal Dana","article_published_time":"2019-07-02T11:13:13+00:00","author":"Canal Dana","twitter_card":"summary_large_image","twitter_misc":{"Escrito por":"Canal Dana","Est. tempo de leitura":"1 minuto"},"schema":{"@context":"https:\/\/schema.org","@graph":[{"@type":"Article","@id":"https:\/\/dana.com.br\/canaldana\/2019\/07\/02\/carro-europeu-pode-ter-taxa-cortada-pela-metade\/#article","isPartOf":{"@id":"https:\/\/dana.com.br\/canaldana\/2019\/07\/02\/carro-europeu-pode-ter-taxa-cortada-pela-metade\/"},"author":{"name":"Canal Dana","@id":"https:\/\/dana.com.br\/canaldana\/#\/schema\/person\/3c21f22f56fcf3bc46b94bc60ea4fef6"},"headline":"Carro europeu pode ter taxa cortada pela metade","datePublished":"2019-07-02T11:13:13+00:00","mainEntityOfPage":{"@id":"https:\/\/dana.com.br\/canaldana\/2019\/07\/02\/carro-europeu-pode-ter-taxa-cortada-pela-metade\/"},"wordCount":224,"articleSection":["Destaques"],"inLanguage":"pt-BR"},{"@type":"WebPage","@id":"https:\/\/dana.com.br\/canaldana\/2019\/07\/02\/carro-europeu-pode-ter-taxa-cortada-pela-metade\/","url":"https:\/\/dana.com.br\/canaldana\/2019\/07\/02\/carro-europeu-pode-ter-taxa-cortada-pela-metade\/","name":"Carro europeu pode ter taxa cortada pela metade - Canal Dana","isPartOf":{"@id":"https:\/\/dana.com.br\/canaldana\/#website"},"datePublished":"2019-07-02T11:13:13+00:00","author":{"@id":"https:\/\/dana.com.br\/canaldana\/#\/schema\/person\/3c21f22f56fcf3bc46b94bc60ea4fef6"},"breadcrumb":{"@id":"https:\/\/dana.com.br\/canaldana\/2019\/07\/02\/carro-europeu-pode-ter-taxa-cortada-pela-metade\/#breadcrumb"},"inLanguage":"pt-BR","potentialAction":[{"@type":"ReadAction","target":["https:\/\/dana.com.br\/canaldana\/2019\/07\/02\/carro-europeu-pode-ter-taxa-cortada-pela-metade\/"]}]},{"@type":"BreadcrumbList","@id":"https:\/\/dana.com.br\/canaldana\/2019\/07\/02\/carro-europeu-pode-ter-taxa-cortada-pela-metade\/#breadcrumb","itemListElement":[{"@type":"ListItem","position":1,"name":"Home","item":"https:\/\/dana.com.br\/canaldana\/"},{"@type":"ListItem","position":2,"name":"Destaques","item":"https:\/\/dana.com.br\/canaldana\/destaques\/"},{"@type":"ListItem","position":3,"name":"Carro europeu pode ter taxa cortada pela metade"}]},{"@type":"WebSite","@id":"https:\/\/dana.com.br\/canaldana\/#website","url":"https:\/\/dana.com.br\/canaldana\/","name":"Canal Dana","description":"Informativo com as principais not\u00edcias da ind\u00fastria automotiva","potentialAction":[{"@type":"SearchAction","target":{"@type":"EntryPoint","urlTemplate":"https:\/\/dana.com.br\/canaldana\/?s={search_term_string}"},"query-input":{"@type":"PropertyValueSpecification","valueRequired":true,"valueName":"search_term_string"}}],"inLanguage":"pt-BR"},{"@type":"Person","@id":"https:\/\/dana.com.br\/canaldana\/#\/schema\/person\/3c21f22f56fcf3bc46b94bc60ea4fef6","name":"Canal Dana","image":{"@type":"ImageObject","inLanguage":"pt-BR","@id":"https:\/\/secure.gravatar.com\/avatar\/420aaf9278582877d9018637c6817617705899d2858d7572ef0fe59a6b6454b4?s=96&d=mm&r=g","url":"https:\/\/secure.gravatar.com\/avatar\/420aaf9278582877d9018637c6817617705899d2858d7572ef0fe59a6b6454b4?s=96&d=mm&r=g","contentUrl":"https:\/\/secure.gravatar.com\/avatar\/420aaf9278582877d9018637c6817617705899d2858d7572ef0fe59a6b6454b4?s=96&d=mm&r=g","caption":"Canal Dana"},"url":"https:\/\/dana.com.br\/canaldana\/author\/cdeditor\/"}]}},"_links":{"self":[{"href":"https:\/\/dana.com.br\/canaldana\/wp-json\/wp\/v2\/posts\/35519","targetHints":{"allow":["GET"]}}],"collection":[{"href":"https:\/\/dana.com.br\/canaldana\/wp-json\/wp\/v2\/posts"}],"about":[{"href":"https:\/\/dana.com.br\/canaldana\/wp-json\/wp\/v2\/types\/post"}],"author":[{"embeddable":true,"href":"https:\/\/dana.com.br\/canaldana\/wp-json\/wp\/v2\/users\/3"}],"replies":[{"embeddable":true,"href":"https:\/\/dana.com.br\/canaldana\/wp-json\/wp\/v2\/comments?post=35519"}],"version-history":[{"count":0,"href":"https:\/\/dana.com.br\/canaldana\/wp-json\/wp\/v2\/posts\/35519\/revisions"}],"wp:attachment":[{"href":"https:\/\/dana.com.br\/canaldana\/wp-json\/wp\/v2\/media?parent=35519"}],"wp:term":[{"taxonomy":"category","embeddable":true,"href":"https:\/\/dana.com.br\/canaldana\/wp-json\/wp\/v2\/categories?post=35519"},{"taxonomy":"post_tag","embeddable":true,"href":"https:\/\/dana.com.br\/canaldana\/wp-json\/wp\/v2\/tags?post=35519"}],"curies":[{"name":"wp","href":"https:\/\/api.w.org\/{rel}","templated":true}]}}