{"id":35492,"date":"2019-07-01T08:31:56","date_gmt":"2019-07-01T11:31:56","guid":{"rendered":"https:\/\/dana.com.br\/canaldana\/?p=35492"},"modified":"2019-07-01T08:31:56","modified_gmt":"2019-07-01T11:31:56","slug":"iveco-estima-crescimento-de-18-na-rede-de-atendimento","status":"publish","type":"post","link":"https:\/\/dana.com.br\/canaldana\/2019\/07\/01\/iveco-estima-crescimento-de-18-na-rede-de-atendimento\/","title":{"rendered":"Iveco estima crescimento de 18% na rede de atendimento"},"content":{"rendered":"<p><em>AutoInd\u00fastria <\/em><\/p>\n<p>&nbsp;<\/p>\n<p>Al\u00e9m de fortalecer o portf\u00f3lio de produtos com ve\u00edculos in\u00e9ditos em pouco mais de um ano e meio, casos do Daily City, da linha Hi-Road e, mais recentemente, a renova\u00e7\u00e3o e introdu\u00e7\u00e3o de novos integrantes na fam\u00edlia Tector, resultado de investimento de R$ 120 milh\u00f5es, a Iveco tamb\u00e9m impulsiona sua rede de atendimento de venda e p\u00f3s-venda.<\/p>\n<p>&nbsp;<\/p>\n<p>A empresa espera contar at\u00e9 o fim do ano 84 unidades no Pa\u00eds, dentre concession\u00e1rias e pontos assist\u00eancias, crescimento de 18% sobre a rede atual, com 11 pontos e 60 concession\u00e1rias.<\/p>\n<p>&nbsp;<\/p>\n<p>Marco Borba, vice-presidente da Iveco para a Am\u00e9rica do Sul, destaca que ap\u00f3s 20 anos de opera\u00e7\u00e3o no Pa\u00eds, completados em 2017, a companhia est\u00e1 preparada para crescer, especialmente porque o ciclo de recentes lan\u00e7amentos \u00e9 resultado de trabalho iniciado no per\u00edodo de crise<\/p>\n<p>&nbsp;<\/p>\n<p>\u201cA empresa hoje est\u00e1 mais voltada para o cliente, disposta a rever processos se for preciso\u201d, observou durante lan\u00e7amento dos Tector 9.190 e 11.190, ve\u00edculos com os quais passa competir em segmento em que n\u00e3o atuava. \u201cTrabalhamos para oferecer uma experi\u00eancia \u00fanica ao cliente, que come\u00e7ou em uma \u00e9poca ruim, em meio \u00e0s dificuldades econ\u00f3mica no Pa\u00eds. O pior j\u00e1 passou e o horizonte que se desenha \u00e9 promissor\u201d.<\/p>\n<p>&nbsp;<\/p>\n<p>De acordo com Borba, somente nos \u00faltimos cinco meses, seis pontos foram inaugurados para dar cobertura a Manaus (AM), Fortaleza (CE), Rio Branco (AC), Salvador (BA), Recife (PE) e Feira de Santana (BA). Dois outros mercados ser\u00e3o anunciados em breve.<\/p>\n<p>&nbsp;<\/p>\n<p>Com a expans\u00e3o da rede, a companhia tamb\u00e9m d\u00e1 passos largos na padroniza\u00e7\u00e3o do atendimento dos servi\u00e7os. De acordo com o vice-presidente o trabalho j\u00e1 promoveu uma redu\u00e7\u00e3o de 50% no tempo do caminh\u00e3o parado nas oficinas da rede. \u201cEstamos comprometidos a fazer da Iveco uma marca forte e o cliente j\u00e1 nos enxerga de maneira diferente, fruto do di\u00e1logo que tende a se perpetuar\u201d.<\/p>\n<p>&nbsp;<\/p>\n<p>A sa\u00edda da Ford Caminh\u00f5es tamb\u00e9m dever\u00e1 contribuir para o desempenho da Iveco tanto no que diz respeito ao mercado quanto expans\u00e3o de rede. Os recentes lan\u00e7amentos do Tector para 9 e 11 toneladas se apresentam como rivais diretos de modelos que estar\u00e3o fora do jogo com razo\u00e1vel participa\u00e7\u00e3o nas vendas dos segmentos, como os Cargo 816 e 1119.<\/p>\n<p>&nbsp;<\/p>\n<p>\u201cUma pena um concorrente com elevada participa\u00e7\u00e3o sair do mercado\u201d, lamentou Borba. \u201cMas foi uma surpresa que abre uma oportunidade que n\u00e3o cont\u00e1vamos. Al\u00e9m dos ve\u00edculos da Ford terem sido usados como compara\u00e7\u00e3o no desenvolvimento dos novos Tector, j\u00e1 fomos procurados por alguns concession\u00e1rios da marca\u201d.<\/p>\n<p>&nbsp;<\/p>\n<p>Nos cinco primeiros meses do ano, a Iveco registrou um crescimento nas vendas de 47,6% sobre o mesmo per\u00edodo do ano passado, com 1,4 mil unidades negociadas. At\u00e9 o fim de 2019, Borba estima uma expans\u00e3o da marca na ordem de 30% em mercado total de 110 mil unidades, incluindo o segmento de at\u00e9 3,5 toneladas. (AutoInd\u00fastria\/D\u00e9cio Costa)<\/p>\n","protected":false},"excerpt":{"rendered":"<p>AutoInd\u00fastria &nbsp; Al\u00e9m de fortalecer o portf\u00f3lio de produtos com ve\u00edculos in\u00e9ditos em pouco mais de um ano e meio, casos do Daily City, da linha Hi-Road e, mais recentemente, a renova\u00e7\u00e3o e introdu\u00e7\u00e3o de novos integrantes na fam\u00edlia Tector, resultado de investimento de R$ 120 milh\u00f5es, a Iveco tamb\u00e9m impulsiona sua rede de atendimento\u2026 <a class=\"readmore\" href=\"https:\/\/dana.com.br\/canaldana\/2019\/07\/01\/iveco-estima-crescimento-de-18-na-rede-de-atendimento\/\">Leia mais \u00bb<\/a><\/p>\n","protected":false},"author":3,"featured_media":0,"comment_status":"closed","ping_status":"closed","sticky":false,"template":"","format":"standard","meta":{"_acf_changed":false,"footnotes":""},"categories":[61],"tags":[],"class_list":["post-35492","post","type-post","status-publish","format-standard","hentry","category-destaques"],"acf":[],"yoast_head":"<!-- This site is optimized with the Yoast SEO plugin v27.3 - https:\/\/yoast.com\/product\/yoast-seo-wordpress\/ -->\n<title>Iveco estima crescimento de 18% na rede de atendimento - Canal Dana<\/title>\n<meta name=\"robots\" content=\"index, follow, max-snippet:-1, max-image-preview:large, max-video-preview:-1\" \/>\n<link rel=\"canonical\" href=\"https:\/\/dana.com.br\/canaldana\/2019\/07\/01\/iveco-estima-crescimento-de-18-na-rede-de-atendimento\/\" \/>\n<meta property=\"og:locale\" content=\"pt_BR\" \/>\n<meta property=\"og:type\" content=\"article\" \/>\n<meta property=\"og:title\" content=\"Iveco estima crescimento de 18% na rede de atendimento - Canal Dana\" \/>\n<meta property=\"og:description\" content=\"AutoInd\u00fastria &nbsp; Al\u00e9m de fortalecer o portf\u00f3lio de produtos com ve\u00edculos in\u00e9ditos em pouco mais de um ano e meio, casos do Daily City, da linha Hi-Road e, mais recentemente, a renova\u00e7\u00e3o e introdu\u00e7\u00e3o de novos integrantes na fam\u00edlia Tector, resultado de investimento de R$ 120 milh\u00f5es, a Iveco tamb\u00e9m impulsiona sua rede de atendimento\u2026 Leia mais \u00bb\" \/>\n<meta property=\"og:url\" content=\"https:\/\/dana.com.br\/canaldana\/2019\/07\/01\/iveco-estima-crescimento-de-18-na-rede-de-atendimento\/\" \/>\n<meta property=\"og:site_name\" content=\"Canal Dana\" \/>\n<meta property=\"article:published_time\" content=\"2019-07-01T11:31:56+00:00\" \/>\n<meta name=\"author\" content=\"Canal Dana\" \/>\n<meta name=\"twitter:card\" content=\"summary_large_image\" \/>\n<meta name=\"twitter:label1\" content=\"Escrito por\" \/>\n\t<meta name=\"twitter:data1\" content=\"Canal Dana\" \/>\n\t<meta name=\"twitter:label2\" content=\"Est. tempo de leitura\" \/>\n\t<meta name=\"twitter:data2\" content=\"3 minutos\" \/>\n<script type=\"application\/ld+json\" class=\"yoast-schema-graph\">{\"@context\":\"https:\\\/\\\/schema.org\",\"@graph\":[{\"@type\":\"Article\",\"@id\":\"https:\\\/\\\/dana.com.br\\\/canaldana\\\/2019\\\/07\\\/01\\\/iveco-estima-crescimento-de-18-na-rede-de-atendimento\\\/#article\",\"isPartOf\":{\"@id\":\"https:\\\/\\\/dana.com.br\\\/canaldana\\\/2019\\\/07\\\/01\\\/iveco-estima-crescimento-de-18-na-rede-de-atendimento\\\/\"},\"author\":{\"name\":\"Canal Dana\",\"@id\":\"https:\\\/\\\/dana.com.br\\\/canaldana\\\/#\\\/schema\\\/person\\\/3c21f22f56fcf3bc46b94bc60ea4fef6\"},\"headline\":\"Iveco estima crescimento de 18% na rede de atendimento\",\"datePublished\":\"2019-07-01T11:31:56+00:00\",\"mainEntityOfPage\":{\"@id\":\"https:\\\/\\\/dana.com.br\\\/canaldana\\\/2019\\\/07\\\/01\\\/iveco-estima-crescimento-de-18-na-rede-de-atendimento\\\/\"},\"wordCount\":521,\"articleSection\":[\"Destaques\"],\"inLanguage\":\"pt-BR\"},{\"@type\":\"WebPage\",\"@id\":\"https:\\\/\\\/dana.com.br\\\/canaldana\\\/2019\\\/07\\\/01\\\/iveco-estima-crescimento-de-18-na-rede-de-atendimento\\\/\",\"url\":\"https:\\\/\\\/dana.com.br\\\/canaldana\\\/2019\\\/07\\\/01\\\/iveco-estima-crescimento-de-18-na-rede-de-atendimento\\\/\",\"name\":\"Iveco estima crescimento de 18% na rede de atendimento - Canal Dana\",\"isPartOf\":{\"@id\":\"https:\\\/\\\/dana.com.br\\\/canaldana\\\/#website\"},\"datePublished\":\"2019-07-01T11:31:56+00:00\",\"author\":{\"@id\":\"https:\\\/\\\/dana.com.br\\\/canaldana\\\/#\\\/schema\\\/person\\\/3c21f22f56fcf3bc46b94bc60ea4fef6\"},\"breadcrumb\":{\"@id\":\"https:\\\/\\\/dana.com.br\\\/canaldana\\\/2019\\\/07\\\/01\\\/iveco-estima-crescimento-de-18-na-rede-de-atendimento\\\/#breadcrumb\"},\"inLanguage\":\"pt-BR\",\"potentialAction\":[{\"@type\":\"ReadAction\",\"target\":[\"https:\\\/\\\/dana.com.br\\\/canaldana\\\/2019\\\/07\\\/01\\\/iveco-estima-crescimento-de-18-na-rede-de-atendimento\\\/\"]}]},{\"@type\":\"BreadcrumbList\",\"@id\":\"https:\\\/\\\/dana.com.br\\\/canaldana\\\/2019\\\/07\\\/01\\\/iveco-estima-crescimento-de-18-na-rede-de-atendimento\\\/#breadcrumb\",\"itemListElement\":[{\"@type\":\"ListItem\",\"position\":1,\"name\":\"Home\",\"item\":\"https:\\\/\\\/dana.com.br\\\/canaldana\\\/\"},{\"@type\":\"ListItem\",\"position\":2,\"name\":\"Destaques\",\"item\":\"https:\\\/\\\/dana.com.br\\\/canaldana\\\/destaques\\\/\"},{\"@type\":\"ListItem\",\"position\":3,\"name\":\"Iveco estima crescimento de 18% na rede de atendimento\"}]},{\"@type\":\"WebSite\",\"@id\":\"https:\\\/\\\/dana.com.br\\\/canaldana\\\/#website\",\"url\":\"https:\\\/\\\/dana.com.br\\\/canaldana\\\/\",\"name\":\"Canal Dana\",\"description\":\"Informativo com as principais not\u00edcias da ind\u00fastria automotiva\",\"potentialAction\":[{\"@type\":\"SearchAction\",\"target\":{\"@type\":\"EntryPoint\",\"urlTemplate\":\"https:\\\/\\\/dana.com.br\\\/canaldana\\\/?s={search_term_string}\"},\"query-input\":{\"@type\":\"PropertyValueSpecification\",\"valueRequired\":true,\"valueName\":\"search_term_string\"}}],\"inLanguage\":\"pt-BR\"},{\"@type\":\"Person\",\"@id\":\"https:\\\/\\\/dana.com.br\\\/canaldana\\\/#\\\/schema\\\/person\\\/3c21f22f56fcf3bc46b94bc60ea4fef6\",\"name\":\"Canal Dana\",\"image\":{\"@type\":\"ImageObject\",\"inLanguage\":\"pt-BR\",\"@id\":\"https:\\\/\\\/secure.gravatar.com\\\/avatar\\\/420aaf9278582877d9018637c6817617705899d2858d7572ef0fe59a6b6454b4?s=96&d=mm&r=g\",\"url\":\"https:\\\/\\\/secure.gravatar.com\\\/avatar\\\/420aaf9278582877d9018637c6817617705899d2858d7572ef0fe59a6b6454b4?s=96&d=mm&r=g\",\"contentUrl\":\"https:\\\/\\\/secure.gravatar.com\\\/avatar\\\/420aaf9278582877d9018637c6817617705899d2858d7572ef0fe59a6b6454b4?s=96&d=mm&r=g\",\"caption\":\"Canal Dana\"},\"url\":\"https:\\\/\\\/dana.com.br\\\/canaldana\\\/author\\\/cdeditor\\\/\"}]}<\/script>\n<!-- \/ Yoast SEO plugin. -->","yoast_head_json":{"title":"Iveco estima crescimento de 18% na rede de atendimento - Canal Dana","robots":{"index":"index","follow":"follow","max-snippet":"max-snippet:-1","max-image-preview":"max-image-preview:large","max-video-preview":"max-video-preview:-1"},"canonical":"https:\/\/dana.com.br\/canaldana\/2019\/07\/01\/iveco-estima-crescimento-de-18-na-rede-de-atendimento\/","og_locale":"pt_BR","og_type":"article","og_title":"Iveco estima crescimento de 18% na rede de atendimento - Canal Dana","og_description":"AutoInd\u00fastria &nbsp; Al\u00e9m de fortalecer o portf\u00f3lio de produtos com ve\u00edculos in\u00e9ditos em pouco mais de um ano e meio, casos do Daily City, da linha Hi-Road e, mais recentemente, a renova\u00e7\u00e3o e introdu\u00e7\u00e3o de novos integrantes na fam\u00edlia Tector, resultado de investimento de R$ 120 milh\u00f5es, a Iveco tamb\u00e9m impulsiona sua rede de atendimento\u2026 Leia mais \u00bb","og_url":"https:\/\/dana.com.br\/canaldana\/2019\/07\/01\/iveco-estima-crescimento-de-18-na-rede-de-atendimento\/","og_site_name":"Canal Dana","article_published_time":"2019-07-01T11:31:56+00:00","author":"Canal Dana","twitter_card":"summary_large_image","twitter_misc":{"Escrito por":"Canal Dana","Est. tempo de leitura":"3 minutos"},"schema":{"@context":"https:\/\/schema.org","@graph":[{"@type":"Article","@id":"https:\/\/dana.com.br\/canaldana\/2019\/07\/01\/iveco-estima-crescimento-de-18-na-rede-de-atendimento\/#article","isPartOf":{"@id":"https:\/\/dana.com.br\/canaldana\/2019\/07\/01\/iveco-estima-crescimento-de-18-na-rede-de-atendimento\/"},"author":{"name":"Canal Dana","@id":"https:\/\/dana.com.br\/canaldana\/#\/schema\/person\/3c21f22f56fcf3bc46b94bc60ea4fef6"},"headline":"Iveco estima crescimento de 18% na rede de atendimento","datePublished":"2019-07-01T11:31:56+00:00","mainEntityOfPage":{"@id":"https:\/\/dana.com.br\/canaldana\/2019\/07\/01\/iveco-estima-crescimento-de-18-na-rede-de-atendimento\/"},"wordCount":521,"articleSection":["Destaques"],"inLanguage":"pt-BR"},{"@type":"WebPage","@id":"https:\/\/dana.com.br\/canaldana\/2019\/07\/01\/iveco-estima-crescimento-de-18-na-rede-de-atendimento\/","url":"https:\/\/dana.com.br\/canaldana\/2019\/07\/01\/iveco-estima-crescimento-de-18-na-rede-de-atendimento\/","name":"Iveco estima crescimento de 18% na rede de atendimento - Canal Dana","isPartOf":{"@id":"https:\/\/dana.com.br\/canaldana\/#website"},"datePublished":"2019-07-01T11:31:56+00:00","author":{"@id":"https:\/\/dana.com.br\/canaldana\/#\/schema\/person\/3c21f22f56fcf3bc46b94bc60ea4fef6"},"breadcrumb":{"@id":"https:\/\/dana.com.br\/canaldana\/2019\/07\/01\/iveco-estima-crescimento-de-18-na-rede-de-atendimento\/#breadcrumb"},"inLanguage":"pt-BR","potentialAction":[{"@type":"ReadAction","target":["https:\/\/dana.com.br\/canaldana\/2019\/07\/01\/iveco-estima-crescimento-de-18-na-rede-de-atendimento\/"]}]},{"@type":"BreadcrumbList","@id":"https:\/\/dana.com.br\/canaldana\/2019\/07\/01\/iveco-estima-crescimento-de-18-na-rede-de-atendimento\/#breadcrumb","itemListElement":[{"@type":"ListItem","position":1,"name":"Home","item":"https:\/\/dana.com.br\/canaldana\/"},{"@type":"ListItem","position":2,"name":"Destaques","item":"https:\/\/dana.com.br\/canaldana\/destaques\/"},{"@type":"ListItem","position":3,"name":"Iveco estima crescimento de 18% na rede de atendimento"}]},{"@type":"WebSite","@id":"https:\/\/dana.com.br\/canaldana\/#website","url":"https:\/\/dana.com.br\/canaldana\/","name":"Canal Dana","description":"Informativo com as principais not\u00edcias da ind\u00fastria automotiva","potentialAction":[{"@type":"SearchAction","target":{"@type":"EntryPoint","urlTemplate":"https:\/\/dana.com.br\/canaldana\/?s={search_term_string}"},"query-input":{"@type":"PropertyValueSpecification","valueRequired":true,"valueName":"search_term_string"}}],"inLanguage":"pt-BR"},{"@type":"Person","@id":"https:\/\/dana.com.br\/canaldana\/#\/schema\/person\/3c21f22f56fcf3bc46b94bc60ea4fef6","name":"Canal Dana","image":{"@type":"ImageObject","inLanguage":"pt-BR","@id":"https:\/\/secure.gravatar.com\/avatar\/420aaf9278582877d9018637c6817617705899d2858d7572ef0fe59a6b6454b4?s=96&d=mm&r=g","url":"https:\/\/secure.gravatar.com\/avatar\/420aaf9278582877d9018637c6817617705899d2858d7572ef0fe59a6b6454b4?s=96&d=mm&r=g","contentUrl":"https:\/\/secure.gravatar.com\/avatar\/420aaf9278582877d9018637c6817617705899d2858d7572ef0fe59a6b6454b4?s=96&d=mm&r=g","caption":"Canal Dana"},"url":"https:\/\/dana.com.br\/canaldana\/author\/cdeditor\/"}]}},"_links":{"self":[{"href":"https:\/\/dana.com.br\/canaldana\/wp-json\/wp\/v2\/posts\/35492","targetHints":{"allow":["GET"]}}],"collection":[{"href":"https:\/\/dana.com.br\/canaldana\/wp-json\/wp\/v2\/posts"}],"about":[{"href":"https:\/\/dana.com.br\/canaldana\/wp-json\/wp\/v2\/types\/post"}],"author":[{"embeddable":true,"href":"https:\/\/dana.com.br\/canaldana\/wp-json\/wp\/v2\/users\/3"}],"replies":[{"embeddable":true,"href":"https:\/\/dana.com.br\/canaldana\/wp-json\/wp\/v2\/comments?post=35492"}],"version-history":[{"count":0,"href":"https:\/\/dana.com.br\/canaldana\/wp-json\/wp\/v2\/posts\/35492\/revisions"}],"wp:attachment":[{"href":"https:\/\/dana.com.br\/canaldana\/wp-json\/wp\/v2\/media?parent=35492"}],"wp:term":[{"taxonomy":"category","embeddable":true,"href":"https:\/\/dana.com.br\/canaldana\/wp-json\/wp\/v2\/categories?post=35492"},{"taxonomy":"post_tag","embeddable":true,"href":"https:\/\/dana.com.br\/canaldana\/wp-json\/wp\/v2\/tags?post=35492"}],"curies":[{"name":"wp","href":"https:\/\/api.w.org\/{rel}","templated":true}]}}