{"id":3548,"date":"2015-10-21T08:10:05","date_gmt":"2015-10-21T10:10:05","guid":{"rendered":"http:\/\/dana.com.br\/canaldana\/?p=3548"},"modified":"2015-10-21T08:10:05","modified_gmt":"2015-10-21T10:10:05","slug":"retracao-do-setor-automotivo-causa-perda-de-r-16-bilhoes-para-o-governo","status":"publish","type":"post","link":"https:\/\/dana.com.br\/canaldana\/2015\/10\/21\/retracao-do-setor-automotivo-causa-perda-de-r-16-bilhoes-para-o-governo\/","title":{"rendered":"Retra\u00e7\u00e3o do setor automotivo causa perda de R$ 16 bilh\u00f5es para o governo"},"content":{"rendered":"<p><em>O Estado de S. Paulo<\/em><\/p>\n<p>&nbsp;<\/p>\n<p>A queda das vendas do setor automotivo em 2015 causa uma perda de R$ 16 bilh\u00f5es em arrecada\u00e7\u00e3o para o governo federal, disse ontem, 20, o presidente da Associa\u00e7\u00e3o Nacional dos Fabricantes de Ve\u00edculos Automotores (Anfavea), Luiz Moan, com base em levantamento feito pela entidade.<\/p>\n<p>&nbsp;<\/p>\n<p>&#8220;Para se ter uma ideia, esse valor representa metade do que o governo espera arrecadar com a volta da CPMF em 2016 (em torno de R$ 32 bilh\u00f5es)&#8221;, afirmou o executivo, que participa de congresso com l\u00edderes do setor automotivo em S\u00e3o Paulo.<\/p>\n<p>&nbsp;<\/p>\n<p>Ele voltou a negar que o incentivo fiscal para o setor gere distor\u00e7\u00f5es no mercado. &#8220;Cada ponto de redu\u00e7\u00e3o de imposto \u00e9 repassado para o consumidor&#8221;, explicou.<\/p>\n<p>&nbsp;<\/p>\n<p><strong>Acordo<\/strong><\/p>\n<p>&nbsp;<\/p>\n<p>Moan tamb\u00e9m comentou o andamento das negocia\u00e7\u00f5es do acordo comercial com a Col\u00f4mbia. De acordo com o executivo, o acordo deve ser assinado em novembro. &#8220;Com isso, as montadoras j\u00e1 devem come\u00e7ar a exportar para l\u00e1 no fim deste ano&#8221;, prev\u00ea.<\/p>\n<p>&nbsp;<\/p>\n<p>Segundo Moan, a Col\u00f4mbia importa hoje cerca de 300 mil ve\u00edculos por ano e o Brasil participa deste mercado com apenas 8 mil unidades. &#8220;Nossa penetra\u00e7\u00e3o \u00e9 baix\u00edssima. Com o acordo, esperamos elevar nossa participa\u00e7\u00e3o para 12 mil no primeiro ano, 25 mil no segundo ano e 50 mil a partir do terceiro ano&#8221;, estima o executivo.<\/p>\n<p>&nbsp;<\/p>\n<p>De acordo com o presidente da Anfavea, os ve\u00edculos brasileiros t\u00eam pouca penetra\u00e7\u00e3o na Col\u00f4mbia porque t\u00eam uma alta taxa\u00e7\u00e3o, em torno de 16,5%. O acordo prev\u00ea um com\u00e9rcio livre de impostos. Segundo Moan, a Col\u00f4mbia \u00e9 o terceiro maior mercado da Am\u00e9rica do Sul.<\/p>\n<p>&nbsp;<\/p>\n<p><strong>Caminh\u00f5es<\/strong><\/p>\n<p>&nbsp;<\/p>\n<p>O presidente da Mercedes\u00adBenz no Brasil, Phillipp Schiemer, que participa do mesmo congresso, disse que, em condi\u00e7\u00f5es normais, o Pa\u00eds poderia repetir o patamar de vendas de caminh\u00f5es observado em 2011, de 160 mil unidades, no futuro. &#8220;N\u00e3o \u00e9 um n\u00famero fora da realidade e pode ser atingido&#8221;, afirmou.<\/p>\n<p>&nbsp;<\/p>\n<p>Este ano, por\u00e9m, a realidade est\u00e1 longe disso. No acumulado de janeiro a setembro a venda de caminh\u00f5es alcan\u00e7ou 99 mil unidades no Pa\u00eds, contra 111 mil unidades em igual per\u00edodo de 2011. &#8220;Desde ent\u00e3o as condi\u00e7\u00f5es pioraram muito&#8221;, lamentou o executivo, ressaltando que a crise pol\u00edtica tem impedido uma recupera\u00e7\u00e3o da economia. &#8220;O cen\u00e1rio pol\u00edtico atrapalha. Temos de ter mais estabiliza\u00e7\u00e3o&#8221;, declarou.<\/p>\n<p>&nbsp;<\/p>\n<p>Schiemer disse ainda que acredita em um &#8220;futuro melhor&#8221; para o Brasil, mas, para isso, &#8220;tem de haver solu\u00e7\u00e3o pol\u00edtica&#8221;. &#8220;Enquanto isso, n\u00e3o vamos ficar parados, vamos continuar produzindo, para estarmos prontos quando a situa\u00e7\u00e3o melhorar&#8221;, afirmou. (O Estado de S. Paulo\/Andr\u00e9 \u00cdtalo Rocha)<\/p>\n","protected":false},"excerpt":{"rendered":"<p>O Estado de S. Paulo &nbsp; A queda das vendas do setor automotivo em 2015 causa uma perda de R$ 16 bilh\u00f5es em arrecada\u00e7\u00e3o para o governo federal, disse ontem, 20, o presidente da Associa\u00e7\u00e3o Nacional dos Fabricantes de Ve\u00edculos Automotores (Anfavea), Luiz Moan, com base em levantamento feito pela entidade. &nbsp; &#8220;Para se ter\u2026 <a class=\"readmore\" href=\"https:\/\/dana.com.br\/canaldana\/2015\/10\/21\/retracao-do-setor-automotivo-causa-perda-de-r-16-bilhoes-para-o-governo\/\">Leia mais \u00bb<\/a><\/p>\n","protected":false},"author":3,"featured_media":0,"comment_status":"closed","ping_status":"closed","sticky":false,"template":"","format":"standard","meta":{"_acf_changed":false,"footnotes":""},"categories":[61],"tags":[],"class_list":["post-3548","post","type-post","status-publish","format-standard","hentry","category-destaques"],"acf":[],"yoast_head":"<!-- This site is optimized with the Yoast SEO plugin v27.3 - https:\/\/yoast.com\/product\/yoast-seo-wordpress\/ -->\n<title>Retra\u00e7\u00e3o do setor automotivo causa perda de R$ 16 bilh\u00f5es para o governo - Canal Dana<\/title>\n<meta name=\"robots\" content=\"index, follow, max-snippet:-1, max-image-preview:large, max-video-preview:-1\" \/>\n<link rel=\"canonical\" href=\"https:\/\/dana.com.br\/canaldana\/2015\/10\/21\/retracao-do-setor-automotivo-causa-perda-de-r-16-bilhoes-para-o-governo\/\" \/>\n<meta property=\"og:locale\" content=\"pt_BR\" \/>\n<meta property=\"og:type\" content=\"article\" \/>\n<meta property=\"og:title\" content=\"Retra\u00e7\u00e3o do setor automotivo causa perda de R$ 16 bilh\u00f5es para o governo - Canal Dana\" \/>\n<meta property=\"og:description\" content=\"O Estado de S. Paulo &nbsp; A queda das vendas do setor automotivo em 2015 causa uma perda de R$ 16 bilh\u00f5es em arrecada\u00e7\u00e3o para o governo federal, disse ontem, 20, o presidente da Associa\u00e7\u00e3o Nacional dos Fabricantes de Ve\u00edculos Automotores (Anfavea), Luiz Moan, com base em levantamento feito pela entidade. &nbsp; &#8220;Para se ter\u2026 Leia mais \u00bb\" \/>\n<meta property=\"og:url\" content=\"https:\/\/dana.com.br\/canaldana\/2015\/10\/21\/retracao-do-setor-automotivo-causa-perda-de-r-16-bilhoes-para-o-governo\/\" \/>\n<meta property=\"og:site_name\" content=\"Canal Dana\" \/>\n<meta property=\"article:published_time\" content=\"2015-10-21T10:10:05+00:00\" \/>\n<meta name=\"author\" content=\"Canal Dana\" \/>\n<meta name=\"twitter:card\" content=\"summary_large_image\" \/>\n<meta name=\"twitter:label1\" content=\"Escrito por\" \/>\n\t<meta name=\"twitter:data1\" content=\"Canal Dana\" \/>\n\t<meta name=\"twitter:label2\" content=\"Est. tempo de leitura\" \/>\n\t<meta name=\"twitter:data2\" content=\"2 minutos\" \/>\n<script type=\"application\/ld+json\" class=\"yoast-schema-graph\">{\"@context\":\"https:\\\/\\\/schema.org\",\"@graph\":[{\"@type\":\"Article\",\"@id\":\"https:\\\/\\\/dana.com.br\\\/canaldana\\\/2015\\\/10\\\/21\\\/retracao-do-setor-automotivo-causa-perda-de-r-16-bilhoes-para-o-governo\\\/#article\",\"isPartOf\":{\"@id\":\"https:\\\/\\\/dana.com.br\\\/canaldana\\\/2015\\\/10\\\/21\\\/retracao-do-setor-automotivo-causa-perda-de-r-16-bilhoes-para-o-governo\\\/\"},\"author\":{\"name\":\"Canal Dana\",\"@id\":\"https:\\\/\\\/dana.com.br\\\/canaldana\\\/#\\\/schema\\\/person\\\/3c21f22f56fcf3bc46b94bc60ea4fef6\"},\"headline\":\"Retra\u00e7\u00e3o do setor automotivo causa perda de R$ 16 bilh\u00f5es para o governo\",\"datePublished\":\"2015-10-21T10:10:05+00:00\",\"mainEntityOfPage\":{\"@id\":\"https:\\\/\\\/dana.com.br\\\/canaldana\\\/2015\\\/10\\\/21\\\/retracao-do-setor-automotivo-causa-perda-de-r-16-bilhoes-para-o-governo\\\/\"},\"wordCount\":477,\"articleSection\":[\"Destaques\"],\"inLanguage\":\"pt-BR\"},{\"@type\":\"WebPage\",\"@id\":\"https:\\\/\\\/dana.com.br\\\/canaldana\\\/2015\\\/10\\\/21\\\/retracao-do-setor-automotivo-causa-perda-de-r-16-bilhoes-para-o-governo\\\/\",\"url\":\"https:\\\/\\\/dana.com.br\\\/canaldana\\\/2015\\\/10\\\/21\\\/retracao-do-setor-automotivo-causa-perda-de-r-16-bilhoes-para-o-governo\\\/\",\"name\":\"Retra\u00e7\u00e3o do setor automotivo causa perda de R$ 16 bilh\u00f5es para o governo - Canal Dana\",\"isPartOf\":{\"@id\":\"https:\\\/\\\/dana.com.br\\\/canaldana\\\/#website\"},\"datePublished\":\"2015-10-21T10:10:05+00:00\",\"author\":{\"@id\":\"https:\\\/\\\/dana.com.br\\\/canaldana\\\/#\\\/schema\\\/person\\\/3c21f22f56fcf3bc46b94bc60ea4fef6\"},\"breadcrumb\":{\"@id\":\"https:\\\/\\\/dana.com.br\\\/canaldana\\\/2015\\\/10\\\/21\\\/retracao-do-setor-automotivo-causa-perda-de-r-16-bilhoes-para-o-governo\\\/#breadcrumb\"},\"inLanguage\":\"pt-BR\",\"potentialAction\":[{\"@type\":\"ReadAction\",\"target\":[\"https:\\\/\\\/dana.com.br\\\/canaldana\\\/2015\\\/10\\\/21\\\/retracao-do-setor-automotivo-causa-perda-de-r-16-bilhoes-para-o-governo\\\/\"]}]},{\"@type\":\"BreadcrumbList\",\"@id\":\"https:\\\/\\\/dana.com.br\\\/canaldana\\\/2015\\\/10\\\/21\\\/retracao-do-setor-automotivo-causa-perda-de-r-16-bilhoes-para-o-governo\\\/#breadcrumb\",\"itemListElement\":[{\"@type\":\"ListItem\",\"position\":1,\"name\":\"Home\",\"item\":\"https:\\\/\\\/dana.com.br\\\/canaldana\\\/\"},{\"@type\":\"ListItem\",\"position\":2,\"name\":\"Destaques\",\"item\":\"https:\\\/\\\/dana.com.br\\\/canaldana\\\/destaques\\\/\"},{\"@type\":\"ListItem\",\"position\":3,\"name\":\"Retra\u00e7\u00e3o do setor automotivo causa perda de R$ 16 bilh\u00f5es para o governo\"}]},{\"@type\":\"WebSite\",\"@id\":\"https:\\\/\\\/dana.com.br\\\/canaldana\\\/#website\",\"url\":\"https:\\\/\\\/dana.com.br\\\/canaldana\\\/\",\"name\":\"Canal Dana\",\"description\":\"Informativo com as principais not\u00edcias da ind\u00fastria automotiva\",\"potentialAction\":[{\"@type\":\"SearchAction\",\"target\":{\"@type\":\"EntryPoint\",\"urlTemplate\":\"https:\\\/\\\/dana.com.br\\\/canaldana\\\/?s={search_term_string}\"},\"query-input\":{\"@type\":\"PropertyValueSpecification\",\"valueRequired\":true,\"valueName\":\"search_term_string\"}}],\"inLanguage\":\"pt-BR\"},{\"@type\":\"Person\",\"@id\":\"https:\\\/\\\/dana.com.br\\\/canaldana\\\/#\\\/schema\\\/person\\\/3c21f22f56fcf3bc46b94bc60ea4fef6\",\"name\":\"Canal Dana\",\"image\":{\"@type\":\"ImageObject\",\"inLanguage\":\"pt-BR\",\"@id\":\"https:\\\/\\\/secure.gravatar.com\\\/avatar\\\/420aaf9278582877d9018637c6817617705899d2858d7572ef0fe59a6b6454b4?s=96&d=mm&r=g\",\"url\":\"https:\\\/\\\/secure.gravatar.com\\\/avatar\\\/420aaf9278582877d9018637c6817617705899d2858d7572ef0fe59a6b6454b4?s=96&d=mm&r=g\",\"contentUrl\":\"https:\\\/\\\/secure.gravatar.com\\\/avatar\\\/420aaf9278582877d9018637c6817617705899d2858d7572ef0fe59a6b6454b4?s=96&d=mm&r=g\",\"caption\":\"Canal Dana\"},\"url\":\"https:\\\/\\\/dana.com.br\\\/canaldana\\\/author\\\/cdeditor\\\/\"}]}<\/script>\n<!-- \/ Yoast SEO plugin. -->","yoast_head_json":{"title":"Retra\u00e7\u00e3o do setor automotivo causa perda de R$ 16 bilh\u00f5es para o governo - Canal Dana","robots":{"index":"index","follow":"follow","max-snippet":"max-snippet:-1","max-image-preview":"max-image-preview:large","max-video-preview":"max-video-preview:-1"},"canonical":"https:\/\/dana.com.br\/canaldana\/2015\/10\/21\/retracao-do-setor-automotivo-causa-perda-de-r-16-bilhoes-para-o-governo\/","og_locale":"pt_BR","og_type":"article","og_title":"Retra\u00e7\u00e3o do setor automotivo causa perda de R$ 16 bilh\u00f5es para o governo - Canal Dana","og_description":"O Estado de S. Paulo &nbsp; A queda das vendas do setor automotivo em 2015 causa uma perda de R$ 16 bilh\u00f5es em arrecada\u00e7\u00e3o para o governo federal, disse ontem, 20, o presidente da Associa\u00e7\u00e3o Nacional dos Fabricantes de Ve\u00edculos Automotores (Anfavea), Luiz Moan, com base em levantamento feito pela entidade. &nbsp; &#8220;Para se ter\u2026 Leia mais \u00bb","og_url":"https:\/\/dana.com.br\/canaldana\/2015\/10\/21\/retracao-do-setor-automotivo-causa-perda-de-r-16-bilhoes-para-o-governo\/","og_site_name":"Canal Dana","article_published_time":"2015-10-21T10:10:05+00:00","author":"Canal Dana","twitter_card":"summary_large_image","twitter_misc":{"Escrito por":"Canal Dana","Est. tempo de leitura":"2 minutos"},"schema":{"@context":"https:\/\/schema.org","@graph":[{"@type":"Article","@id":"https:\/\/dana.com.br\/canaldana\/2015\/10\/21\/retracao-do-setor-automotivo-causa-perda-de-r-16-bilhoes-para-o-governo\/#article","isPartOf":{"@id":"https:\/\/dana.com.br\/canaldana\/2015\/10\/21\/retracao-do-setor-automotivo-causa-perda-de-r-16-bilhoes-para-o-governo\/"},"author":{"name":"Canal Dana","@id":"https:\/\/dana.com.br\/canaldana\/#\/schema\/person\/3c21f22f56fcf3bc46b94bc60ea4fef6"},"headline":"Retra\u00e7\u00e3o do setor automotivo causa perda de R$ 16 bilh\u00f5es para o governo","datePublished":"2015-10-21T10:10:05+00:00","mainEntityOfPage":{"@id":"https:\/\/dana.com.br\/canaldana\/2015\/10\/21\/retracao-do-setor-automotivo-causa-perda-de-r-16-bilhoes-para-o-governo\/"},"wordCount":477,"articleSection":["Destaques"],"inLanguage":"pt-BR"},{"@type":"WebPage","@id":"https:\/\/dana.com.br\/canaldana\/2015\/10\/21\/retracao-do-setor-automotivo-causa-perda-de-r-16-bilhoes-para-o-governo\/","url":"https:\/\/dana.com.br\/canaldana\/2015\/10\/21\/retracao-do-setor-automotivo-causa-perda-de-r-16-bilhoes-para-o-governo\/","name":"Retra\u00e7\u00e3o do setor automotivo causa perda de R$ 16 bilh\u00f5es para o governo - Canal Dana","isPartOf":{"@id":"https:\/\/dana.com.br\/canaldana\/#website"},"datePublished":"2015-10-21T10:10:05+00:00","author":{"@id":"https:\/\/dana.com.br\/canaldana\/#\/schema\/person\/3c21f22f56fcf3bc46b94bc60ea4fef6"},"breadcrumb":{"@id":"https:\/\/dana.com.br\/canaldana\/2015\/10\/21\/retracao-do-setor-automotivo-causa-perda-de-r-16-bilhoes-para-o-governo\/#breadcrumb"},"inLanguage":"pt-BR","potentialAction":[{"@type":"ReadAction","target":["https:\/\/dana.com.br\/canaldana\/2015\/10\/21\/retracao-do-setor-automotivo-causa-perda-de-r-16-bilhoes-para-o-governo\/"]}]},{"@type":"BreadcrumbList","@id":"https:\/\/dana.com.br\/canaldana\/2015\/10\/21\/retracao-do-setor-automotivo-causa-perda-de-r-16-bilhoes-para-o-governo\/#breadcrumb","itemListElement":[{"@type":"ListItem","position":1,"name":"Home","item":"https:\/\/dana.com.br\/canaldana\/"},{"@type":"ListItem","position":2,"name":"Destaques","item":"https:\/\/dana.com.br\/canaldana\/destaques\/"},{"@type":"ListItem","position":3,"name":"Retra\u00e7\u00e3o do setor automotivo causa perda de R$ 16 bilh\u00f5es para o governo"}]},{"@type":"WebSite","@id":"https:\/\/dana.com.br\/canaldana\/#website","url":"https:\/\/dana.com.br\/canaldana\/","name":"Canal Dana","description":"Informativo com as principais not\u00edcias da ind\u00fastria automotiva","potentialAction":[{"@type":"SearchAction","target":{"@type":"EntryPoint","urlTemplate":"https:\/\/dana.com.br\/canaldana\/?s={search_term_string}"},"query-input":{"@type":"PropertyValueSpecification","valueRequired":true,"valueName":"search_term_string"}}],"inLanguage":"pt-BR"},{"@type":"Person","@id":"https:\/\/dana.com.br\/canaldana\/#\/schema\/person\/3c21f22f56fcf3bc46b94bc60ea4fef6","name":"Canal Dana","image":{"@type":"ImageObject","inLanguage":"pt-BR","@id":"https:\/\/secure.gravatar.com\/avatar\/420aaf9278582877d9018637c6817617705899d2858d7572ef0fe59a6b6454b4?s=96&d=mm&r=g","url":"https:\/\/secure.gravatar.com\/avatar\/420aaf9278582877d9018637c6817617705899d2858d7572ef0fe59a6b6454b4?s=96&d=mm&r=g","contentUrl":"https:\/\/secure.gravatar.com\/avatar\/420aaf9278582877d9018637c6817617705899d2858d7572ef0fe59a6b6454b4?s=96&d=mm&r=g","caption":"Canal Dana"},"url":"https:\/\/dana.com.br\/canaldana\/author\/cdeditor\/"}]}},"_links":{"self":[{"href":"https:\/\/dana.com.br\/canaldana\/wp-json\/wp\/v2\/posts\/3548","targetHints":{"allow":["GET"]}}],"collection":[{"href":"https:\/\/dana.com.br\/canaldana\/wp-json\/wp\/v2\/posts"}],"about":[{"href":"https:\/\/dana.com.br\/canaldana\/wp-json\/wp\/v2\/types\/post"}],"author":[{"embeddable":true,"href":"https:\/\/dana.com.br\/canaldana\/wp-json\/wp\/v2\/users\/3"}],"replies":[{"embeddable":true,"href":"https:\/\/dana.com.br\/canaldana\/wp-json\/wp\/v2\/comments?post=3548"}],"version-history":[{"count":0,"href":"https:\/\/dana.com.br\/canaldana\/wp-json\/wp\/v2\/posts\/3548\/revisions"}],"wp:attachment":[{"href":"https:\/\/dana.com.br\/canaldana\/wp-json\/wp\/v2\/media?parent=3548"}],"wp:term":[{"taxonomy":"category","embeddable":true,"href":"https:\/\/dana.com.br\/canaldana\/wp-json\/wp\/v2\/categories?post=3548"},{"taxonomy":"post_tag","embeddable":true,"href":"https:\/\/dana.com.br\/canaldana\/wp-json\/wp\/v2\/tags?post=3548"}],"curies":[{"name":"wp","href":"https:\/\/api.w.org\/{rel}","templated":true}]}}