{"id":35323,"date":"2019-06-24T08:43:49","date_gmt":"2019-06-24T11:43:49","guid":{"rendered":"https:\/\/dana.com.br\/canaldana\/?p=35323"},"modified":"2019-06-24T08:43:49","modified_gmt":"2019-06-24T11:43:49","slug":"toyota-vai-fechar-840-vagas-nas-fabricas-de-sorocaba-e-porto-feliz","status":"publish","type":"post","link":"https:\/\/dana.com.br\/canaldana\/2019\/06\/24\/toyota-vai-fechar-840-vagas-nas-fabricas-de-sorocaba-e-porto-feliz\/","title":{"rendered":"Toyota vai fechar 840 vagas nas f\u00e1bricas de Sorocaba e Porto Feliz"},"content":{"rendered":"<p><em>O Estado de S. Paulo <\/em><\/p>\n<p>&nbsp;<\/p>\n<p>A Toyota vai fechar 840 vagas nas f\u00e1bricas de Sorocaba e Porto Feliz, no interior de S\u00e3o Paulo, n\u00famero maior do que o previsto no m\u00eas passado, quando anunciou 340 cortes em raz\u00e3o principalmente da redu\u00e7\u00e3o das exporta\u00e7\u00f5es para a Argentina. No grupo est\u00e3o todos os 740 funcion\u00e1rios contratados por tempo determinado no ano passado para a abertura do terceiro turno na unidade de autom\u00f3veis e 100 para a unidade de motores. O turno extra ser\u00e1 suspenso em ambas e h\u00e1 riscos de novas demiss\u00f5es, segundo o presidente do Sindicato dos Metal\u00fargicos de Sorocaba, Leandro Soares.<\/p>\n<p>&nbsp;<\/p>\n<p>No m\u00eas passado, quando anunciou a redu\u00e7\u00e3o da produ\u00e7\u00e3o, a montadora informou que seriam 340 cortes, a maioria de funcion\u00e1rios contratados temporariamente e uma parte de trabalhadores que aderissem a um programa de demiss\u00e3o volunt\u00e1ria (PDV). Esses cortes j\u00e1 ocorreram nesta semana em Sorocaba, dos quais apenas 17 por ades\u00e3o ao PDV. O fechamento do terceiro turno e os 100 cortes em Porto Feliz, onde s\u00e3o feitos motores n\u00e3o estavam no plano.<\/p>\n<p>&nbsp;<\/p>\n<p>Ontem, em reuni\u00e3o com dirigentes sindicais, a Toyota informou que n\u00e3o renovar\u00e1 os contratos dos 400 tempor\u00e1rios que ainda restam e que venceriam at\u00e9 setembro. \u201cFomos pegos de surpresa\u201d, informa Soares. \u201cAl\u00e9m de fechar todo o turno, a empresa tamb\u00e9m disse que opera com ociosidade, tem estoque elevado \u2013 equivalente a\u00a0 32 dias de vendas \u2013 e estuda novas demiss\u00f5es.\u201d A f\u00e1brica tinha 2,8 mil trabalhadores antes de come\u00e7ar as demiss\u00f5es.<\/p>\n<p>&nbsp;<\/p>\n<p>Em nota, a Toyota do Brasil informa apenas que voltar\u00e1 a trabalhar em dois turnos nas unidades de Sorocaba e Porto Feliz a partir de 05 de agosto de 2019.\u00a0 Diz ainda que os ajustes ocorrem \u201cpor conta principalmente da queda das exporta\u00e7\u00f5es e da varia\u00e7\u00e3o cambial.<\/p>\n<p>&nbsp;<\/p>\n<p><strong>Corte de benef\u00edcios<\/strong><\/p>\n<p>&nbsp;<\/p>\n<p>Segundo Soares, no in\u00edcio da pr\u00f3xima semana ser\u00e1 realizada uma assembleia com os trabalhadores para discutir a\u00e7\u00f5es contra os cortes. \u201cQueremos tamb\u00e9m uma garantia de que novos ve\u00edculos ser\u00e3o feitos na f\u00e1brica (que hoje produz os modelos Etios e Yaris) para que a empresa volte a crescer e recontrate os demitidos de agora.\u201d<\/p>\n<p>&nbsp;<\/p>\n<p>O sindicalista diz que a empresa n\u00e3o tem garantias dos investimentos necess\u00e1rios para receber uma nova plataforma (base) para a produ\u00e7\u00e3o de novos ve\u00edculos globais, que estaria sendo disputada tamb\u00e9m pelas f\u00e1bricas do M\u00e9xico e da \u00c1sia.<\/p>\n<p>&nbsp;<\/p>\n<p>Com o terceiro turno, a capacidade produtiva da f\u00e1brica de Sorocaba foi ampliada de 108 mil para 160 mil ve\u00edculos. Neste ano, contudo, a previs\u00e3o \u00e9 de produzir 125 mil unidades, mesmo volume de 2018, dos quais 30% seriam exportadas, a maioria para a Argentina, que reduziu pedidos em raz\u00e3o da crise.<\/p>\n<p>&nbsp;<\/p>\n<p>Para reduzir custos, a Toyota tamb\u00e9m prop\u00f4s corte de benef\u00edcios para os trabalhadores das quatro f\u00e1bricas do grupo, incluindo a de Indaiatuba, onde produz o Corolla, e a S\u00e3o Bernardo do Campo, voltada a componentes. Entre as medidas, segundo Soares, est\u00e1 a suspens\u00e3o de aumento real de sal\u00e1rios at\u00e9 2021, redu\u00e7\u00e3o de\u00a0 participa\u00e7\u00e3o nos lucros e coparticipa\u00e7\u00e3o dos trabalhadores no plano de sa\u00fade. (O Estado de S. Paulo\/Cleide Silva)<\/p>\n","protected":false},"excerpt":{"rendered":"<p>O Estado de S. Paulo &nbsp; A Toyota vai fechar 840 vagas nas f\u00e1bricas de Sorocaba e Porto Feliz, no interior de S\u00e3o Paulo, n\u00famero maior do que o previsto no m\u00eas passado, quando anunciou 340 cortes em raz\u00e3o principalmente da redu\u00e7\u00e3o das exporta\u00e7\u00f5es para a Argentina. No grupo est\u00e3o todos os 740 funcion\u00e1rios contratados\u2026 <a class=\"readmore\" href=\"https:\/\/dana.com.br\/canaldana\/2019\/06\/24\/toyota-vai-fechar-840-vagas-nas-fabricas-de-sorocaba-e-porto-feliz\/\">Leia mais \u00bb<\/a><\/p>\n","protected":false},"author":3,"featured_media":0,"comment_status":"closed","ping_status":"closed","sticky":false,"template":"","format":"standard","meta":{"_acf_changed":false,"footnotes":""},"categories":[61],"tags":[],"class_list":["post-35323","post","type-post","status-publish","format-standard","hentry","category-destaques"],"acf":[],"yoast_head":"<!-- This site is optimized with the Yoast SEO plugin v27.3 - https:\/\/yoast.com\/product\/yoast-seo-wordpress\/ -->\n<title>Toyota vai fechar 840 vagas nas f\u00e1bricas de Sorocaba e Porto Feliz - Canal Dana<\/title>\n<meta name=\"robots\" content=\"index, follow, max-snippet:-1, max-image-preview:large, max-video-preview:-1\" \/>\n<link rel=\"canonical\" href=\"https:\/\/dana.com.br\/canaldana\/2019\/06\/24\/toyota-vai-fechar-840-vagas-nas-fabricas-de-sorocaba-e-porto-feliz\/\" \/>\n<meta property=\"og:locale\" content=\"pt_BR\" \/>\n<meta property=\"og:type\" content=\"article\" \/>\n<meta property=\"og:title\" content=\"Toyota vai fechar 840 vagas nas f\u00e1bricas de Sorocaba e Porto Feliz - Canal Dana\" \/>\n<meta property=\"og:description\" content=\"O Estado de S. Paulo &nbsp; A Toyota vai fechar 840 vagas nas f\u00e1bricas de Sorocaba e Porto Feliz, no interior de S\u00e3o Paulo, n\u00famero maior do que o previsto no m\u00eas passado, quando anunciou 340 cortes em raz\u00e3o principalmente da redu\u00e7\u00e3o das exporta\u00e7\u00f5es para a Argentina. No grupo est\u00e3o todos os 740 funcion\u00e1rios contratados\u2026 Leia mais \u00bb\" \/>\n<meta property=\"og:url\" content=\"https:\/\/dana.com.br\/canaldana\/2019\/06\/24\/toyota-vai-fechar-840-vagas-nas-fabricas-de-sorocaba-e-porto-feliz\/\" \/>\n<meta property=\"og:site_name\" content=\"Canal Dana\" \/>\n<meta property=\"article:published_time\" content=\"2019-06-24T11:43:49+00:00\" \/>\n<meta name=\"author\" content=\"Canal Dana\" \/>\n<meta name=\"twitter:card\" content=\"summary_large_image\" \/>\n<meta name=\"twitter:label1\" content=\"Escrito por\" \/>\n\t<meta name=\"twitter:data1\" content=\"Canal Dana\" \/>\n\t<meta name=\"twitter:label2\" content=\"Est. tempo de leitura\" \/>\n\t<meta name=\"twitter:data2\" content=\"3 minutos\" \/>\n<script type=\"application\/ld+json\" class=\"yoast-schema-graph\">{\"@context\":\"https:\\\/\\\/schema.org\",\"@graph\":[{\"@type\":\"Article\",\"@id\":\"https:\\\/\\\/dana.com.br\\\/canaldana\\\/2019\\\/06\\\/24\\\/toyota-vai-fechar-840-vagas-nas-fabricas-de-sorocaba-e-porto-feliz\\\/#article\",\"isPartOf\":{\"@id\":\"https:\\\/\\\/dana.com.br\\\/canaldana\\\/2019\\\/06\\\/24\\\/toyota-vai-fechar-840-vagas-nas-fabricas-de-sorocaba-e-porto-feliz\\\/\"},\"author\":{\"name\":\"Canal Dana\",\"@id\":\"https:\\\/\\\/dana.com.br\\\/canaldana\\\/#\\\/schema\\\/person\\\/3c21f22f56fcf3bc46b94bc60ea4fef6\"},\"headline\":\"Toyota vai fechar 840 vagas nas f\u00e1bricas de Sorocaba e Porto Feliz\",\"datePublished\":\"2019-06-24T11:43:49+00:00\",\"mainEntityOfPage\":{\"@id\":\"https:\\\/\\\/dana.com.br\\\/canaldana\\\/2019\\\/06\\\/24\\\/toyota-vai-fechar-840-vagas-nas-fabricas-de-sorocaba-e-porto-feliz\\\/\"},\"wordCount\":568,\"articleSection\":[\"Destaques\"],\"inLanguage\":\"pt-BR\"},{\"@type\":\"WebPage\",\"@id\":\"https:\\\/\\\/dana.com.br\\\/canaldana\\\/2019\\\/06\\\/24\\\/toyota-vai-fechar-840-vagas-nas-fabricas-de-sorocaba-e-porto-feliz\\\/\",\"url\":\"https:\\\/\\\/dana.com.br\\\/canaldana\\\/2019\\\/06\\\/24\\\/toyota-vai-fechar-840-vagas-nas-fabricas-de-sorocaba-e-porto-feliz\\\/\",\"name\":\"Toyota vai fechar 840 vagas nas f\u00e1bricas de Sorocaba e Porto Feliz - Canal Dana\",\"isPartOf\":{\"@id\":\"https:\\\/\\\/dana.com.br\\\/canaldana\\\/#website\"},\"datePublished\":\"2019-06-24T11:43:49+00:00\",\"author\":{\"@id\":\"https:\\\/\\\/dana.com.br\\\/canaldana\\\/#\\\/schema\\\/person\\\/3c21f22f56fcf3bc46b94bc60ea4fef6\"},\"breadcrumb\":{\"@id\":\"https:\\\/\\\/dana.com.br\\\/canaldana\\\/2019\\\/06\\\/24\\\/toyota-vai-fechar-840-vagas-nas-fabricas-de-sorocaba-e-porto-feliz\\\/#breadcrumb\"},\"inLanguage\":\"pt-BR\",\"potentialAction\":[{\"@type\":\"ReadAction\",\"target\":[\"https:\\\/\\\/dana.com.br\\\/canaldana\\\/2019\\\/06\\\/24\\\/toyota-vai-fechar-840-vagas-nas-fabricas-de-sorocaba-e-porto-feliz\\\/\"]}]},{\"@type\":\"BreadcrumbList\",\"@id\":\"https:\\\/\\\/dana.com.br\\\/canaldana\\\/2019\\\/06\\\/24\\\/toyota-vai-fechar-840-vagas-nas-fabricas-de-sorocaba-e-porto-feliz\\\/#breadcrumb\",\"itemListElement\":[{\"@type\":\"ListItem\",\"position\":1,\"name\":\"Home\",\"item\":\"https:\\\/\\\/dana.com.br\\\/canaldana\\\/\"},{\"@type\":\"ListItem\",\"position\":2,\"name\":\"Destaques\",\"item\":\"https:\\\/\\\/dana.com.br\\\/canaldana\\\/destaques\\\/\"},{\"@type\":\"ListItem\",\"position\":3,\"name\":\"Toyota vai fechar 840 vagas nas f\u00e1bricas de Sorocaba e Porto Feliz\"}]},{\"@type\":\"WebSite\",\"@id\":\"https:\\\/\\\/dana.com.br\\\/canaldana\\\/#website\",\"url\":\"https:\\\/\\\/dana.com.br\\\/canaldana\\\/\",\"name\":\"Canal Dana\",\"description\":\"Informativo com as principais not\u00edcias da ind\u00fastria automotiva\",\"potentialAction\":[{\"@type\":\"SearchAction\",\"target\":{\"@type\":\"EntryPoint\",\"urlTemplate\":\"https:\\\/\\\/dana.com.br\\\/canaldana\\\/?s={search_term_string}\"},\"query-input\":{\"@type\":\"PropertyValueSpecification\",\"valueRequired\":true,\"valueName\":\"search_term_string\"}}],\"inLanguage\":\"pt-BR\"},{\"@type\":\"Person\",\"@id\":\"https:\\\/\\\/dana.com.br\\\/canaldana\\\/#\\\/schema\\\/person\\\/3c21f22f56fcf3bc46b94bc60ea4fef6\",\"name\":\"Canal Dana\",\"image\":{\"@type\":\"ImageObject\",\"inLanguage\":\"pt-BR\",\"@id\":\"https:\\\/\\\/secure.gravatar.com\\\/avatar\\\/420aaf9278582877d9018637c6817617705899d2858d7572ef0fe59a6b6454b4?s=96&d=mm&r=g\",\"url\":\"https:\\\/\\\/secure.gravatar.com\\\/avatar\\\/420aaf9278582877d9018637c6817617705899d2858d7572ef0fe59a6b6454b4?s=96&d=mm&r=g\",\"contentUrl\":\"https:\\\/\\\/secure.gravatar.com\\\/avatar\\\/420aaf9278582877d9018637c6817617705899d2858d7572ef0fe59a6b6454b4?s=96&d=mm&r=g\",\"caption\":\"Canal Dana\"},\"url\":\"https:\\\/\\\/dana.com.br\\\/canaldana\\\/author\\\/cdeditor\\\/\"}]}<\/script>\n<!-- \/ Yoast SEO plugin. -->","yoast_head_json":{"title":"Toyota vai fechar 840 vagas nas f\u00e1bricas de Sorocaba e Porto Feliz - Canal Dana","robots":{"index":"index","follow":"follow","max-snippet":"max-snippet:-1","max-image-preview":"max-image-preview:large","max-video-preview":"max-video-preview:-1"},"canonical":"https:\/\/dana.com.br\/canaldana\/2019\/06\/24\/toyota-vai-fechar-840-vagas-nas-fabricas-de-sorocaba-e-porto-feliz\/","og_locale":"pt_BR","og_type":"article","og_title":"Toyota vai fechar 840 vagas nas f\u00e1bricas de Sorocaba e Porto Feliz - Canal Dana","og_description":"O Estado de S. Paulo &nbsp; A Toyota vai fechar 840 vagas nas f\u00e1bricas de Sorocaba e Porto Feliz, no interior de S\u00e3o Paulo, n\u00famero maior do que o previsto no m\u00eas passado, quando anunciou 340 cortes em raz\u00e3o principalmente da redu\u00e7\u00e3o das exporta\u00e7\u00f5es para a Argentina. No grupo est\u00e3o todos os 740 funcion\u00e1rios contratados\u2026 Leia mais \u00bb","og_url":"https:\/\/dana.com.br\/canaldana\/2019\/06\/24\/toyota-vai-fechar-840-vagas-nas-fabricas-de-sorocaba-e-porto-feliz\/","og_site_name":"Canal Dana","article_published_time":"2019-06-24T11:43:49+00:00","author":"Canal Dana","twitter_card":"summary_large_image","twitter_misc":{"Escrito por":"Canal Dana","Est. tempo de leitura":"3 minutos"},"schema":{"@context":"https:\/\/schema.org","@graph":[{"@type":"Article","@id":"https:\/\/dana.com.br\/canaldana\/2019\/06\/24\/toyota-vai-fechar-840-vagas-nas-fabricas-de-sorocaba-e-porto-feliz\/#article","isPartOf":{"@id":"https:\/\/dana.com.br\/canaldana\/2019\/06\/24\/toyota-vai-fechar-840-vagas-nas-fabricas-de-sorocaba-e-porto-feliz\/"},"author":{"name":"Canal Dana","@id":"https:\/\/dana.com.br\/canaldana\/#\/schema\/person\/3c21f22f56fcf3bc46b94bc60ea4fef6"},"headline":"Toyota vai fechar 840 vagas nas f\u00e1bricas de Sorocaba e Porto Feliz","datePublished":"2019-06-24T11:43:49+00:00","mainEntityOfPage":{"@id":"https:\/\/dana.com.br\/canaldana\/2019\/06\/24\/toyota-vai-fechar-840-vagas-nas-fabricas-de-sorocaba-e-porto-feliz\/"},"wordCount":568,"articleSection":["Destaques"],"inLanguage":"pt-BR"},{"@type":"WebPage","@id":"https:\/\/dana.com.br\/canaldana\/2019\/06\/24\/toyota-vai-fechar-840-vagas-nas-fabricas-de-sorocaba-e-porto-feliz\/","url":"https:\/\/dana.com.br\/canaldana\/2019\/06\/24\/toyota-vai-fechar-840-vagas-nas-fabricas-de-sorocaba-e-porto-feliz\/","name":"Toyota vai fechar 840 vagas nas f\u00e1bricas de Sorocaba e Porto Feliz - Canal Dana","isPartOf":{"@id":"https:\/\/dana.com.br\/canaldana\/#website"},"datePublished":"2019-06-24T11:43:49+00:00","author":{"@id":"https:\/\/dana.com.br\/canaldana\/#\/schema\/person\/3c21f22f56fcf3bc46b94bc60ea4fef6"},"breadcrumb":{"@id":"https:\/\/dana.com.br\/canaldana\/2019\/06\/24\/toyota-vai-fechar-840-vagas-nas-fabricas-de-sorocaba-e-porto-feliz\/#breadcrumb"},"inLanguage":"pt-BR","potentialAction":[{"@type":"ReadAction","target":["https:\/\/dana.com.br\/canaldana\/2019\/06\/24\/toyota-vai-fechar-840-vagas-nas-fabricas-de-sorocaba-e-porto-feliz\/"]}]},{"@type":"BreadcrumbList","@id":"https:\/\/dana.com.br\/canaldana\/2019\/06\/24\/toyota-vai-fechar-840-vagas-nas-fabricas-de-sorocaba-e-porto-feliz\/#breadcrumb","itemListElement":[{"@type":"ListItem","position":1,"name":"Home","item":"https:\/\/dana.com.br\/canaldana\/"},{"@type":"ListItem","position":2,"name":"Destaques","item":"https:\/\/dana.com.br\/canaldana\/destaques\/"},{"@type":"ListItem","position":3,"name":"Toyota vai fechar 840 vagas nas f\u00e1bricas de Sorocaba e Porto Feliz"}]},{"@type":"WebSite","@id":"https:\/\/dana.com.br\/canaldana\/#website","url":"https:\/\/dana.com.br\/canaldana\/","name":"Canal Dana","description":"Informativo com as principais not\u00edcias da ind\u00fastria automotiva","potentialAction":[{"@type":"SearchAction","target":{"@type":"EntryPoint","urlTemplate":"https:\/\/dana.com.br\/canaldana\/?s={search_term_string}"},"query-input":{"@type":"PropertyValueSpecification","valueRequired":true,"valueName":"search_term_string"}}],"inLanguage":"pt-BR"},{"@type":"Person","@id":"https:\/\/dana.com.br\/canaldana\/#\/schema\/person\/3c21f22f56fcf3bc46b94bc60ea4fef6","name":"Canal Dana","image":{"@type":"ImageObject","inLanguage":"pt-BR","@id":"https:\/\/secure.gravatar.com\/avatar\/420aaf9278582877d9018637c6817617705899d2858d7572ef0fe59a6b6454b4?s=96&d=mm&r=g","url":"https:\/\/secure.gravatar.com\/avatar\/420aaf9278582877d9018637c6817617705899d2858d7572ef0fe59a6b6454b4?s=96&d=mm&r=g","contentUrl":"https:\/\/secure.gravatar.com\/avatar\/420aaf9278582877d9018637c6817617705899d2858d7572ef0fe59a6b6454b4?s=96&d=mm&r=g","caption":"Canal Dana"},"url":"https:\/\/dana.com.br\/canaldana\/author\/cdeditor\/"}]}},"_links":{"self":[{"href":"https:\/\/dana.com.br\/canaldana\/wp-json\/wp\/v2\/posts\/35323","targetHints":{"allow":["GET"]}}],"collection":[{"href":"https:\/\/dana.com.br\/canaldana\/wp-json\/wp\/v2\/posts"}],"about":[{"href":"https:\/\/dana.com.br\/canaldana\/wp-json\/wp\/v2\/types\/post"}],"author":[{"embeddable":true,"href":"https:\/\/dana.com.br\/canaldana\/wp-json\/wp\/v2\/users\/3"}],"replies":[{"embeddable":true,"href":"https:\/\/dana.com.br\/canaldana\/wp-json\/wp\/v2\/comments?post=35323"}],"version-history":[{"count":0,"href":"https:\/\/dana.com.br\/canaldana\/wp-json\/wp\/v2\/posts\/35323\/revisions"}],"wp:attachment":[{"href":"https:\/\/dana.com.br\/canaldana\/wp-json\/wp\/v2\/media?parent=35323"}],"wp:term":[{"taxonomy":"category","embeddable":true,"href":"https:\/\/dana.com.br\/canaldana\/wp-json\/wp\/v2\/categories?post=35323"},{"taxonomy":"post_tag","embeddable":true,"href":"https:\/\/dana.com.br\/canaldana\/wp-json\/wp\/v2\/tags?post=35323"}],"curies":[{"name":"wp","href":"https:\/\/api.w.org\/{rel}","templated":true}]}}