{"id":35321,"date":"2019-06-24T08:41:32","date_gmt":"2019-06-24T11:41:32","guid":{"rendered":"https:\/\/dana.com.br\/canaldana\/?p=35321"},"modified":"2019-06-24T08:41:32","modified_gmt":"2019-06-24T11:41:32","slug":"iveco-lanca-tector-de-11-e-9-toneladas","status":"publish","type":"post","link":"https:\/\/dana.com.br\/canaldana\/2019\/06\/24\/iveco-lanca-tector-de-11-e-9-toneladas\/","title":{"rendered":"Iveco lan\u00e7a Tector de 11 e 9 toneladas"},"content":{"rendered":"<p><em>Frota &amp; Cia\u00a0 <\/em><\/p>\n<p>&nbsp;<\/p>\n<p>A Iveco agregou mais dois modelos ao portf\u00f3lio de caminh\u00f5es da marca, para refor\u00e7ar a linha Tector. Os novos Tector 9-190 e 11-190 chegam para atender ao segmento de ve\u00edculos m\u00e9dios, na faixa de 9 e 11 toneladas, que responde por cerca de 20% das vendas no mercado nacional. Segundo a empresa, a opini\u00e3o do cliente foi o ponto chave para o desenvolvimento dos produtos.<\/p>\n<p>&nbsp;<\/p>\n<p>De acordo com o diretor de Marketing e Vendas, Ricardo Barion, a finaliza\u00e7\u00e3o dos novos modelos exigiu o trabalho de anos. &#8220;A cada dia, olhando para um detalhe do produto. Foram tr\u00eas anos que rodamos muito com os carros da concorr\u00eancia. E conversamos muito com o cliente\u201d, diz.<\/p>\n<p>&nbsp;<\/p>\n<p>O diretor justificou o atraso no lan\u00e7amento, previsto para ocorrer em dezembro de 2018. \u201cO mais importante \u00e9 que n\u00e3o bastava s\u00f3 fazer um produto bom, quer\u00edamos fazer o produto ideal.\u201d, afirma.<\/p>\n<p>&nbsp;<\/p>\n<p>Os novos Tector 9-190 e 11-190 s\u00e3o equipados com motor NEF45\/190, da FPT Industrial, com 190 cv de pot\u00eancia. Al\u00e9m da transmiss\u00e3o Eaton de 6 velocidades com \u201cover drive\u201d e eixos da Dana. De acordo com Barion, essas caracter\u00edsticas garantem um consumo de combust\u00edvel mais econ\u00f4mico.<\/p>\n<p>&nbsp;<\/p>\n<p>Em rela\u00e7\u00e3o ao conforto, os ve\u00edculos possuem suspens\u00e3o de cabine diferenciada, com coxim e mola amortecedora, que reduz os solavancos das vias urbanas. A cabine conta com o basculamento hidr\u00e1ulico, com verifica\u00e7\u00e3o de \u00e1rea frontal. Para Barion, esse \u00e9 o grande diferencial dos produtos, por serem exclusividade no mercado.<\/p>\n<p>&nbsp;<\/p>\n<p>Os caminh\u00f5es tamb\u00e9m fornecem ao motorista um campo de vis\u00e3o ampliado, com cerca de 1,5m de comprimento, possibilitando melhor visibilidade em suas manobras. A cabine, por sua vez, mede mais de 2m de altura e alavanca de c\u00e2mbio vem acoplada no painel. Outro destaque \u00e9 o design utilizado, semelhante os dos ve\u00edculos que hoje circulam na Europa.<\/p>\n<p>&nbsp;<\/p>\n<p>Os novos Tector ser\u00e3o comercializados com pre\u00e7os a partir de R$155 mil (8 toneladas) e R$165 mil para os de 11 toneladas. Assim como os outros produtos da marca, o financiamento poder\u00e1 ser realizado atrav\u00e9s do banco CNH industrial. Por hora, n\u00e3o foi lan\u00e7ado uma proposta diferenciada de financiamento para ambos os ve\u00edculos. (Frota &amp; Cia\/Ingrid Alves)<\/p>\n","protected":false},"excerpt":{"rendered":"<p>Frota &amp; Cia\u00a0 &nbsp; A Iveco agregou mais dois modelos ao portf\u00f3lio de caminh\u00f5es da marca, para refor\u00e7ar a linha Tector. Os novos Tector 9-190 e 11-190 chegam para atender ao segmento de ve\u00edculos m\u00e9dios, na faixa de 9 e 11 toneladas, que responde por cerca de 20% das vendas no mercado nacional. Segundo a\u2026 <a class=\"readmore\" href=\"https:\/\/dana.com.br\/canaldana\/2019\/06\/24\/iveco-lanca-tector-de-11-e-9-toneladas\/\">Leia mais \u00bb<\/a><\/p>\n","protected":false},"author":3,"featured_media":0,"comment_status":"closed","ping_status":"closed","sticky":false,"template":"","format":"standard","meta":{"_acf_changed":false,"footnotes":""},"categories":[61],"tags":[],"class_list":["post-35321","post","type-post","status-publish","format-standard","hentry","category-destaques"],"acf":[],"yoast_head":"<!-- This site is optimized with the Yoast SEO plugin v27.3 - https:\/\/yoast.com\/product\/yoast-seo-wordpress\/ -->\n<title>Iveco lan\u00e7a Tector de 11 e 9 toneladas - Canal Dana<\/title>\n<meta name=\"robots\" content=\"index, follow, max-snippet:-1, max-image-preview:large, max-video-preview:-1\" \/>\n<link rel=\"canonical\" href=\"https:\/\/dana.com.br\/canaldana\/2019\/06\/24\/iveco-lanca-tector-de-11-e-9-toneladas\/\" \/>\n<meta property=\"og:locale\" content=\"pt_BR\" \/>\n<meta property=\"og:type\" content=\"article\" \/>\n<meta property=\"og:title\" content=\"Iveco lan\u00e7a Tector de 11 e 9 toneladas - Canal Dana\" \/>\n<meta property=\"og:description\" content=\"Frota &amp; Cia\u00a0 &nbsp; A Iveco agregou mais dois modelos ao portf\u00f3lio de caminh\u00f5es da marca, para refor\u00e7ar a linha Tector. Os novos Tector 9-190 e 11-190 chegam para atender ao segmento de ve\u00edculos m\u00e9dios, na faixa de 9 e 11 toneladas, que responde por cerca de 20% das vendas no mercado nacional. Segundo a\u2026 Leia mais \u00bb\" \/>\n<meta property=\"og:url\" content=\"https:\/\/dana.com.br\/canaldana\/2019\/06\/24\/iveco-lanca-tector-de-11-e-9-toneladas\/\" \/>\n<meta property=\"og:site_name\" content=\"Canal Dana\" \/>\n<meta property=\"article:published_time\" content=\"2019-06-24T11:41:32+00:00\" \/>\n<meta name=\"author\" content=\"Canal Dana\" \/>\n<meta name=\"twitter:card\" content=\"summary_large_image\" \/>\n<meta name=\"twitter:label1\" content=\"Escrito por\" \/>\n\t<meta name=\"twitter:data1\" content=\"Canal Dana\" \/>\n\t<meta name=\"twitter:label2\" content=\"Est. tempo de leitura\" \/>\n\t<meta name=\"twitter:data2\" content=\"2 minutos\" \/>\n<script type=\"application\/ld+json\" class=\"yoast-schema-graph\">{\"@context\":\"https:\\\/\\\/schema.org\",\"@graph\":[{\"@type\":\"Article\",\"@id\":\"https:\\\/\\\/dana.com.br\\\/canaldana\\\/2019\\\/06\\\/24\\\/iveco-lanca-tector-de-11-e-9-toneladas\\\/#article\",\"isPartOf\":{\"@id\":\"https:\\\/\\\/dana.com.br\\\/canaldana\\\/2019\\\/06\\\/24\\\/iveco-lanca-tector-de-11-e-9-toneladas\\\/\"},\"author\":{\"name\":\"Canal Dana\",\"@id\":\"https:\\\/\\\/dana.com.br\\\/canaldana\\\/#\\\/schema\\\/person\\\/3c21f22f56fcf3bc46b94bc60ea4fef6\"},\"headline\":\"Iveco lan\u00e7a Tector de 11 e 9 toneladas\",\"datePublished\":\"2019-06-24T11:41:32+00:00\",\"mainEntityOfPage\":{\"@id\":\"https:\\\/\\\/dana.com.br\\\/canaldana\\\/2019\\\/06\\\/24\\\/iveco-lanca-tector-de-11-e-9-toneladas\\\/\"},\"wordCount\":396,\"articleSection\":[\"Destaques\"],\"inLanguage\":\"pt-BR\"},{\"@type\":\"WebPage\",\"@id\":\"https:\\\/\\\/dana.com.br\\\/canaldana\\\/2019\\\/06\\\/24\\\/iveco-lanca-tector-de-11-e-9-toneladas\\\/\",\"url\":\"https:\\\/\\\/dana.com.br\\\/canaldana\\\/2019\\\/06\\\/24\\\/iveco-lanca-tector-de-11-e-9-toneladas\\\/\",\"name\":\"Iveco lan\u00e7a Tector de 11 e 9 toneladas - Canal Dana\",\"isPartOf\":{\"@id\":\"https:\\\/\\\/dana.com.br\\\/canaldana\\\/#website\"},\"datePublished\":\"2019-06-24T11:41:32+00:00\",\"author\":{\"@id\":\"https:\\\/\\\/dana.com.br\\\/canaldana\\\/#\\\/schema\\\/person\\\/3c21f22f56fcf3bc46b94bc60ea4fef6\"},\"breadcrumb\":{\"@id\":\"https:\\\/\\\/dana.com.br\\\/canaldana\\\/2019\\\/06\\\/24\\\/iveco-lanca-tector-de-11-e-9-toneladas\\\/#breadcrumb\"},\"inLanguage\":\"pt-BR\",\"potentialAction\":[{\"@type\":\"ReadAction\",\"target\":[\"https:\\\/\\\/dana.com.br\\\/canaldana\\\/2019\\\/06\\\/24\\\/iveco-lanca-tector-de-11-e-9-toneladas\\\/\"]}]},{\"@type\":\"BreadcrumbList\",\"@id\":\"https:\\\/\\\/dana.com.br\\\/canaldana\\\/2019\\\/06\\\/24\\\/iveco-lanca-tector-de-11-e-9-toneladas\\\/#breadcrumb\",\"itemListElement\":[{\"@type\":\"ListItem\",\"position\":1,\"name\":\"Home\",\"item\":\"https:\\\/\\\/dana.com.br\\\/canaldana\\\/\"},{\"@type\":\"ListItem\",\"position\":2,\"name\":\"Destaques\",\"item\":\"https:\\\/\\\/dana.com.br\\\/canaldana\\\/destaques\\\/\"},{\"@type\":\"ListItem\",\"position\":3,\"name\":\"Iveco lan\u00e7a Tector de 11 e 9 toneladas\"}]},{\"@type\":\"WebSite\",\"@id\":\"https:\\\/\\\/dana.com.br\\\/canaldana\\\/#website\",\"url\":\"https:\\\/\\\/dana.com.br\\\/canaldana\\\/\",\"name\":\"Canal Dana\",\"description\":\"Informativo com as principais not\u00edcias da ind\u00fastria automotiva\",\"potentialAction\":[{\"@type\":\"SearchAction\",\"target\":{\"@type\":\"EntryPoint\",\"urlTemplate\":\"https:\\\/\\\/dana.com.br\\\/canaldana\\\/?s={search_term_string}\"},\"query-input\":{\"@type\":\"PropertyValueSpecification\",\"valueRequired\":true,\"valueName\":\"search_term_string\"}}],\"inLanguage\":\"pt-BR\"},{\"@type\":\"Person\",\"@id\":\"https:\\\/\\\/dana.com.br\\\/canaldana\\\/#\\\/schema\\\/person\\\/3c21f22f56fcf3bc46b94bc60ea4fef6\",\"name\":\"Canal Dana\",\"image\":{\"@type\":\"ImageObject\",\"inLanguage\":\"pt-BR\",\"@id\":\"https:\\\/\\\/secure.gravatar.com\\\/avatar\\\/420aaf9278582877d9018637c6817617705899d2858d7572ef0fe59a6b6454b4?s=96&d=mm&r=g\",\"url\":\"https:\\\/\\\/secure.gravatar.com\\\/avatar\\\/420aaf9278582877d9018637c6817617705899d2858d7572ef0fe59a6b6454b4?s=96&d=mm&r=g\",\"contentUrl\":\"https:\\\/\\\/secure.gravatar.com\\\/avatar\\\/420aaf9278582877d9018637c6817617705899d2858d7572ef0fe59a6b6454b4?s=96&d=mm&r=g\",\"caption\":\"Canal Dana\"},\"url\":\"https:\\\/\\\/dana.com.br\\\/canaldana\\\/author\\\/cdeditor\\\/\"}]}<\/script>\n<!-- \/ Yoast SEO plugin. -->","yoast_head_json":{"title":"Iveco lan\u00e7a Tector de 11 e 9 toneladas - Canal Dana","robots":{"index":"index","follow":"follow","max-snippet":"max-snippet:-1","max-image-preview":"max-image-preview:large","max-video-preview":"max-video-preview:-1"},"canonical":"https:\/\/dana.com.br\/canaldana\/2019\/06\/24\/iveco-lanca-tector-de-11-e-9-toneladas\/","og_locale":"pt_BR","og_type":"article","og_title":"Iveco lan\u00e7a Tector de 11 e 9 toneladas - Canal Dana","og_description":"Frota &amp; Cia\u00a0 &nbsp; A Iveco agregou mais dois modelos ao portf\u00f3lio de caminh\u00f5es da marca, para refor\u00e7ar a linha Tector. Os novos Tector 9-190 e 11-190 chegam para atender ao segmento de ve\u00edculos m\u00e9dios, na faixa de 9 e 11 toneladas, que responde por cerca de 20% das vendas no mercado nacional. Segundo a\u2026 Leia mais \u00bb","og_url":"https:\/\/dana.com.br\/canaldana\/2019\/06\/24\/iveco-lanca-tector-de-11-e-9-toneladas\/","og_site_name":"Canal Dana","article_published_time":"2019-06-24T11:41:32+00:00","author":"Canal Dana","twitter_card":"summary_large_image","twitter_misc":{"Escrito por":"Canal Dana","Est. tempo de leitura":"2 minutos"},"schema":{"@context":"https:\/\/schema.org","@graph":[{"@type":"Article","@id":"https:\/\/dana.com.br\/canaldana\/2019\/06\/24\/iveco-lanca-tector-de-11-e-9-toneladas\/#article","isPartOf":{"@id":"https:\/\/dana.com.br\/canaldana\/2019\/06\/24\/iveco-lanca-tector-de-11-e-9-toneladas\/"},"author":{"name":"Canal Dana","@id":"https:\/\/dana.com.br\/canaldana\/#\/schema\/person\/3c21f22f56fcf3bc46b94bc60ea4fef6"},"headline":"Iveco lan\u00e7a Tector de 11 e 9 toneladas","datePublished":"2019-06-24T11:41:32+00:00","mainEntityOfPage":{"@id":"https:\/\/dana.com.br\/canaldana\/2019\/06\/24\/iveco-lanca-tector-de-11-e-9-toneladas\/"},"wordCount":396,"articleSection":["Destaques"],"inLanguage":"pt-BR"},{"@type":"WebPage","@id":"https:\/\/dana.com.br\/canaldana\/2019\/06\/24\/iveco-lanca-tector-de-11-e-9-toneladas\/","url":"https:\/\/dana.com.br\/canaldana\/2019\/06\/24\/iveco-lanca-tector-de-11-e-9-toneladas\/","name":"Iveco lan\u00e7a Tector de 11 e 9 toneladas - Canal Dana","isPartOf":{"@id":"https:\/\/dana.com.br\/canaldana\/#website"},"datePublished":"2019-06-24T11:41:32+00:00","author":{"@id":"https:\/\/dana.com.br\/canaldana\/#\/schema\/person\/3c21f22f56fcf3bc46b94bc60ea4fef6"},"breadcrumb":{"@id":"https:\/\/dana.com.br\/canaldana\/2019\/06\/24\/iveco-lanca-tector-de-11-e-9-toneladas\/#breadcrumb"},"inLanguage":"pt-BR","potentialAction":[{"@type":"ReadAction","target":["https:\/\/dana.com.br\/canaldana\/2019\/06\/24\/iveco-lanca-tector-de-11-e-9-toneladas\/"]}]},{"@type":"BreadcrumbList","@id":"https:\/\/dana.com.br\/canaldana\/2019\/06\/24\/iveco-lanca-tector-de-11-e-9-toneladas\/#breadcrumb","itemListElement":[{"@type":"ListItem","position":1,"name":"Home","item":"https:\/\/dana.com.br\/canaldana\/"},{"@type":"ListItem","position":2,"name":"Destaques","item":"https:\/\/dana.com.br\/canaldana\/destaques\/"},{"@type":"ListItem","position":3,"name":"Iveco lan\u00e7a Tector de 11 e 9 toneladas"}]},{"@type":"WebSite","@id":"https:\/\/dana.com.br\/canaldana\/#website","url":"https:\/\/dana.com.br\/canaldana\/","name":"Canal Dana","description":"Informativo com as principais not\u00edcias da ind\u00fastria automotiva","potentialAction":[{"@type":"SearchAction","target":{"@type":"EntryPoint","urlTemplate":"https:\/\/dana.com.br\/canaldana\/?s={search_term_string}"},"query-input":{"@type":"PropertyValueSpecification","valueRequired":true,"valueName":"search_term_string"}}],"inLanguage":"pt-BR"},{"@type":"Person","@id":"https:\/\/dana.com.br\/canaldana\/#\/schema\/person\/3c21f22f56fcf3bc46b94bc60ea4fef6","name":"Canal Dana","image":{"@type":"ImageObject","inLanguage":"pt-BR","@id":"https:\/\/secure.gravatar.com\/avatar\/420aaf9278582877d9018637c6817617705899d2858d7572ef0fe59a6b6454b4?s=96&d=mm&r=g","url":"https:\/\/secure.gravatar.com\/avatar\/420aaf9278582877d9018637c6817617705899d2858d7572ef0fe59a6b6454b4?s=96&d=mm&r=g","contentUrl":"https:\/\/secure.gravatar.com\/avatar\/420aaf9278582877d9018637c6817617705899d2858d7572ef0fe59a6b6454b4?s=96&d=mm&r=g","caption":"Canal Dana"},"url":"https:\/\/dana.com.br\/canaldana\/author\/cdeditor\/"}]}},"_links":{"self":[{"href":"https:\/\/dana.com.br\/canaldana\/wp-json\/wp\/v2\/posts\/35321","targetHints":{"allow":["GET"]}}],"collection":[{"href":"https:\/\/dana.com.br\/canaldana\/wp-json\/wp\/v2\/posts"}],"about":[{"href":"https:\/\/dana.com.br\/canaldana\/wp-json\/wp\/v2\/types\/post"}],"author":[{"embeddable":true,"href":"https:\/\/dana.com.br\/canaldana\/wp-json\/wp\/v2\/users\/3"}],"replies":[{"embeddable":true,"href":"https:\/\/dana.com.br\/canaldana\/wp-json\/wp\/v2\/comments?post=35321"}],"version-history":[{"count":0,"href":"https:\/\/dana.com.br\/canaldana\/wp-json\/wp\/v2\/posts\/35321\/revisions"}],"wp:attachment":[{"href":"https:\/\/dana.com.br\/canaldana\/wp-json\/wp\/v2\/media?parent=35321"}],"wp:term":[{"taxonomy":"category","embeddable":true,"href":"https:\/\/dana.com.br\/canaldana\/wp-json\/wp\/v2\/categories?post=35321"},{"taxonomy":"post_tag","embeddable":true,"href":"https:\/\/dana.com.br\/canaldana\/wp-json\/wp\/v2\/tags?post=35321"}],"curies":[{"name":"wp","href":"https:\/\/api.w.org\/{rel}","templated":true}]}}