{"id":35051,"date":"2019-06-11T09:18:00","date_gmt":"2019-06-11T12:18:00","guid":{"rendered":"https:\/\/dana.com.br\/canaldana\/?p=35051"},"modified":"2019-06-11T09:20:05","modified_gmt":"2019-06-11T12:20:05","slug":"t-cross-highline-tem-fila-de-espera-de-60-dias","status":"publish","type":"post","link":"https:\/\/dana.com.br\/canaldana\/2019\/06\/11\/t-cross-highline-tem-fila-de-espera-de-60-dias\/","title":{"rendered":"T-Cross Highline tem fila de espera de 60 dias"},"content":{"rendered":"<p><em>AutoInd\u00fastria <\/em><\/p>\n<p>&nbsp;<\/p>\n<p>A Volkswagen errou no mix de produ\u00e7\u00e3o do seu novo SUV, o T-Cross, lan\u00e7ado em abril, e agora est\u00e1 ampliando de 40% para 55% a oferta da vers\u00e3o topo de linha, a Highline, que tem fila de espera na rede de concession\u00e1rias de at\u00e9 60 dias.<\/p>\n<p>&nbsp;<\/p>\n<p>\u201cJ\u00e1 mudamos o mix e acreditamos que a fila cair\u00e1 em curto prazo para 30 dias\u201d, comentou o vice-presidente de vendas e marketing da Volkswagen do Brasil, Gustavo Schmidt, destacando que a demanda pela vers\u00e3o mais cara se concentra principalmente em S\u00e3o Paulo, o maior mercado do Pa\u00eds.<\/p>\n<p>&nbsp;<\/p>\n<p>Al\u00e9m da vers\u00e3o topo de linha, que custa a partir de R$ 110 mil, o T-Cross tamb\u00e9m est\u00e1 dispon\u00edvel nas vers\u00f5es 200 TSI (manual e autom\u00e1tica, que custam, respectivamente, R$ 85 mil e R$ 94,5 mil) e Comfortline, por R$ 100 mil. J\u00e1 foram vendidas 5 mil unidades do T-Cross, das quais 3 mil no m\u00eas passado.<\/p>\n<p>&nbsp;<\/p>\n<p>Na segunda quinzena de maio a empresa atingiu a capacidade m\u00e1xima de produ\u00e7\u00e3o do SUV em sua f\u00e1brica de S\u00e3o Jos\u00e9 dos Pinhais (PR), que atualmente opera em dois turnos. O modelo ser\u00e1 exportado para a Argentina a partir deste m\u00eas e o objetivo \u00e9 atingir 50 mercados, dos quais 20 fora da regi\u00e3o, principalmente pa\u00edses africanos.<\/p>\n<p>&nbsp;<\/p>\n<p>A Volkswagen apresentou ontem os resultados da estrat\u00e9gia de maketing que lan\u00e7ou em 2017, quando anunciou o lan\u00e7amento de 20 modelos at\u00e9 2020 \u2013 dos quais 13 j\u00e1 est\u00e3o no mercado -, uma das a\u00e7\u00f5es que tem contribu\u00eddo para a marca ganhar participa\u00e7\u00e3o no mercado brasileiro.<\/p>\n<p>&nbsp;<\/p>\n<p>\u201cFechamos maio com market share de 16,3%, o maior \u00edndice em quatro anos\u201d, informou Schmid, lembrando que em 2017 o market share era de apenas 12,5%. Ele reafirmou disposi\u00e7\u00e3o da Volkswagen de al\u00e7ar o primeiro lugar nas vendas de autom\u00f3veis e comerciais leves, mas deixou claro que a empresa n\u00e3o adotar\u00e1 a\u00e7\u00f5es que \u201cmachuquem sua lucratividade\u201d.<\/p>\n<p>&nbsp;<\/p>\n<p>A montadora, que ainda opera no preju\u00edzo, espera atingir equil\u00edbrio em suas opera\u00e7\u00f5es no pr\u00f3ximo ano. Fatores como o c\u00e2mbio e o reajuste de at\u00e9 25% no pre\u00e7o do ano contribuem para a empresa ainda ter preju\u00edzo.<\/p>\n<p>&nbsp;<\/p>\n<p>A Volkswagen ampliou em 15% a verba destinada \u00e0 \u00e1rea de marketing a partir de 2018, investindo mais em m\u00eddias sociais e na digitaliza\u00e7\u00e3o da rede, dentre outras a\u00e7\u00f5es. De 2017 para c\u00e1, em fun\u00e7\u00e3o dos 13 lan\u00e7amentos feitos no per\u00edodo, ampliou de 78% para 92% a cobertura do mercado nacional.<\/p>\n<p>&nbsp;<\/p>\n<p>Segundo o vice-presidente, o lan\u00e7amento do T-Cross contribuiu para a empresa ampliar vendas em maio. \u201cCom a chegada do nosso SUV aumentou muito o fluxo em nossas lojas. Acredito que isso acabou contribuindo para a vendas dos demais produtos da marca\u201d. (AutoInd\u00fastria\/Alzira Rodrigues)<\/p>\n","protected":false},"excerpt":{"rendered":"<p>AutoInd\u00fastria &nbsp; A Volkswagen errou no mix de produ\u00e7\u00e3o do seu novo SUV, o T-Cross, lan\u00e7ado em abril, e agora est\u00e1 ampliando de 40% para 55% a oferta da vers\u00e3o topo de linha, a Highline, que tem fila de espera na rede de concession\u00e1rias de at\u00e9 60 dias. &nbsp; \u201cJ\u00e1 mudamos o mix e acreditamos\u2026 <a class=\"readmore\" href=\"https:\/\/dana.com.br\/canaldana\/2019\/06\/11\/t-cross-highline-tem-fila-de-espera-de-60-dias\/\">Leia mais \u00bb<\/a><\/p>\n","protected":false},"author":3,"featured_media":0,"comment_status":"closed","ping_status":"closed","sticky":false,"template":"","format":"standard","meta":{"_acf_changed":false,"footnotes":""},"categories":[79],"tags":[],"class_list":["post-35051","post","type-post","status-publish","format-standard","hentry","category-mercado"],"acf":[],"yoast_head":"<!-- This site is optimized with the Yoast SEO plugin v27.3 - https:\/\/yoast.com\/product\/yoast-seo-wordpress\/ -->\n<title>T-Cross Highline tem fila de espera de 60 dias - Canal Dana<\/title>\n<meta name=\"robots\" content=\"index, follow, max-snippet:-1, max-image-preview:large, max-video-preview:-1\" \/>\n<link rel=\"canonical\" href=\"https:\/\/dana.com.br\/canaldana\/2019\/06\/11\/t-cross-highline-tem-fila-de-espera-de-60-dias\/\" \/>\n<meta property=\"og:locale\" content=\"pt_BR\" \/>\n<meta property=\"og:type\" content=\"article\" \/>\n<meta property=\"og:title\" content=\"T-Cross Highline tem fila de espera de 60 dias - Canal Dana\" \/>\n<meta property=\"og:description\" content=\"AutoInd\u00fastria &nbsp; A Volkswagen errou no mix de produ\u00e7\u00e3o do seu novo SUV, o T-Cross, lan\u00e7ado em abril, e agora est\u00e1 ampliando de 40% para 55% a oferta da vers\u00e3o topo de linha, a Highline, que tem fila de espera na rede de concession\u00e1rias de at\u00e9 60 dias. &nbsp; \u201cJ\u00e1 mudamos o mix e acreditamos\u2026 Leia mais \u00bb\" \/>\n<meta property=\"og:url\" content=\"https:\/\/dana.com.br\/canaldana\/2019\/06\/11\/t-cross-highline-tem-fila-de-espera-de-60-dias\/\" \/>\n<meta property=\"og:site_name\" content=\"Canal Dana\" \/>\n<meta property=\"article:published_time\" content=\"2019-06-11T12:18:00+00:00\" \/>\n<meta property=\"article:modified_time\" content=\"2019-06-11T12:20:05+00:00\" \/>\n<meta name=\"author\" content=\"Canal Dana\" \/>\n<meta name=\"twitter:card\" content=\"summary_large_image\" \/>\n<meta name=\"twitter:label1\" content=\"Escrito por\" \/>\n\t<meta name=\"twitter:data1\" content=\"Canal Dana\" \/>\n\t<meta name=\"twitter:label2\" content=\"Est. tempo de leitura\" \/>\n\t<meta name=\"twitter:data2\" content=\"2 minutos\" \/>\n<script type=\"application\/ld+json\" class=\"yoast-schema-graph\">{\"@context\":\"https:\\\/\\\/schema.org\",\"@graph\":[{\"@type\":\"Article\",\"@id\":\"https:\\\/\\\/dana.com.br\\\/canaldana\\\/2019\\\/06\\\/11\\\/t-cross-highline-tem-fila-de-espera-de-60-dias\\\/#article\",\"isPartOf\":{\"@id\":\"https:\\\/\\\/dana.com.br\\\/canaldana\\\/2019\\\/06\\\/11\\\/t-cross-highline-tem-fila-de-espera-de-60-dias\\\/\"},\"author\":{\"name\":\"Canal Dana\",\"@id\":\"https:\\\/\\\/dana.com.br\\\/canaldana\\\/#\\\/schema\\\/person\\\/3c21f22f56fcf3bc46b94bc60ea4fef6\"},\"headline\":\"T-Cross Highline tem fila de espera de 60 dias\",\"datePublished\":\"2019-06-11T12:18:00+00:00\",\"dateModified\":\"2019-06-11T12:20:05+00:00\",\"mainEntityOfPage\":{\"@id\":\"https:\\\/\\\/dana.com.br\\\/canaldana\\\/2019\\\/06\\\/11\\\/t-cross-highline-tem-fila-de-espera-de-60-dias\\\/\"},\"wordCount\":479,\"articleSection\":[\"Mercado\"],\"inLanguage\":\"pt-BR\"},{\"@type\":\"WebPage\",\"@id\":\"https:\\\/\\\/dana.com.br\\\/canaldana\\\/2019\\\/06\\\/11\\\/t-cross-highline-tem-fila-de-espera-de-60-dias\\\/\",\"url\":\"https:\\\/\\\/dana.com.br\\\/canaldana\\\/2019\\\/06\\\/11\\\/t-cross-highline-tem-fila-de-espera-de-60-dias\\\/\",\"name\":\"T-Cross Highline tem fila de espera de 60 dias - Canal Dana\",\"isPartOf\":{\"@id\":\"https:\\\/\\\/dana.com.br\\\/canaldana\\\/#website\"},\"datePublished\":\"2019-06-11T12:18:00+00:00\",\"dateModified\":\"2019-06-11T12:20:05+00:00\",\"author\":{\"@id\":\"https:\\\/\\\/dana.com.br\\\/canaldana\\\/#\\\/schema\\\/person\\\/3c21f22f56fcf3bc46b94bc60ea4fef6\"},\"breadcrumb\":{\"@id\":\"https:\\\/\\\/dana.com.br\\\/canaldana\\\/2019\\\/06\\\/11\\\/t-cross-highline-tem-fila-de-espera-de-60-dias\\\/#breadcrumb\"},\"inLanguage\":\"pt-BR\",\"potentialAction\":[{\"@type\":\"ReadAction\",\"target\":[\"https:\\\/\\\/dana.com.br\\\/canaldana\\\/2019\\\/06\\\/11\\\/t-cross-highline-tem-fila-de-espera-de-60-dias\\\/\"]}]},{\"@type\":\"BreadcrumbList\",\"@id\":\"https:\\\/\\\/dana.com.br\\\/canaldana\\\/2019\\\/06\\\/11\\\/t-cross-highline-tem-fila-de-espera-de-60-dias\\\/#breadcrumb\",\"itemListElement\":[{\"@type\":\"ListItem\",\"position\":1,\"name\":\"Home\",\"item\":\"https:\\\/\\\/dana.com.br\\\/canaldana\\\/\"},{\"@type\":\"ListItem\",\"position\":2,\"name\":\"Mercado\",\"item\":\"https:\\\/\\\/dana.com.br\\\/canaldana\\\/mercado\\\/\"},{\"@type\":\"ListItem\",\"position\":3,\"name\":\"T-Cross Highline tem fila de espera de 60 dias\"}]},{\"@type\":\"WebSite\",\"@id\":\"https:\\\/\\\/dana.com.br\\\/canaldana\\\/#website\",\"url\":\"https:\\\/\\\/dana.com.br\\\/canaldana\\\/\",\"name\":\"Canal Dana\",\"description\":\"Informativo com as principais not\u00edcias da ind\u00fastria automotiva\",\"potentialAction\":[{\"@type\":\"SearchAction\",\"target\":{\"@type\":\"EntryPoint\",\"urlTemplate\":\"https:\\\/\\\/dana.com.br\\\/canaldana\\\/?s={search_term_string}\"},\"query-input\":{\"@type\":\"PropertyValueSpecification\",\"valueRequired\":true,\"valueName\":\"search_term_string\"}}],\"inLanguage\":\"pt-BR\"},{\"@type\":\"Person\",\"@id\":\"https:\\\/\\\/dana.com.br\\\/canaldana\\\/#\\\/schema\\\/person\\\/3c21f22f56fcf3bc46b94bc60ea4fef6\",\"name\":\"Canal Dana\",\"image\":{\"@type\":\"ImageObject\",\"inLanguage\":\"pt-BR\",\"@id\":\"https:\\\/\\\/secure.gravatar.com\\\/avatar\\\/420aaf9278582877d9018637c6817617705899d2858d7572ef0fe59a6b6454b4?s=96&d=mm&r=g\",\"url\":\"https:\\\/\\\/secure.gravatar.com\\\/avatar\\\/420aaf9278582877d9018637c6817617705899d2858d7572ef0fe59a6b6454b4?s=96&d=mm&r=g\",\"contentUrl\":\"https:\\\/\\\/secure.gravatar.com\\\/avatar\\\/420aaf9278582877d9018637c6817617705899d2858d7572ef0fe59a6b6454b4?s=96&d=mm&r=g\",\"caption\":\"Canal Dana\"},\"url\":\"https:\\\/\\\/dana.com.br\\\/canaldana\\\/author\\\/cdeditor\\\/\"}]}<\/script>\n<!-- \/ Yoast SEO plugin. -->","yoast_head_json":{"title":"T-Cross Highline tem fila de espera de 60 dias - Canal Dana","robots":{"index":"index","follow":"follow","max-snippet":"max-snippet:-1","max-image-preview":"max-image-preview:large","max-video-preview":"max-video-preview:-1"},"canonical":"https:\/\/dana.com.br\/canaldana\/2019\/06\/11\/t-cross-highline-tem-fila-de-espera-de-60-dias\/","og_locale":"pt_BR","og_type":"article","og_title":"T-Cross Highline tem fila de espera de 60 dias - Canal Dana","og_description":"AutoInd\u00fastria &nbsp; A Volkswagen errou no mix de produ\u00e7\u00e3o do seu novo SUV, o T-Cross, lan\u00e7ado em abril, e agora est\u00e1 ampliando de 40% para 55% a oferta da vers\u00e3o topo de linha, a Highline, que tem fila de espera na rede de concession\u00e1rias de at\u00e9 60 dias. &nbsp; \u201cJ\u00e1 mudamos o mix e acreditamos\u2026 Leia mais \u00bb","og_url":"https:\/\/dana.com.br\/canaldana\/2019\/06\/11\/t-cross-highline-tem-fila-de-espera-de-60-dias\/","og_site_name":"Canal Dana","article_published_time":"2019-06-11T12:18:00+00:00","article_modified_time":"2019-06-11T12:20:05+00:00","author":"Canal Dana","twitter_card":"summary_large_image","twitter_misc":{"Escrito por":"Canal Dana","Est. tempo de leitura":"2 minutos"},"schema":{"@context":"https:\/\/schema.org","@graph":[{"@type":"Article","@id":"https:\/\/dana.com.br\/canaldana\/2019\/06\/11\/t-cross-highline-tem-fila-de-espera-de-60-dias\/#article","isPartOf":{"@id":"https:\/\/dana.com.br\/canaldana\/2019\/06\/11\/t-cross-highline-tem-fila-de-espera-de-60-dias\/"},"author":{"name":"Canal Dana","@id":"https:\/\/dana.com.br\/canaldana\/#\/schema\/person\/3c21f22f56fcf3bc46b94bc60ea4fef6"},"headline":"T-Cross Highline tem fila de espera de 60 dias","datePublished":"2019-06-11T12:18:00+00:00","dateModified":"2019-06-11T12:20:05+00:00","mainEntityOfPage":{"@id":"https:\/\/dana.com.br\/canaldana\/2019\/06\/11\/t-cross-highline-tem-fila-de-espera-de-60-dias\/"},"wordCount":479,"articleSection":["Mercado"],"inLanguage":"pt-BR"},{"@type":"WebPage","@id":"https:\/\/dana.com.br\/canaldana\/2019\/06\/11\/t-cross-highline-tem-fila-de-espera-de-60-dias\/","url":"https:\/\/dana.com.br\/canaldana\/2019\/06\/11\/t-cross-highline-tem-fila-de-espera-de-60-dias\/","name":"T-Cross Highline tem fila de espera de 60 dias - Canal Dana","isPartOf":{"@id":"https:\/\/dana.com.br\/canaldana\/#website"},"datePublished":"2019-06-11T12:18:00+00:00","dateModified":"2019-06-11T12:20:05+00:00","author":{"@id":"https:\/\/dana.com.br\/canaldana\/#\/schema\/person\/3c21f22f56fcf3bc46b94bc60ea4fef6"},"breadcrumb":{"@id":"https:\/\/dana.com.br\/canaldana\/2019\/06\/11\/t-cross-highline-tem-fila-de-espera-de-60-dias\/#breadcrumb"},"inLanguage":"pt-BR","potentialAction":[{"@type":"ReadAction","target":["https:\/\/dana.com.br\/canaldana\/2019\/06\/11\/t-cross-highline-tem-fila-de-espera-de-60-dias\/"]}]},{"@type":"BreadcrumbList","@id":"https:\/\/dana.com.br\/canaldana\/2019\/06\/11\/t-cross-highline-tem-fila-de-espera-de-60-dias\/#breadcrumb","itemListElement":[{"@type":"ListItem","position":1,"name":"Home","item":"https:\/\/dana.com.br\/canaldana\/"},{"@type":"ListItem","position":2,"name":"Mercado","item":"https:\/\/dana.com.br\/canaldana\/mercado\/"},{"@type":"ListItem","position":3,"name":"T-Cross Highline tem fila de espera de 60 dias"}]},{"@type":"WebSite","@id":"https:\/\/dana.com.br\/canaldana\/#website","url":"https:\/\/dana.com.br\/canaldana\/","name":"Canal Dana","description":"Informativo com as principais not\u00edcias da ind\u00fastria automotiva","potentialAction":[{"@type":"SearchAction","target":{"@type":"EntryPoint","urlTemplate":"https:\/\/dana.com.br\/canaldana\/?s={search_term_string}"},"query-input":{"@type":"PropertyValueSpecification","valueRequired":true,"valueName":"search_term_string"}}],"inLanguage":"pt-BR"},{"@type":"Person","@id":"https:\/\/dana.com.br\/canaldana\/#\/schema\/person\/3c21f22f56fcf3bc46b94bc60ea4fef6","name":"Canal Dana","image":{"@type":"ImageObject","inLanguage":"pt-BR","@id":"https:\/\/secure.gravatar.com\/avatar\/420aaf9278582877d9018637c6817617705899d2858d7572ef0fe59a6b6454b4?s=96&d=mm&r=g","url":"https:\/\/secure.gravatar.com\/avatar\/420aaf9278582877d9018637c6817617705899d2858d7572ef0fe59a6b6454b4?s=96&d=mm&r=g","contentUrl":"https:\/\/secure.gravatar.com\/avatar\/420aaf9278582877d9018637c6817617705899d2858d7572ef0fe59a6b6454b4?s=96&d=mm&r=g","caption":"Canal Dana"},"url":"https:\/\/dana.com.br\/canaldana\/author\/cdeditor\/"}]}},"_links":{"self":[{"href":"https:\/\/dana.com.br\/canaldana\/wp-json\/wp\/v2\/posts\/35051","targetHints":{"allow":["GET"]}}],"collection":[{"href":"https:\/\/dana.com.br\/canaldana\/wp-json\/wp\/v2\/posts"}],"about":[{"href":"https:\/\/dana.com.br\/canaldana\/wp-json\/wp\/v2\/types\/post"}],"author":[{"embeddable":true,"href":"https:\/\/dana.com.br\/canaldana\/wp-json\/wp\/v2\/users\/3"}],"replies":[{"embeddable":true,"href":"https:\/\/dana.com.br\/canaldana\/wp-json\/wp\/v2\/comments?post=35051"}],"version-history":[{"count":0,"href":"https:\/\/dana.com.br\/canaldana\/wp-json\/wp\/v2\/posts\/35051\/revisions"}],"wp:attachment":[{"href":"https:\/\/dana.com.br\/canaldana\/wp-json\/wp\/v2\/media?parent=35051"}],"wp:term":[{"taxonomy":"category","embeddable":true,"href":"https:\/\/dana.com.br\/canaldana\/wp-json\/wp\/v2\/categories?post=35051"},{"taxonomy":"post_tag","embeddable":true,"href":"https:\/\/dana.com.br\/canaldana\/wp-json\/wp\/v2\/tags?post=35051"}],"curies":[{"name":"wp","href":"https:\/\/api.w.org\/{rel}","templated":true}]}}