{"id":35045,"date":"2019-06-11T09:15:13","date_gmt":"2019-06-11T12:15:13","guid":{"rendered":"https:\/\/dana.com.br\/canaldana\/?p=35045"},"modified":"2019-06-11T09:15:13","modified_gmt":"2019-06-11T12:15:13","slug":"renault-entrega-os-primeiros-carros-100-eletricos-para-fernando-de-noronha","status":"publish","type":"post","link":"https:\/\/dana.com.br\/canaldana\/2019\/06\/11\/renault-entrega-os-primeiros-carros-100-eletricos-para-fernando-de-noronha\/","title":{"rendered":"Renault entrega os primeiros carros 100% el\u00e9tricos para Fernando de Noronha"},"content":{"rendered":"<p><em>Futuretransport <\/em><\/p>\n<p>&nbsp;<\/p>\n<p>A Renault entregou no \u00faltimo s\u00e1bado (8\/6), os primeiros carros el\u00e9tricos para Fernando de Noronha. Os seis ve\u00edculos \u2013 3 Zoe, 2 Twizy e 1 Kangoo Z.E. \u2013 e os quatro carregadores foram cedidos para uso oficial da administra\u00e7\u00e3o local em regime de comodato.<\/p>\n<p>&nbsp;<\/p>\n<p>A parceria da Renault com a administra\u00e7\u00e3o da ilha faz parte do Projeto Noronha Carbono Zero, para a circula\u00e7\u00e3o dos carros 100% el\u00e9tricos em Fernando de Noronha.<\/p>\n<p>&nbsp;<\/p>\n<p>Na semana passada foi assinado pelo governador de Pernambuco, Paulo C\u00e2mara, um decreto-lei que veta a entrada de carros, motos, \u00f4nibus e caminh\u00f5es que emitem di\u00f3xido de carbono a partir de 10 de agosto de 2022, permitindo apenas a circula\u00e7\u00e3o de unidades j\u00e1 presentes na ilha. A nova legisla\u00e7\u00e3o ainda prev\u00ea, de 2030 em diante, a retirada da ilha de todos os ve\u00edculos movidos a gasolina, \u00e1lcool e \u00f3leo diesel.<\/p>\n<p>&nbsp;<\/p>\n<p>\u201cEssa \u00e9 mais uma solu\u00e7\u00e3o de mobilidade sustent\u00e1vel da Renault do Brasil. Para n\u00f3s \u00e9 uma honra estarmos presentes em Fernando de Noronha, que \u00e9 um s\u00edmbolo de preserva\u00e7\u00e3o ambiental no Brasil e no mundo\u201d, afirma Ricardo Gondo, presidente da Renault do Brasil.<\/p>\n<p>&nbsp;<\/p>\n<p>Al\u00e9m da entrega dos ve\u00edculos, a Renault abriu a venda de carros 100% el\u00e9tricos para moradores de Fernando de Noronha, com condi\u00e7\u00f5es especiais de pagamento. Na assinatura do Decreto-lei tamb\u00e9m foi divulgado o n\u00famero de autoriza\u00e7\u00f5es ecol\u00f3gicas que ser\u00e3o concedidas para quem quiser obter um ve\u00edculo em acordo com as especifica\u00e7\u00f5es ambientalmente corretas.<\/p>\n<p>&nbsp;<\/p>\n<p>\u201cO nosso objetivo \u00e9 zerar a emiss\u00e3o do carbono na ilha at\u00e9 2030, conforme as premissas do Noronha + 20, que s\u00e3o regidas pela sustentabilidade em diversas \u00e1reas da gest\u00e3o p\u00fablica. Noronha Carbono Zero, atrav\u00e9s dos carros el\u00e9tricos, \u00e9 apenas o in\u00edcio de novas op\u00e7\u00f5es sustent\u00e1veis para a mobilidade e a matriz energ\u00e9tica da ilha\u201d, diz Guilherme Rocha, administrador da ilha.<\/p>\n<p>&nbsp;<\/p>\n<p>Em Fernando de Noronha, um Kangoo Z.E. da Celpe, do grupo Neonenergia, roda na ilha desde 2015, abastecido exclusivamente por energia solar fotovoltaica para estudos do desempenho operacional desta mobilidade em \u00e1rea de preserva\u00e7\u00e3o ambiental.<\/p>\n<p>&nbsp;<\/p>\n<p>Desde que o Zoe come\u00e7ou a ser vendido tamb\u00e9m para consumidor final no Brasil, em novembro de 2018 durante o Sal\u00e3o do Autom\u00f3vel de S\u00e3o Paulo, j\u00e1 foram entregues 20 Zoe para o consumidor final e um novo lote j\u00e1 chegou para atender os novos pedidos. (Futuretransport)<\/p>\n<p>&nbsp;<\/p>\n","protected":false},"excerpt":{"rendered":"<p>Futuretransport &nbsp; A Renault entregou no \u00faltimo s\u00e1bado (8\/6), os primeiros carros el\u00e9tricos para Fernando de Noronha. Os seis ve\u00edculos \u2013 3 Zoe, 2 Twizy e 1 Kangoo Z.E. \u2013 e os quatro carregadores foram cedidos para uso oficial da administra\u00e7\u00e3o local em regime de comodato. &nbsp; A parceria da Renault com a administra\u00e7\u00e3o da\u2026 <a class=\"readmore\" href=\"https:\/\/dana.com.br\/canaldana\/2019\/06\/11\/renault-entrega-os-primeiros-carros-100-eletricos-para-fernando-de-noronha\/\">Leia mais \u00bb<\/a><\/p>\n","protected":false},"author":3,"featured_media":0,"comment_status":"closed","ping_status":"closed","sticky":false,"template":"","format":"standard","meta":{"_acf_changed":false,"footnotes":""},"categories":[110],"tags":[],"class_list":["post-35045","post","type-post","status-publish","format-standard","hentry","category-eletricos"],"acf":[],"yoast_head":"<!-- This site is optimized with the Yoast SEO plugin v27.3 - https:\/\/yoast.com\/product\/yoast-seo-wordpress\/ -->\n<title>Renault entrega os primeiros carros 100% el\u00e9tricos para Fernando de Noronha - Canal Dana<\/title>\n<meta name=\"robots\" content=\"index, follow, max-snippet:-1, max-image-preview:large, max-video-preview:-1\" \/>\n<link rel=\"canonical\" href=\"https:\/\/dana.com.br\/canaldana\/2019\/06\/11\/renault-entrega-os-primeiros-carros-100-eletricos-para-fernando-de-noronha\/\" \/>\n<meta property=\"og:locale\" content=\"pt_BR\" \/>\n<meta property=\"og:type\" content=\"article\" \/>\n<meta property=\"og:title\" content=\"Renault entrega os primeiros carros 100% el\u00e9tricos para Fernando de Noronha - Canal Dana\" \/>\n<meta property=\"og:description\" content=\"Futuretransport &nbsp; A Renault entregou no \u00faltimo s\u00e1bado (8\/6), os primeiros carros el\u00e9tricos para Fernando de Noronha. Os seis ve\u00edculos \u2013 3 Zoe, 2 Twizy e 1 Kangoo Z.E. \u2013 e os quatro carregadores foram cedidos para uso oficial da administra\u00e7\u00e3o local em regime de comodato. &nbsp; A parceria da Renault com a administra\u00e7\u00e3o da\u2026 Leia mais \u00bb\" \/>\n<meta property=\"og:url\" content=\"https:\/\/dana.com.br\/canaldana\/2019\/06\/11\/renault-entrega-os-primeiros-carros-100-eletricos-para-fernando-de-noronha\/\" \/>\n<meta property=\"og:site_name\" content=\"Canal Dana\" \/>\n<meta property=\"article:published_time\" content=\"2019-06-11T12:15:13+00:00\" \/>\n<meta name=\"author\" content=\"Canal Dana\" \/>\n<meta name=\"twitter:card\" content=\"summary_large_image\" \/>\n<meta name=\"twitter:label1\" content=\"Escrito por\" \/>\n\t<meta name=\"twitter:data1\" content=\"Canal Dana\" \/>\n\t<meta name=\"twitter:label2\" content=\"Est. tempo de leitura\" \/>\n\t<meta name=\"twitter:data2\" content=\"2 minutos\" \/>\n<script type=\"application\/ld+json\" class=\"yoast-schema-graph\">{\"@context\":\"https:\\\/\\\/schema.org\",\"@graph\":[{\"@type\":\"Article\",\"@id\":\"https:\\\/\\\/dana.com.br\\\/canaldana\\\/2019\\\/06\\\/11\\\/renault-entrega-os-primeiros-carros-100-eletricos-para-fernando-de-noronha\\\/#article\",\"isPartOf\":{\"@id\":\"https:\\\/\\\/dana.com.br\\\/canaldana\\\/2019\\\/06\\\/11\\\/renault-entrega-os-primeiros-carros-100-eletricos-para-fernando-de-noronha\\\/\"},\"author\":{\"name\":\"Canal Dana\",\"@id\":\"https:\\\/\\\/dana.com.br\\\/canaldana\\\/#\\\/schema\\\/person\\\/3c21f22f56fcf3bc46b94bc60ea4fef6\"},\"headline\":\"Renault entrega os primeiros carros 100% el\u00e9tricos para Fernando de Noronha\",\"datePublished\":\"2019-06-11T12:15:13+00:00\",\"mainEntityOfPage\":{\"@id\":\"https:\\\/\\\/dana.com.br\\\/canaldana\\\/2019\\\/06\\\/11\\\/renault-entrega-os-primeiros-carros-100-eletricos-para-fernando-de-noronha\\\/\"},\"wordCount\":426,\"articleSection\":[\"El\u00e9tricos\"],\"inLanguage\":\"pt-BR\"},{\"@type\":\"WebPage\",\"@id\":\"https:\\\/\\\/dana.com.br\\\/canaldana\\\/2019\\\/06\\\/11\\\/renault-entrega-os-primeiros-carros-100-eletricos-para-fernando-de-noronha\\\/\",\"url\":\"https:\\\/\\\/dana.com.br\\\/canaldana\\\/2019\\\/06\\\/11\\\/renault-entrega-os-primeiros-carros-100-eletricos-para-fernando-de-noronha\\\/\",\"name\":\"Renault entrega os primeiros carros 100% el\u00e9tricos para Fernando de Noronha - Canal Dana\",\"isPartOf\":{\"@id\":\"https:\\\/\\\/dana.com.br\\\/canaldana\\\/#website\"},\"datePublished\":\"2019-06-11T12:15:13+00:00\",\"author\":{\"@id\":\"https:\\\/\\\/dana.com.br\\\/canaldana\\\/#\\\/schema\\\/person\\\/3c21f22f56fcf3bc46b94bc60ea4fef6\"},\"breadcrumb\":{\"@id\":\"https:\\\/\\\/dana.com.br\\\/canaldana\\\/2019\\\/06\\\/11\\\/renault-entrega-os-primeiros-carros-100-eletricos-para-fernando-de-noronha\\\/#breadcrumb\"},\"inLanguage\":\"pt-BR\",\"potentialAction\":[{\"@type\":\"ReadAction\",\"target\":[\"https:\\\/\\\/dana.com.br\\\/canaldana\\\/2019\\\/06\\\/11\\\/renault-entrega-os-primeiros-carros-100-eletricos-para-fernando-de-noronha\\\/\"]}]},{\"@type\":\"BreadcrumbList\",\"@id\":\"https:\\\/\\\/dana.com.br\\\/canaldana\\\/2019\\\/06\\\/11\\\/renault-entrega-os-primeiros-carros-100-eletricos-para-fernando-de-noronha\\\/#breadcrumb\",\"itemListElement\":[{\"@type\":\"ListItem\",\"position\":1,\"name\":\"Home\",\"item\":\"https:\\\/\\\/dana.com.br\\\/canaldana\\\/\"},{\"@type\":\"ListItem\",\"position\":2,\"name\":\"El\u00e9tricos\",\"item\":\"https:\\\/\\\/dana.com.br\\\/canaldana\\\/eletricos\\\/\"},{\"@type\":\"ListItem\",\"position\":3,\"name\":\"Renault entrega os primeiros carros 100% el\u00e9tricos para Fernando de Noronha\"}]},{\"@type\":\"WebSite\",\"@id\":\"https:\\\/\\\/dana.com.br\\\/canaldana\\\/#website\",\"url\":\"https:\\\/\\\/dana.com.br\\\/canaldana\\\/\",\"name\":\"Canal Dana\",\"description\":\"Informativo com as principais not\u00edcias da ind\u00fastria automotiva\",\"potentialAction\":[{\"@type\":\"SearchAction\",\"target\":{\"@type\":\"EntryPoint\",\"urlTemplate\":\"https:\\\/\\\/dana.com.br\\\/canaldana\\\/?s={search_term_string}\"},\"query-input\":{\"@type\":\"PropertyValueSpecification\",\"valueRequired\":true,\"valueName\":\"search_term_string\"}}],\"inLanguage\":\"pt-BR\"},{\"@type\":\"Person\",\"@id\":\"https:\\\/\\\/dana.com.br\\\/canaldana\\\/#\\\/schema\\\/person\\\/3c21f22f56fcf3bc46b94bc60ea4fef6\",\"name\":\"Canal Dana\",\"image\":{\"@type\":\"ImageObject\",\"inLanguage\":\"pt-BR\",\"@id\":\"https:\\\/\\\/secure.gravatar.com\\\/avatar\\\/420aaf9278582877d9018637c6817617705899d2858d7572ef0fe59a6b6454b4?s=96&d=mm&r=g\",\"url\":\"https:\\\/\\\/secure.gravatar.com\\\/avatar\\\/420aaf9278582877d9018637c6817617705899d2858d7572ef0fe59a6b6454b4?s=96&d=mm&r=g\",\"contentUrl\":\"https:\\\/\\\/secure.gravatar.com\\\/avatar\\\/420aaf9278582877d9018637c6817617705899d2858d7572ef0fe59a6b6454b4?s=96&d=mm&r=g\",\"caption\":\"Canal Dana\"},\"url\":\"https:\\\/\\\/dana.com.br\\\/canaldana\\\/author\\\/cdeditor\\\/\"}]}<\/script>\n<!-- \/ Yoast SEO plugin. -->","yoast_head_json":{"title":"Renault entrega os primeiros carros 100% el\u00e9tricos para Fernando de Noronha - Canal Dana","robots":{"index":"index","follow":"follow","max-snippet":"max-snippet:-1","max-image-preview":"max-image-preview:large","max-video-preview":"max-video-preview:-1"},"canonical":"https:\/\/dana.com.br\/canaldana\/2019\/06\/11\/renault-entrega-os-primeiros-carros-100-eletricos-para-fernando-de-noronha\/","og_locale":"pt_BR","og_type":"article","og_title":"Renault entrega os primeiros carros 100% el\u00e9tricos para Fernando de Noronha - Canal Dana","og_description":"Futuretransport &nbsp; A Renault entregou no \u00faltimo s\u00e1bado (8\/6), os primeiros carros el\u00e9tricos para Fernando de Noronha. Os seis ve\u00edculos \u2013 3 Zoe, 2 Twizy e 1 Kangoo Z.E. \u2013 e os quatro carregadores foram cedidos para uso oficial da administra\u00e7\u00e3o local em regime de comodato. &nbsp; A parceria da Renault com a administra\u00e7\u00e3o da\u2026 Leia mais \u00bb","og_url":"https:\/\/dana.com.br\/canaldana\/2019\/06\/11\/renault-entrega-os-primeiros-carros-100-eletricos-para-fernando-de-noronha\/","og_site_name":"Canal Dana","article_published_time":"2019-06-11T12:15:13+00:00","author":"Canal Dana","twitter_card":"summary_large_image","twitter_misc":{"Escrito por":"Canal Dana","Est. tempo de leitura":"2 minutos"},"schema":{"@context":"https:\/\/schema.org","@graph":[{"@type":"Article","@id":"https:\/\/dana.com.br\/canaldana\/2019\/06\/11\/renault-entrega-os-primeiros-carros-100-eletricos-para-fernando-de-noronha\/#article","isPartOf":{"@id":"https:\/\/dana.com.br\/canaldana\/2019\/06\/11\/renault-entrega-os-primeiros-carros-100-eletricos-para-fernando-de-noronha\/"},"author":{"name":"Canal Dana","@id":"https:\/\/dana.com.br\/canaldana\/#\/schema\/person\/3c21f22f56fcf3bc46b94bc60ea4fef6"},"headline":"Renault entrega os primeiros carros 100% el\u00e9tricos para Fernando de Noronha","datePublished":"2019-06-11T12:15:13+00:00","mainEntityOfPage":{"@id":"https:\/\/dana.com.br\/canaldana\/2019\/06\/11\/renault-entrega-os-primeiros-carros-100-eletricos-para-fernando-de-noronha\/"},"wordCount":426,"articleSection":["El\u00e9tricos"],"inLanguage":"pt-BR"},{"@type":"WebPage","@id":"https:\/\/dana.com.br\/canaldana\/2019\/06\/11\/renault-entrega-os-primeiros-carros-100-eletricos-para-fernando-de-noronha\/","url":"https:\/\/dana.com.br\/canaldana\/2019\/06\/11\/renault-entrega-os-primeiros-carros-100-eletricos-para-fernando-de-noronha\/","name":"Renault entrega os primeiros carros 100% el\u00e9tricos para Fernando de Noronha - Canal Dana","isPartOf":{"@id":"https:\/\/dana.com.br\/canaldana\/#website"},"datePublished":"2019-06-11T12:15:13+00:00","author":{"@id":"https:\/\/dana.com.br\/canaldana\/#\/schema\/person\/3c21f22f56fcf3bc46b94bc60ea4fef6"},"breadcrumb":{"@id":"https:\/\/dana.com.br\/canaldana\/2019\/06\/11\/renault-entrega-os-primeiros-carros-100-eletricos-para-fernando-de-noronha\/#breadcrumb"},"inLanguage":"pt-BR","potentialAction":[{"@type":"ReadAction","target":["https:\/\/dana.com.br\/canaldana\/2019\/06\/11\/renault-entrega-os-primeiros-carros-100-eletricos-para-fernando-de-noronha\/"]}]},{"@type":"BreadcrumbList","@id":"https:\/\/dana.com.br\/canaldana\/2019\/06\/11\/renault-entrega-os-primeiros-carros-100-eletricos-para-fernando-de-noronha\/#breadcrumb","itemListElement":[{"@type":"ListItem","position":1,"name":"Home","item":"https:\/\/dana.com.br\/canaldana\/"},{"@type":"ListItem","position":2,"name":"El\u00e9tricos","item":"https:\/\/dana.com.br\/canaldana\/eletricos\/"},{"@type":"ListItem","position":3,"name":"Renault entrega os primeiros carros 100% el\u00e9tricos para Fernando de Noronha"}]},{"@type":"WebSite","@id":"https:\/\/dana.com.br\/canaldana\/#website","url":"https:\/\/dana.com.br\/canaldana\/","name":"Canal Dana","description":"Informativo com as principais not\u00edcias da ind\u00fastria automotiva","potentialAction":[{"@type":"SearchAction","target":{"@type":"EntryPoint","urlTemplate":"https:\/\/dana.com.br\/canaldana\/?s={search_term_string}"},"query-input":{"@type":"PropertyValueSpecification","valueRequired":true,"valueName":"search_term_string"}}],"inLanguage":"pt-BR"},{"@type":"Person","@id":"https:\/\/dana.com.br\/canaldana\/#\/schema\/person\/3c21f22f56fcf3bc46b94bc60ea4fef6","name":"Canal Dana","image":{"@type":"ImageObject","inLanguage":"pt-BR","@id":"https:\/\/secure.gravatar.com\/avatar\/420aaf9278582877d9018637c6817617705899d2858d7572ef0fe59a6b6454b4?s=96&d=mm&r=g","url":"https:\/\/secure.gravatar.com\/avatar\/420aaf9278582877d9018637c6817617705899d2858d7572ef0fe59a6b6454b4?s=96&d=mm&r=g","contentUrl":"https:\/\/secure.gravatar.com\/avatar\/420aaf9278582877d9018637c6817617705899d2858d7572ef0fe59a6b6454b4?s=96&d=mm&r=g","caption":"Canal Dana"},"url":"https:\/\/dana.com.br\/canaldana\/author\/cdeditor\/"}]}},"_links":{"self":[{"href":"https:\/\/dana.com.br\/canaldana\/wp-json\/wp\/v2\/posts\/35045","targetHints":{"allow":["GET"]}}],"collection":[{"href":"https:\/\/dana.com.br\/canaldana\/wp-json\/wp\/v2\/posts"}],"about":[{"href":"https:\/\/dana.com.br\/canaldana\/wp-json\/wp\/v2\/types\/post"}],"author":[{"embeddable":true,"href":"https:\/\/dana.com.br\/canaldana\/wp-json\/wp\/v2\/users\/3"}],"replies":[{"embeddable":true,"href":"https:\/\/dana.com.br\/canaldana\/wp-json\/wp\/v2\/comments?post=35045"}],"version-history":[{"count":0,"href":"https:\/\/dana.com.br\/canaldana\/wp-json\/wp\/v2\/posts\/35045\/revisions"}],"wp:attachment":[{"href":"https:\/\/dana.com.br\/canaldana\/wp-json\/wp\/v2\/media?parent=35045"}],"wp:term":[{"taxonomy":"category","embeddable":true,"href":"https:\/\/dana.com.br\/canaldana\/wp-json\/wp\/v2\/categories?post=35045"},{"taxonomy":"post_tag","embeddable":true,"href":"https:\/\/dana.com.br\/canaldana\/wp-json\/wp\/v2\/tags?post=35045"}],"curies":[{"name":"wp","href":"https:\/\/api.w.org\/{rel}","templated":true}]}}