{"id":35043,"date":"2019-06-11T09:14:32","date_gmt":"2019-06-11T12:14:32","guid":{"rendered":"https:\/\/dana.com.br\/canaldana\/?p=35043"},"modified":"2019-06-11T09:14:32","modified_gmt":"2019-06-11T12:14:32","slug":"operadora-de-transporte-de-messina-italia-adquire-frota-de-16-onibus-100-eletricos-da-byd","status":"publish","type":"post","link":"https:\/\/dana.com.br\/canaldana\/2019\/06\/11\/operadora-de-transporte-de-messina-italia-adquire-frota-de-16-onibus-100-eletricos-da-byd\/","title":{"rendered":"Operadora de transporte de Messina, It\u00e1lia, adquire frota de 16 \u00f4nibus 100% el\u00e9tricos da BYD"},"content":{"rendered":"<p><em>Di\u00e1rio do Transporte<\/em><\/p>\n<p>&nbsp;<\/p>\n<p>A BYD entregou h\u00e1 poucos dias 16 \u00f4nibus de emiss\u00e3o zero para a ATM \u2013 Azienda Trasporti Di Messina, operadora da cidade siciliana. A entrega decorre de um pedido de 13 unidades assinadas h\u00e1 um ano, que foi aumentado at\u00e9 atingir 16 unidades.<\/p>\n<p>&nbsp;<\/p>\n<p>Os novos \u00f4nibus s\u00e3o do modelo K7, com 8,7 metros de comprimento.<\/p>\n<p>&nbsp;<\/p>\n<p>O que \u00e9 significativo \u00e9 que a aquisi\u00e7\u00e3o da nova frota dos \u00f4nibus el\u00e9tricos da BYD, com capacidade de 53 passageiros, ocorreu atrav\u00e9s de financiamento estatal, diretamente por meio do munic\u00edpio de Messina.<\/p>\n<p>&nbsp;<\/p>\n<p>\u201cO uso de \u00f4nibus el\u00e9tricos reduz a polui\u00e7\u00e3o e promove a mobilidade sustent\u00e1vel\u201d, declarou o Conselheiro de Transportes e Vice-Prefeito, Salvatore Mondello. \u201cEstamos orgulhosos porque Messina se tornou uma das principais cidades a partir deste ponto de vista. Queremos continuar a nos concentrar em transportes sustent\u00e1veis e tecnologicamente avan\u00e7ados\u201d.<\/p>\n<p>&nbsp;<\/p>\n<p>A BYD j\u00e1 garantiu mais de 50% do mercado total de \u00f4nibus el\u00e9tricos na It\u00e1lia, informa a empresa chinesa em comunicado \u00e0 imprensa especializada. Somente em Turim, j\u00e1 s\u00e3o 28 \u00f4nibus el\u00e9tricos da companhia em opera\u00e7\u00e3o.<\/p>\n<p>&nbsp;<\/p>\n<p>Olhando para as quotas de mercado europeias de 2018 de \u00f4nibus el\u00e9tricos, o salto da BYD para o exterior tem sido importante.<\/p>\n<p>&nbsp;<\/p>\n<p>O fabricante chin\u00eas produz tanto \u00f4nibus el\u00e9tricos internos quanto chassi para a encarro\u00e7adora Alexander Dennis (ADL) que atua no mercado do Reino Unido. Somando as vendas dos \u00f4nibus el\u00e9tricos BYD (77) e os realizados pela parceria BYD-ADL (84), s\u00e3o 161 \u00f4nibus el\u00e9tricos registrados em 2018.<\/p>\n<p>&nbsp;<\/p>\n<p>Se os dois produtos fossem considerados como \u00fanicos, a BYD seria a l\u00edder de \u00f4nibus el\u00e9tricos no mercado europeu, afirma o portal Sustainable Bus.<\/p>\n<p>&nbsp;<\/p>\n<p>Na Europa, o n\u00famero de \u00f4nibus el\u00e9tricos registrados aumentou 48% entre 2017 e 2018, alcan\u00e7ando 562 unidades no ano passado, cerca de 5% do mercado Classe I na \u00e1rea considerada. (Di\u00e1rio do Transporte\/Alexandre Pelegi)<\/p>\n","protected":false},"excerpt":{"rendered":"<p>Di\u00e1rio do Transporte &nbsp; A BYD entregou h\u00e1 poucos dias 16 \u00f4nibus de emiss\u00e3o zero para a ATM \u2013 Azienda Trasporti Di Messina, operadora da cidade siciliana. A entrega decorre de um pedido de 13 unidades assinadas h\u00e1 um ano, que foi aumentado at\u00e9 atingir 16 unidades. &nbsp; Os novos \u00f4nibus s\u00e3o do modelo K7,\u2026 <a class=\"readmore\" href=\"https:\/\/dana.com.br\/canaldana\/2019\/06\/11\/operadora-de-transporte-de-messina-italia-adquire-frota-de-16-onibus-100-eletricos-da-byd\/\">Leia mais \u00bb<\/a><\/p>\n","protected":false},"author":3,"featured_media":0,"comment_status":"closed","ping_status":"closed","sticky":false,"template":"","format":"standard","meta":{"_acf_changed":false,"footnotes":""},"categories":[110],"tags":[],"class_list":["post-35043","post","type-post","status-publish","format-standard","hentry","category-eletricos"],"acf":[],"yoast_head":"<!-- This site is optimized with the Yoast SEO plugin v27.3 - https:\/\/yoast.com\/product\/yoast-seo-wordpress\/ -->\n<title>Operadora de transporte de Messina, It\u00e1lia, adquire frota de 16 \u00f4nibus 100% el\u00e9tricos da BYD - Canal Dana<\/title>\n<meta name=\"robots\" content=\"index, follow, max-snippet:-1, max-image-preview:large, max-video-preview:-1\" \/>\n<link rel=\"canonical\" href=\"https:\/\/dana.com.br\/canaldana\/2019\/06\/11\/operadora-de-transporte-de-messina-italia-adquire-frota-de-16-onibus-100-eletricos-da-byd\/\" \/>\n<meta property=\"og:locale\" content=\"pt_BR\" \/>\n<meta property=\"og:type\" content=\"article\" \/>\n<meta property=\"og:title\" content=\"Operadora de transporte de Messina, It\u00e1lia, adquire frota de 16 \u00f4nibus 100% el\u00e9tricos da BYD - Canal Dana\" \/>\n<meta property=\"og:description\" content=\"Di\u00e1rio do Transporte &nbsp; A BYD entregou h\u00e1 poucos dias 16 \u00f4nibus de emiss\u00e3o zero para a ATM \u2013 Azienda Trasporti Di Messina, operadora da cidade siciliana. A entrega decorre de um pedido de 13 unidades assinadas h\u00e1 um ano, que foi aumentado at\u00e9 atingir 16 unidades. &nbsp; Os novos \u00f4nibus s\u00e3o do modelo K7,\u2026 Leia mais \u00bb\" \/>\n<meta property=\"og:url\" content=\"https:\/\/dana.com.br\/canaldana\/2019\/06\/11\/operadora-de-transporte-de-messina-italia-adquire-frota-de-16-onibus-100-eletricos-da-byd\/\" \/>\n<meta property=\"og:site_name\" content=\"Canal Dana\" \/>\n<meta property=\"article:published_time\" content=\"2019-06-11T12:14:32+00:00\" \/>\n<meta name=\"author\" content=\"Canal Dana\" \/>\n<meta name=\"twitter:card\" content=\"summary_large_image\" \/>\n<meta name=\"twitter:label1\" content=\"Escrito por\" \/>\n\t<meta name=\"twitter:data1\" content=\"Canal Dana\" \/>\n\t<meta name=\"twitter:label2\" content=\"Est. tempo de leitura\" \/>\n\t<meta name=\"twitter:data2\" content=\"2 minutos\" \/>\n<script type=\"application\/ld+json\" class=\"yoast-schema-graph\">{\"@context\":\"https:\\\/\\\/schema.org\",\"@graph\":[{\"@type\":\"Article\",\"@id\":\"https:\\\/\\\/dana.com.br\\\/canaldana\\\/2019\\\/06\\\/11\\\/operadora-de-transporte-de-messina-italia-adquire-frota-de-16-onibus-100-eletricos-da-byd\\\/#article\",\"isPartOf\":{\"@id\":\"https:\\\/\\\/dana.com.br\\\/canaldana\\\/2019\\\/06\\\/11\\\/operadora-de-transporte-de-messina-italia-adquire-frota-de-16-onibus-100-eletricos-da-byd\\\/\"},\"author\":{\"name\":\"Canal Dana\",\"@id\":\"https:\\\/\\\/dana.com.br\\\/canaldana\\\/#\\\/schema\\\/person\\\/3c21f22f56fcf3bc46b94bc60ea4fef6\"},\"headline\":\"Operadora de transporte de Messina, It\u00e1lia, adquire frota de 16 \u00f4nibus 100% el\u00e9tricos da BYD\",\"datePublished\":\"2019-06-11T12:14:32+00:00\",\"mainEntityOfPage\":{\"@id\":\"https:\\\/\\\/dana.com.br\\\/canaldana\\\/2019\\\/06\\\/11\\\/operadora-de-transporte-de-messina-italia-adquire-frota-de-16-onibus-100-eletricos-da-byd\\\/\"},\"wordCount\":335,\"articleSection\":[\"El\u00e9tricos\"],\"inLanguage\":\"pt-BR\"},{\"@type\":\"WebPage\",\"@id\":\"https:\\\/\\\/dana.com.br\\\/canaldana\\\/2019\\\/06\\\/11\\\/operadora-de-transporte-de-messina-italia-adquire-frota-de-16-onibus-100-eletricos-da-byd\\\/\",\"url\":\"https:\\\/\\\/dana.com.br\\\/canaldana\\\/2019\\\/06\\\/11\\\/operadora-de-transporte-de-messina-italia-adquire-frota-de-16-onibus-100-eletricos-da-byd\\\/\",\"name\":\"Operadora de transporte de Messina, It\u00e1lia, adquire frota de 16 \u00f4nibus 100% el\u00e9tricos da BYD - Canal Dana\",\"isPartOf\":{\"@id\":\"https:\\\/\\\/dana.com.br\\\/canaldana\\\/#website\"},\"datePublished\":\"2019-06-11T12:14:32+00:00\",\"author\":{\"@id\":\"https:\\\/\\\/dana.com.br\\\/canaldana\\\/#\\\/schema\\\/person\\\/3c21f22f56fcf3bc46b94bc60ea4fef6\"},\"breadcrumb\":{\"@id\":\"https:\\\/\\\/dana.com.br\\\/canaldana\\\/2019\\\/06\\\/11\\\/operadora-de-transporte-de-messina-italia-adquire-frota-de-16-onibus-100-eletricos-da-byd\\\/#breadcrumb\"},\"inLanguage\":\"pt-BR\",\"potentialAction\":[{\"@type\":\"ReadAction\",\"target\":[\"https:\\\/\\\/dana.com.br\\\/canaldana\\\/2019\\\/06\\\/11\\\/operadora-de-transporte-de-messina-italia-adquire-frota-de-16-onibus-100-eletricos-da-byd\\\/\"]}]},{\"@type\":\"BreadcrumbList\",\"@id\":\"https:\\\/\\\/dana.com.br\\\/canaldana\\\/2019\\\/06\\\/11\\\/operadora-de-transporte-de-messina-italia-adquire-frota-de-16-onibus-100-eletricos-da-byd\\\/#breadcrumb\",\"itemListElement\":[{\"@type\":\"ListItem\",\"position\":1,\"name\":\"Home\",\"item\":\"https:\\\/\\\/dana.com.br\\\/canaldana\\\/\"},{\"@type\":\"ListItem\",\"position\":2,\"name\":\"El\u00e9tricos\",\"item\":\"https:\\\/\\\/dana.com.br\\\/canaldana\\\/eletricos\\\/\"},{\"@type\":\"ListItem\",\"position\":3,\"name\":\"Operadora de transporte de Messina, It\u00e1lia, adquire frota de 16 \u00f4nibus 100% el\u00e9tricos da BYD\"}]},{\"@type\":\"WebSite\",\"@id\":\"https:\\\/\\\/dana.com.br\\\/canaldana\\\/#website\",\"url\":\"https:\\\/\\\/dana.com.br\\\/canaldana\\\/\",\"name\":\"Canal Dana\",\"description\":\"Informativo com as principais not\u00edcias da ind\u00fastria automotiva\",\"potentialAction\":[{\"@type\":\"SearchAction\",\"target\":{\"@type\":\"EntryPoint\",\"urlTemplate\":\"https:\\\/\\\/dana.com.br\\\/canaldana\\\/?s={search_term_string}\"},\"query-input\":{\"@type\":\"PropertyValueSpecification\",\"valueRequired\":true,\"valueName\":\"search_term_string\"}}],\"inLanguage\":\"pt-BR\"},{\"@type\":\"Person\",\"@id\":\"https:\\\/\\\/dana.com.br\\\/canaldana\\\/#\\\/schema\\\/person\\\/3c21f22f56fcf3bc46b94bc60ea4fef6\",\"name\":\"Canal Dana\",\"image\":{\"@type\":\"ImageObject\",\"inLanguage\":\"pt-BR\",\"@id\":\"https:\\\/\\\/secure.gravatar.com\\\/avatar\\\/420aaf9278582877d9018637c6817617705899d2858d7572ef0fe59a6b6454b4?s=96&d=mm&r=g\",\"url\":\"https:\\\/\\\/secure.gravatar.com\\\/avatar\\\/420aaf9278582877d9018637c6817617705899d2858d7572ef0fe59a6b6454b4?s=96&d=mm&r=g\",\"contentUrl\":\"https:\\\/\\\/secure.gravatar.com\\\/avatar\\\/420aaf9278582877d9018637c6817617705899d2858d7572ef0fe59a6b6454b4?s=96&d=mm&r=g\",\"caption\":\"Canal Dana\"},\"url\":\"https:\\\/\\\/dana.com.br\\\/canaldana\\\/author\\\/cdeditor\\\/\"}]}<\/script>\n<!-- \/ Yoast SEO plugin. -->","yoast_head_json":{"title":"Operadora de transporte de Messina, It\u00e1lia, adquire frota de 16 \u00f4nibus 100% el\u00e9tricos da BYD - Canal Dana","robots":{"index":"index","follow":"follow","max-snippet":"max-snippet:-1","max-image-preview":"max-image-preview:large","max-video-preview":"max-video-preview:-1"},"canonical":"https:\/\/dana.com.br\/canaldana\/2019\/06\/11\/operadora-de-transporte-de-messina-italia-adquire-frota-de-16-onibus-100-eletricos-da-byd\/","og_locale":"pt_BR","og_type":"article","og_title":"Operadora de transporte de Messina, It\u00e1lia, adquire frota de 16 \u00f4nibus 100% el\u00e9tricos da BYD - Canal Dana","og_description":"Di\u00e1rio do Transporte &nbsp; A BYD entregou h\u00e1 poucos dias 16 \u00f4nibus de emiss\u00e3o zero para a ATM \u2013 Azienda Trasporti Di Messina, operadora da cidade siciliana. A entrega decorre de um pedido de 13 unidades assinadas h\u00e1 um ano, que foi aumentado at\u00e9 atingir 16 unidades. &nbsp; Os novos \u00f4nibus s\u00e3o do modelo K7,\u2026 Leia mais \u00bb","og_url":"https:\/\/dana.com.br\/canaldana\/2019\/06\/11\/operadora-de-transporte-de-messina-italia-adquire-frota-de-16-onibus-100-eletricos-da-byd\/","og_site_name":"Canal Dana","article_published_time":"2019-06-11T12:14:32+00:00","author":"Canal Dana","twitter_card":"summary_large_image","twitter_misc":{"Escrito por":"Canal Dana","Est. tempo de leitura":"2 minutos"},"schema":{"@context":"https:\/\/schema.org","@graph":[{"@type":"Article","@id":"https:\/\/dana.com.br\/canaldana\/2019\/06\/11\/operadora-de-transporte-de-messina-italia-adquire-frota-de-16-onibus-100-eletricos-da-byd\/#article","isPartOf":{"@id":"https:\/\/dana.com.br\/canaldana\/2019\/06\/11\/operadora-de-transporte-de-messina-italia-adquire-frota-de-16-onibus-100-eletricos-da-byd\/"},"author":{"name":"Canal Dana","@id":"https:\/\/dana.com.br\/canaldana\/#\/schema\/person\/3c21f22f56fcf3bc46b94bc60ea4fef6"},"headline":"Operadora de transporte de Messina, It\u00e1lia, adquire frota de 16 \u00f4nibus 100% el\u00e9tricos da BYD","datePublished":"2019-06-11T12:14:32+00:00","mainEntityOfPage":{"@id":"https:\/\/dana.com.br\/canaldana\/2019\/06\/11\/operadora-de-transporte-de-messina-italia-adquire-frota-de-16-onibus-100-eletricos-da-byd\/"},"wordCount":335,"articleSection":["El\u00e9tricos"],"inLanguage":"pt-BR"},{"@type":"WebPage","@id":"https:\/\/dana.com.br\/canaldana\/2019\/06\/11\/operadora-de-transporte-de-messina-italia-adquire-frota-de-16-onibus-100-eletricos-da-byd\/","url":"https:\/\/dana.com.br\/canaldana\/2019\/06\/11\/operadora-de-transporte-de-messina-italia-adquire-frota-de-16-onibus-100-eletricos-da-byd\/","name":"Operadora de transporte de Messina, It\u00e1lia, adquire frota de 16 \u00f4nibus 100% el\u00e9tricos da BYD - Canal Dana","isPartOf":{"@id":"https:\/\/dana.com.br\/canaldana\/#website"},"datePublished":"2019-06-11T12:14:32+00:00","author":{"@id":"https:\/\/dana.com.br\/canaldana\/#\/schema\/person\/3c21f22f56fcf3bc46b94bc60ea4fef6"},"breadcrumb":{"@id":"https:\/\/dana.com.br\/canaldana\/2019\/06\/11\/operadora-de-transporte-de-messina-italia-adquire-frota-de-16-onibus-100-eletricos-da-byd\/#breadcrumb"},"inLanguage":"pt-BR","potentialAction":[{"@type":"ReadAction","target":["https:\/\/dana.com.br\/canaldana\/2019\/06\/11\/operadora-de-transporte-de-messina-italia-adquire-frota-de-16-onibus-100-eletricos-da-byd\/"]}]},{"@type":"BreadcrumbList","@id":"https:\/\/dana.com.br\/canaldana\/2019\/06\/11\/operadora-de-transporte-de-messina-italia-adquire-frota-de-16-onibus-100-eletricos-da-byd\/#breadcrumb","itemListElement":[{"@type":"ListItem","position":1,"name":"Home","item":"https:\/\/dana.com.br\/canaldana\/"},{"@type":"ListItem","position":2,"name":"El\u00e9tricos","item":"https:\/\/dana.com.br\/canaldana\/eletricos\/"},{"@type":"ListItem","position":3,"name":"Operadora de transporte de Messina, It\u00e1lia, adquire frota de 16 \u00f4nibus 100% el\u00e9tricos da BYD"}]},{"@type":"WebSite","@id":"https:\/\/dana.com.br\/canaldana\/#website","url":"https:\/\/dana.com.br\/canaldana\/","name":"Canal Dana","description":"Informativo com as principais not\u00edcias da ind\u00fastria automotiva","potentialAction":[{"@type":"SearchAction","target":{"@type":"EntryPoint","urlTemplate":"https:\/\/dana.com.br\/canaldana\/?s={search_term_string}"},"query-input":{"@type":"PropertyValueSpecification","valueRequired":true,"valueName":"search_term_string"}}],"inLanguage":"pt-BR"},{"@type":"Person","@id":"https:\/\/dana.com.br\/canaldana\/#\/schema\/person\/3c21f22f56fcf3bc46b94bc60ea4fef6","name":"Canal Dana","image":{"@type":"ImageObject","inLanguage":"pt-BR","@id":"https:\/\/secure.gravatar.com\/avatar\/420aaf9278582877d9018637c6817617705899d2858d7572ef0fe59a6b6454b4?s=96&d=mm&r=g","url":"https:\/\/secure.gravatar.com\/avatar\/420aaf9278582877d9018637c6817617705899d2858d7572ef0fe59a6b6454b4?s=96&d=mm&r=g","contentUrl":"https:\/\/secure.gravatar.com\/avatar\/420aaf9278582877d9018637c6817617705899d2858d7572ef0fe59a6b6454b4?s=96&d=mm&r=g","caption":"Canal Dana"},"url":"https:\/\/dana.com.br\/canaldana\/author\/cdeditor\/"}]}},"_links":{"self":[{"href":"https:\/\/dana.com.br\/canaldana\/wp-json\/wp\/v2\/posts\/35043","targetHints":{"allow":["GET"]}}],"collection":[{"href":"https:\/\/dana.com.br\/canaldana\/wp-json\/wp\/v2\/posts"}],"about":[{"href":"https:\/\/dana.com.br\/canaldana\/wp-json\/wp\/v2\/types\/post"}],"author":[{"embeddable":true,"href":"https:\/\/dana.com.br\/canaldana\/wp-json\/wp\/v2\/users\/3"}],"replies":[{"embeddable":true,"href":"https:\/\/dana.com.br\/canaldana\/wp-json\/wp\/v2\/comments?post=35043"}],"version-history":[{"count":0,"href":"https:\/\/dana.com.br\/canaldana\/wp-json\/wp\/v2\/posts\/35043\/revisions"}],"wp:attachment":[{"href":"https:\/\/dana.com.br\/canaldana\/wp-json\/wp\/v2\/media?parent=35043"}],"wp:term":[{"taxonomy":"category","embeddable":true,"href":"https:\/\/dana.com.br\/canaldana\/wp-json\/wp\/v2\/categories?post=35043"},{"taxonomy":"post_tag","embeddable":true,"href":"https:\/\/dana.com.br\/canaldana\/wp-json\/wp\/v2\/tags?post=35043"}],"curies":[{"name":"wp","href":"https:\/\/api.w.org\/{rel}","templated":true}]}}