{"id":35041,"date":"2019-06-11T09:12:54","date_gmt":"2019-06-11T12:12:54","guid":{"rendered":"https:\/\/dana.com.br\/canaldana\/?p=35041"},"modified":"2019-06-11T09:12:54","modified_gmt":"2019-06-11T12:12:54","slug":"volkswagen-pretende-instalar-36-mil-pontos-de-recarga-de-carros-eletricos-ate-2025","status":"publish","type":"post","link":"https:\/\/dana.com.br\/canaldana\/2019\/06\/11\/volkswagen-pretende-instalar-36-mil-pontos-de-recarga-de-carros-eletricos-ate-2025\/","title":{"rendered":"Volkswagen pretende instalar 36 mil pontos de recarga de carros el\u00e9tricos at\u00e9 2025"},"content":{"rendered":"<p><em>Jornal do Carro<\/em><\/p>\n<p>&nbsp;<\/p>\n<p>A Volkswagen anunciou, esta semana, mais um passo na transi\u00e7\u00e3o para a mobilidade el\u00e9trica. A empresa planeja instalar 36 mil pontos de recarga para carros el\u00e9tricos no continente at\u00e9 2025. Para isso, o Grupo Volkswagen deve investir 250 milh\u00f5es de euros (cerca de R$ 1,1 bilh\u00e3o).<\/p>\n<p>&nbsp;<\/p>\n<p>A instala\u00e7\u00e3o da infraestrutura ficar\u00e1 a cargo da Elli (Electric Life), empresa do Grupo Volkswagen, e do servi\u00e7o de carregamento \u201cWe Charge\u201d. De acordo com as estimativas da empresa alem\u00e3, 70% de todas as opera\u00e7\u00f5es de recarga no futuro ser\u00e3o realizadas em casa ou no trabalho.<\/p>\n<p>&nbsp;<\/p>\n<p>\u201cCarregar um carro el\u00e9trico deve se tornar t\u00e3o f\u00e1cil e normal quanto carregar um smartphone\u201d, afirmou Thomas Ulbrich, respons\u00e1vel pela \u00e1rea de E-Mobility da Volkswagen. \u201c\u00c9 por isso que precisamos de mais esta\u00e7\u00f5es de carregamento em espa\u00e7os p\u00fablicos\u201d, complementou.<\/p>\n<p>&nbsp;<\/p>\n<p>Do total de pontos previstos, 11 mil ser\u00e3o instalados nas f\u00e1bricas da VW e em cerca de 3 mil concession\u00e1rias da marca em grandes cidades europeias. S\u00f3 nas f\u00e1bricas em territ\u00f3rio alem\u00e3o, a empresa dever\u00e1 disponibilizar cerca de 4 mil pontos de recarga para os funcion\u00e1rios. A inten\u00e7\u00e3o \u00e9 que eles sejam acess\u00edveis ao p\u00fablico.<\/p>\n<p>&nbsp;<\/p>\n<p>Tamb\u00e9m ser\u00e3o instaladas cerca de 400 esta\u00e7\u00f5es de carregamento r\u00e1pido com at\u00e9 2.400 pontos. Elas ficar\u00e3o ao longo das principais rotas e rodovias da Europa at\u00e9 o ano que vem. As \u00e1reas urbanas tamb\u00e9m dever\u00e3o ser atendidas. As primeiras 28 delas fora do sistema rodovi\u00e1rio alem\u00e3o ser\u00e3o inauguradas em Wolfsburg, sede da Volks, no final deste m\u00eas. Esse servi\u00e7o ser\u00e1 feito em parceria com a Ionity, companhia fundada em conjunto por grandes fabricantes automotivos.<\/p>\n<p>&nbsp;<\/p>\n<p>A VW estima ainda que o uso de esta\u00e7\u00f5es de recarga p\u00fablicas representar\u00e3o cerca de um quarto de todas as opera\u00e7\u00f5es de recarga. Por meio do \u201cWe Charge\u201d, a empresa pretende possibilitar aos clientes o acesso a mais de 100 mil pontos de carregamento em toda a Europa no futuro. (Jornal do Carro)<\/p>\n<p>&nbsp;<\/p>\n","protected":false},"excerpt":{"rendered":"<p>Jornal do Carro &nbsp; A Volkswagen anunciou, esta semana, mais um passo na transi\u00e7\u00e3o para a mobilidade el\u00e9trica. A empresa planeja instalar 36 mil pontos de recarga para carros el\u00e9tricos no continente at\u00e9 2025. Para isso, o Grupo Volkswagen deve investir 250 milh\u00f5es de euros (cerca de R$ 1,1 bilh\u00e3o). &nbsp; A instala\u00e7\u00e3o da infraestrutura\u2026 <a class=\"readmore\" href=\"https:\/\/dana.com.br\/canaldana\/2019\/06\/11\/volkswagen-pretende-instalar-36-mil-pontos-de-recarga-de-carros-eletricos-ate-2025\/\">Leia mais \u00bb<\/a><\/p>\n","protected":false},"author":3,"featured_media":0,"comment_status":"closed","ping_status":"closed","sticky":false,"template":"","format":"standard","meta":{"_acf_changed":false,"footnotes":""},"categories":[110],"tags":[],"class_list":["post-35041","post","type-post","status-publish","format-standard","hentry","category-eletricos"],"acf":[],"yoast_head":"<!-- This site is optimized with the Yoast SEO plugin v27.3 - https:\/\/yoast.com\/product\/yoast-seo-wordpress\/ -->\n<title>Volkswagen pretende instalar 36 mil pontos de recarga de carros el\u00e9tricos at\u00e9 2025 - Canal Dana<\/title>\n<meta name=\"robots\" content=\"index, follow, max-snippet:-1, max-image-preview:large, max-video-preview:-1\" \/>\n<link rel=\"canonical\" href=\"https:\/\/dana.com.br\/canaldana\/2019\/06\/11\/volkswagen-pretende-instalar-36-mil-pontos-de-recarga-de-carros-eletricos-ate-2025\/\" \/>\n<meta property=\"og:locale\" content=\"pt_BR\" \/>\n<meta property=\"og:type\" content=\"article\" \/>\n<meta property=\"og:title\" content=\"Volkswagen pretende instalar 36 mil pontos de recarga de carros el\u00e9tricos at\u00e9 2025 - Canal Dana\" \/>\n<meta property=\"og:description\" content=\"Jornal do Carro &nbsp; A Volkswagen anunciou, esta semana, mais um passo na transi\u00e7\u00e3o para a mobilidade el\u00e9trica. A empresa planeja instalar 36 mil pontos de recarga para carros el\u00e9tricos no continente at\u00e9 2025. Para isso, o Grupo Volkswagen deve investir 250 milh\u00f5es de euros (cerca de R$ 1,1 bilh\u00e3o). &nbsp; A instala\u00e7\u00e3o da infraestrutura\u2026 Leia mais \u00bb\" \/>\n<meta property=\"og:url\" content=\"https:\/\/dana.com.br\/canaldana\/2019\/06\/11\/volkswagen-pretende-instalar-36-mil-pontos-de-recarga-de-carros-eletricos-ate-2025\/\" \/>\n<meta property=\"og:site_name\" content=\"Canal Dana\" \/>\n<meta property=\"article:published_time\" content=\"2019-06-11T12:12:54+00:00\" \/>\n<meta name=\"author\" content=\"Canal Dana\" \/>\n<meta name=\"twitter:card\" content=\"summary_large_image\" \/>\n<meta name=\"twitter:label1\" content=\"Escrito por\" \/>\n\t<meta name=\"twitter:data1\" content=\"Canal Dana\" \/>\n\t<meta name=\"twitter:label2\" content=\"Est. tempo de leitura\" \/>\n\t<meta name=\"twitter:data2\" content=\"2 minutos\" \/>\n<script type=\"application\/ld+json\" class=\"yoast-schema-graph\">{\"@context\":\"https:\\\/\\\/schema.org\",\"@graph\":[{\"@type\":\"Article\",\"@id\":\"https:\\\/\\\/dana.com.br\\\/canaldana\\\/2019\\\/06\\\/11\\\/volkswagen-pretende-instalar-36-mil-pontos-de-recarga-de-carros-eletricos-ate-2025\\\/#article\",\"isPartOf\":{\"@id\":\"https:\\\/\\\/dana.com.br\\\/canaldana\\\/2019\\\/06\\\/11\\\/volkswagen-pretende-instalar-36-mil-pontos-de-recarga-de-carros-eletricos-ate-2025\\\/\"},\"author\":{\"name\":\"Canal Dana\",\"@id\":\"https:\\\/\\\/dana.com.br\\\/canaldana\\\/#\\\/schema\\\/person\\\/3c21f22f56fcf3bc46b94bc60ea4fef6\"},\"headline\":\"Volkswagen pretende instalar 36 mil pontos de recarga de carros el\u00e9tricos at\u00e9 2025\",\"datePublished\":\"2019-06-11T12:12:54+00:00\",\"mainEntityOfPage\":{\"@id\":\"https:\\\/\\\/dana.com.br\\\/canaldana\\\/2019\\\/06\\\/11\\\/volkswagen-pretende-instalar-36-mil-pontos-de-recarga-de-carros-eletricos-ate-2025\\\/\"},\"wordCount\":363,\"articleSection\":[\"El\u00e9tricos\"],\"inLanguage\":\"pt-BR\"},{\"@type\":\"WebPage\",\"@id\":\"https:\\\/\\\/dana.com.br\\\/canaldana\\\/2019\\\/06\\\/11\\\/volkswagen-pretende-instalar-36-mil-pontos-de-recarga-de-carros-eletricos-ate-2025\\\/\",\"url\":\"https:\\\/\\\/dana.com.br\\\/canaldana\\\/2019\\\/06\\\/11\\\/volkswagen-pretende-instalar-36-mil-pontos-de-recarga-de-carros-eletricos-ate-2025\\\/\",\"name\":\"Volkswagen pretende instalar 36 mil pontos de recarga de carros el\u00e9tricos at\u00e9 2025 - Canal Dana\",\"isPartOf\":{\"@id\":\"https:\\\/\\\/dana.com.br\\\/canaldana\\\/#website\"},\"datePublished\":\"2019-06-11T12:12:54+00:00\",\"author\":{\"@id\":\"https:\\\/\\\/dana.com.br\\\/canaldana\\\/#\\\/schema\\\/person\\\/3c21f22f56fcf3bc46b94bc60ea4fef6\"},\"breadcrumb\":{\"@id\":\"https:\\\/\\\/dana.com.br\\\/canaldana\\\/2019\\\/06\\\/11\\\/volkswagen-pretende-instalar-36-mil-pontos-de-recarga-de-carros-eletricos-ate-2025\\\/#breadcrumb\"},\"inLanguage\":\"pt-BR\",\"potentialAction\":[{\"@type\":\"ReadAction\",\"target\":[\"https:\\\/\\\/dana.com.br\\\/canaldana\\\/2019\\\/06\\\/11\\\/volkswagen-pretende-instalar-36-mil-pontos-de-recarga-de-carros-eletricos-ate-2025\\\/\"]}]},{\"@type\":\"BreadcrumbList\",\"@id\":\"https:\\\/\\\/dana.com.br\\\/canaldana\\\/2019\\\/06\\\/11\\\/volkswagen-pretende-instalar-36-mil-pontos-de-recarga-de-carros-eletricos-ate-2025\\\/#breadcrumb\",\"itemListElement\":[{\"@type\":\"ListItem\",\"position\":1,\"name\":\"Home\",\"item\":\"https:\\\/\\\/dana.com.br\\\/canaldana\\\/\"},{\"@type\":\"ListItem\",\"position\":2,\"name\":\"El\u00e9tricos\",\"item\":\"https:\\\/\\\/dana.com.br\\\/canaldana\\\/eletricos\\\/\"},{\"@type\":\"ListItem\",\"position\":3,\"name\":\"Volkswagen pretende instalar 36 mil pontos de recarga de carros el\u00e9tricos at\u00e9 2025\"}]},{\"@type\":\"WebSite\",\"@id\":\"https:\\\/\\\/dana.com.br\\\/canaldana\\\/#website\",\"url\":\"https:\\\/\\\/dana.com.br\\\/canaldana\\\/\",\"name\":\"Canal Dana\",\"description\":\"Informativo com as principais not\u00edcias da ind\u00fastria automotiva\",\"potentialAction\":[{\"@type\":\"SearchAction\",\"target\":{\"@type\":\"EntryPoint\",\"urlTemplate\":\"https:\\\/\\\/dana.com.br\\\/canaldana\\\/?s={search_term_string}\"},\"query-input\":{\"@type\":\"PropertyValueSpecification\",\"valueRequired\":true,\"valueName\":\"search_term_string\"}}],\"inLanguage\":\"pt-BR\"},{\"@type\":\"Person\",\"@id\":\"https:\\\/\\\/dana.com.br\\\/canaldana\\\/#\\\/schema\\\/person\\\/3c21f22f56fcf3bc46b94bc60ea4fef6\",\"name\":\"Canal Dana\",\"image\":{\"@type\":\"ImageObject\",\"inLanguage\":\"pt-BR\",\"@id\":\"https:\\\/\\\/secure.gravatar.com\\\/avatar\\\/420aaf9278582877d9018637c6817617705899d2858d7572ef0fe59a6b6454b4?s=96&d=mm&r=g\",\"url\":\"https:\\\/\\\/secure.gravatar.com\\\/avatar\\\/420aaf9278582877d9018637c6817617705899d2858d7572ef0fe59a6b6454b4?s=96&d=mm&r=g\",\"contentUrl\":\"https:\\\/\\\/secure.gravatar.com\\\/avatar\\\/420aaf9278582877d9018637c6817617705899d2858d7572ef0fe59a6b6454b4?s=96&d=mm&r=g\",\"caption\":\"Canal Dana\"},\"url\":\"https:\\\/\\\/dana.com.br\\\/canaldana\\\/author\\\/cdeditor\\\/\"}]}<\/script>\n<!-- \/ Yoast SEO plugin. -->","yoast_head_json":{"title":"Volkswagen pretende instalar 36 mil pontos de recarga de carros el\u00e9tricos at\u00e9 2025 - Canal Dana","robots":{"index":"index","follow":"follow","max-snippet":"max-snippet:-1","max-image-preview":"max-image-preview:large","max-video-preview":"max-video-preview:-1"},"canonical":"https:\/\/dana.com.br\/canaldana\/2019\/06\/11\/volkswagen-pretende-instalar-36-mil-pontos-de-recarga-de-carros-eletricos-ate-2025\/","og_locale":"pt_BR","og_type":"article","og_title":"Volkswagen pretende instalar 36 mil pontos de recarga de carros el\u00e9tricos at\u00e9 2025 - Canal Dana","og_description":"Jornal do Carro &nbsp; A Volkswagen anunciou, esta semana, mais um passo na transi\u00e7\u00e3o para a mobilidade el\u00e9trica. A empresa planeja instalar 36 mil pontos de recarga para carros el\u00e9tricos no continente at\u00e9 2025. Para isso, o Grupo Volkswagen deve investir 250 milh\u00f5es de euros (cerca de R$ 1,1 bilh\u00e3o). &nbsp; A instala\u00e7\u00e3o da infraestrutura\u2026 Leia mais \u00bb","og_url":"https:\/\/dana.com.br\/canaldana\/2019\/06\/11\/volkswagen-pretende-instalar-36-mil-pontos-de-recarga-de-carros-eletricos-ate-2025\/","og_site_name":"Canal Dana","article_published_time":"2019-06-11T12:12:54+00:00","author":"Canal Dana","twitter_card":"summary_large_image","twitter_misc":{"Escrito por":"Canal Dana","Est. tempo de leitura":"2 minutos"},"schema":{"@context":"https:\/\/schema.org","@graph":[{"@type":"Article","@id":"https:\/\/dana.com.br\/canaldana\/2019\/06\/11\/volkswagen-pretende-instalar-36-mil-pontos-de-recarga-de-carros-eletricos-ate-2025\/#article","isPartOf":{"@id":"https:\/\/dana.com.br\/canaldana\/2019\/06\/11\/volkswagen-pretende-instalar-36-mil-pontos-de-recarga-de-carros-eletricos-ate-2025\/"},"author":{"name":"Canal Dana","@id":"https:\/\/dana.com.br\/canaldana\/#\/schema\/person\/3c21f22f56fcf3bc46b94bc60ea4fef6"},"headline":"Volkswagen pretende instalar 36 mil pontos de recarga de carros el\u00e9tricos at\u00e9 2025","datePublished":"2019-06-11T12:12:54+00:00","mainEntityOfPage":{"@id":"https:\/\/dana.com.br\/canaldana\/2019\/06\/11\/volkswagen-pretende-instalar-36-mil-pontos-de-recarga-de-carros-eletricos-ate-2025\/"},"wordCount":363,"articleSection":["El\u00e9tricos"],"inLanguage":"pt-BR"},{"@type":"WebPage","@id":"https:\/\/dana.com.br\/canaldana\/2019\/06\/11\/volkswagen-pretende-instalar-36-mil-pontos-de-recarga-de-carros-eletricos-ate-2025\/","url":"https:\/\/dana.com.br\/canaldana\/2019\/06\/11\/volkswagen-pretende-instalar-36-mil-pontos-de-recarga-de-carros-eletricos-ate-2025\/","name":"Volkswagen pretende instalar 36 mil pontos de recarga de carros el\u00e9tricos at\u00e9 2025 - Canal Dana","isPartOf":{"@id":"https:\/\/dana.com.br\/canaldana\/#website"},"datePublished":"2019-06-11T12:12:54+00:00","author":{"@id":"https:\/\/dana.com.br\/canaldana\/#\/schema\/person\/3c21f22f56fcf3bc46b94bc60ea4fef6"},"breadcrumb":{"@id":"https:\/\/dana.com.br\/canaldana\/2019\/06\/11\/volkswagen-pretende-instalar-36-mil-pontos-de-recarga-de-carros-eletricos-ate-2025\/#breadcrumb"},"inLanguage":"pt-BR","potentialAction":[{"@type":"ReadAction","target":["https:\/\/dana.com.br\/canaldana\/2019\/06\/11\/volkswagen-pretende-instalar-36-mil-pontos-de-recarga-de-carros-eletricos-ate-2025\/"]}]},{"@type":"BreadcrumbList","@id":"https:\/\/dana.com.br\/canaldana\/2019\/06\/11\/volkswagen-pretende-instalar-36-mil-pontos-de-recarga-de-carros-eletricos-ate-2025\/#breadcrumb","itemListElement":[{"@type":"ListItem","position":1,"name":"Home","item":"https:\/\/dana.com.br\/canaldana\/"},{"@type":"ListItem","position":2,"name":"El\u00e9tricos","item":"https:\/\/dana.com.br\/canaldana\/eletricos\/"},{"@type":"ListItem","position":3,"name":"Volkswagen pretende instalar 36 mil pontos de recarga de carros el\u00e9tricos at\u00e9 2025"}]},{"@type":"WebSite","@id":"https:\/\/dana.com.br\/canaldana\/#website","url":"https:\/\/dana.com.br\/canaldana\/","name":"Canal Dana","description":"Informativo com as principais not\u00edcias da ind\u00fastria automotiva","potentialAction":[{"@type":"SearchAction","target":{"@type":"EntryPoint","urlTemplate":"https:\/\/dana.com.br\/canaldana\/?s={search_term_string}"},"query-input":{"@type":"PropertyValueSpecification","valueRequired":true,"valueName":"search_term_string"}}],"inLanguage":"pt-BR"},{"@type":"Person","@id":"https:\/\/dana.com.br\/canaldana\/#\/schema\/person\/3c21f22f56fcf3bc46b94bc60ea4fef6","name":"Canal Dana","image":{"@type":"ImageObject","inLanguage":"pt-BR","@id":"https:\/\/secure.gravatar.com\/avatar\/420aaf9278582877d9018637c6817617705899d2858d7572ef0fe59a6b6454b4?s=96&d=mm&r=g","url":"https:\/\/secure.gravatar.com\/avatar\/420aaf9278582877d9018637c6817617705899d2858d7572ef0fe59a6b6454b4?s=96&d=mm&r=g","contentUrl":"https:\/\/secure.gravatar.com\/avatar\/420aaf9278582877d9018637c6817617705899d2858d7572ef0fe59a6b6454b4?s=96&d=mm&r=g","caption":"Canal Dana"},"url":"https:\/\/dana.com.br\/canaldana\/author\/cdeditor\/"}]}},"_links":{"self":[{"href":"https:\/\/dana.com.br\/canaldana\/wp-json\/wp\/v2\/posts\/35041","targetHints":{"allow":["GET"]}}],"collection":[{"href":"https:\/\/dana.com.br\/canaldana\/wp-json\/wp\/v2\/posts"}],"about":[{"href":"https:\/\/dana.com.br\/canaldana\/wp-json\/wp\/v2\/types\/post"}],"author":[{"embeddable":true,"href":"https:\/\/dana.com.br\/canaldana\/wp-json\/wp\/v2\/users\/3"}],"replies":[{"embeddable":true,"href":"https:\/\/dana.com.br\/canaldana\/wp-json\/wp\/v2\/comments?post=35041"}],"version-history":[{"count":0,"href":"https:\/\/dana.com.br\/canaldana\/wp-json\/wp\/v2\/posts\/35041\/revisions"}],"wp:attachment":[{"href":"https:\/\/dana.com.br\/canaldana\/wp-json\/wp\/v2\/media?parent=35041"}],"wp:term":[{"taxonomy":"category","embeddable":true,"href":"https:\/\/dana.com.br\/canaldana\/wp-json\/wp\/v2\/categories?post=35041"},{"taxonomy":"post_tag","embeddable":true,"href":"https:\/\/dana.com.br\/canaldana\/wp-json\/wp\/v2\/tags?post=35041"}],"curies":[{"name":"wp","href":"https:\/\/api.w.org\/{rel}","templated":true}]}}