{"id":35039,"date":"2019-06-11T09:11:48","date_gmt":"2019-06-11T12:11:48","guid":{"rendered":"https:\/\/dana.com.br\/canaldana\/?p=35039"},"modified":"2019-06-11T09:11:48","modified_gmt":"2019-06-11T12:11:48","slug":"empresa-de-onibus-de-sao-bernardo-do-campo-conquista-premio-internacional-na-suecia","status":"publish","type":"post","link":"https:\/\/dana.com.br\/canaldana\/2019\/06\/11\/empresa-de-onibus-de-sao-bernardo-do-campo-conquista-premio-internacional-na-suecia\/","title":{"rendered":"Empresa de \u00f4nibus de S\u00e3o Bernardo do Campo conquista pr\u00eamio internacional na Su\u00e9cia"},"content":{"rendered":"<p>&nbsp;<\/p>\n<p>Di\u00e1rio do Transporte<\/p>\n<p>&nbsp;<\/p>\n<p>A SBCTrans, empresa concession\u00e1ria do transporte coletivo de S\u00e3o Bernardo do Campo, no ABC Paulista, recebeu o Pr\u00eamio de Reconhecimento Internacional da UITP (Uni\u00e3o Internacional de Transporte P\u00fablico). O projeto \u201cGiro da Arte SBCTrans\u201d garantiu \u00e0 via\u00e7\u00e3o a premia\u00e7\u00e3o, por meio de uma men\u00e7\u00e3o honrosa.<\/p>\n<p>&nbsp;<\/p>\n<p>O pr\u00eamio foi recebido nesta segunda-feira, 10 de junho de 2019, em Estocolmo, na Su\u00e9cia, pela diretora executiva da SBCTrans, Milena Braga Romano, respons\u00e1vel pela administra\u00e7\u00e3o da empresa e apoiadora dos programas culturais, sociais, ambientais, de assist\u00eancia e relacionamento com a comunidade de S\u00e3o Bernardo do Campo.<\/p>\n<p>&nbsp;<\/p>\n<p>\u201c\u00c9 preciso promover e incentivar a sustentabilidade. Transformar pneus usados e que seriam descartados em obras de arte foi um verdadeiro presente \u00e0 S\u00e3o Bernardo do Campo\u201d, disse Milena, em nota.<\/p>\n<p>&nbsp;<\/p>\n<p>O Giro da Arte SBCTrans foi uma a\u00e7\u00e3o cultural, social e ambiental, com obras de artes criadas por artistas utilizando, como mat\u00e9ria-prima, pneus de \u00f4nibus usados que seriam destinados para o descarte e que foram expostas durante mais de um m\u00eas nos principais pontos de S\u00e3o Bernardo do Campo.<\/p>\n<p>&nbsp;<\/p>\n<p>A exposi\u00e7\u00e3o contou com 20 obras de arte assinadas por 20 diferentes artistas, como Alexandre Truff, Binho, Subtu, entre outros, para comemorar os 20 anos de atua\u00e7\u00e3o da SBCTrans no transporte urbano do munic\u00edpio.<\/p>\n<p>&nbsp;<\/p>\n<p>Ao final, todas as obras foram doadas a entidades assistenciais em sorteio realizado na sede da Prefeitura da cidade.<\/p>\n<p>&nbsp;<\/p>\n<p>Fundada em 1885 e com sede em Bruxelas, na B\u00e9lgica, a UITP \u00e9 uma associa\u00e7\u00e3o internacional dedicada \u00e0 mobilidade urbana sustent\u00e1vel e re\u00fane todas as partes interessadas no transporte p\u00fablico e diferentes modais, como metr\u00f4, \u00f4nibus, trens, VLT e barcos.<\/p>\n<p>&nbsp;<\/p>\n<p>Entidade mais representativa do setor, constitui-se de uma rede internacional formada por 1.600 empresas associadas, com a participa\u00e7\u00e3o de 3.400 membros em 99 pa\u00edses, cobrindo todos os transportes p\u00fablicos. A divis\u00e3o Am\u00e9rica Latina foi criada em 2003 e dois anos depois foi instalado o escrit\u00f3rio em S\u00e3o Paulo, onde \u00e9 representada pelo Metr\u00f4, EMTU e CPTM. (Di\u00e1rio do Transporte\/Jessica Marques)<\/p>\n<p><em>\u00a0<\/em><\/p>\n","protected":false},"excerpt":{"rendered":"<p>&nbsp; Di\u00e1rio do Transporte &nbsp; A SBCTrans, empresa concession\u00e1ria do transporte coletivo de S\u00e3o Bernardo do Campo, no ABC Paulista, recebeu o Pr\u00eamio de Reconhecimento Internacional da UITP (Uni\u00e3o Internacional de Transporte P\u00fablico). O projeto \u201cGiro da Arte SBCTrans\u201d garantiu \u00e0 via\u00e7\u00e3o a premia\u00e7\u00e3o, por meio de uma men\u00e7\u00e3o honrosa. &nbsp; O pr\u00eamio foi recebido\u2026 <a class=\"readmore\" href=\"https:\/\/dana.com.br\/canaldana\/2019\/06\/11\/empresa-de-onibus-de-sao-bernardo-do-campo-conquista-premio-internacional-na-suecia\/\">Leia mais \u00bb<\/a><\/p>\n","protected":false},"author":3,"featured_media":0,"comment_status":"closed","ping_status":"closed","sticky":false,"template":"","format":"standard","meta":{"_acf_changed":false,"footnotes":""},"categories":[74],"tags":[],"class_list":["post-35039","post","type-post","status-publish","format-standard","hentry","category-premios"],"acf":[],"yoast_head":"<!-- This site is optimized with the Yoast SEO plugin v27.3 - https:\/\/yoast.com\/product\/yoast-seo-wordpress\/ -->\n<title>Empresa de \u00f4nibus de S\u00e3o Bernardo do Campo conquista pr\u00eamio internacional na Su\u00e9cia - Canal Dana<\/title>\n<meta name=\"robots\" content=\"index, follow, max-snippet:-1, max-image-preview:large, max-video-preview:-1\" \/>\n<link rel=\"canonical\" href=\"https:\/\/dana.com.br\/canaldana\/2019\/06\/11\/empresa-de-onibus-de-sao-bernardo-do-campo-conquista-premio-internacional-na-suecia\/\" \/>\n<meta property=\"og:locale\" content=\"pt_BR\" \/>\n<meta property=\"og:type\" content=\"article\" \/>\n<meta property=\"og:title\" content=\"Empresa de \u00f4nibus de S\u00e3o Bernardo do Campo conquista pr\u00eamio internacional na Su\u00e9cia - Canal Dana\" \/>\n<meta property=\"og:description\" content=\"&nbsp; Di\u00e1rio do Transporte &nbsp; A SBCTrans, empresa concession\u00e1ria do transporte coletivo de S\u00e3o Bernardo do Campo, no ABC Paulista, recebeu o Pr\u00eamio de Reconhecimento Internacional da UITP (Uni\u00e3o Internacional de Transporte P\u00fablico). O projeto \u201cGiro da Arte SBCTrans\u201d garantiu \u00e0 via\u00e7\u00e3o a premia\u00e7\u00e3o, por meio de uma men\u00e7\u00e3o honrosa. &nbsp; O pr\u00eamio foi recebido\u2026 Leia mais \u00bb\" \/>\n<meta property=\"og:url\" content=\"https:\/\/dana.com.br\/canaldana\/2019\/06\/11\/empresa-de-onibus-de-sao-bernardo-do-campo-conquista-premio-internacional-na-suecia\/\" \/>\n<meta property=\"og:site_name\" content=\"Canal Dana\" \/>\n<meta property=\"article:published_time\" content=\"2019-06-11T12:11:48+00:00\" \/>\n<meta name=\"author\" content=\"Canal Dana\" \/>\n<meta name=\"twitter:card\" content=\"summary_large_image\" \/>\n<meta name=\"twitter:label1\" content=\"Escrito por\" \/>\n\t<meta name=\"twitter:data1\" content=\"Canal Dana\" \/>\n\t<meta name=\"twitter:label2\" content=\"Est. tempo de leitura\" \/>\n\t<meta name=\"twitter:data2\" content=\"2 minutos\" \/>\n<script type=\"application\/ld+json\" class=\"yoast-schema-graph\">{\"@context\":\"https:\\\/\\\/schema.org\",\"@graph\":[{\"@type\":\"Article\",\"@id\":\"https:\\\/\\\/dana.com.br\\\/canaldana\\\/2019\\\/06\\\/11\\\/empresa-de-onibus-de-sao-bernardo-do-campo-conquista-premio-internacional-na-suecia\\\/#article\",\"isPartOf\":{\"@id\":\"https:\\\/\\\/dana.com.br\\\/canaldana\\\/2019\\\/06\\\/11\\\/empresa-de-onibus-de-sao-bernardo-do-campo-conquista-premio-internacional-na-suecia\\\/\"},\"author\":{\"name\":\"Canal Dana\",\"@id\":\"https:\\\/\\\/dana.com.br\\\/canaldana\\\/#\\\/schema\\\/person\\\/3c21f22f56fcf3bc46b94bc60ea4fef6\"},\"headline\":\"Empresa de \u00f4nibus de S\u00e3o Bernardo do Campo conquista pr\u00eamio internacional na Su\u00e9cia\",\"datePublished\":\"2019-06-11T12:11:48+00:00\",\"mainEntityOfPage\":{\"@id\":\"https:\\\/\\\/dana.com.br\\\/canaldana\\\/2019\\\/06\\\/11\\\/empresa-de-onibus-de-sao-bernardo-do-campo-conquista-premio-internacional-na-suecia\\\/\"},\"wordCount\":374,\"articleSection\":[\"Pr\u00eamios\"],\"inLanguage\":\"pt-BR\"},{\"@type\":\"WebPage\",\"@id\":\"https:\\\/\\\/dana.com.br\\\/canaldana\\\/2019\\\/06\\\/11\\\/empresa-de-onibus-de-sao-bernardo-do-campo-conquista-premio-internacional-na-suecia\\\/\",\"url\":\"https:\\\/\\\/dana.com.br\\\/canaldana\\\/2019\\\/06\\\/11\\\/empresa-de-onibus-de-sao-bernardo-do-campo-conquista-premio-internacional-na-suecia\\\/\",\"name\":\"Empresa de \u00f4nibus de S\u00e3o Bernardo do Campo conquista pr\u00eamio internacional na Su\u00e9cia - Canal Dana\",\"isPartOf\":{\"@id\":\"https:\\\/\\\/dana.com.br\\\/canaldana\\\/#website\"},\"datePublished\":\"2019-06-11T12:11:48+00:00\",\"author\":{\"@id\":\"https:\\\/\\\/dana.com.br\\\/canaldana\\\/#\\\/schema\\\/person\\\/3c21f22f56fcf3bc46b94bc60ea4fef6\"},\"breadcrumb\":{\"@id\":\"https:\\\/\\\/dana.com.br\\\/canaldana\\\/2019\\\/06\\\/11\\\/empresa-de-onibus-de-sao-bernardo-do-campo-conquista-premio-internacional-na-suecia\\\/#breadcrumb\"},\"inLanguage\":\"pt-BR\",\"potentialAction\":[{\"@type\":\"ReadAction\",\"target\":[\"https:\\\/\\\/dana.com.br\\\/canaldana\\\/2019\\\/06\\\/11\\\/empresa-de-onibus-de-sao-bernardo-do-campo-conquista-premio-internacional-na-suecia\\\/\"]}]},{\"@type\":\"BreadcrumbList\",\"@id\":\"https:\\\/\\\/dana.com.br\\\/canaldana\\\/2019\\\/06\\\/11\\\/empresa-de-onibus-de-sao-bernardo-do-campo-conquista-premio-internacional-na-suecia\\\/#breadcrumb\",\"itemListElement\":[{\"@type\":\"ListItem\",\"position\":1,\"name\":\"Home\",\"item\":\"https:\\\/\\\/dana.com.br\\\/canaldana\\\/\"},{\"@type\":\"ListItem\",\"position\":2,\"name\":\"Pr\u00eamios\",\"item\":\"https:\\\/\\\/dana.com.br\\\/canaldana\\\/premios\\\/\"},{\"@type\":\"ListItem\",\"position\":3,\"name\":\"Empresa de \u00f4nibus de S\u00e3o Bernardo do Campo conquista pr\u00eamio internacional na Su\u00e9cia\"}]},{\"@type\":\"WebSite\",\"@id\":\"https:\\\/\\\/dana.com.br\\\/canaldana\\\/#website\",\"url\":\"https:\\\/\\\/dana.com.br\\\/canaldana\\\/\",\"name\":\"Canal Dana\",\"description\":\"Informativo com as principais not\u00edcias da ind\u00fastria automotiva\",\"potentialAction\":[{\"@type\":\"SearchAction\",\"target\":{\"@type\":\"EntryPoint\",\"urlTemplate\":\"https:\\\/\\\/dana.com.br\\\/canaldana\\\/?s={search_term_string}\"},\"query-input\":{\"@type\":\"PropertyValueSpecification\",\"valueRequired\":true,\"valueName\":\"search_term_string\"}}],\"inLanguage\":\"pt-BR\"},{\"@type\":\"Person\",\"@id\":\"https:\\\/\\\/dana.com.br\\\/canaldana\\\/#\\\/schema\\\/person\\\/3c21f22f56fcf3bc46b94bc60ea4fef6\",\"name\":\"Canal Dana\",\"image\":{\"@type\":\"ImageObject\",\"inLanguage\":\"pt-BR\",\"@id\":\"https:\\\/\\\/secure.gravatar.com\\\/avatar\\\/420aaf9278582877d9018637c6817617705899d2858d7572ef0fe59a6b6454b4?s=96&d=mm&r=g\",\"url\":\"https:\\\/\\\/secure.gravatar.com\\\/avatar\\\/420aaf9278582877d9018637c6817617705899d2858d7572ef0fe59a6b6454b4?s=96&d=mm&r=g\",\"contentUrl\":\"https:\\\/\\\/secure.gravatar.com\\\/avatar\\\/420aaf9278582877d9018637c6817617705899d2858d7572ef0fe59a6b6454b4?s=96&d=mm&r=g\",\"caption\":\"Canal Dana\"},\"url\":\"https:\\\/\\\/dana.com.br\\\/canaldana\\\/author\\\/cdeditor\\\/\"}]}<\/script>\n<!-- \/ Yoast SEO plugin. -->","yoast_head_json":{"title":"Empresa de \u00f4nibus de S\u00e3o Bernardo do Campo conquista pr\u00eamio internacional na Su\u00e9cia - Canal Dana","robots":{"index":"index","follow":"follow","max-snippet":"max-snippet:-1","max-image-preview":"max-image-preview:large","max-video-preview":"max-video-preview:-1"},"canonical":"https:\/\/dana.com.br\/canaldana\/2019\/06\/11\/empresa-de-onibus-de-sao-bernardo-do-campo-conquista-premio-internacional-na-suecia\/","og_locale":"pt_BR","og_type":"article","og_title":"Empresa de \u00f4nibus de S\u00e3o Bernardo do Campo conquista pr\u00eamio internacional na Su\u00e9cia - Canal Dana","og_description":"&nbsp; Di\u00e1rio do Transporte &nbsp; A SBCTrans, empresa concession\u00e1ria do transporte coletivo de S\u00e3o Bernardo do Campo, no ABC Paulista, recebeu o Pr\u00eamio de Reconhecimento Internacional da UITP (Uni\u00e3o Internacional de Transporte P\u00fablico). O projeto \u201cGiro da Arte SBCTrans\u201d garantiu \u00e0 via\u00e7\u00e3o a premia\u00e7\u00e3o, por meio de uma men\u00e7\u00e3o honrosa. &nbsp; O pr\u00eamio foi recebido\u2026 Leia mais \u00bb","og_url":"https:\/\/dana.com.br\/canaldana\/2019\/06\/11\/empresa-de-onibus-de-sao-bernardo-do-campo-conquista-premio-internacional-na-suecia\/","og_site_name":"Canal Dana","article_published_time":"2019-06-11T12:11:48+00:00","author":"Canal Dana","twitter_card":"summary_large_image","twitter_misc":{"Escrito por":"Canal Dana","Est. tempo de leitura":"2 minutos"},"schema":{"@context":"https:\/\/schema.org","@graph":[{"@type":"Article","@id":"https:\/\/dana.com.br\/canaldana\/2019\/06\/11\/empresa-de-onibus-de-sao-bernardo-do-campo-conquista-premio-internacional-na-suecia\/#article","isPartOf":{"@id":"https:\/\/dana.com.br\/canaldana\/2019\/06\/11\/empresa-de-onibus-de-sao-bernardo-do-campo-conquista-premio-internacional-na-suecia\/"},"author":{"name":"Canal Dana","@id":"https:\/\/dana.com.br\/canaldana\/#\/schema\/person\/3c21f22f56fcf3bc46b94bc60ea4fef6"},"headline":"Empresa de \u00f4nibus de S\u00e3o Bernardo do Campo conquista pr\u00eamio internacional na Su\u00e9cia","datePublished":"2019-06-11T12:11:48+00:00","mainEntityOfPage":{"@id":"https:\/\/dana.com.br\/canaldana\/2019\/06\/11\/empresa-de-onibus-de-sao-bernardo-do-campo-conquista-premio-internacional-na-suecia\/"},"wordCount":374,"articleSection":["Pr\u00eamios"],"inLanguage":"pt-BR"},{"@type":"WebPage","@id":"https:\/\/dana.com.br\/canaldana\/2019\/06\/11\/empresa-de-onibus-de-sao-bernardo-do-campo-conquista-premio-internacional-na-suecia\/","url":"https:\/\/dana.com.br\/canaldana\/2019\/06\/11\/empresa-de-onibus-de-sao-bernardo-do-campo-conquista-premio-internacional-na-suecia\/","name":"Empresa de \u00f4nibus de S\u00e3o Bernardo do Campo conquista pr\u00eamio internacional na Su\u00e9cia - Canal Dana","isPartOf":{"@id":"https:\/\/dana.com.br\/canaldana\/#website"},"datePublished":"2019-06-11T12:11:48+00:00","author":{"@id":"https:\/\/dana.com.br\/canaldana\/#\/schema\/person\/3c21f22f56fcf3bc46b94bc60ea4fef6"},"breadcrumb":{"@id":"https:\/\/dana.com.br\/canaldana\/2019\/06\/11\/empresa-de-onibus-de-sao-bernardo-do-campo-conquista-premio-internacional-na-suecia\/#breadcrumb"},"inLanguage":"pt-BR","potentialAction":[{"@type":"ReadAction","target":["https:\/\/dana.com.br\/canaldana\/2019\/06\/11\/empresa-de-onibus-de-sao-bernardo-do-campo-conquista-premio-internacional-na-suecia\/"]}]},{"@type":"BreadcrumbList","@id":"https:\/\/dana.com.br\/canaldana\/2019\/06\/11\/empresa-de-onibus-de-sao-bernardo-do-campo-conquista-premio-internacional-na-suecia\/#breadcrumb","itemListElement":[{"@type":"ListItem","position":1,"name":"Home","item":"https:\/\/dana.com.br\/canaldana\/"},{"@type":"ListItem","position":2,"name":"Pr\u00eamios","item":"https:\/\/dana.com.br\/canaldana\/premios\/"},{"@type":"ListItem","position":3,"name":"Empresa de \u00f4nibus de S\u00e3o Bernardo do Campo conquista pr\u00eamio internacional na Su\u00e9cia"}]},{"@type":"WebSite","@id":"https:\/\/dana.com.br\/canaldana\/#website","url":"https:\/\/dana.com.br\/canaldana\/","name":"Canal Dana","description":"Informativo com as principais not\u00edcias da ind\u00fastria automotiva","potentialAction":[{"@type":"SearchAction","target":{"@type":"EntryPoint","urlTemplate":"https:\/\/dana.com.br\/canaldana\/?s={search_term_string}"},"query-input":{"@type":"PropertyValueSpecification","valueRequired":true,"valueName":"search_term_string"}}],"inLanguage":"pt-BR"},{"@type":"Person","@id":"https:\/\/dana.com.br\/canaldana\/#\/schema\/person\/3c21f22f56fcf3bc46b94bc60ea4fef6","name":"Canal Dana","image":{"@type":"ImageObject","inLanguage":"pt-BR","@id":"https:\/\/secure.gravatar.com\/avatar\/420aaf9278582877d9018637c6817617705899d2858d7572ef0fe59a6b6454b4?s=96&d=mm&r=g","url":"https:\/\/secure.gravatar.com\/avatar\/420aaf9278582877d9018637c6817617705899d2858d7572ef0fe59a6b6454b4?s=96&d=mm&r=g","contentUrl":"https:\/\/secure.gravatar.com\/avatar\/420aaf9278582877d9018637c6817617705899d2858d7572ef0fe59a6b6454b4?s=96&d=mm&r=g","caption":"Canal Dana"},"url":"https:\/\/dana.com.br\/canaldana\/author\/cdeditor\/"}]}},"_links":{"self":[{"href":"https:\/\/dana.com.br\/canaldana\/wp-json\/wp\/v2\/posts\/35039","targetHints":{"allow":["GET"]}}],"collection":[{"href":"https:\/\/dana.com.br\/canaldana\/wp-json\/wp\/v2\/posts"}],"about":[{"href":"https:\/\/dana.com.br\/canaldana\/wp-json\/wp\/v2\/types\/post"}],"author":[{"embeddable":true,"href":"https:\/\/dana.com.br\/canaldana\/wp-json\/wp\/v2\/users\/3"}],"replies":[{"embeddable":true,"href":"https:\/\/dana.com.br\/canaldana\/wp-json\/wp\/v2\/comments?post=35039"}],"version-history":[{"count":0,"href":"https:\/\/dana.com.br\/canaldana\/wp-json\/wp\/v2\/posts\/35039\/revisions"}],"wp:attachment":[{"href":"https:\/\/dana.com.br\/canaldana\/wp-json\/wp\/v2\/media?parent=35039"}],"wp:term":[{"taxonomy":"category","embeddable":true,"href":"https:\/\/dana.com.br\/canaldana\/wp-json\/wp\/v2\/categories?post=35039"},{"taxonomy":"post_tag","embeddable":true,"href":"https:\/\/dana.com.br\/canaldana\/wp-json\/wp\/v2\/tags?post=35039"}],"curies":[{"name":"wp","href":"https:\/\/api.w.org\/{rel}","templated":true}]}}