{"id":34921,"date":"2019-06-05T08:38:18","date_gmt":"2019-06-05T11:38:18","guid":{"rendered":"https:\/\/dana.com.br\/canaldana\/?p=34921"},"modified":"2019-06-05T08:38:18","modified_gmt":"2019-06-05T11:38:18","slug":"consumidor-esta-retraido-diz-presidente-da-fenabrave","status":"publish","type":"post","link":"https:\/\/dana.com.br\/canaldana\/2019\/06\/05\/consumidor-esta-retraido-diz-presidente-da-fenabrave\/","title":{"rendered":"Consumidor est\u00e1 retra\u00eddo, diz presidente da Fenabrave"},"content":{"rendered":"<p><em>AutoInd\u00fastria<\/em><\/p>\n<p>&nbsp;<\/p>\n<p>Ao divulgar o balan\u00e7o do mercado de ve\u00edculos usados nesta ter\u00e7a-feira, 4, o presidente da Fenabrave, Alarico Assump\u00e7\u00e3o J\u00fanior, voltou a manifestar preocupa\u00e7\u00e3o com a falta de confian\u00e7a do consumidor e os consequentes reflexos dessa situa\u00e7\u00e3o no setor.<\/p>\n<p>&nbsp;<\/p>\n<p>\u201cO medo do desemprego, associado \u00e0 falta de perspectiva de curto prazo na retomada da economia, mant\u00e9m o consumidor retra\u00eddo para compra\u201d, declarou Alarico Jr. ao informar que as vendas de ve\u00edculos usados cresceram apenas 1,7% no acumulado deste ano, atingindo 5,76 milh\u00f5es de unidades at\u00e9 maio, antes as 5,66 milh\u00f5es dos primeiros cinco meses de 2018.<\/p>\n<p>&nbsp;<\/p>\n<p>Na v\u00e9spera, no comunicado da Fenabrave sobre o mercado de ve\u00edculos 0 km, o dirigente da entidade j\u00e1 havia manifestado insatisfa\u00e7\u00e3o com o momento atual, ao declarar que a estabilidade das vendas em maio \u00e9 o reflexo da frustra\u00e7\u00e3o da popula\u00e7\u00e3o, causada pela demora na aprova\u00e7\u00e3o das reformas, \u201co que resulta na queda das expectativas, tanto do consumidor, quanto do empres\u00e1rio\u201d.<\/p>\n<p>&nbsp;<\/p>\n<p>Considerando todos os segmentos representados pela Fenabrave \u2013 autom\u00f3veis, comerciais leves, caminh\u00f5es, \u00f4nibus, motocicletas, implementos rodovi\u00e1rios e outros ve\u00edculos \u2013 os n\u00fameros de maio, que teve mais dias \u00fateis do que abril, indicam estagna\u00e7\u00e3o do mercado de ve\u00edculos novos, visto que no comparativo mensal houve alta inexpressiva de 0,78%. E no acumulado do ano s\u00e3o as vendas diretas que est\u00e3o sustentando a expans\u00e3o das vendas de 0 km.<\/p>\n<p>&nbsp;<\/p>\n<p>No caso dos ve\u00edculos usados, as vendas somaram 1.276.109 unidades em maio, o que representou evolu\u00e7\u00e3o de 8,7% sobre o total de 1.173.930 comercializado em abril e de 4,6% em rela\u00e7\u00e3o ao mesmo m\u00eas de 2018. No segmento de autom\u00f3veis e comerciais leves, as transa\u00e7\u00f5es somaram 958,7 mil unidades no m\u00eas passado, 8,9% acima dos 880,3 mil transacionados em abril. Com rela\u00e7\u00e3o ao mesmo m\u00eas do ano passado, o acr\u00e9scimo foid de 4,2% .<\/p>\n<p>&nbsp;<\/p>\n<p>Do mercado total de autom\u00f3veis e comerciais leves, os modelos usados com at\u00e9 3 anos de fabrica\u00e7\u00e3o representaram 12% em maio e 10,9% no acumulado do ano. (AutoInd\u00fastria)<\/p>\n","protected":false},"excerpt":{"rendered":"<p>AutoInd\u00fastria &nbsp; Ao divulgar o balan\u00e7o do mercado de ve\u00edculos usados nesta ter\u00e7a-feira, 4, o presidente da Fenabrave, Alarico Assump\u00e7\u00e3o J\u00fanior, voltou a manifestar preocupa\u00e7\u00e3o com a falta de confian\u00e7a do consumidor e os consequentes reflexos dessa situa\u00e7\u00e3o no setor. &nbsp; \u201cO medo do desemprego, associado \u00e0 falta de perspectiva de curto prazo na retomada\u2026 <a class=\"readmore\" href=\"https:\/\/dana.com.br\/canaldana\/2019\/06\/05\/consumidor-esta-retraido-diz-presidente-da-fenabrave\/\">Leia mais \u00bb<\/a><\/p>\n","protected":false},"author":3,"featured_media":0,"comment_status":"closed","ping_status":"closed","sticky":false,"template":"","format":"standard","meta":{"_acf_changed":false,"footnotes":""},"categories":[61],"tags":[],"class_list":["post-34921","post","type-post","status-publish","format-standard","hentry","category-destaques"],"acf":[],"yoast_head":"<!-- This site is optimized with the Yoast SEO plugin v27.3 - https:\/\/yoast.com\/product\/yoast-seo-wordpress\/ -->\n<title>Consumidor est\u00e1 retra\u00eddo, diz presidente da Fenabrave - Canal Dana<\/title>\n<meta name=\"robots\" content=\"index, follow, max-snippet:-1, max-image-preview:large, max-video-preview:-1\" \/>\n<link rel=\"canonical\" href=\"https:\/\/dana.com.br\/canaldana\/2019\/06\/05\/consumidor-esta-retraido-diz-presidente-da-fenabrave\/\" \/>\n<meta property=\"og:locale\" content=\"pt_BR\" \/>\n<meta property=\"og:type\" content=\"article\" \/>\n<meta property=\"og:title\" content=\"Consumidor est\u00e1 retra\u00eddo, diz presidente da Fenabrave - Canal Dana\" \/>\n<meta property=\"og:description\" content=\"AutoInd\u00fastria &nbsp; Ao divulgar o balan\u00e7o do mercado de ve\u00edculos usados nesta ter\u00e7a-feira, 4, o presidente da Fenabrave, Alarico Assump\u00e7\u00e3o J\u00fanior, voltou a manifestar preocupa\u00e7\u00e3o com a falta de confian\u00e7a do consumidor e os consequentes reflexos dessa situa\u00e7\u00e3o no setor. &nbsp; \u201cO medo do desemprego, associado \u00e0 falta de perspectiva de curto prazo na retomada\u2026 Leia mais \u00bb\" \/>\n<meta property=\"og:url\" content=\"https:\/\/dana.com.br\/canaldana\/2019\/06\/05\/consumidor-esta-retraido-diz-presidente-da-fenabrave\/\" \/>\n<meta property=\"og:site_name\" content=\"Canal Dana\" \/>\n<meta property=\"article:published_time\" content=\"2019-06-05T11:38:18+00:00\" \/>\n<meta name=\"author\" content=\"Canal Dana\" \/>\n<meta name=\"twitter:card\" content=\"summary_large_image\" \/>\n<meta name=\"twitter:label1\" content=\"Escrito por\" \/>\n\t<meta name=\"twitter:data1\" content=\"Canal Dana\" \/>\n\t<meta name=\"twitter:label2\" content=\"Est. tempo de leitura\" \/>\n\t<meta name=\"twitter:data2\" content=\"2 minutos\" \/>\n<script type=\"application\/ld+json\" class=\"yoast-schema-graph\">{\"@context\":\"https:\\\/\\\/schema.org\",\"@graph\":[{\"@type\":\"Article\",\"@id\":\"https:\\\/\\\/dana.com.br\\\/canaldana\\\/2019\\\/06\\\/05\\\/consumidor-esta-retraido-diz-presidente-da-fenabrave\\\/#article\",\"isPartOf\":{\"@id\":\"https:\\\/\\\/dana.com.br\\\/canaldana\\\/2019\\\/06\\\/05\\\/consumidor-esta-retraido-diz-presidente-da-fenabrave\\\/\"},\"author\":{\"name\":\"Canal Dana\",\"@id\":\"https:\\\/\\\/dana.com.br\\\/canaldana\\\/#\\\/schema\\\/person\\\/3c21f22f56fcf3bc46b94bc60ea4fef6\"},\"headline\":\"Consumidor est\u00e1 retra\u00eddo, diz presidente da Fenabrave\",\"datePublished\":\"2019-06-05T11:38:18+00:00\",\"mainEntityOfPage\":{\"@id\":\"https:\\\/\\\/dana.com.br\\\/canaldana\\\/2019\\\/06\\\/05\\\/consumidor-esta-retraido-diz-presidente-da-fenabrave\\\/\"},\"wordCount\":360,\"articleSection\":[\"Destaques\"],\"inLanguage\":\"pt-BR\"},{\"@type\":\"WebPage\",\"@id\":\"https:\\\/\\\/dana.com.br\\\/canaldana\\\/2019\\\/06\\\/05\\\/consumidor-esta-retraido-diz-presidente-da-fenabrave\\\/\",\"url\":\"https:\\\/\\\/dana.com.br\\\/canaldana\\\/2019\\\/06\\\/05\\\/consumidor-esta-retraido-diz-presidente-da-fenabrave\\\/\",\"name\":\"Consumidor est\u00e1 retra\u00eddo, diz presidente da Fenabrave - Canal Dana\",\"isPartOf\":{\"@id\":\"https:\\\/\\\/dana.com.br\\\/canaldana\\\/#website\"},\"datePublished\":\"2019-06-05T11:38:18+00:00\",\"author\":{\"@id\":\"https:\\\/\\\/dana.com.br\\\/canaldana\\\/#\\\/schema\\\/person\\\/3c21f22f56fcf3bc46b94bc60ea4fef6\"},\"breadcrumb\":{\"@id\":\"https:\\\/\\\/dana.com.br\\\/canaldana\\\/2019\\\/06\\\/05\\\/consumidor-esta-retraido-diz-presidente-da-fenabrave\\\/#breadcrumb\"},\"inLanguage\":\"pt-BR\",\"potentialAction\":[{\"@type\":\"ReadAction\",\"target\":[\"https:\\\/\\\/dana.com.br\\\/canaldana\\\/2019\\\/06\\\/05\\\/consumidor-esta-retraido-diz-presidente-da-fenabrave\\\/\"]}]},{\"@type\":\"BreadcrumbList\",\"@id\":\"https:\\\/\\\/dana.com.br\\\/canaldana\\\/2019\\\/06\\\/05\\\/consumidor-esta-retraido-diz-presidente-da-fenabrave\\\/#breadcrumb\",\"itemListElement\":[{\"@type\":\"ListItem\",\"position\":1,\"name\":\"Home\",\"item\":\"https:\\\/\\\/dana.com.br\\\/canaldana\\\/\"},{\"@type\":\"ListItem\",\"position\":2,\"name\":\"Destaques\",\"item\":\"https:\\\/\\\/dana.com.br\\\/canaldana\\\/destaques\\\/\"},{\"@type\":\"ListItem\",\"position\":3,\"name\":\"Consumidor est\u00e1 retra\u00eddo, diz presidente da Fenabrave\"}]},{\"@type\":\"WebSite\",\"@id\":\"https:\\\/\\\/dana.com.br\\\/canaldana\\\/#website\",\"url\":\"https:\\\/\\\/dana.com.br\\\/canaldana\\\/\",\"name\":\"Canal Dana\",\"description\":\"Informativo com as principais not\u00edcias da ind\u00fastria automotiva\",\"potentialAction\":[{\"@type\":\"SearchAction\",\"target\":{\"@type\":\"EntryPoint\",\"urlTemplate\":\"https:\\\/\\\/dana.com.br\\\/canaldana\\\/?s={search_term_string}\"},\"query-input\":{\"@type\":\"PropertyValueSpecification\",\"valueRequired\":true,\"valueName\":\"search_term_string\"}}],\"inLanguage\":\"pt-BR\"},{\"@type\":\"Person\",\"@id\":\"https:\\\/\\\/dana.com.br\\\/canaldana\\\/#\\\/schema\\\/person\\\/3c21f22f56fcf3bc46b94bc60ea4fef6\",\"name\":\"Canal Dana\",\"image\":{\"@type\":\"ImageObject\",\"inLanguage\":\"pt-BR\",\"@id\":\"https:\\\/\\\/secure.gravatar.com\\\/avatar\\\/420aaf9278582877d9018637c6817617705899d2858d7572ef0fe59a6b6454b4?s=96&d=mm&r=g\",\"url\":\"https:\\\/\\\/secure.gravatar.com\\\/avatar\\\/420aaf9278582877d9018637c6817617705899d2858d7572ef0fe59a6b6454b4?s=96&d=mm&r=g\",\"contentUrl\":\"https:\\\/\\\/secure.gravatar.com\\\/avatar\\\/420aaf9278582877d9018637c6817617705899d2858d7572ef0fe59a6b6454b4?s=96&d=mm&r=g\",\"caption\":\"Canal Dana\"},\"url\":\"https:\\\/\\\/dana.com.br\\\/canaldana\\\/author\\\/cdeditor\\\/\"}]}<\/script>\n<!-- \/ Yoast SEO plugin. -->","yoast_head_json":{"title":"Consumidor est\u00e1 retra\u00eddo, diz presidente da Fenabrave - Canal Dana","robots":{"index":"index","follow":"follow","max-snippet":"max-snippet:-1","max-image-preview":"max-image-preview:large","max-video-preview":"max-video-preview:-1"},"canonical":"https:\/\/dana.com.br\/canaldana\/2019\/06\/05\/consumidor-esta-retraido-diz-presidente-da-fenabrave\/","og_locale":"pt_BR","og_type":"article","og_title":"Consumidor est\u00e1 retra\u00eddo, diz presidente da Fenabrave - Canal Dana","og_description":"AutoInd\u00fastria &nbsp; Ao divulgar o balan\u00e7o do mercado de ve\u00edculos usados nesta ter\u00e7a-feira, 4, o presidente da Fenabrave, Alarico Assump\u00e7\u00e3o J\u00fanior, voltou a manifestar preocupa\u00e7\u00e3o com a falta de confian\u00e7a do consumidor e os consequentes reflexos dessa situa\u00e7\u00e3o no setor. &nbsp; \u201cO medo do desemprego, associado \u00e0 falta de perspectiva de curto prazo na retomada\u2026 Leia mais \u00bb","og_url":"https:\/\/dana.com.br\/canaldana\/2019\/06\/05\/consumidor-esta-retraido-diz-presidente-da-fenabrave\/","og_site_name":"Canal Dana","article_published_time":"2019-06-05T11:38:18+00:00","author":"Canal Dana","twitter_card":"summary_large_image","twitter_misc":{"Escrito por":"Canal Dana","Est. tempo de leitura":"2 minutos"},"schema":{"@context":"https:\/\/schema.org","@graph":[{"@type":"Article","@id":"https:\/\/dana.com.br\/canaldana\/2019\/06\/05\/consumidor-esta-retraido-diz-presidente-da-fenabrave\/#article","isPartOf":{"@id":"https:\/\/dana.com.br\/canaldana\/2019\/06\/05\/consumidor-esta-retraido-diz-presidente-da-fenabrave\/"},"author":{"name":"Canal Dana","@id":"https:\/\/dana.com.br\/canaldana\/#\/schema\/person\/3c21f22f56fcf3bc46b94bc60ea4fef6"},"headline":"Consumidor est\u00e1 retra\u00eddo, diz presidente da Fenabrave","datePublished":"2019-06-05T11:38:18+00:00","mainEntityOfPage":{"@id":"https:\/\/dana.com.br\/canaldana\/2019\/06\/05\/consumidor-esta-retraido-diz-presidente-da-fenabrave\/"},"wordCount":360,"articleSection":["Destaques"],"inLanguage":"pt-BR"},{"@type":"WebPage","@id":"https:\/\/dana.com.br\/canaldana\/2019\/06\/05\/consumidor-esta-retraido-diz-presidente-da-fenabrave\/","url":"https:\/\/dana.com.br\/canaldana\/2019\/06\/05\/consumidor-esta-retraido-diz-presidente-da-fenabrave\/","name":"Consumidor est\u00e1 retra\u00eddo, diz presidente da Fenabrave - Canal Dana","isPartOf":{"@id":"https:\/\/dana.com.br\/canaldana\/#website"},"datePublished":"2019-06-05T11:38:18+00:00","author":{"@id":"https:\/\/dana.com.br\/canaldana\/#\/schema\/person\/3c21f22f56fcf3bc46b94bc60ea4fef6"},"breadcrumb":{"@id":"https:\/\/dana.com.br\/canaldana\/2019\/06\/05\/consumidor-esta-retraido-diz-presidente-da-fenabrave\/#breadcrumb"},"inLanguage":"pt-BR","potentialAction":[{"@type":"ReadAction","target":["https:\/\/dana.com.br\/canaldana\/2019\/06\/05\/consumidor-esta-retraido-diz-presidente-da-fenabrave\/"]}]},{"@type":"BreadcrumbList","@id":"https:\/\/dana.com.br\/canaldana\/2019\/06\/05\/consumidor-esta-retraido-diz-presidente-da-fenabrave\/#breadcrumb","itemListElement":[{"@type":"ListItem","position":1,"name":"Home","item":"https:\/\/dana.com.br\/canaldana\/"},{"@type":"ListItem","position":2,"name":"Destaques","item":"https:\/\/dana.com.br\/canaldana\/destaques\/"},{"@type":"ListItem","position":3,"name":"Consumidor est\u00e1 retra\u00eddo, diz presidente da Fenabrave"}]},{"@type":"WebSite","@id":"https:\/\/dana.com.br\/canaldana\/#website","url":"https:\/\/dana.com.br\/canaldana\/","name":"Canal Dana","description":"Informativo com as principais not\u00edcias da ind\u00fastria automotiva","potentialAction":[{"@type":"SearchAction","target":{"@type":"EntryPoint","urlTemplate":"https:\/\/dana.com.br\/canaldana\/?s={search_term_string}"},"query-input":{"@type":"PropertyValueSpecification","valueRequired":true,"valueName":"search_term_string"}}],"inLanguage":"pt-BR"},{"@type":"Person","@id":"https:\/\/dana.com.br\/canaldana\/#\/schema\/person\/3c21f22f56fcf3bc46b94bc60ea4fef6","name":"Canal Dana","image":{"@type":"ImageObject","inLanguage":"pt-BR","@id":"https:\/\/secure.gravatar.com\/avatar\/420aaf9278582877d9018637c6817617705899d2858d7572ef0fe59a6b6454b4?s=96&d=mm&r=g","url":"https:\/\/secure.gravatar.com\/avatar\/420aaf9278582877d9018637c6817617705899d2858d7572ef0fe59a6b6454b4?s=96&d=mm&r=g","contentUrl":"https:\/\/secure.gravatar.com\/avatar\/420aaf9278582877d9018637c6817617705899d2858d7572ef0fe59a6b6454b4?s=96&d=mm&r=g","caption":"Canal Dana"},"url":"https:\/\/dana.com.br\/canaldana\/author\/cdeditor\/"}]}},"_links":{"self":[{"href":"https:\/\/dana.com.br\/canaldana\/wp-json\/wp\/v2\/posts\/34921","targetHints":{"allow":["GET"]}}],"collection":[{"href":"https:\/\/dana.com.br\/canaldana\/wp-json\/wp\/v2\/posts"}],"about":[{"href":"https:\/\/dana.com.br\/canaldana\/wp-json\/wp\/v2\/types\/post"}],"author":[{"embeddable":true,"href":"https:\/\/dana.com.br\/canaldana\/wp-json\/wp\/v2\/users\/3"}],"replies":[{"embeddable":true,"href":"https:\/\/dana.com.br\/canaldana\/wp-json\/wp\/v2\/comments?post=34921"}],"version-history":[{"count":0,"href":"https:\/\/dana.com.br\/canaldana\/wp-json\/wp\/v2\/posts\/34921\/revisions"}],"wp:attachment":[{"href":"https:\/\/dana.com.br\/canaldana\/wp-json\/wp\/v2\/media?parent=34921"}],"wp:term":[{"taxonomy":"category","embeddable":true,"href":"https:\/\/dana.com.br\/canaldana\/wp-json\/wp\/v2\/categories?post=34921"},{"taxonomy":"post_tag","embeddable":true,"href":"https:\/\/dana.com.br\/canaldana\/wp-json\/wp\/v2\/tags?post=34921"}],"curies":[{"name":"wp","href":"https:\/\/api.w.org\/{rel}","templated":true}]}}