{"id":34848,"date":"2019-06-03T08:27:24","date_gmt":"2019-06-03T11:27:24","guid":{"rendered":"https:\/\/dana.com.br\/canaldana\/?p=34848"},"modified":"2019-06-03T08:27:24","modified_gmt":"2019-06-03T11:27:24","slug":"industria-defende-elevacao-do-reintegra-para-aumentar-exportacao-de-veiculos","status":"publish","type":"post","link":"https:\/\/dana.com.br\/canaldana\/2019\/06\/03\/industria-defende-elevacao-do-reintegra-para-aumentar-exportacao-de-veiculos\/","title":{"rendered":"Ind\u00fastria defende eleva\u00e7\u00e3o do Reintegra para aumentar exporta\u00e7\u00e3o de ve\u00edculos"},"content":{"rendered":"<p><em>O Estado de S. Paulo\/Media Lab Estad\u00e3o <\/em><\/p>\n<p>&nbsp;<\/p>\n<p>A ind\u00fastria automotiva brasileira tem capacidade instalada para fabricar 5 milh\u00f5es de ve\u00edculos por ano, mas est\u00e1 produzindo 2,9 milh\u00f5es. Em um cen\u00e1rio de lenta recupera\u00e7\u00e3o da economia, o setor defende que o Brasil adote medidas para estimular as exporta\u00e7\u00f5es de ve\u00edculos. A iniciativa aproveitaria mais rapidamente a capacidade instalada, atrairia mais investimentos para o setor e geraria mais emprego e renda em uma das cadeias de produ\u00e7\u00e3o mais importantes do Pa\u00eds.<\/p>\n<p>&nbsp;<\/p>\n<p>Desenvolver um perfil mais exportador para a ind\u00fastria automotiva depende de um conjunto de fatores que inclui mudan\u00e7as complexas como a reforma tribut\u00e1ria e melhorias na infraestrutura. Mas esse caminho pode ser iniciado por uma iniciativa de implementa\u00e7\u00e3o simples e r\u00e1pido resultado: a eleva\u00e7\u00e3o da al\u00edquota do Regime Especial de Reintegra\u00e7\u00e3o de Valores Tribut\u00e1rios para as Empresas Exportadoras, o Reintegra.<\/p>\n<p>&nbsp;<\/p>\n<p>Esse programa tem muita import\u00e2ncia para as empresas exportadoras, sobretudo de segmentos com longa cadeia produtiva, como o automotivo. Na competi\u00e7\u00e3o global por mercados, a maioria dos pa\u00edses isenta suas exporta\u00e7\u00f5es de tributos \u2013 e o Brasil faz o mesmo em rela\u00e7\u00e3o aos impostos diretos. Ocorre que, por distor\u00e7\u00f5es do sistema tribut\u00e1rio nacional, essas isen\u00e7\u00f5es n\u00e3o alcan\u00e7am todos os impostos e contribui\u00e7\u00f5es recolhidos pelos fornecedores da ind\u00fastria, o que leva o Pa\u00eds a exportar tributos junto com os produtos, reduzindo a sua competitividade. A fun\u00e7\u00e3o do Reintegra \u00e9 corrigir essa distor\u00e7\u00e3o.<\/p>\n<p>&nbsp;<\/p>\n<p>Institu\u00eddo pela primeira vez em 2011, por medida provis\u00f3ria, e transformado em lei em 2014, o Reintegra determina a devolu\u00e7\u00e3o de um percentual de 0,1% a 3% sobre o pre\u00e7o do produto ao exportador, para compensar os res\u00edduos tribut\u00e1rios. Na \u00e9poca em que a lei foi aprovada, o governo assumiu o compromisso de elevar progressivamente a al\u00edquota at\u00e9 3% em 2018, mas a promessa foi descumprida em 2017 e hoje a taxa se encontra no patamar m\u00ednimo de 0,1%. O exemplo da GM mostra como os res\u00edduos tribut\u00e1rios reduzem a competitividade dos autom\u00f3veis nacionais no mercado mundial. Segundo o presidente da GM Am\u00e9rica do Sul, Carlos Zarlenga, os ve\u00edculos que a empresa exporta do Brasil carregam 15% de impostos. Do M\u00e9xico, s\u00e3o 0,3%.<\/p>\n<p>&nbsp;<\/p>\n<p>Um estudo da PwC, divulgado em maio, comparou o desempenho recente da ind\u00fastria automotiva mexicana, que destina 88% de sua produ\u00e7\u00e3o ao mercado externo, com a brasileira, que historicamente vem exportando entre 15% e 20% da produ\u00e7\u00e3o. Em 2013, quando o mercado interno do Brasil estava em seu auge hist\u00f3rico, a ind\u00fastria produziu 3,5 milh\u00f5es de autom\u00f3veis de passeio e comerciais leves, mas depois veio a crise e derrubou as vendas. No ano passado, nesse segmento, foram fabricadas 2,7 milh\u00f5es de unidades. No mesmo per\u00edodo, a ind\u00fastria mexicana elevou sua produ\u00e7\u00e3o de 2,9 milh\u00f5es para 3,9 milh\u00f5es de ve\u00edculos.<\/p>\n<p>&nbsp;<\/p>\n<p>O presidente da GM Am\u00e9rica do Sul, que anunciou recentemente investimentos de R$ 10 bilh\u00f5es no Brasil at\u00e9 2024, defende que o Pa\u00eds assuma uma postura mais incisiva para estimular a exporta\u00e7\u00e3o de ve\u00edculos. Do contr\u00e1rio, segundo Zarlenga, o Brasil corre o risco de perder investimentos no setor. Ele pleiteia que a al\u00edquota do Reintegra seja elevada para 10%. Zarlenga tratou do tema em entrevista publicada na edi\u00e7\u00e3o de 6 de maio do Estad\u00e3o. \u201cA ind\u00fastria brasileira deve ser a \u00fanica que tem capacidade produtiva, escala, parque de fornecedores, mercado dom\u00e9stico grande, mas n\u00e3o tem custo. Hoje, as exporta\u00e7\u00f5es fora do Mercosul s\u00e3o min\u00fasculas. V\u00e3o para Chile, Col\u00f4mbia, Equador, Uruguai e Paraguai, mas, se olharmos o porcentual dos carros vendidos nesses pa\u00edses, pouco \u00e9 do Brasil, que est\u00e1 do lado deles. A maioria vem da China, Coreia e M\u00e9xico, que est\u00e3o muito mais longe. O momento \u00e9 de fazer mudan\u00e7as\u201d.<\/p>\n<p>&nbsp;<\/p>\n<p>O desempenho dessa ind\u00fastria tem forte impacto na gera\u00e7\u00e3o de empregos qualificados e no crescimento da economia. O presidente da Associa\u00e7\u00e3o Nacional dos Fabricantes de Ve\u00edculos Automotores (Anfavea), Luiz Carlos Moraes, lembra que o setor automotivo representa 18% do PIB industrial brasileiro. O est\u00edmulo \u00e0s exporta\u00e7\u00f5es, segundo ele, representa um importante fator de fortalecimento para a ind\u00fastria nacional. S\u00e3o atualmente 67 f\u00e1bricas espalhadas por 10 estados e 44 cidades. Com 130 mil empregos diretos gerados pelas associadas, a miss\u00e3o da Anfavea \u00e9 gerar ainda mais postos de trabalho e riquezas para nossa sociedade, dentro de um ambiente de competitividade e sustentabilidade. (O Estado de S. Paulo\/Media Lab Estad\u00e3o)<\/p>\n","protected":false},"excerpt":{"rendered":"<p>O Estado de S. Paulo\/Media Lab Estad\u00e3o &nbsp; A ind\u00fastria automotiva brasileira tem capacidade instalada para fabricar 5 milh\u00f5es de ve\u00edculos por ano, mas est\u00e1 produzindo 2,9 milh\u00f5es. Em um cen\u00e1rio de lenta recupera\u00e7\u00e3o da economia, o setor defende que o Brasil adote medidas para estimular as exporta\u00e7\u00f5es de ve\u00edculos. A iniciativa aproveitaria mais rapidamente\u2026 <a class=\"readmore\" href=\"https:\/\/dana.com.br\/canaldana\/2019\/06\/03\/industria-defende-elevacao-do-reintegra-para-aumentar-exportacao-de-veiculos\/\">Leia mais \u00bb<\/a><\/p>\n","protected":false},"author":3,"featured_media":0,"comment_status":"closed","ping_status":"closed","sticky":false,"template":"","format":"standard","meta":{"_acf_changed":false,"footnotes":""},"categories":[61],"tags":[],"class_list":["post-34848","post","type-post","status-publish","format-standard","hentry","category-destaques"],"acf":[],"yoast_head":"<!-- This site is optimized with the Yoast SEO plugin v27.3 - https:\/\/yoast.com\/product\/yoast-seo-wordpress\/ -->\n<title>Ind\u00fastria defende eleva\u00e7\u00e3o do Reintegra para aumentar exporta\u00e7\u00e3o de ve\u00edculos - Canal Dana<\/title>\n<meta name=\"robots\" content=\"index, follow, max-snippet:-1, max-image-preview:large, max-video-preview:-1\" \/>\n<link rel=\"canonical\" href=\"https:\/\/dana.com.br\/canaldana\/2019\/06\/03\/industria-defende-elevacao-do-reintegra-para-aumentar-exportacao-de-veiculos\/\" \/>\n<meta property=\"og:locale\" content=\"pt_BR\" \/>\n<meta property=\"og:type\" content=\"article\" \/>\n<meta property=\"og:title\" content=\"Ind\u00fastria defende eleva\u00e7\u00e3o do Reintegra para aumentar exporta\u00e7\u00e3o de ve\u00edculos - Canal Dana\" \/>\n<meta property=\"og:description\" content=\"O Estado de S. Paulo\/Media Lab Estad\u00e3o &nbsp; A ind\u00fastria automotiva brasileira tem capacidade instalada para fabricar 5 milh\u00f5es de ve\u00edculos por ano, mas est\u00e1 produzindo 2,9 milh\u00f5es. Em um cen\u00e1rio de lenta recupera\u00e7\u00e3o da economia, o setor defende que o Brasil adote medidas para estimular as exporta\u00e7\u00f5es de ve\u00edculos. A iniciativa aproveitaria mais rapidamente\u2026 Leia mais \u00bb\" \/>\n<meta property=\"og:url\" content=\"https:\/\/dana.com.br\/canaldana\/2019\/06\/03\/industria-defende-elevacao-do-reintegra-para-aumentar-exportacao-de-veiculos\/\" \/>\n<meta property=\"og:site_name\" content=\"Canal Dana\" \/>\n<meta property=\"article:published_time\" content=\"2019-06-03T11:27:24+00:00\" \/>\n<meta name=\"author\" content=\"Canal Dana\" \/>\n<meta name=\"twitter:card\" content=\"summary_large_image\" \/>\n<meta name=\"twitter:label1\" content=\"Escrito por\" \/>\n\t<meta name=\"twitter:data1\" content=\"Canal Dana\" \/>\n\t<meta name=\"twitter:label2\" content=\"Est. tempo de leitura\" \/>\n\t<meta name=\"twitter:data2\" content=\"4 minutos\" \/>\n<script type=\"application\/ld+json\" class=\"yoast-schema-graph\">{\"@context\":\"https:\\\/\\\/schema.org\",\"@graph\":[{\"@type\":\"Article\",\"@id\":\"https:\\\/\\\/dana.com.br\\\/canaldana\\\/2019\\\/06\\\/03\\\/industria-defende-elevacao-do-reintegra-para-aumentar-exportacao-de-veiculos\\\/#article\",\"isPartOf\":{\"@id\":\"https:\\\/\\\/dana.com.br\\\/canaldana\\\/2019\\\/06\\\/03\\\/industria-defende-elevacao-do-reintegra-para-aumentar-exportacao-de-veiculos\\\/\"},\"author\":{\"name\":\"Canal Dana\",\"@id\":\"https:\\\/\\\/dana.com.br\\\/canaldana\\\/#\\\/schema\\\/person\\\/3c21f22f56fcf3bc46b94bc60ea4fef6\"},\"headline\":\"Ind\u00fastria defende eleva\u00e7\u00e3o do Reintegra para aumentar exporta\u00e7\u00e3o de ve\u00edculos\",\"datePublished\":\"2019-06-03T11:27:24+00:00\",\"mainEntityOfPage\":{\"@id\":\"https:\\\/\\\/dana.com.br\\\/canaldana\\\/2019\\\/06\\\/03\\\/industria-defende-elevacao-do-reintegra-para-aumentar-exportacao-de-veiculos\\\/\"},\"wordCount\":795,\"articleSection\":[\"Destaques\"],\"inLanguage\":\"pt-BR\"},{\"@type\":\"WebPage\",\"@id\":\"https:\\\/\\\/dana.com.br\\\/canaldana\\\/2019\\\/06\\\/03\\\/industria-defende-elevacao-do-reintegra-para-aumentar-exportacao-de-veiculos\\\/\",\"url\":\"https:\\\/\\\/dana.com.br\\\/canaldana\\\/2019\\\/06\\\/03\\\/industria-defende-elevacao-do-reintegra-para-aumentar-exportacao-de-veiculos\\\/\",\"name\":\"Ind\u00fastria defende eleva\u00e7\u00e3o do Reintegra para aumentar exporta\u00e7\u00e3o de ve\u00edculos - Canal Dana\",\"isPartOf\":{\"@id\":\"https:\\\/\\\/dana.com.br\\\/canaldana\\\/#website\"},\"datePublished\":\"2019-06-03T11:27:24+00:00\",\"author\":{\"@id\":\"https:\\\/\\\/dana.com.br\\\/canaldana\\\/#\\\/schema\\\/person\\\/3c21f22f56fcf3bc46b94bc60ea4fef6\"},\"breadcrumb\":{\"@id\":\"https:\\\/\\\/dana.com.br\\\/canaldana\\\/2019\\\/06\\\/03\\\/industria-defende-elevacao-do-reintegra-para-aumentar-exportacao-de-veiculos\\\/#breadcrumb\"},\"inLanguage\":\"pt-BR\",\"potentialAction\":[{\"@type\":\"ReadAction\",\"target\":[\"https:\\\/\\\/dana.com.br\\\/canaldana\\\/2019\\\/06\\\/03\\\/industria-defende-elevacao-do-reintegra-para-aumentar-exportacao-de-veiculos\\\/\"]}]},{\"@type\":\"BreadcrumbList\",\"@id\":\"https:\\\/\\\/dana.com.br\\\/canaldana\\\/2019\\\/06\\\/03\\\/industria-defende-elevacao-do-reintegra-para-aumentar-exportacao-de-veiculos\\\/#breadcrumb\",\"itemListElement\":[{\"@type\":\"ListItem\",\"position\":1,\"name\":\"Home\",\"item\":\"https:\\\/\\\/dana.com.br\\\/canaldana\\\/\"},{\"@type\":\"ListItem\",\"position\":2,\"name\":\"Destaques\",\"item\":\"https:\\\/\\\/dana.com.br\\\/canaldana\\\/destaques\\\/\"},{\"@type\":\"ListItem\",\"position\":3,\"name\":\"Ind\u00fastria defende eleva\u00e7\u00e3o do Reintegra para aumentar exporta\u00e7\u00e3o de ve\u00edculos\"}]},{\"@type\":\"WebSite\",\"@id\":\"https:\\\/\\\/dana.com.br\\\/canaldana\\\/#website\",\"url\":\"https:\\\/\\\/dana.com.br\\\/canaldana\\\/\",\"name\":\"Canal Dana\",\"description\":\"Informativo com as principais not\u00edcias da ind\u00fastria automotiva\",\"potentialAction\":[{\"@type\":\"SearchAction\",\"target\":{\"@type\":\"EntryPoint\",\"urlTemplate\":\"https:\\\/\\\/dana.com.br\\\/canaldana\\\/?s={search_term_string}\"},\"query-input\":{\"@type\":\"PropertyValueSpecification\",\"valueRequired\":true,\"valueName\":\"search_term_string\"}}],\"inLanguage\":\"pt-BR\"},{\"@type\":\"Person\",\"@id\":\"https:\\\/\\\/dana.com.br\\\/canaldana\\\/#\\\/schema\\\/person\\\/3c21f22f56fcf3bc46b94bc60ea4fef6\",\"name\":\"Canal Dana\",\"image\":{\"@type\":\"ImageObject\",\"inLanguage\":\"pt-BR\",\"@id\":\"https:\\\/\\\/secure.gravatar.com\\\/avatar\\\/420aaf9278582877d9018637c6817617705899d2858d7572ef0fe59a6b6454b4?s=96&d=mm&r=g\",\"url\":\"https:\\\/\\\/secure.gravatar.com\\\/avatar\\\/420aaf9278582877d9018637c6817617705899d2858d7572ef0fe59a6b6454b4?s=96&d=mm&r=g\",\"contentUrl\":\"https:\\\/\\\/secure.gravatar.com\\\/avatar\\\/420aaf9278582877d9018637c6817617705899d2858d7572ef0fe59a6b6454b4?s=96&d=mm&r=g\",\"caption\":\"Canal Dana\"},\"url\":\"https:\\\/\\\/dana.com.br\\\/canaldana\\\/author\\\/cdeditor\\\/\"}]}<\/script>\n<!-- \/ Yoast SEO plugin. -->","yoast_head_json":{"title":"Ind\u00fastria defende eleva\u00e7\u00e3o do Reintegra para aumentar exporta\u00e7\u00e3o de ve\u00edculos - Canal Dana","robots":{"index":"index","follow":"follow","max-snippet":"max-snippet:-1","max-image-preview":"max-image-preview:large","max-video-preview":"max-video-preview:-1"},"canonical":"https:\/\/dana.com.br\/canaldana\/2019\/06\/03\/industria-defende-elevacao-do-reintegra-para-aumentar-exportacao-de-veiculos\/","og_locale":"pt_BR","og_type":"article","og_title":"Ind\u00fastria defende eleva\u00e7\u00e3o do Reintegra para aumentar exporta\u00e7\u00e3o de ve\u00edculos - Canal Dana","og_description":"O Estado de S. Paulo\/Media Lab Estad\u00e3o &nbsp; A ind\u00fastria automotiva brasileira tem capacidade instalada para fabricar 5 milh\u00f5es de ve\u00edculos por ano, mas est\u00e1 produzindo 2,9 milh\u00f5es. Em um cen\u00e1rio de lenta recupera\u00e7\u00e3o da economia, o setor defende que o Brasil adote medidas para estimular as exporta\u00e7\u00f5es de ve\u00edculos. A iniciativa aproveitaria mais rapidamente\u2026 Leia mais \u00bb","og_url":"https:\/\/dana.com.br\/canaldana\/2019\/06\/03\/industria-defende-elevacao-do-reintegra-para-aumentar-exportacao-de-veiculos\/","og_site_name":"Canal Dana","article_published_time":"2019-06-03T11:27:24+00:00","author":"Canal Dana","twitter_card":"summary_large_image","twitter_misc":{"Escrito por":"Canal Dana","Est. tempo de leitura":"4 minutos"},"schema":{"@context":"https:\/\/schema.org","@graph":[{"@type":"Article","@id":"https:\/\/dana.com.br\/canaldana\/2019\/06\/03\/industria-defende-elevacao-do-reintegra-para-aumentar-exportacao-de-veiculos\/#article","isPartOf":{"@id":"https:\/\/dana.com.br\/canaldana\/2019\/06\/03\/industria-defende-elevacao-do-reintegra-para-aumentar-exportacao-de-veiculos\/"},"author":{"name":"Canal Dana","@id":"https:\/\/dana.com.br\/canaldana\/#\/schema\/person\/3c21f22f56fcf3bc46b94bc60ea4fef6"},"headline":"Ind\u00fastria defende eleva\u00e7\u00e3o do Reintegra para aumentar exporta\u00e7\u00e3o de ve\u00edculos","datePublished":"2019-06-03T11:27:24+00:00","mainEntityOfPage":{"@id":"https:\/\/dana.com.br\/canaldana\/2019\/06\/03\/industria-defende-elevacao-do-reintegra-para-aumentar-exportacao-de-veiculos\/"},"wordCount":795,"articleSection":["Destaques"],"inLanguage":"pt-BR"},{"@type":"WebPage","@id":"https:\/\/dana.com.br\/canaldana\/2019\/06\/03\/industria-defende-elevacao-do-reintegra-para-aumentar-exportacao-de-veiculos\/","url":"https:\/\/dana.com.br\/canaldana\/2019\/06\/03\/industria-defende-elevacao-do-reintegra-para-aumentar-exportacao-de-veiculos\/","name":"Ind\u00fastria defende eleva\u00e7\u00e3o do Reintegra para aumentar exporta\u00e7\u00e3o de ve\u00edculos - Canal Dana","isPartOf":{"@id":"https:\/\/dana.com.br\/canaldana\/#website"},"datePublished":"2019-06-03T11:27:24+00:00","author":{"@id":"https:\/\/dana.com.br\/canaldana\/#\/schema\/person\/3c21f22f56fcf3bc46b94bc60ea4fef6"},"breadcrumb":{"@id":"https:\/\/dana.com.br\/canaldana\/2019\/06\/03\/industria-defende-elevacao-do-reintegra-para-aumentar-exportacao-de-veiculos\/#breadcrumb"},"inLanguage":"pt-BR","potentialAction":[{"@type":"ReadAction","target":["https:\/\/dana.com.br\/canaldana\/2019\/06\/03\/industria-defende-elevacao-do-reintegra-para-aumentar-exportacao-de-veiculos\/"]}]},{"@type":"BreadcrumbList","@id":"https:\/\/dana.com.br\/canaldana\/2019\/06\/03\/industria-defende-elevacao-do-reintegra-para-aumentar-exportacao-de-veiculos\/#breadcrumb","itemListElement":[{"@type":"ListItem","position":1,"name":"Home","item":"https:\/\/dana.com.br\/canaldana\/"},{"@type":"ListItem","position":2,"name":"Destaques","item":"https:\/\/dana.com.br\/canaldana\/destaques\/"},{"@type":"ListItem","position":3,"name":"Ind\u00fastria defende eleva\u00e7\u00e3o do Reintegra para aumentar exporta\u00e7\u00e3o de ve\u00edculos"}]},{"@type":"WebSite","@id":"https:\/\/dana.com.br\/canaldana\/#website","url":"https:\/\/dana.com.br\/canaldana\/","name":"Canal Dana","description":"Informativo com as principais not\u00edcias da ind\u00fastria automotiva","potentialAction":[{"@type":"SearchAction","target":{"@type":"EntryPoint","urlTemplate":"https:\/\/dana.com.br\/canaldana\/?s={search_term_string}"},"query-input":{"@type":"PropertyValueSpecification","valueRequired":true,"valueName":"search_term_string"}}],"inLanguage":"pt-BR"},{"@type":"Person","@id":"https:\/\/dana.com.br\/canaldana\/#\/schema\/person\/3c21f22f56fcf3bc46b94bc60ea4fef6","name":"Canal Dana","image":{"@type":"ImageObject","inLanguage":"pt-BR","@id":"https:\/\/secure.gravatar.com\/avatar\/420aaf9278582877d9018637c6817617705899d2858d7572ef0fe59a6b6454b4?s=96&d=mm&r=g","url":"https:\/\/secure.gravatar.com\/avatar\/420aaf9278582877d9018637c6817617705899d2858d7572ef0fe59a6b6454b4?s=96&d=mm&r=g","contentUrl":"https:\/\/secure.gravatar.com\/avatar\/420aaf9278582877d9018637c6817617705899d2858d7572ef0fe59a6b6454b4?s=96&d=mm&r=g","caption":"Canal Dana"},"url":"https:\/\/dana.com.br\/canaldana\/author\/cdeditor\/"}]}},"_links":{"self":[{"href":"https:\/\/dana.com.br\/canaldana\/wp-json\/wp\/v2\/posts\/34848","targetHints":{"allow":["GET"]}}],"collection":[{"href":"https:\/\/dana.com.br\/canaldana\/wp-json\/wp\/v2\/posts"}],"about":[{"href":"https:\/\/dana.com.br\/canaldana\/wp-json\/wp\/v2\/types\/post"}],"author":[{"embeddable":true,"href":"https:\/\/dana.com.br\/canaldana\/wp-json\/wp\/v2\/users\/3"}],"replies":[{"embeddable":true,"href":"https:\/\/dana.com.br\/canaldana\/wp-json\/wp\/v2\/comments?post=34848"}],"version-history":[{"count":0,"href":"https:\/\/dana.com.br\/canaldana\/wp-json\/wp\/v2\/posts\/34848\/revisions"}],"wp:attachment":[{"href":"https:\/\/dana.com.br\/canaldana\/wp-json\/wp\/v2\/media?parent=34848"}],"wp:term":[{"taxonomy":"category","embeddable":true,"href":"https:\/\/dana.com.br\/canaldana\/wp-json\/wp\/v2\/categories?post=34848"},{"taxonomy":"post_tag","embeddable":true,"href":"https:\/\/dana.com.br\/canaldana\/wp-json\/wp\/v2\/tags?post=34848"}],"curies":[{"name":"wp","href":"https:\/\/api.w.org\/{rel}","templated":true}]}}