{"id":34692,"date":"2019-05-28T07:39:39","date_gmt":"2019-05-28T10:39:39","guid":{"rendered":"https:\/\/dana.com.br\/canaldana\/?p=34692"},"modified":"2019-05-28T07:39:39","modified_gmt":"2019-05-28T10:39:39","slug":"brasil-faz-aceno-positivo-para-a-ue-no-mercado-de-carros","status":"publish","type":"post","link":"https:\/\/dana.com.br\/canaldana\/2019\/05\/28\/brasil-faz-aceno-positivo-para-a-ue-no-mercado-de-carros\/","title":{"rendered":"Brasil faz aceno positivo para a UE no mercado de carros"},"content":{"rendered":"<p><em>Blog Osfera<\/em><\/p>\n<p>&nbsp;<\/p>\n<p>Num esfor\u00e7o para concluir uma negocia\u00e7\u00e3o de 20 anos entre a Uni\u00e3o Europeia e o Mercosul, o Brasil faz acenos considerados como positivos pelos europeus no que se refere ao acesso ao mercado nacional de ve\u00edculos. A informa\u00e7\u00e3o foi dada por Michele Geraci, secret\u00e1rio para Desenvolvimento Econ\u00f4mico do governo italiano, ao deixar nesta segunda-feira uma reuni\u00e3o com os demais ministros do bloco europeu.<\/p>\n<p>&nbsp;<\/p>\n<p>Um dos pontos centrais de um acordo entre Mercosul e UE, o setor automotivo foi sempre alvo de intensos debates e seria a &#8220;j\u00f3ia da coroa&#8221; para Bruxelas num entendimento com os sul-americanos. Os europeus querem uma maior abertura do lado brasileiro para poder incrementar suas exporta\u00e7\u00f5es. Em troca, prometem considerar maior acesso a produtos como etanol, a\u00e7\u00facar, carnes e outros bens agr\u00edcolas.<\/p>\n<p>&nbsp;<\/p>\n<p>Pelo entendimento, haveria um per\u00edodo longo de desgrava\u00e7\u00e3o de tarifas. Mas, ainda assim, por anos o Brasil se mostrou resistente em aceitar qualquer tipo de abertura, principalmente sem saber o que ganharia no setor agr\u00edcola.<\/p>\n<p>&nbsp;<\/p>\n<p>Agora, por\u00e9m, os negociadores do Itamaraty teriam feito sinaliza\u00e7\u00f5es de que certos pontos poderiam ser flexibilizados, o que foi comemorado pelo secret\u00e1rio italiano.<\/p>\n<p>&nbsp;<\/p>\n<p>&#8220;Um aspecto positivo \u00e9 a parte de exporta\u00e7\u00e3o (da UE). Por exemplo, o setor automobil\u00edstico no caso do Brasil&#8221;, disse Geraci. Ao blog, pessoas pr\u00f3ximas \u00e0s negocia\u00e7\u00f5es no Itamaraty confirmaram que existem &#8220;movimentos&#8221; e &#8220;avan\u00e7os&#8221; por parte do Brasil no que se refere ao setor automotivo, sem precisar se isso significaria uma queda mais acentuada de tarifas, cotas ou novas regras mais favor\u00e1veis aos produtos europeus.<\/p>\n<p>&nbsp;<\/p>\n<p>Para a UE, um acordo nessa \u00e1rea poderia destravar todo o processo, j\u00e1 que significaria uma ampla vantagem aos exportadores de It\u00e1lia, Alemanha, Fran\u00e7a e outros. O aceno ainda ocorre no momento em que americanos e europeus travam o que pode ser o in\u00edcio de uma disputa tamb\u00e9m no setor automotivo.<\/p>\n<p>&nbsp;<\/p>\n<p>Em 2017, o Brasil acumulou um d\u00e9ficit com os europeus no setor automotivo de US$ 1,9 bilh\u00e3o.<\/p>\n<p>&nbsp;<\/p>\n<p>O blog apurou que o segmento de ve\u00edculos n\u00e3o foi o \u00fanico a registrar avan\u00e7os e que, em outros bens industriais e pedidos europeus, h\u00e1 tamb\u00e9m uma vontade do governo brasileiro de sinalizar com maior flexibilidade.<\/p>\n<p>&nbsp;<\/p>\n<p>Nas \u00faltimas semanas, UE e o Mercosul tem proliferado o n\u00famero de encontros e, segundo diplomatas, avan\u00e7os reais tem sido registrados. Se consolidado, o acordo significaria o fim de um impasse de 20 anos. O processo negociador foi lan\u00e7ado em 1999, no Rio de Janeiro. Mas, em 2004, o di\u00e1logo fracassou. Desde ent\u00e3o, foram v\u00e1rias as tentativas de retomar o processo e fechar um acordo.<\/p>\n<p>&nbsp;<\/p>\n<p>Durante o governo de Michel Temer, um acordo esteve pr\u00f3ximo. Mas o Mercosul se queixou de que abertura oferecida pelos europeus aos produtos agr\u00edcolas de Brasil, Argentina, Uruguai e Paraguai era limitada.<\/p>\n<p>&nbsp;<\/p>\n<p>Agora, de ambos os lados do Atl\u00e2ntico, existe uma inten\u00e7\u00e3o de acelerar o processo. Em Bruxelas, a Comiss\u00e3o quer um entendimento antes do final de seu mandato, em meados do segundo semestre.<\/p>\n<p>&nbsp;<\/p>\n<p>No Mercosul, o temor \u00e9 de que a elei\u00e7\u00e3o na Argentina acabe bloqueando qualquer tipo de avan\u00e7o num acordo de abertura comercial, principalmente se o voto em Buenos Aires for vencido por grupos aliados a Cristina Kirchner.<\/p>\n<p>&nbsp;<\/p>\n<p><strong>Obst\u00e1culos<\/strong><\/p>\n<p>&nbsp;<\/p>\n<p>Se o setor automotivo \u00e9 motivo de coment\u00e1rios positivos por parte dos europeus, os ministros ainda se mostram hesitantes em aceitar abrir seu mercado para bens agr\u00edcolas do Mercosul.<\/p>\n<p>&nbsp;<\/p>\n<p>Geraci, por exemplo, explicou que quer que a UE fa\u00e7a um novo estudo de impacto para avaliar como os produtores europeus sofreriam com a entrada de bens do Mercosul. Ele, por\u00e9m, quer que sejam realizados 29 estudos. Um para cada pa\u00eds e, depois, um global da UE.<\/p>\n<p>&nbsp;<\/p>\n<p>Dizendo-se &#8220;preocupado&#8221; por conta do setor agro-alimentar, o italiano prefere n\u00e3o dar uma data para a conclus\u00e3o de um acordo. Mas n\u00e3o descarta que esteja pr\u00f3ximo. Segundo ele, por\u00e9m, n\u00e3o ser\u00e1 depois de 20 anos de processo negociador que deve haver pressa. Para Geraci, a diferen\u00e7a de &#8220;algumas semanas ou alguns meses n\u00e3o fazem diferen\u00e7a&#8221;.<\/p>\n<p>&nbsp;<\/p>\n<p>O governo franc\u00eas tamb\u00e9m fez uma vez mais um alerta: sem um compromisso claro do Brasil no que se refere \u00e0 prote\u00e7\u00e3o ambiental, Paris continuar\u00e1 a se opor a um acordo comercial com o Mercosul. &#8220;Isso n\u00e3o pode ser escondido.<\/p>\n<p>&nbsp;<\/p>\n<p>Deve estar sobre a mesa&#8221;, insistiu o secret\u00e1rio de Assuntos Exteriores da Fran\u00e7a, Jean-Baptiste LeMoyne, que tamb\u00e9m participou nesta segunda-feira de uma reuni\u00e3o com ministros de todo o bloco europeu para debater o futuro de acordos comerciais, inclusive com o Mercosul.<\/p>\n<p>&nbsp;<\/p>\n<p>Seu recado ecologista ocorre um dia depois que partidos Verde surpreendem nas elei\u00e7\u00f5es ao Parlamento Europeu e indicam que futuros acordos comerciais ter\u00e3o de considerar aspectos de meio ambiente.<\/p>\n<p>&nbsp;<\/p>\n<p>Segundo o secret\u00e1rio franc\u00eas, Paris ja colocou &#8220;condi\u00e7\u00f5es necess\u00e1rias e importantes&#8221; para que um acordo seja conclu\u00eddo com o Mercosul.<\/p>\n<p>&nbsp;<\/p>\n<p>Ele, por exemplo, fala ainda abertamente da necessidade de que o acordo estabele\u00e7a regras para que, se necess\u00e1rio, medidas de salvaguardas possam ser erguidas pelos europeus para frear a importa\u00e7\u00e3o agr\u00edcolas do Mercosul.<\/p>\n<p>&nbsp;<\/p>\n<p>A seguran\u00e7a alimentar e sanit\u00e1ria tamb\u00e9m precisam entrar no pacote. &#8220;Queremos garantias&#8221;, disse o franc\u00eas.<\/p>\n<p>&nbsp;<\/p>\n<p>Numa coletiva de imprensa nesta segunda-feira, a comiss\u00e1ria da UE para Com\u00e9rcio, Cecilia Malmstrom, admitiu que existem avan\u00e7os no di\u00e1logo entre o Mercosul e o bloco europeu. Mas alerta que &#8220;existem alguns pontos pendentes&#8221;.<\/p>\n<p>&nbsp;<\/p>\n<p>Sem dar detalhes, ela apontou que h\u00e1 uma &#8220;vontade real em concluir&#8221; o tratado e que ambos os lados est\u00e3o em contato para ver quais ser\u00e3o os pr\u00f3ximos passos.<\/p>\n<p>&nbsp;<\/p>\n<p>Na semana passada, ela esteve com o chanceler Ernesto Ara\u00fajo em Paris justamente para tratar do calend\u00e1rio de negocia\u00e7\u00f5es. A partir de julho, o Brasil assume a presid\u00eancia do Mercosul.<\/p>\n<p>&nbsp;<\/p>\n<p>Cecilia evitou dar um prazo para o fechamento de um entendimento com o Mercosul. Mas elogiou o fato de que o governo brasileiro ter &#8220;voltado a se engajar&#8221; em setores que estavam bloqueados.<\/p>\n<p>&nbsp;<\/p>\n<p>De acordo com ela, por\u00e9m, um dos pontos ainda vivendo um impasse \u00e9 o da abertura do mercado agr\u00edcola da UE. Nos pr\u00f3ximos dias, ela pretende se reunir com cada um dos governos europeus para os convencer sobre o assunto. (Blog Osfera\/Jamil Chade)<\/p>\n","protected":false},"excerpt":{"rendered":"<p>Blog Osfera &nbsp; Num esfor\u00e7o para concluir uma negocia\u00e7\u00e3o de 20 anos entre a Uni\u00e3o Europeia e o Mercosul, o Brasil faz acenos considerados como positivos pelos europeus no que se refere ao acesso ao mercado nacional de ve\u00edculos. A informa\u00e7\u00e3o foi dada por Michele Geraci, secret\u00e1rio para Desenvolvimento Econ\u00f4mico do governo italiano, ao deixar\u2026 <a class=\"readmore\" href=\"https:\/\/dana.com.br\/canaldana\/2019\/05\/28\/brasil-faz-aceno-positivo-para-a-ue-no-mercado-de-carros\/\">Leia mais \u00bb<\/a><\/p>\n","protected":false},"author":3,"featured_media":0,"comment_status":"closed","ping_status":"closed","sticky":false,"template":"","format":"standard","meta":{"_acf_changed":false,"footnotes":""},"categories":[100],"tags":[],"class_list":["post-34692","post","type-post","status-publish","format-standard","hentry","category-artigo"],"acf":[],"yoast_head":"<!-- This site is optimized with the Yoast SEO plugin v27.3 - https:\/\/yoast.com\/product\/yoast-seo-wordpress\/ -->\n<title>Brasil faz aceno positivo para a UE no mercado de carros - Canal Dana<\/title>\n<meta name=\"robots\" content=\"index, follow, max-snippet:-1, max-image-preview:large, max-video-preview:-1\" \/>\n<link rel=\"canonical\" href=\"https:\/\/dana.com.br\/canaldana\/2019\/05\/28\/brasil-faz-aceno-positivo-para-a-ue-no-mercado-de-carros\/\" \/>\n<meta property=\"og:locale\" content=\"pt_BR\" \/>\n<meta property=\"og:type\" content=\"article\" \/>\n<meta property=\"og:title\" content=\"Brasil faz aceno positivo para a UE no mercado de carros - Canal Dana\" \/>\n<meta property=\"og:description\" content=\"Blog Osfera &nbsp; Num esfor\u00e7o para concluir uma negocia\u00e7\u00e3o de 20 anos entre a Uni\u00e3o Europeia e o Mercosul, o Brasil faz acenos considerados como positivos pelos europeus no que se refere ao acesso ao mercado nacional de ve\u00edculos. A informa\u00e7\u00e3o foi dada por Michele Geraci, secret\u00e1rio para Desenvolvimento Econ\u00f4mico do governo italiano, ao deixar\u2026 Leia mais \u00bb\" \/>\n<meta property=\"og:url\" content=\"https:\/\/dana.com.br\/canaldana\/2019\/05\/28\/brasil-faz-aceno-positivo-para-a-ue-no-mercado-de-carros\/\" \/>\n<meta property=\"og:site_name\" content=\"Canal Dana\" \/>\n<meta property=\"article:published_time\" content=\"2019-05-28T10:39:39+00:00\" \/>\n<meta name=\"author\" content=\"Canal Dana\" \/>\n<meta name=\"twitter:card\" content=\"summary_large_image\" \/>\n<meta name=\"twitter:label1\" content=\"Escrito por\" \/>\n\t<meta name=\"twitter:data1\" content=\"Canal Dana\" \/>\n\t<meta name=\"twitter:label2\" content=\"Est. tempo de leitura\" \/>\n\t<meta name=\"twitter:data2\" content=\"6 minutos\" \/>\n<script type=\"application\/ld+json\" class=\"yoast-schema-graph\">{\"@context\":\"https:\\\/\\\/schema.org\",\"@graph\":[{\"@type\":\"Article\",\"@id\":\"https:\\\/\\\/dana.com.br\\\/canaldana\\\/2019\\\/05\\\/28\\\/brasil-faz-aceno-positivo-para-a-ue-no-mercado-de-carros\\\/#article\",\"isPartOf\":{\"@id\":\"https:\\\/\\\/dana.com.br\\\/canaldana\\\/2019\\\/05\\\/28\\\/brasil-faz-aceno-positivo-para-a-ue-no-mercado-de-carros\\\/\"},\"author\":{\"name\":\"Canal Dana\",\"@id\":\"https:\\\/\\\/dana.com.br\\\/canaldana\\\/#\\\/schema\\\/person\\\/3c21f22f56fcf3bc46b94bc60ea4fef6\"},\"headline\":\"Brasil faz aceno positivo para a UE no mercado de carros\",\"datePublished\":\"2019-05-28T10:39:39+00:00\",\"mainEntityOfPage\":{\"@id\":\"https:\\\/\\\/dana.com.br\\\/canaldana\\\/2019\\\/05\\\/28\\\/brasil-faz-aceno-positivo-para-a-ue-no-mercado-de-carros\\\/\"},\"wordCount\":1126,\"articleSection\":[\"Artigo\"],\"inLanguage\":\"pt-BR\"},{\"@type\":\"WebPage\",\"@id\":\"https:\\\/\\\/dana.com.br\\\/canaldana\\\/2019\\\/05\\\/28\\\/brasil-faz-aceno-positivo-para-a-ue-no-mercado-de-carros\\\/\",\"url\":\"https:\\\/\\\/dana.com.br\\\/canaldana\\\/2019\\\/05\\\/28\\\/brasil-faz-aceno-positivo-para-a-ue-no-mercado-de-carros\\\/\",\"name\":\"Brasil faz aceno positivo para a UE no mercado de carros - Canal Dana\",\"isPartOf\":{\"@id\":\"https:\\\/\\\/dana.com.br\\\/canaldana\\\/#website\"},\"datePublished\":\"2019-05-28T10:39:39+00:00\",\"author\":{\"@id\":\"https:\\\/\\\/dana.com.br\\\/canaldana\\\/#\\\/schema\\\/person\\\/3c21f22f56fcf3bc46b94bc60ea4fef6\"},\"breadcrumb\":{\"@id\":\"https:\\\/\\\/dana.com.br\\\/canaldana\\\/2019\\\/05\\\/28\\\/brasil-faz-aceno-positivo-para-a-ue-no-mercado-de-carros\\\/#breadcrumb\"},\"inLanguage\":\"pt-BR\",\"potentialAction\":[{\"@type\":\"ReadAction\",\"target\":[\"https:\\\/\\\/dana.com.br\\\/canaldana\\\/2019\\\/05\\\/28\\\/brasil-faz-aceno-positivo-para-a-ue-no-mercado-de-carros\\\/\"]}]},{\"@type\":\"BreadcrumbList\",\"@id\":\"https:\\\/\\\/dana.com.br\\\/canaldana\\\/2019\\\/05\\\/28\\\/brasil-faz-aceno-positivo-para-a-ue-no-mercado-de-carros\\\/#breadcrumb\",\"itemListElement\":[{\"@type\":\"ListItem\",\"position\":1,\"name\":\"Home\",\"item\":\"https:\\\/\\\/dana.com.br\\\/canaldana\\\/\"},{\"@type\":\"ListItem\",\"position\":2,\"name\":\"Artigo\",\"item\":\"https:\\\/\\\/dana.com.br\\\/canaldana\\\/artigo\\\/\"},{\"@type\":\"ListItem\",\"position\":3,\"name\":\"Brasil faz aceno positivo para a UE no mercado de carros\"}]},{\"@type\":\"WebSite\",\"@id\":\"https:\\\/\\\/dana.com.br\\\/canaldana\\\/#website\",\"url\":\"https:\\\/\\\/dana.com.br\\\/canaldana\\\/\",\"name\":\"Canal Dana\",\"description\":\"Informativo com as principais not\u00edcias da ind\u00fastria automotiva\",\"potentialAction\":[{\"@type\":\"SearchAction\",\"target\":{\"@type\":\"EntryPoint\",\"urlTemplate\":\"https:\\\/\\\/dana.com.br\\\/canaldana\\\/?s={search_term_string}\"},\"query-input\":{\"@type\":\"PropertyValueSpecification\",\"valueRequired\":true,\"valueName\":\"search_term_string\"}}],\"inLanguage\":\"pt-BR\"},{\"@type\":\"Person\",\"@id\":\"https:\\\/\\\/dana.com.br\\\/canaldana\\\/#\\\/schema\\\/person\\\/3c21f22f56fcf3bc46b94bc60ea4fef6\",\"name\":\"Canal Dana\",\"image\":{\"@type\":\"ImageObject\",\"inLanguage\":\"pt-BR\",\"@id\":\"https:\\\/\\\/secure.gravatar.com\\\/avatar\\\/420aaf9278582877d9018637c6817617705899d2858d7572ef0fe59a6b6454b4?s=96&d=mm&r=g\",\"url\":\"https:\\\/\\\/secure.gravatar.com\\\/avatar\\\/420aaf9278582877d9018637c6817617705899d2858d7572ef0fe59a6b6454b4?s=96&d=mm&r=g\",\"contentUrl\":\"https:\\\/\\\/secure.gravatar.com\\\/avatar\\\/420aaf9278582877d9018637c6817617705899d2858d7572ef0fe59a6b6454b4?s=96&d=mm&r=g\",\"caption\":\"Canal Dana\"},\"url\":\"https:\\\/\\\/dana.com.br\\\/canaldana\\\/author\\\/cdeditor\\\/\"}]}<\/script>\n<!-- \/ Yoast SEO plugin. -->","yoast_head_json":{"title":"Brasil faz aceno positivo para a UE no mercado de carros - Canal Dana","robots":{"index":"index","follow":"follow","max-snippet":"max-snippet:-1","max-image-preview":"max-image-preview:large","max-video-preview":"max-video-preview:-1"},"canonical":"https:\/\/dana.com.br\/canaldana\/2019\/05\/28\/brasil-faz-aceno-positivo-para-a-ue-no-mercado-de-carros\/","og_locale":"pt_BR","og_type":"article","og_title":"Brasil faz aceno positivo para a UE no mercado de carros - Canal Dana","og_description":"Blog Osfera &nbsp; Num esfor\u00e7o para concluir uma negocia\u00e7\u00e3o de 20 anos entre a Uni\u00e3o Europeia e o Mercosul, o Brasil faz acenos considerados como positivos pelos europeus no que se refere ao acesso ao mercado nacional de ve\u00edculos. A informa\u00e7\u00e3o foi dada por Michele Geraci, secret\u00e1rio para Desenvolvimento Econ\u00f4mico do governo italiano, ao deixar\u2026 Leia mais \u00bb","og_url":"https:\/\/dana.com.br\/canaldana\/2019\/05\/28\/brasil-faz-aceno-positivo-para-a-ue-no-mercado-de-carros\/","og_site_name":"Canal Dana","article_published_time":"2019-05-28T10:39:39+00:00","author":"Canal Dana","twitter_card":"summary_large_image","twitter_misc":{"Escrito por":"Canal Dana","Est. tempo de leitura":"6 minutos"},"schema":{"@context":"https:\/\/schema.org","@graph":[{"@type":"Article","@id":"https:\/\/dana.com.br\/canaldana\/2019\/05\/28\/brasil-faz-aceno-positivo-para-a-ue-no-mercado-de-carros\/#article","isPartOf":{"@id":"https:\/\/dana.com.br\/canaldana\/2019\/05\/28\/brasil-faz-aceno-positivo-para-a-ue-no-mercado-de-carros\/"},"author":{"name":"Canal Dana","@id":"https:\/\/dana.com.br\/canaldana\/#\/schema\/person\/3c21f22f56fcf3bc46b94bc60ea4fef6"},"headline":"Brasil faz aceno positivo para a UE no mercado de carros","datePublished":"2019-05-28T10:39:39+00:00","mainEntityOfPage":{"@id":"https:\/\/dana.com.br\/canaldana\/2019\/05\/28\/brasil-faz-aceno-positivo-para-a-ue-no-mercado-de-carros\/"},"wordCount":1126,"articleSection":["Artigo"],"inLanguage":"pt-BR"},{"@type":"WebPage","@id":"https:\/\/dana.com.br\/canaldana\/2019\/05\/28\/brasil-faz-aceno-positivo-para-a-ue-no-mercado-de-carros\/","url":"https:\/\/dana.com.br\/canaldana\/2019\/05\/28\/brasil-faz-aceno-positivo-para-a-ue-no-mercado-de-carros\/","name":"Brasil faz aceno positivo para a UE no mercado de carros - Canal Dana","isPartOf":{"@id":"https:\/\/dana.com.br\/canaldana\/#website"},"datePublished":"2019-05-28T10:39:39+00:00","author":{"@id":"https:\/\/dana.com.br\/canaldana\/#\/schema\/person\/3c21f22f56fcf3bc46b94bc60ea4fef6"},"breadcrumb":{"@id":"https:\/\/dana.com.br\/canaldana\/2019\/05\/28\/brasil-faz-aceno-positivo-para-a-ue-no-mercado-de-carros\/#breadcrumb"},"inLanguage":"pt-BR","potentialAction":[{"@type":"ReadAction","target":["https:\/\/dana.com.br\/canaldana\/2019\/05\/28\/brasil-faz-aceno-positivo-para-a-ue-no-mercado-de-carros\/"]}]},{"@type":"BreadcrumbList","@id":"https:\/\/dana.com.br\/canaldana\/2019\/05\/28\/brasil-faz-aceno-positivo-para-a-ue-no-mercado-de-carros\/#breadcrumb","itemListElement":[{"@type":"ListItem","position":1,"name":"Home","item":"https:\/\/dana.com.br\/canaldana\/"},{"@type":"ListItem","position":2,"name":"Artigo","item":"https:\/\/dana.com.br\/canaldana\/artigo\/"},{"@type":"ListItem","position":3,"name":"Brasil faz aceno positivo para a UE no mercado de carros"}]},{"@type":"WebSite","@id":"https:\/\/dana.com.br\/canaldana\/#website","url":"https:\/\/dana.com.br\/canaldana\/","name":"Canal Dana","description":"Informativo com as principais not\u00edcias da ind\u00fastria automotiva","potentialAction":[{"@type":"SearchAction","target":{"@type":"EntryPoint","urlTemplate":"https:\/\/dana.com.br\/canaldana\/?s={search_term_string}"},"query-input":{"@type":"PropertyValueSpecification","valueRequired":true,"valueName":"search_term_string"}}],"inLanguage":"pt-BR"},{"@type":"Person","@id":"https:\/\/dana.com.br\/canaldana\/#\/schema\/person\/3c21f22f56fcf3bc46b94bc60ea4fef6","name":"Canal Dana","image":{"@type":"ImageObject","inLanguage":"pt-BR","@id":"https:\/\/secure.gravatar.com\/avatar\/420aaf9278582877d9018637c6817617705899d2858d7572ef0fe59a6b6454b4?s=96&d=mm&r=g","url":"https:\/\/secure.gravatar.com\/avatar\/420aaf9278582877d9018637c6817617705899d2858d7572ef0fe59a6b6454b4?s=96&d=mm&r=g","contentUrl":"https:\/\/secure.gravatar.com\/avatar\/420aaf9278582877d9018637c6817617705899d2858d7572ef0fe59a6b6454b4?s=96&d=mm&r=g","caption":"Canal Dana"},"url":"https:\/\/dana.com.br\/canaldana\/author\/cdeditor\/"}]}},"_links":{"self":[{"href":"https:\/\/dana.com.br\/canaldana\/wp-json\/wp\/v2\/posts\/34692","targetHints":{"allow":["GET"]}}],"collection":[{"href":"https:\/\/dana.com.br\/canaldana\/wp-json\/wp\/v2\/posts"}],"about":[{"href":"https:\/\/dana.com.br\/canaldana\/wp-json\/wp\/v2\/types\/post"}],"author":[{"embeddable":true,"href":"https:\/\/dana.com.br\/canaldana\/wp-json\/wp\/v2\/users\/3"}],"replies":[{"embeddable":true,"href":"https:\/\/dana.com.br\/canaldana\/wp-json\/wp\/v2\/comments?post=34692"}],"version-history":[{"count":0,"href":"https:\/\/dana.com.br\/canaldana\/wp-json\/wp\/v2\/posts\/34692\/revisions"}],"wp:attachment":[{"href":"https:\/\/dana.com.br\/canaldana\/wp-json\/wp\/v2\/media?parent=34692"}],"wp:term":[{"taxonomy":"category","embeddable":true,"href":"https:\/\/dana.com.br\/canaldana\/wp-json\/wp\/v2\/categories?post=34692"},{"taxonomy":"post_tag","embeddable":true,"href":"https:\/\/dana.com.br\/canaldana\/wp-json\/wp\/v2\/tags?post=34692"}],"curies":[{"name":"wp","href":"https:\/\/api.w.org\/{rel}","templated":true}]}}