{"id":34577,"date":"2019-05-22T08:26:01","date_gmt":"2019-05-22T11:26:01","guid":{"rendered":"https:\/\/dana.com.br\/canaldana\/?p=34577"},"modified":"2019-05-22T08:26:01","modified_gmt":"2019-05-22T11:26:01","slug":"scania-fara-novo-aporte-de-r-14-bilhao-na-fabrica-do-abc","status":"publish","type":"post","link":"https:\/\/dana.com.br\/canaldana\/2019\/05\/22\/scania-fara-novo-aporte-de-r-14-bilhao-na-fabrica-do-abc\/","title":{"rendered":"Scania far\u00e1 novo aporte de R$ 1,4 bilh\u00e3o na f\u00e1brica do ABC"},"content":{"rendered":"<p><em>O Estado de S. Paulo <\/em><\/p>\n<p>&nbsp;<\/p>\n<p>A fabricante de caminh\u00f5es e \u00f4nibus Scania anunciou ontem investimento de R$ 1,4 bilh\u00e3o na f\u00e1brica de S\u00e3o Bernardo do Campo, no ABC paulista, para o per\u00edodo de 2021 a 2024. At\u00e9 l\u00e1, o grupo sueco vai concluir o aporte de R$ 2,6 bilh\u00f5es iniciado em 2016.<\/p>\n<p>&nbsp;<\/p>\n<p>A maior parte do novo montante ser\u00e1 aplicada na moderniza\u00e7\u00e3o da f\u00e1brica \u2013 que no ano passado j\u00e1 foi totalmente remodelada \u2013 e na produ\u00e7\u00e3o de ve\u00edculos movidos a combust\u00edveis alternativos, come\u00e7ando com g\u00e1s natural (GNV) e biog\u00e1s.<\/p>\n<p>&nbsp;<\/p>\n<p>Segundo a empresa, o GNV tem custo de opera\u00e7\u00e3o inferior ao diesel, al\u00e9m de \u00edndice de emiss\u00e3o de poluentes at\u00e9 70% menor. A nova plataforma de produtos inaugurada no fim de 2018 tamb\u00e9m ter\u00e1 condi\u00e7\u00f5es de, no longo prazo, produzir caminh\u00f5es h\u00edbridos e el\u00e9tricos.<\/p>\n<p>&nbsp;<\/p>\n<p>De acordo com o presidente da Scania Latin America, Christopher Podgorski, um aporte de R$ 75 milh\u00f5es ser\u00e1 antecipado para criar um centro de pesquisa e desenvolvimento. \u201cAs iniciativas deixam claro o qu\u00e3o estrat\u00e9gica \u00e9 nossa opera\u00e7\u00e3o no Brasil\u201d, diz o executivo, em nota.<\/p>\n<p>&nbsp;<\/p>\n<p>Hoje, a f\u00e1brica do ABC j\u00e1 conta com um departamento de P&amp;D com 250 engenheiros que trabalham em parceria com a matriz do grupo. \u201cAtualmente, por exemplo, somos os respons\u00e1veis globais pelos testes de valida\u00e7\u00e3o de ve\u00edculos em condi\u00e7\u00f5es severas. \u00c9 um claro reconhecimento da import\u00e2ncia de estar presente na Am\u00e9rica Latina com esta \u00e1rea\u201d, afirma Podgorski.<\/p>\n<p>&nbsp;<\/p>\n<p><strong>Ford<\/strong><\/p>\n<p>&nbsp;<\/p>\n<p>O novo plano de investimento da Scania, anunciado na f\u00e1brica em evento que teve as presen\u00e7as do governador de S\u00e3o Paulo, Jo\u00e3o Doria, e do prefeito da cidade, Orlando Morando, ambos do PSDB, ocorre num momento em que a vizinha Ford desistiu de produzir caminh\u00f5es no Pa\u00eds e colocou suas instala\u00e7\u00f5es \u00e0 venda.<\/p>\n<p>&nbsp;<\/p>\n<p>O principal interessado no neg\u00f3cio, o grupo brasileiro Caoa, j\u00e1 disse ter inten\u00e7\u00f5es de manter a produ\u00e7\u00e3o de caminh\u00f5es com a marca Ford e introduzir a linha Hyundai, marca coreana que a empresa produz no Pa\u00eds sob licen\u00e7a, em An\u00e1polis (GO).<\/p>\n<p>&nbsp;<\/p>\n<p>\u201cNosso ritmo de investimento tem sido de R$ 100 milh\u00f5es ao ano, mas, agora, para atender as necessidades das novas tend\u00eancias ligadas ao mundo do transporte, precisamos elevar esse patamar\u201d, diz Podgorski.<\/p>\n<p>&nbsp;<\/p>\n<p>Segundo o executivo, a f\u00e1brica brasileira faz parte de um sistema de produ\u00e7\u00e3o global. \u201cAcabamos de lan\u00e7ar um produto embarcado com uma plataforma ligada \u00e0 futuras tecnologias, e esses recursos s\u00e3o base para o que est\u00e1 por vir.\u201d<\/p>\n<p>&nbsp;<\/p>\n<p><strong>Incentivo<\/strong><\/p>\n<p>&nbsp;<\/p>\n<p>A Scania aguarda a publica\u00e7\u00e3o do decreto com detalhes sobre o programa IncentivAuto para decidir se vai aderir e, assim, ter direito a desconto do ICMS. O programa foi lan\u00e7ado em mar\u00e7o com promessa de descontos progressivos de at\u00e9 25% do imposto, mas at\u00e9 agora n\u00e3o foi regulamentado pelo governo do Estado.<\/p>\n<p>&nbsp;<\/p>\n<p>O IncentivAuto prev\u00ea desconto do ICMS para investimentos a partir de R$ 1 bilh\u00e3o e gera\u00e7\u00e3o de pelo menos 400 vagas. A Scania emprega atualmente 4,5 mil funcion\u00e1rios e, segundo a empresa, n\u00e3o tem planos de contrata\u00e7\u00f5es no curto prazo por estar com o quadro de pessoal adequado \u00e0 demanda atual. A prefeitura de S\u00e3o Bernardo tamb\u00e9m oferece desconto no IPTU de at\u00e9 30% para quem gerar 50 novas vagas.<\/p>\n<p>&nbsp;<\/p>\n<p>A previs\u00e3o da Associa\u00e7\u00e3o Nacional dos Fabricantes de Ve\u00edculos Automotores (Anfavea) para o mercado de caminh\u00f5es \u00e9 de alta de 15% neste ano, para cerca de 88 mil unidades. A Scania projeta alta de 10% a 20% para suas vendas, que no ano passado somaram 8,6 mil unidades de modelos semipesados e pesados.<\/p>\n<p>&nbsp;<\/p>\n<p>Entre as montadoras, j\u00e1 foi anunciado neste ano investimentos de R$ 10 bilh\u00f5es pela General Motors para as f\u00e1bricas de S\u00e3o Caetano do Sul e de S\u00e3o Jos\u00e9 dos Campos no per\u00edodo de 2020 a 2024. A Hyundai anunciou R$ 125 milh\u00f5es para ampliar a capacidade produtiva da f\u00e1brica de Piracicaba de 180 mil para 210 mil unidades ao ano.<\/p>\n<p>&nbsp;<\/p>\n<p>A FCA Fiat Chrysler anuncia hoje investimentos para a f\u00e1brica de Betim (MG) e Nissan e Renault estudam novos planos para as unidades de Resende (RJ) e S\u00e3o Jos\u00e9 dos Pinhais (PR), respectivamente. (O Estado de S. Paulo\/Cleide Silva)<\/p>\n","protected":false},"excerpt":{"rendered":"<p>O Estado de S. Paulo &nbsp; A fabricante de caminh\u00f5es e \u00f4nibus Scania anunciou ontem investimento de R$ 1,4 bilh\u00e3o na f\u00e1brica de S\u00e3o Bernardo do Campo, no ABC paulista, para o per\u00edodo de 2021 a 2024. At\u00e9 l\u00e1, o grupo sueco vai concluir o aporte de R$ 2,6 bilh\u00f5es iniciado em 2016. &nbsp; A\u2026 <a class=\"readmore\" href=\"https:\/\/dana.com.br\/canaldana\/2019\/05\/22\/scania-fara-novo-aporte-de-r-14-bilhao-na-fabrica-do-abc\/\">Leia mais \u00bb<\/a><\/p>\n","protected":false},"author":3,"featured_media":0,"comment_status":"closed","ping_status":"closed","sticky":false,"template":"","format":"standard","meta":{"_acf_changed":false,"footnotes":""},"categories":[61],"tags":[],"class_list":["post-34577","post","type-post","status-publish","format-standard","hentry","category-destaques"],"acf":[],"yoast_head":"<!-- This site is optimized with the Yoast SEO plugin v27.3 - https:\/\/yoast.com\/product\/yoast-seo-wordpress\/ -->\n<title>Scania far\u00e1 novo aporte de R$ 1,4 bilh\u00e3o na f\u00e1brica do ABC - Canal Dana<\/title>\n<meta name=\"robots\" content=\"index, follow, max-snippet:-1, max-image-preview:large, max-video-preview:-1\" \/>\n<link rel=\"canonical\" href=\"https:\/\/dana.com.br\/canaldana\/2019\/05\/22\/scania-fara-novo-aporte-de-r-14-bilhao-na-fabrica-do-abc\/\" \/>\n<meta property=\"og:locale\" content=\"pt_BR\" \/>\n<meta property=\"og:type\" content=\"article\" \/>\n<meta property=\"og:title\" content=\"Scania far\u00e1 novo aporte de R$ 1,4 bilh\u00e3o na f\u00e1brica do ABC - Canal Dana\" \/>\n<meta property=\"og:description\" content=\"O Estado de S. Paulo &nbsp; A fabricante de caminh\u00f5es e \u00f4nibus Scania anunciou ontem investimento de R$ 1,4 bilh\u00e3o na f\u00e1brica de S\u00e3o Bernardo do Campo, no ABC paulista, para o per\u00edodo de 2021 a 2024. At\u00e9 l\u00e1, o grupo sueco vai concluir o aporte de R$ 2,6 bilh\u00f5es iniciado em 2016. &nbsp; A\u2026 Leia mais \u00bb\" \/>\n<meta property=\"og:url\" content=\"https:\/\/dana.com.br\/canaldana\/2019\/05\/22\/scania-fara-novo-aporte-de-r-14-bilhao-na-fabrica-do-abc\/\" \/>\n<meta property=\"og:site_name\" content=\"Canal Dana\" \/>\n<meta property=\"article:published_time\" content=\"2019-05-22T11:26:01+00:00\" \/>\n<meta name=\"author\" content=\"Canal Dana\" \/>\n<meta name=\"twitter:card\" content=\"summary_large_image\" \/>\n<meta name=\"twitter:label1\" content=\"Escrito por\" \/>\n\t<meta name=\"twitter:data1\" content=\"Canal Dana\" \/>\n\t<meta name=\"twitter:label2\" content=\"Est. tempo de leitura\" \/>\n\t<meta name=\"twitter:data2\" content=\"4 minutos\" \/>\n<script type=\"application\/ld+json\" class=\"yoast-schema-graph\">{\"@context\":\"https:\\\/\\\/schema.org\",\"@graph\":[{\"@type\":\"Article\",\"@id\":\"https:\\\/\\\/dana.com.br\\\/canaldana\\\/2019\\\/05\\\/22\\\/scania-fara-novo-aporte-de-r-14-bilhao-na-fabrica-do-abc\\\/#article\",\"isPartOf\":{\"@id\":\"https:\\\/\\\/dana.com.br\\\/canaldana\\\/2019\\\/05\\\/22\\\/scania-fara-novo-aporte-de-r-14-bilhao-na-fabrica-do-abc\\\/\"},\"author\":{\"name\":\"Canal Dana\",\"@id\":\"https:\\\/\\\/dana.com.br\\\/canaldana\\\/#\\\/schema\\\/person\\\/3c21f22f56fcf3bc46b94bc60ea4fef6\"},\"headline\":\"Scania far\u00e1 novo aporte de R$ 1,4 bilh\u00e3o na f\u00e1brica do ABC\",\"datePublished\":\"2019-05-22T11:26:01+00:00\",\"mainEntityOfPage\":{\"@id\":\"https:\\\/\\\/dana.com.br\\\/canaldana\\\/2019\\\/05\\\/22\\\/scania-fara-novo-aporte-de-r-14-bilhao-na-fabrica-do-abc\\\/\"},\"wordCount\":749,\"articleSection\":[\"Destaques\"],\"inLanguage\":\"pt-BR\"},{\"@type\":\"WebPage\",\"@id\":\"https:\\\/\\\/dana.com.br\\\/canaldana\\\/2019\\\/05\\\/22\\\/scania-fara-novo-aporte-de-r-14-bilhao-na-fabrica-do-abc\\\/\",\"url\":\"https:\\\/\\\/dana.com.br\\\/canaldana\\\/2019\\\/05\\\/22\\\/scania-fara-novo-aporte-de-r-14-bilhao-na-fabrica-do-abc\\\/\",\"name\":\"Scania far\u00e1 novo aporte de R$ 1,4 bilh\u00e3o na f\u00e1brica do ABC - Canal Dana\",\"isPartOf\":{\"@id\":\"https:\\\/\\\/dana.com.br\\\/canaldana\\\/#website\"},\"datePublished\":\"2019-05-22T11:26:01+00:00\",\"author\":{\"@id\":\"https:\\\/\\\/dana.com.br\\\/canaldana\\\/#\\\/schema\\\/person\\\/3c21f22f56fcf3bc46b94bc60ea4fef6\"},\"breadcrumb\":{\"@id\":\"https:\\\/\\\/dana.com.br\\\/canaldana\\\/2019\\\/05\\\/22\\\/scania-fara-novo-aporte-de-r-14-bilhao-na-fabrica-do-abc\\\/#breadcrumb\"},\"inLanguage\":\"pt-BR\",\"potentialAction\":[{\"@type\":\"ReadAction\",\"target\":[\"https:\\\/\\\/dana.com.br\\\/canaldana\\\/2019\\\/05\\\/22\\\/scania-fara-novo-aporte-de-r-14-bilhao-na-fabrica-do-abc\\\/\"]}]},{\"@type\":\"BreadcrumbList\",\"@id\":\"https:\\\/\\\/dana.com.br\\\/canaldana\\\/2019\\\/05\\\/22\\\/scania-fara-novo-aporte-de-r-14-bilhao-na-fabrica-do-abc\\\/#breadcrumb\",\"itemListElement\":[{\"@type\":\"ListItem\",\"position\":1,\"name\":\"Home\",\"item\":\"https:\\\/\\\/dana.com.br\\\/canaldana\\\/\"},{\"@type\":\"ListItem\",\"position\":2,\"name\":\"Destaques\",\"item\":\"https:\\\/\\\/dana.com.br\\\/canaldana\\\/destaques\\\/\"},{\"@type\":\"ListItem\",\"position\":3,\"name\":\"Scania far\u00e1 novo aporte de R$ 1,4 bilh\u00e3o na f\u00e1brica do ABC\"}]},{\"@type\":\"WebSite\",\"@id\":\"https:\\\/\\\/dana.com.br\\\/canaldana\\\/#website\",\"url\":\"https:\\\/\\\/dana.com.br\\\/canaldana\\\/\",\"name\":\"Canal Dana\",\"description\":\"Informativo com as principais not\u00edcias da ind\u00fastria automotiva\",\"potentialAction\":[{\"@type\":\"SearchAction\",\"target\":{\"@type\":\"EntryPoint\",\"urlTemplate\":\"https:\\\/\\\/dana.com.br\\\/canaldana\\\/?s={search_term_string}\"},\"query-input\":{\"@type\":\"PropertyValueSpecification\",\"valueRequired\":true,\"valueName\":\"search_term_string\"}}],\"inLanguage\":\"pt-BR\"},{\"@type\":\"Person\",\"@id\":\"https:\\\/\\\/dana.com.br\\\/canaldana\\\/#\\\/schema\\\/person\\\/3c21f22f56fcf3bc46b94bc60ea4fef6\",\"name\":\"Canal Dana\",\"image\":{\"@type\":\"ImageObject\",\"inLanguage\":\"pt-BR\",\"@id\":\"https:\\\/\\\/secure.gravatar.com\\\/avatar\\\/420aaf9278582877d9018637c6817617705899d2858d7572ef0fe59a6b6454b4?s=96&d=mm&r=g\",\"url\":\"https:\\\/\\\/secure.gravatar.com\\\/avatar\\\/420aaf9278582877d9018637c6817617705899d2858d7572ef0fe59a6b6454b4?s=96&d=mm&r=g\",\"contentUrl\":\"https:\\\/\\\/secure.gravatar.com\\\/avatar\\\/420aaf9278582877d9018637c6817617705899d2858d7572ef0fe59a6b6454b4?s=96&d=mm&r=g\",\"caption\":\"Canal Dana\"},\"url\":\"https:\\\/\\\/dana.com.br\\\/canaldana\\\/author\\\/cdeditor\\\/\"}]}<\/script>\n<!-- \/ Yoast SEO plugin. -->","yoast_head_json":{"title":"Scania far\u00e1 novo aporte de R$ 1,4 bilh\u00e3o na f\u00e1brica do ABC - Canal Dana","robots":{"index":"index","follow":"follow","max-snippet":"max-snippet:-1","max-image-preview":"max-image-preview:large","max-video-preview":"max-video-preview:-1"},"canonical":"https:\/\/dana.com.br\/canaldana\/2019\/05\/22\/scania-fara-novo-aporte-de-r-14-bilhao-na-fabrica-do-abc\/","og_locale":"pt_BR","og_type":"article","og_title":"Scania far\u00e1 novo aporte de R$ 1,4 bilh\u00e3o na f\u00e1brica do ABC - Canal Dana","og_description":"O Estado de S. Paulo &nbsp; A fabricante de caminh\u00f5es e \u00f4nibus Scania anunciou ontem investimento de R$ 1,4 bilh\u00e3o na f\u00e1brica de S\u00e3o Bernardo do Campo, no ABC paulista, para o per\u00edodo de 2021 a 2024. At\u00e9 l\u00e1, o grupo sueco vai concluir o aporte de R$ 2,6 bilh\u00f5es iniciado em 2016. &nbsp; A\u2026 Leia mais \u00bb","og_url":"https:\/\/dana.com.br\/canaldana\/2019\/05\/22\/scania-fara-novo-aporte-de-r-14-bilhao-na-fabrica-do-abc\/","og_site_name":"Canal Dana","article_published_time":"2019-05-22T11:26:01+00:00","author":"Canal Dana","twitter_card":"summary_large_image","twitter_misc":{"Escrito por":"Canal Dana","Est. tempo de leitura":"4 minutos"},"schema":{"@context":"https:\/\/schema.org","@graph":[{"@type":"Article","@id":"https:\/\/dana.com.br\/canaldana\/2019\/05\/22\/scania-fara-novo-aporte-de-r-14-bilhao-na-fabrica-do-abc\/#article","isPartOf":{"@id":"https:\/\/dana.com.br\/canaldana\/2019\/05\/22\/scania-fara-novo-aporte-de-r-14-bilhao-na-fabrica-do-abc\/"},"author":{"name":"Canal Dana","@id":"https:\/\/dana.com.br\/canaldana\/#\/schema\/person\/3c21f22f56fcf3bc46b94bc60ea4fef6"},"headline":"Scania far\u00e1 novo aporte de R$ 1,4 bilh\u00e3o na f\u00e1brica do ABC","datePublished":"2019-05-22T11:26:01+00:00","mainEntityOfPage":{"@id":"https:\/\/dana.com.br\/canaldana\/2019\/05\/22\/scania-fara-novo-aporte-de-r-14-bilhao-na-fabrica-do-abc\/"},"wordCount":749,"articleSection":["Destaques"],"inLanguage":"pt-BR"},{"@type":"WebPage","@id":"https:\/\/dana.com.br\/canaldana\/2019\/05\/22\/scania-fara-novo-aporte-de-r-14-bilhao-na-fabrica-do-abc\/","url":"https:\/\/dana.com.br\/canaldana\/2019\/05\/22\/scania-fara-novo-aporte-de-r-14-bilhao-na-fabrica-do-abc\/","name":"Scania far\u00e1 novo aporte de R$ 1,4 bilh\u00e3o na f\u00e1brica do ABC - Canal Dana","isPartOf":{"@id":"https:\/\/dana.com.br\/canaldana\/#website"},"datePublished":"2019-05-22T11:26:01+00:00","author":{"@id":"https:\/\/dana.com.br\/canaldana\/#\/schema\/person\/3c21f22f56fcf3bc46b94bc60ea4fef6"},"breadcrumb":{"@id":"https:\/\/dana.com.br\/canaldana\/2019\/05\/22\/scania-fara-novo-aporte-de-r-14-bilhao-na-fabrica-do-abc\/#breadcrumb"},"inLanguage":"pt-BR","potentialAction":[{"@type":"ReadAction","target":["https:\/\/dana.com.br\/canaldana\/2019\/05\/22\/scania-fara-novo-aporte-de-r-14-bilhao-na-fabrica-do-abc\/"]}]},{"@type":"BreadcrumbList","@id":"https:\/\/dana.com.br\/canaldana\/2019\/05\/22\/scania-fara-novo-aporte-de-r-14-bilhao-na-fabrica-do-abc\/#breadcrumb","itemListElement":[{"@type":"ListItem","position":1,"name":"Home","item":"https:\/\/dana.com.br\/canaldana\/"},{"@type":"ListItem","position":2,"name":"Destaques","item":"https:\/\/dana.com.br\/canaldana\/destaques\/"},{"@type":"ListItem","position":3,"name":"Scania far\u00e1 novo aporte de R$ 1,4 bilh\u00e3o na f\u00e1brica do ABC"}]},{"@type":"WebSite","@id":"https:\/\/dana.com.br\/canaldana\/#website","url":"https:\/\/dana.com.br\/canaldana\/","name":"Canal Dana","description":"Informativo com as principais not\u00edcias da ind\u00fastria automotiva","potentialAction":[{"@type":"SearchAction","target":{"@type":"EntryPoint","urlTemplate":"https:\/\/dana.com.br\/canaldana\/?s={search_term_string}"},"query-input":{"@type":"PropertyValueSpecification","valueRequired":true,"valueName":"search_term_string"}}],"inLanguage":"pt-BR"},{"@type":"Person","@id":"https:\/\/dana.com.br\/canaldana\/#\/schema\/person\/3c21f22f56fcf3bc46b94bc60ea4fef6","name":"Canal Dana","image":{"@type":"ImageObject","inLanguage":"pt-BR","@id":"https:\/\/secure.gravatar.com\/avatar\/420aaf9278582877d9018637c6817617705899d2858d7572ef0fe59a6b6454b4?s=96&d=mm&r=g","url":"https:\/\/secure.gravatar.com\/avatar\/420aaf9278582877d9018637c6817617705899d2858d7572ef0fe59a6b6454b4?s=96&d=mm&r=g","contentUrl":"https:\/\/secure.gravatar.com\/avatar\/420aaf9278582877d9018637c6817617705899d2858d7572ef0fe59a6b6454b4?s=96&d=mm&r=g","caption":"Canal Dana"},"url":"https:\/\/dana.com.br\/canaldana\/author\/cdeditor\/"}]}},"_links":{"self":[{"href":"https:\/\/dana.com.br\/canaldana\/wp-json\/wp\/v2\/posts\/34577","targetHints":{"allow":["GET"]}}],"collection":[{"href":"https:\/\/dana.com.br\/canaldana\/wp-json\/wp\/v2\/posts"}],"about":[{"href":"https:\/\/dana.com.br\/canaldana\/wp-json\/wp\/v2\/types\/post"}],"author":[{"embeddable":true,"href":"https:\/\/dana.com.br\/canaldana\/wp-json\/wp\/v2\/users\/3"}],"replies":[{"embeddable":true,"href":"https:\/\/dana.com.br\/canaldana\/wp-json\/wp\/v2\/comments?post=34577"}],"version-history":[{"count":0,"href":"https:\/\/dana.com.br\/canaldana\/wp-json\/wp\/v2\/posts\/34577\/revisions"}],"wp:attachment":[{"href":"https:\/\/dana.com.br\/canaldana\/wp-json\/wp\/v2\/media?parent=34577"}],"wp:term":[{"taxonomy":"category","embeddable":true,"href":"https:\/\/dana.com.br\/canaldana\/wp-json\/wp\/v2\/categories?post=34577"},{"taxonomy":"post_tag","embeddable":true,"href":"https:\/\/dana.com.br\/canaldana\/wp-json\/wp\/v2\/tags?post=34577"}],"curies":[{"name":"wp","href":"https:\/\/api.w.org\/{rel}","templated":true}]}}